{"id":44827,"date":"2020-07-22T22:47:29","date_gmt":"2020-07-23T01:47:29","guid":{"rendered":"http:\/\/www.noticiasradioreflejos.com.ar\/noticias\/?p=44827"},"modified":"2020-07-22T22:47:29","modified_gmt":"2020-07-23T01:47:29","slug":"allanamiento-en-saldungaray-por-hurto-en-villa-la-arcadia","status":"publish","type":"post","link":"https:\/\/www.noticiasradioreflejos.com.ar\/2021\/allanamiento-en-saldungaray-por-hurto-en-villa-la-arcadia\/","title":{"rendered":"Allanamiento en Saldungaray por hurto en Villa la Arcadia."},"content":{"rendered":"<p>Recuperaron 2 televisores LCD y varios cuadros sustra\u00eddos de un complejo de alojamiento tur\u00edstico de Villa la Arcadia.<!--more--><\/p>\n<p>PARTE DE PRENSA POLICIAL<\/p>\n<p>ALLANAMIENTO POSITIVO<br \/>\nCon fecha 10 del cte., denunci\u00f3 Cristian Ariel ROSSI (45), domiciliado en Villa Arcadia, que autor\/es ignorados hab\u00edan ingresado a una de las habitaciones de la posada \u201cLas Golondrinas\u201d, de donde sustrajeron 2 televisores LCD, y 5 cuadros abstractos, tomando intervenci\u00f3n la Fiscalia nro.9 del Dpto. Judicial de Bahia Blanca. Iniciada la pesquisa por parte del personal policial destacado en Villa Arcadia perteneciente a la Policia Comunal Suarense, a trav\u00e9s de material f\u00edlmico en parte aportado por el Centro de Monitoreo de Coronel Su\u00e1rez, se logr\u00f3 establecer la autor\u00eda del hecho, por parte de una persona con residencia en Saldungaray.<\/p>\n<p><a title=\"2020-07-22_10-42-49\" href=\"http:\/\/live.staticflickr.com\/65535\/50142863597_11dce155e6_s.jpg\" rel=\"\"><img loading=\"lazy\" decoding=\"async\" class=\"aligncenter\" title=\"2020-07-22_10-42-49\" src=\"http:\/\/live.staticflickr.com\/65535\/50142863597_11dce155e6_b.jpg\" alt=\"2020-07-22_10-42-49\" width=\"960\" height=\"540\" \/><\/a><\/p>\n<p>Con ello se logra obtener orden allanamiento, en el domicilio del sujeto, donde se logra recuperar la totalidad de lo sustra\u00eddo. En cuanto a la situaci\u00f3n procesal del causante, que a consideraci\u00f3n de la fiscal\u00eda interviniente.<\/p>\n","protected":false},"excerpt":{"rendered":"<p>Recuperaron 2 televisores LCD y varios cuadros sustra\u00eddos de un complejo de alojamiento tur\u00edstico de Villa la Arcadia.<\/p>\n","protected":false},"author":3,"featured_media":0,"comment_status":"closed","ping_status":"open","sticky":false,"template":"","format":"standard","meta":{"footnotes":""},"categories":[29],"tags":[],"class_list":["post-44827","post","type-post","status-publish","format-standard","hentry","category-policiales"],"yoast_head":"<!-- This site is optimized with the Yoast SEO plugin v25.9 - https:\/\/yoast.com\/wordpress\/plugins\/seo\/ -->\n<title>Allanamiento en Saldungaray por hurto en Villa la Arcadia. - Noticias Radio Reflejos<\/title>\n<meta name=\"robots\" content=\"index, follow, max-snippet:-1, max-image-preview:large, max-video-preview:-1\" \/>\n<link rel=\"canonical\" href=\"https:\/\/www.noticiasradioreflejos.com.ar\/2021\/allanamiento-en-saldungaray-por-hurto-en-villa-la-arcadia\/\" \/>\n<meta property=\"og:locale\" content=\"es_ES\" \/>\n<meta property=\"og:type\" content=\"article\" \/>\n<meta property=\"og:title\" content=\"Allanamiento en Saldungaray por hurto en Villa la Arcadia. - Noticias Radio Reflejos\" \/>\n<meta property=\"og:description\" content=\"Recuperaron 2 televisores LCD y varios cuadros sustra\u00eddos de un complejo de alojamiento tur\u00edstico de Villa la Arcadia.\" \/>\n<meta property=\"og:url\" content=\"https:\/\/www.noticiasradioreflejos.com.ar\/2021\/allanamiento-en-saldungaray-por-hurto-en-villa-la-arcadia\/\" \/>\n<meta property=\"og:site_name\" content=\"Noticias Radio Reflejos\" \/>\n<meta property=\"article:published_time\" content=\"2020-07-23T01:47:29+00:00\" \/>\n<meta property=\"og:image\" content=\"http:\/\/live.staticflickr.com\/65535\/50142863597_11dce155e6_b.jpg\" \/>\n<meta name=\"author\" content=\"Arnaldo Botto\" \/>\n<meta name=\"twitter:card\" content=\"summary_large_image\" \/>\n<script type=\"application\/ld+json\" class=\"yoast-schema-graph\">{\"@context\":\"https:\/\/schema.org\",\"@graph\":[{\"@type\":\"WebPage\",\"@id\":\"https:\/\/www.noticiasradioreflejos.com.ar\/2021\/allanamiento-en-saldungaray-por-hurto-en-villa-la-arcadia\/\",\"url\":\"https:\/\/www.noticiasradioreflejos.com.ar\/2021\/allanamiento-en-saldungaray-por-hurto-en-villa-la-arcadia\/\",\"name\":\"Allanamiento en Saldungaray por hurto en Villa la Arcadia. - Noticias Radio Reflejos\",\"isPartOf\":{\"@id\":\"https:\/\/www.noticiasradioreflejos.com.ar\/2021\/#website\"},\"primaryImageOfPage\":{\"@id\":\"https:\/\/www.noticiasradioreflejos.com.ar\/2021\/allanamiento-en-saldungaray-por-hurto-en-villa-la-arcadia\/#primaryimage\"},\"image\":{\"@id\":\"https:\/\/www.noticiasradioreflejos.com.ar\/2021\/allanamiento-en-saldungaray-por-hurto-en-villa-la-arcadia\/#primaryimage\"},\"thumbnailUrl\":\"http:\/\/live.staticflickr.com\/65535\/50142863597_11dce155e6_b.jpg\",\"datePublished\":\"2020-07-23T01:47:29+00:00\",\"author\":{\"@id\":\"https:\/\/www.noticiasradioreflejos.com.ar\/2021\/#\/schema\/person\/ad82545263dcc5ec0996818884fd5fb1\"},\"breadcrumb\":{\"@id\":\"https:\/\/www.noticiasradioreflejos.com.ar\/2021\/allanamiento-en-saldungaray-por-hurto-en-villa-la-arcadia\/#breadcrumb\"},\"inLanguage\":\"es\",\"potentialAction\":[{\"@type\":\"ReadAction\",\"target\":[\"https:\/\/www.noticiasradioreflejos.com.ar\/2021\/allanamiento-en-saldungaray-por-hurto-en-villa-la-arcadia\/\"]}]},{\"@type\":\"ImageObject\",\"inLanguage\":\"es\",\"@id\":\"https:\/\/www.noticiasradioreflejos.com.ar\/2021\/allanamiento-en-saldungaray-por-hurto-en-villa-la-arcadia\/#primaryimage\",\"url\":\"http:\/\/live.staticflickr.com\/65535\/50142863597_11dce155e6_b.jpg\",\"contentUrl\":\"http:\/\/live.staticflickr.com\/65535\/50142863597_11dce155e6_b.jpg\"},{\"@type\":\"BreadcrumbList\",\"@id\":\"https:\/\/www.noticiasradioreflejos.com.ar\/2021\/allanamiento-en-saldungaray-por-hurto-en-villa-la-arcadia\/#breadcrumb\",\"itemListElement\":[{\"@type\":\"ListItem\",\"position\":1,\"name\":\"Portada\",\"item\":\"https:\/\/www.noticiasradioreflejos.com.ar\/2021\/\"},{\"@type\":\"ListItem\",\"position\":2,\"name\":\"Allanamiento en Saldungaray por hurto en Villa la Arcadia.\"}]},{\"@type\":\"WebSite\",\"@id\":\"https:\/\/www.noticiasradioreflejos.com.ar\/2021\/#website\",\"url\":\"https:\/\/www.noticiasradioreflejos.com.ar\/2021\/\",\"name\":\"Noticias Radio Reflejos\",\"description\":\"Las noticias de mi comarca\",\"potentialAction\":[{\"@type\":\"SearchAction\",\"target\":{\"@type\":\"EntryPoint\",\"urlTemplate\":\"https:\/\/www.noticiasradioreflejos.com.ar\/2021\/?s={search_term_string}\"},\"query-input\":{\"@type\":\"PropertyValueSpecification\",\"valueRequired\":true,\"valueName\":\"search_term_string\"}}],\"inLanguage\":\"es\"},{\"@type\":\"Person\",\"@id\":\"https:\/\/www.noticiasradioreflejos.com.ar\/2021\/#\/schema\/person\/ad82545263dcc5ec0996818884fd5fb1\",\"name\":\"Arnaldo Botto\",\"image\":{\"@type\":\"ImageObject\",\"inLanguage\":\"es\",\"@id\":\"https:\/\/www.noticiasradioreflejos.com.ar\/2021\/#\/schema\/person\/image\/\",\"url\":\"https:\/\/secure.gravatar.com\/avatar\/55cb5e37c1efa326397366e6974cb338056df65cb50e7d64d1cf314e87504837?s=96&d=mm&r=g\",\"contentUrl\":\"https:\/\/secure.gravatar.com\/avatar\/55cb5e37c1efa326397366e6974cb338056df65cb50e7d64d1cf314e87504837?s=96&d=mm&r=g\",\"caption\":\"Arnaldo Botto\"},\"url\":\"https:\/\/www.noticiasradioreflejos.com.ar\/2021\/author\/arnaldo\/\"}]}<\/script>\n<!-- \/ Yoast SEO plugin. -->","yoast_head_json":{"title":"Allanamiento en Saldungaray por hurto en Villa la Arcadia. - Noticias Radio Reflejos","robots":{"index":"index","follow":"follow","max-snippet":"max-snippet:-1","max-image-preview":"max-image-preview:large","max-video-preview":"max-video-preview:-1"},"canonical":"https:\/\/www.noticiasradioreflejos.com.ar\/2021\/allanamiento-en-saldungaray-por-hurto-en-villa-la-arcadia\/","og_locale":"es_ES","og_type":"article","og_title":"Allanamiento en Saldungaray por hurto en Villa la Arcadia. - Noticias Radio Reflejos","og_description":"Recuperaron 2 televisores LCD y varios cuadros sustra\u00eddos de un complejo de alojamiento tur\u00edstico de Villa la Arcadia.","og_url":"https:\/\/www.noticiasradioreflejos.com.ar\/2021\/allanamiento-en-saldungaray-por-hurto-en-villa-la-arcadia\/","og_site_name":"Noticias Radio Reflejos","article_published_time":"2020-07-23T01:47:29+00:00","og_image":[{"url":"http:\/\/live.staticflickr.com\/65535\/50142863597_11dce155e6_b.jpg","type":"","width":"","height":""}],"author":"Arnaldo Botto","twitter_card":"summary_large_image","schema":{"@context":"https:\/\/schema.org","@graph":[{"@type":"WebPage","@id":"https:\/\/www.noticiasradioreflejos.com.ar\/2021\/allanamiento-en-saldungaray-por-hurto-en-villa-la-arcadia\/","url":"https:\/\/www.noticiasradioreflejos.com.ar\/2021\/allanamiento-en-saldungaray-por-hurto-en-villa-la-arcadia\/","name":"Allanamiento en Saldungaray por hurto en Villa la Arcadia. - Noticias Radio Reflejos","isPartOf":{"@id":"https:\/\/www.noticiasradioreflejos.com.ar\/2021\/#website"},"primaryImageOfPage":{"@id":"https:\/\/www.noticiasradioreflejos.com.ar\/2021\/allanamiento-en-saldungaray-por-hurto-en-villa-la-arcadia\/#primaryimage"},"image":{"@id":"https:\/\/www.noticiasradioreflejos.com.ar\/2021\/allanamiento-en-saldungaray-por-hurto-en-villa-la-arcadia\/#primaryimage"},"thumbnailUrl":"http:\/\/live.staticflickr.com\/65535\/50142863597_11dce155e6_b.jpg","datePublished":"2020-07-23T01:47:29+00:00","author":{"@id":"https:\/\/www.noticiasradioreflejos.com.ar\/2021\/#\/schema\/person\/ad82545263dcc5ec0996818884fd5fb1"},"breadcrumb":{"@id":"https:\/\/www.noticiasradioreflejos.com.ar\/2021\/allanamiento-en-saldungaray-por-hurto-en-villa-la-arcadia\/#breadcrumb"},"inLanguage":"es","potentialAction":[{"@type":"ReadAction","target":["https:\/\/www.noticiasradioreflejos.com.ar\/2021\/allanamiento-en-saldungaray-por-hurto-en-villa-la-arcadia\/"]}]},{"@type":"ImageObject","inLanguage":"es","@id":"https:\/\/www.noticiasradioreflejos.com.ar\/2021\/allanamiento-en-saldungaray-por-hurto-en-villa-la-arcadia\/#primaryimage","url":"http:\/\/live.staticflickr.com\/65535\/50142863597_11dce155e6_b.jpg","contentUrl":"http:\/\/live.staticflickr.com\/65535\/50142863597_11dce155e6_b.jpg"},{"@type":"BreadcrumbList","@id":"https:\/\/www.noticiasradioreflejos.com.ar\/2021\/allanamiento-en-saldungaray-por-hurto-en-villa-la-arcadia\/#breadcrumb","itemListElement":[{"@type":"ListItem","position":1,"name":"Portada","item":"https:\/\/www.noticiasradioreflejos.com.ar\/2021\/"},{"@type":"ListItem","position":2,"name":"Allanamiento en Saldungaray por hurto en Villa la Arcadia."}]},{"@type":"WebSite","@id":"https:\/\/www.noticiasradioreflejos.com.ar\/2021\/#website","url":"https:\/\/www.noticiasradioreflejos.com.ar\/2021\/","name":"Noticias Radio Reflejos","description":"Las noticias de mi comarca","potentialAction":[{"@type":"SearchAction","target":{"@type":"EntryPoint","urlTemplate":"https:\/\/www.noticiasradioreflejos.com.ar\/2021\/?s={search_term_string}"},"query-input":{"@type":"PropertyValueSpecification","valueRequired":true,"valueName":"search_term_string"}}],"inLanguage":"es"},{"@type":"Person","@id":"https:\/\/www.noticiasradioreflejos.com.ar\/2021\/#\/schema\/person\/ad82545263dcc5ec0996818884fd5fb1","name":"Arnaldo Botto","image":{"@type":"ImageObject","inLanguage":"es","@id":"https:\/\/www.noticiasradioreflejos.com.ar\/2021\/#\/schema\/person\/image\/","url":"https:\/\/secure.gravatar.com\/avatar\/55cb5e37c1efa326397366e6974cb338056df65cb50e7d64d1cf314e87504837?s=96&d=mm&r=g","contentUrl":"https:\/\/secure.gravatar.com\/avatar\/55cb5e37c1efa326397366e6974cb338056df65cb50e7d64d1cf314e87504837?s=96&d=mm&r=g","caption":"Arnaldo Botto"},"url":"https:\/\/www.noticiasradioreflejos.com.ar\/2021\/author\/arnaldo\/"}]}},"_links":{"self":[{"href":"https:\/\/www.noticiasradioreflejos.com.ar\/2021\/wp-json\/wp\/v2\/posts\/44827","targetHints":{"allow":["GET"]}}],"collection":[{"href":"https:\/\/www.noticiasradioreflejos.com.ar\/2021\/wp-json\/wp\/v2\/posts"}],"about":[{"href":"https:\/\/www.noticiasradioreflejos.com.ar\/2021\/wp-json\/wp\/v2\/types\/post"}],"author":[{"embeddable":true,"href":"https:\/\/www.noticiasradioreflejos.com.ar\/2021\/wp-json\/wp\/v2\/users\/3"}],"replies":[{"embeddable":true,"href":"https:\/\/www.noticiasradioreflejos.com.ar\/2021\/wp-json\/wp\/v2\/comments?post=44827"}],"version-history":[{"count":0,"href":"https:\/\/www.noticiasradioreflejos.com.ar\/2021\/wp-json\/wp\/v2\/posts\/44827\/revisions"}],"wp:attachment":[{"href":"https:\/\/www.noticiasradioreflejos.com.ar\/2021\/wp-json\/wp\/v2\/media?parent=44827"}],"wp:term":[{"taxonomy":"category","embeddable":true,"href":"https:\/\/www.noticiasradioreflejos.com.ar\/2021\/wp-json\/wp\/v2\/categories?post=44827"},{"taxonomy":"post_tag","embeddable":true,"href":"https:\/\/www.noticiasradioreflejos.com.ar\/2021\/wp-json\/wp\/v2\/tags?post=44827"}],"curies":[{"name":"wp","href":"https:\/\/api.w.org\/{rel}","templated":true}]}}