{"id":44802,"date":"2020-07-22T18:44:03","date_gmt":"2020-07-22T21:44:03","guid":{"rendered":"http:\/\/www.noticiasradioreflejos.com.ar\/noticias\/?p=44802"},"modified":"2020-07-22T18:44:03","modified_gmt":"2020-07-22T21:44:03","slug":"gerardo-bucchi-renuncio-al-cargo-de-subsecretario-de-juventud-y-empleo","status":"publish","type":"post","link":"https:\/\/www.noticiasradioreflejos.com.ar\/2021\/gerardo-bucchi-renuncio-al-cargo-de-subsecretario-de-juventud-y-empleo\/","title":{"rendered":"Gerardo Bucchi renunci\u00f3 al cargo de Subsecretario de Juventud y Empleo"},"content":{"rendered":"<p>Es la segunda renuncia en el gabinete de Bordoni. Comunic\u00f3 la decisi\u00f3n mediante una carta a la que tuvo acceso nuestro medio.<!--more--><\/p>\n<p>Sergio Bordoni sum\u00f3 este mi\u00e9rcoles la segunda baja en su Ejecutivo Municipal luego de que anunciara que deja Juntos por el Cambio y que se acerca al massismo, que actualmente integra el Frente de Todos. Se trata del Dr. Gerardo Bucchi, quien ocupaba el cargo de Subsecretario de Juventud y Empleo.<\/p>\n<p>Bucchi le comunic\u00f3 su decisi\u00f3n mediante una carta a la que tuvo acceso nuestro medio y en la que explica que deja su lugar en el gabinete al no encontrarse de acuerdo con la decisi\u00f3n del jefe comunal de integrar otro espacio pol\u00edtico.<\/p>\n<p>\u201cNos encontramos hoy en la inevitable situaci\u00f3n de reordenar nuestros rumbos\u201d, comienza el texto y contin\u00faa: \u201cLa decisi\u00f3n por Usted asumida de dejar de pertenecer al espacio pol\u00edtico que nos trajo al triunfo en ocho elecciones consecutivas, aparta nuestros caminos\u201d.<\/p>\n<p>\u201cEstos hermosos a\u00f1os fueron transitados haciendo lo mejor que pod\u00edamos y bajo banderas que nos un\u00edan y que superaban las disidencias puramente partidarias\u201d, dice m\u00e1s adelante.<\/p>\n<p>En otro p\u00e1rrafo, Bucchi redacta: \u201cBanderas que hablaban fundamentalmente de honestidad y de trabajo en favor de los que siempre fueron olvidados, de los que no se movilizan fan\u00e1ticamente, de los que esperan en sus casa la legitimidad de la pol\u00edtica; y tambi\u00e9n de los m\u00e1s humildes, aquellos postergados y enga\u00f1ados, que en la soledad de su abandono, esperaban en silencio\u201d.<\/p>\n<p>\u201cHoy debo retirarme por no poder acompa\u00f1ar su decisi\u00f3n, por ser la misma lejana a mis convicciones, a mis ilusiones y las de todos aquellos a quienes solicitamos acompa\u00f1amiento pol\u00edtico, en pos de los objetivos propuestos\u201d, a\u00f1ade.<\/p>\n<p>\u201cAgradezco enormemente el tiempo compartido, la libertad de trabajo que usted me ofreci\u00f3 y la simpleza con la pudimos resolver nuestros acuerdos y disidencias\u201d, afirma y cierra: \u201cPor todo ello renuncio al cargo que tengo el honor de ocupar como Subsecretario de Juventud y Empleo, con la seguridad de perseguir mis convicciones\u201d.<\/p>\n","protected":false},"excerpt":{"rendered":"<p>Es la segunda renuncia en el gabinete de Bordoni. Comunic\u00f3 la decisi\u00f3n mediante una carta a la que tuvo acceso nuestro medio.<\/p>\n","protected":false},"author":3,"featured_media":0,"comment_status":"closed","ping_status":"open","sticky":false,"template":"","format":"standard","meta":{"footnotes":""},"categories":[24],"tags":[],"class_list":["post-44802","post","type-post","status-publish","format-standard","hentry","category-politica"],"yoast_head":"<!-- This site is optimized with the Yoast SEO plugin v25.9 - https:\/\/yoast.com\/wordpress\/plugins\/seo\/ -->\n<title>Gerardo Bucchi renunci\u00f3 al cargo de Subsecretario de Juventud y Empleo - Noticias Radio Reflejos<\/title>\n<meta name=\"robots\" content=\"index, follow, max-snippet:-1, max-image-preview:large, max-video-preview:-1\" \/>\n<link rel=\"canonical\" href=\"https:\/\/www.noticiasradioreflejos.com.ar\/2021\/gerardo-bucchi-renuncio-al-cargo-de-subsecretario-de-juventud-y-empleo\/\" \/>\n<meta property=\"og:locale\" content=\"es_ES\" \/>\n<meta property=\"og:type\" content=\"article\" \/>\n<meta property=\"og:title\" content=\"Gerardo Bucchi renunci\u00f3 al cargo de Subsecretario de Juventud y Empleo - Noticias Radio Reflejos\" \/>\n<meta property=\"og:description\" content=\"Es la segunda renuncia en el gabinete de Bordoni. Comunic\u00f3 la decisi\u00f3n mediante una carta a la que tuvo acceso nuestro medio.\" \/>\n<meta property=\"og:url\" content=\"https:\/\/www.noticiasradioreflejos.com.ar\/2021\/gerardo-bucchi-renuncio-al-cargo-de-subsecretario-de-juventud-y-empleo\/\" \/>\n<meta property=\"og:site_name\" content=\"Noticias Radio Reflejos\" \/>\n<meta property=\"article:published_time\" content=\"2020-07-22T21:44:03+00:00\" \/>\n<meta property=\"og:image\" content=\"https:\/\/www.noticiasradioreflejos.com.ar\/2021\/wp-content\/uploads\/2021\/07\/logosol300x200.png\" \/>\n\t<meta property=\"og:image:width\" content=\"300\" \/>\n\t<meta property=\"og:image:height\" content=\"200\" \/>\n\t<meta property=\"og:image:type\" content=\"image\/png\" \/>\n<meta name=\"author\" content=\"Arnaldo Botto\" \/>\n<meta name=\"twitter:card\" content=\"summary_large_image\" \/>\n<script type=\"application\/ld+json\" class=\"yoast-schema-graph\">{\"@context\":\"https:\/\/schema.org\",\"@graph\":[{\"@type\":\"WebPage\",\"@id\":\"https:\/\/www.noticiasradioreflejos.com.ar\/2021\/gerardo-bucchi-renuncio-al-cargo-de-subsecretario-de-juventud-y-empleo\/\",\"url\":\"https:\/\/www.noticiasradioreflejos.com.ar\/2021\/gerardo-bucchi-renuncio-al-cargo-de-subsecretario-de-juventud-y-empleo\/\",\"name\":\"Gerardo Bucchi renunci\u00f3 al cargo de Subsecretario de Juventud y Empleo - Noticias Radio Reflejos\",\"isPartOf\":{\"@id\":\"https:\/\/www.noticiasradioreflejos.com.ar\/2021\/#website\"},\"datePublished\":\"2020-07-22T21:44:03+00:00\",\"author\":{\"@id\":\"https:\/\/www.noticiasradioreflejos.com.ar\/2021\/#\/schema\/person\/ad82545263dcc5ec0996818884fd5fb1\"},\"breadcrumb\":{\"@id\":\"https:\/\/www.noticiasradioreflejos.com.ar\/2021\/gerardo-bucchi-renuncio-al-cargo-de-subsecretario-de-juventud-y-empleo\/#breadcrumb\"},\"inLanguage\":\"es\",\"potentialAction\":[{\"@type\":\"ReadAction\",\"target\":[\"https:\/\/www.noticiasradioreflejos.com.ar\/2021\/gerardo-bucchi-renuncio-al-cargo-de-subsecretario-de-juventud-y-empleo\/\"]}]},{\"@type\":\"BreadcrumbList\",\"@id\":\"https:\/\/www.noticiasradioreflejos.com.ar\/2021\/gerardo-bucchi-renuncio-al-cargo-de-subsecretario-de-juventud-y-empleo\/#breadcrumb\",\"itemListElement\":[{\"@type\":\"ListItem\",\"position\":1,\"name\":\"Portada\",\"item\":\"https:\/\/www.noticiasradioreflejos.com.ar\/2021\/\"},{\"@type\":\"ListItem\",\"position\":2,\"name\":\"Gerardo Bucchi renunci\u00f3 al cargo de Subsecretario de Juventud y Empleo\"}]},{\"@type\":\"WebSite\",\"@id\":\"https:\/\/www.noticiasradioreflejos.com.ar\/2021\/#website\",\"url\":\"https:\/\/www.noticiasradioreflejos.com.ar\/2021\/\",\"name\":\"Noticias Radio Reflejos\",\"description\":\"Las noticias de mi comarca\",\"potentialAction\":[{\"@type\":\"SearchAction\",\"target\":{\"@type\":\"EntryPoint\",\"urlTemplate\":\"https:\/\/www.noticiasradioreflejos.com.ar\/2021\/?s={search_term_string}\"},\"query-input\":{\"@type\":\"PropertyValueSpecification\",\"valueRequired\":true,\"valueName\":\"search_term_string\"}}],\"inLanguage\":\"es\"},{\"@type\":\"Person\",\"@id\":\"https:\/\/www.noticiasradioreflejos.com.ar\/2021\/#\/schema\/person\/ad82545263dcc5ec0996818884fd5fb1\",\"name\":\"Arnaldo Botto\",\"image\":{\"@type\":\"ImageObject\",\"inLanguage\":\"es\",\"@id\":\"https:\/\/www.noticiasradioreflejos.com.ar\/2021\/#\/schema\/person\/image\/\",\"url\":\"https:\/\/secure.gravatar.com\/avatar\/55cb5e37c1efa326397366e6974cb338056df65cb50e7d64d1cf314e87504837?s=96&d=mm&r=g\",\"contentUrl\":\"https:\/\/secure.gravatar.com\/avatar\/55cb5e37c1efa326397366e6974cb338056df65cb50e7d64d1cf314e87504837?s=96&d=mm&r=g\",\"caption\":\"Arnaldo Botto\"},\"url\":\"https:\/\/www.noticiasradioreflejos.com.ar\/2021\/author\/arnaldo\/\"}]}<\/script>\n<!-- \/ Yoast SEO plugin. -->","yoast_head_json":{"title":"Gerardo Bucchi renunci\u00f3 al cargo de Subsecretario de Juventud y Empleo - Noticias Radio Reflejos","robots":{"index":"index","follow":"follow","max-snippet":"max-snippet:-1","max-image-preview":"max-image-preview:large","max-video-preview":"max-video-preview:-1"},"canonical":"https:\/\/www.noticiasradioreflejos.com.ar\/2021\/gerardo-bucchi-renuncio-al-cargo-de-subsecretario-de-juventud-y-empleo\/","og_locale":"es_ES","og_type":"article","og_title":"Gerardo Bucchi renunci\u00f3 al cargo de Subsecretario de Juventud y Empleo - Noticias Radio Reflejos","og_description":"Es la segunda renuncia en el gabinete de Bordoni. Comunic\u00f3 la decisi\u00f3n mediante una carta a la que tuvo acceso nuestro medio.","og_url":"https:\/\/www.noticiasradioreflejos.com.ar\/2021\/gerardo-bucchi-renuncio-al-cargo-de-subsecretario-de-juventud-y-empleo\/","og_site_name":"Noticias Radio Reflejos","article_published_time":"2020-07-22T21:44:03+00:00","og_image":[{"width":300,"height":200,"url":"https:\/\/www.noticiasradioreflejos.com.ar\/2021\/wp-content\/uploads\/2021\/07\/logosol300x200.png","type":"image\/png"}],"author":"Arnaldo Botto","twitter_card":"summary_large_image","schema":{"@context":"https:\/\/schema.org","@graph":[{"@type":"WebPage","@id":"https:\/\/www.noticiasradioreflejos.com.ar\/2021\/gerardo-bucchi-renuncio-al-cargo-de-subsecretario-de-juventud-y-empleo\/","url":"https:\/\/www.noticiasradioreflejos.com.ar\/2021\/gerardo-bucchi-renuncio-al-cargo-de-subsecretario-de-juventud-y-empleo\/","name":"Gerardo Bucchi renunci\u00f3 al cargo de Subsecretario de Juventud y Empleo - Noticias Radio Reflejos","isPartOf":{"@id":"https:\/\/www.noticiasradioreflejos.com.ar\/2021\/#website"},"datePublished":"2020-07-22T21:44:03+00:00","author":{"@id":"https:\/\/www.noticiasradioreflejos.com.ar\/2021\/#\/schema\/person\/ad82545263dcc5ec0996818884fd5fb1"},"breadcrumb":{"@id":"https:\/\/www.noticiasradioreflejos.com.ar\/2021\/gerardo-bucchi-renuncio-al-cargo-de-subsecretario-de-juventud-y-empleo\/#breadcrumb"},"inLanguage":"es","potentialAction":[{"@type":"ReadAction","target":["https:\/\/www.noticiasradioreflejos.com.ar\/2021\/gerardo-bucchi-renuncio-al-cargo-de-subsecretario-de-juventud-y-empleo\/"]}]},{"@type":"BreadcrumbList","@id":"https:\/\/www.noticiasradioreflejos.com.ar\/2021\/gerardo-bucchi-renuncio-al-cargo-de-subsecretario-de-juventud-y-empleo\/#breadcrumb","itemListElement":[{"@type":"ListItem","position":1,"name":"Portada","item":"https:\/\/www.noticiasradioreflejos.com.ar\/2021\/"},{"@type":"ListItem","position":2,"name":"Gerardo Bucchi renunci\u00f3 al cargo de Subsecretario de Juventud y Empleo"}]},{"@type":"WebSite","@id":"https:\/\/www.noticiasradioreflejos.com.ar\/2021\/#website","url":"https:\/\/www.noticiasradioreflejos.com.ar\/2021\/","name":"Noticias Radio Reflejos","description":"Las noticias de mi comarca","potentialAction":[{"@type":"SearchAction","target":{"@type":"EntryPoint","urlTemplate":"https:\/\/www.noticiasradioreflejos.com.ar\/2021\/?s={search_term_string}"},"query-input":{"@type":"PropertyValueSpecification","valueRequired":true,"valueName":"search_term_string"}}],"inLanguage":"es"},{"@type":"Person","@id":"https:\/\/www.noticiasradioreflejos.com.ar\/2021\/#\/schema\/person\/ad82545263dcc5ec0996818884fd5fb1","name":"Arnaldo Botto","image":{"@type":"ImageObject","inLanguage":"es","@id":"https:\/\/www.noticiasradioreflejos.com.ar\/2021\/#\/schema\/person\/image\/","url":"https:\/\/secure.gravatar.com\/avatar\/55cb5e37c1efa326397366e6974cb338056df65cb50e7d64d1cf314e87504837?s=96&d=mm&r=g","contentUrl":"https:\/\/secure.gravatar.com\/avatar\/55cb5e37c1efa326397366e6974cb338056df65cb50e7d64d1cf314e87504837?s=96&d=mm&r=g","caption":"Arnaldo Botto"},"url":"https:\/\/www.noticiasradioreflejos.com.ar\/2021\/author\/arnaldo\/"}]}},"_links":{"self":[{"href":"https:\/\/www.noticiasradioreflejos.com.ar\/2021\/wp-json\/wp\/v2\/posts\/44802","targetHints":{"allow":["GET"]}}],"collection":[{"href":"https:\/\/www.noticiasradioreflejos.com.ar\/2021\/wp-json\/wp\/v2\/posts"}],"about":[{"href":"https:\/\/www.noticiasradioreflejos.com.ar\/2021\/wp-json\/wp\/v2\/types\/post"}],"author":[{"embeddable":true,"href":"https:\/\/www.noticiasradioreflejos.com.ar\/2021\/wp-json\/wp\/v2\/users\/3"}],"replies":[{"embeddable":true,"href":"https:\/\/www.noticiasradioreflejos.com.ar\/2021\/wp-json\/wp\/v2\/comments?post=44802"}],"version-history":[{"count":0,"href":"https:\/\/www.noticiasradioreflejos.com.ar\/2021\/wp-json\/wp\/v2\/posts\/44802\/revisions"}],"wp:attachment":[{"href":"https:\/\/www.noticiasradioreflejos.com.ar\/2021\/wp-json\/wp\/v2\/media?parent=44802"}],"wp:term":[{"taxonomy":"category","embeddable":true,"href":"https:\/\/www.noticiasradioreflejos.com.ar\/2021\/wp-json\/wp\/v2\/categories?post=44802"},{"taxonomy":"post_tag","embeddable":true,"href":"https:\/\/www.noticiasradioreflejos.com.ar\/2021\/wp-json\/wp\/v2\/tags?post=44802"}],"curies":[{"name":"wp","href":"https:\/\/api.w.org\/{rel}","templated":true}]}}