{"id":44797,"date":"2020-07-22T18:24:13","date_gmt":"2020-07-22T21:24:13","guid":{"rendered":"http:\/\/www.noticiasradioreflejos.com.ar\/noticias\/?p=44797"},"modified":"2020-07-22T18:24:13","modified_gmt":"2020-07-22T21:24:13","slug":"solicitan-evitar-la-circulacion-por-los-caminos-rurales-de-tornquist","status":"publish","type":"post","link":"https:\/\/www.noticiasradioreflejos.com.ar\/2021\/solicitan-evitar-la-circulacion-por-los-caminos-rurales-de-tornquist\/","title":{"rendered":"Solicitan evitar la circulaci\u00f3n por los caminos rurales de Tornquist."},"content":{"rendered":"<p>Se solicita a la comunidad del distrito, que evite la circulaci\u00f3n por los caminos rurales de no ser por casos de extrema necesidad para evitar la rotura de los mismos. Asimismo se recuerda que est\u00e1 prohibida la circulaci\u00f3n de veh\u00edculos pesados por los caminos rurales en d\u00edas de lluvia.<\/p>\n<p><a title=\"cartel_CAVM\" href=\"http:\/\/live.staticflickr.com\/65535\/50141507203_d9196a3560_s.jpg\" rel=\"\"><img loading=\"lazy\" decoding=\"async\" class=\"aligncenter\" title=\"cartel_CAVM\" src=\"http:\/\/live.staticflickr.com\/65535\/50141507203_d9196a3560_c.jpg\" alt=\"cartel_CAVM\" width=\"798\" height=\"800\" \/><\/a><\/p>\n","protected":false},"excerpt":{"rendered":"<p>Se solicita a la comunidad del distrito, que evite la circulaci\u00f3n por los caminos rurales de no ser por casos de extrema necesidad para evitar la rotura de los mismos. Asimismo se recuerda que est\u00e1 prohibida la circulaci\u00f3n de veh\u00edculos pesados por los caminos rurales en d\u00edas de lluvia.<\/p>\n","protected":false},"author":3,"featured_media":0,"comment_status":"closed","ping_status":"open","sticky":false,"template":"","format":"standard","meta":{"footnotes":""},"categories":[26],"tags":[],"class_list":["post-44797","post","type-post","status-publish","format-standard","hentry","category-sociedad"],"yoast_head":"<!-- This site is optimized with the Yoast SEO plugin v25.9 - https:\/\/yoast.com\/wordpress\/plugins\/seo\/ -->\n<title>Solicitan evitar la circulaci\u00f3n por los caminos rurales de Tornquist. - Noticias Radio Reflejos<\/title>\n<meta name=\"robots\" content=\"index, follow, max-snippet:-1, max-image-preview:large, max-video-preview:-1\" \/>\n<link rel=\"canonical\" href=\"https:\/\/www.noticiasradioreflejos.com.ar\/2021\/solicitan-evitar-la-circulacion-por-los-caminos-rurales-de-tornquist\/\" \/>\n<meta property=\"og:locale\" content=\"es_ES\" \/>\n<meta property=\"og:type\" content=\"article\" \/>\n<meta property=\"og:title\" content=\"Solicitan evitar la circulaci\u00f3n por los caminos rurales de Tornquist. - Noticias Radio Reflejos\" \/>\n<meta property=\"og:description\" content=\"Se solicita a la comunidad del distrito, que evite la circulaci\u00f3n por los caminos rurales de no ser por casos de extrema necesidad para evitar la rotura de los mismos. Asimismo se recuerda que est\u00e1 prohibida la circulaci\u00f3n de veh\u00edculos pesados por los caminos rurales en d\u00edas de lluvia.\" \/>\n<meta property=\"og:url\" content=\"https:\/\/www.noticiasradioreflejos.com.ar\/2021\/solicitan-evitar-la-circulacion-por-los-caminos-rurales-de-tornquist\/\" \/>\n<meta property=\"og:site_name\" content=\"Noticias Radio Reflejos\" \/>\n<meta property=\"article:published_time\" content=\"2020-07-22T21:24:13+00:00\" \/>\n<meta property=\"og:image\" content=\"http:\/\/live.staticflickr.com\/65535\/50141507203_d9196a3560_c.jpg\" \/>\n<meta name=\"author\" content=\"Arnaldo Botto\" \/>\n<meta name=\"twitter:card\" content=\"summary_large_image\" \/>\n<script type=\"application\/ld+json\" class=\"yoast-schema-graph\">{\"@context\":\"https:\/\/schema.org\",\"@graph\":[{\"@type\":\"WebPage\",\"@id\":\"https:\/\/www.noticiasradioreflejos.com.ar\/2021\/solicitan-evitar-la-circulacion-por-los-caminos-rurales-de-tornquist\/\",\"url\":\"https:\/\/www.noticiasradioreflejos.com.ar\/2021\/solicitan-evitar-la-circulacion-por-los-caminos-rurales-de-tornquist\/\",\"name\":\"Solicitan evitar la circulaci\u00f3n por los caminos rurales de Tornquist. - Noticias Radio Reflejos\",\"isPartOf\":{\"@id\":\"https:\/\/www.noticiasradioreflejos.com.ar\/2021\/#website\"},\"primaryImageOfPage\":{\"@id\":\"https:\/\/www.noticiasradioreflejos.com.ar\/2021\/solicitan-evitar-la-circulacion-por-los-caminos-rurales-de-tornquist\/#primaryimage\"},\"image\":{\"@id\":\"https:\/\/www.noticiasradioreflejos.com.ar\/2021\/solicitan-evitar-la-circulacion-por-los-caminos-rurales-de-tornquist\/#primaryimage\"},\"thumbnailUrl\":\"http:\/\/live.staticflickr.com\/65535\/50141507203_d9196a3560_c.jpg\",\"datePublished\":\"2020-07-22T21:24:13+00:00\",\"author\":{\"@id\":\"https:\/\/www.noticiasradioreflejos.com.ar\/2021\/#\/schema\/person\/ad82545263dcc5ec0996818884fd5fb1\"},\"breadcrumb\":{\"@id\":\"https:\/\/www.noticiasradioreflejos.com.ar\/2021\/solicitan-evitar-la-circulacion-por-los-caminos-rurales-de-tornquist\/#breadcrumb\"},\"inLanguage\":\"es\",\"potentialAction\":[{\"@type\":\"ReadAction\",\"target\":[\"https:\/\/www.noticiasradioreflejos.com.ar\/2021\/solicitan-evitar-la-circulacion-por-los-caminos-rurales-de-tornquist\/\"]}]},{\"@type\":\"ImageObject\",\"inLanguage\":\"es\",\"@id\":\"https:\/\/www.noticiasradioreflejos.com.ar\/2021\/solicitan-evitar-la-circulacion-por-los-caminos-rurales-de-tornquist\/#primaryimage\",\"url\":\"http:\/\/live.staticflickr.com\/65535\/50141507203_d9196a3560_c.jpg\",\"contentUrl\":\"http:\/\/live.staticflickr.com\/65535\/50141507203_d9196a3560_c.jpg\"},{\"@type\":\"BreadcrumbList\",\"@id\":\"https:\/\/www.noticiasradioreflejos.com.ar\/2021\/solicitan-evitar-la-circulacion-por-los-caminos-rurales-de-tornquist\/#breadcrumb\",\"itemListElement\":[{\"@type\":\"ListItem\",\"position\":1,\"name\":\"Portada\",\"item\":\"https:\/\/www.noticiasradioreflejos.com.ar\/2021\/\"},{\"@type\":\"ListItem\",\"position\":2,\"name\":\"Solicitan evitar la circulaci\u00f3n por los caminos rurales de Tornquist.\"}]},{\"@type\":\"WebSite\",\"@id\":\"https:\/\/www.noticiasradioreflejos.com.ar\/2021\/#website\",\"url\":\"https:\/\/www.noticiasradioreflejos.com.ar\/2021\/\",\"name\":\"Noticias Radio Reflejos\",\"description\":\"Las noticias de mi comarca\",\"potentialAction\":[{\"@type\":\"SearchAction\",\"target\":{\"@type\":\"EntryPoint\",\"urlTemplate\":\"https:\/\/www.noticiasradioreflejos.com.ar\/2021\/?s={search_term_string}\"},\"query-input\":{\"@type\":\"PropertyValueSpecification\",\"valueRequired\":true,\"valueName\":\"search_term_string\"}}],\"inLanguage\":\"es\"},{\"@type\":\"Person\",\"@id\":\"https:\/\/www.noticiasradioreflejos.com.ar\/2021\/#\/schema\/person\/ad82545263dcc5ec0996818884fd5fb1\",\"name\":\"Arnaldo Botto\",\"image\":{\"@type\":\"ImageObject\",\"inLanguage\":\"es\",\"@id\":\"https:\/\/www.noticiasradioreflejos.com.ar\/2021\/#\/schema\/person\/image\/\",\"url\":\"https:\/\/secure.gravatar.com\/avatar\/55cb5e37c1efa326397366e6974cb338056df65cb50e7d64d1cf314e87504837?s=96&d=mm&r=g\",\"contentUrl\":\"https:\/\/secure.gravatar.com\/avatar\/55cb5e37c1efa326397366e6974cb338056df65cb50e7d64d1cf314e87504837?s=96&d=mm&r=g\",\"caption\":\"Arnaldo Botto\"},\"url\":\"https:\/\/www.noticiasradioreflejos.com.ar\/2021\/author\/arnaldo\/\"}]}<\/script>\n<!-- \/ Yoast SEO plugin. -->","yoast_head_json":{"title":"Solicitan evitar la circulaci\u00f3n por los caminos rurales de Tornquist. - Noticias Radio Reflejos","robots":{"index":"index","follow":"follow","max-snippet":"max-snippet:-1","max-image-preview":"max-image-preview:large","max-video-preview":"max-video-preview:-1"},"canonical":"https:\/\/www.noticiasradioreflejos.com.ar\/2021\/solicitan-evitar-la-circulacion-por-los-caminos-rurales-de-tornquist\/","og_locale":"es_ES","og_type":"article","og_title":"Solicitan evitar la circulaci\u00f3n por los caminos rurales de Tornquist. - Noticias Radio Reflejos","og_description":"Se solicita a la comunidad del distrito, que evite la circulaci\u00f3n por los caminos rurales de no ser por casos de extrema necesidad para evitar la rotura de los mismos. Asimismo se recuerda que est\u00e1 prohibida la circulaci\u00f3n de veh\u00edculos pesados por los caminos rurales en d\u00edas de lluvia.","og_url":"https:\/\/www.noticiasradioreflejos.com.ar\/2021\/solicitan-evitar-la-circulacion-por-los-caminos-rurales-de-tornquist\/","og_site_name":"Noticias Radio Reflejos","article_published_time":"2020-07-22T21:24:13+00:00","og_image":[{"url":"http:\/\/live.staticflickr.com\/65535\/50141507203_d9196a3560_c.jpg","type":"","width":"","height":""}],"author":"Arnaldo Botto","twitter_card":"summary_large_image","schema":{"@context":"https:\/\/schema.org","@graph":[{"@type":"WebPage","@id":"https:\/\/www.noticiasradioreflejos.com.ar\/2021\/solicitan-evitar-la-circulacion-por-los-caminos-rurales-de-tornquist\/","url":"https:\/\/www.noticiasradioreflejos.com.ar\/2021\/solicitan-evitar-la-circulacion-por-los-caminos-rurales-de-tornquist\/","name":"Solicitan evitar la circulaci\u00f3n por los caminos rurales de Tornquist. - Noticias Radio Reflejos","isPartOf":{"@id":"https:\/\/www.noticiasradioreflejos.com.ar\/2021\/#website"},"primaryImageOfPage":{"@id":"https:\/\/www.noticiasradioreflejos.com.ar\/2021\/solicitan-evitar-la-circulacion-por-los-caminos-rurales-de-tornquist\/#primaryimage"},"image":{"@id":"https:\/\/www.noticiasradioreflejos.com.ar\/2021\/solicitan-evitar-la-circulacion-por-los-caminos-rurales-de-tornquist\/#primaryimage"},"thumbnailUrl":"http:\/\/live.staticflickr.com\/65535\/50141507203_d9196a3560_c.jpg","datePublished":"2020-07-22T21:24:13+00:00","author":{"@id":"https:\/\/www.noticiasradioreflejos.com.ar\/2021\/#\/schema\/person\/ad82545263dcc5ec0996818884fd5fb1"},"breadcrumb":{"@id":"https:\/\/www.noticiasradioreflejos.com.ar\/2021\/solicitan-evitar-la-circulacion-por-los-caminos-rurales-de-tornquist\/#breadcrumb"},"inLanguage":"es","potentialAction":[{"@type":"ReadAction","target":["https:\/\/www.noticiasradioreflejos.com.ar\/2021\/solicitan-evitar-la-circulacion-por-los-caminos-rurales-de-tornquist\/"]}]},{"@type":"ImageObject","inLanguage":"es","@id":"https:\/\/www.noticiasradioreflejos.com.ar\/2021\/solicitan-evitar-la-circulacion-por-los-caminos-rurales-de-tornquist\/#primaryimage","url":"http:\/\/live.staticflickr.com\/65535\/50141507203_d9196a3560_c.jpg","contentUrl":"http:\/\/live.staticflickr.com\/65535\/50141507203_d9196a3560_c.jpg"},{"@type":"BreadcrumbList","@id":"https:\/\/www.noticiasradioreflejos.com.ar\/2021\/solicitan-evitar-la-circulacion-por-los-caminos-rurales-de-tornquist\/#breadcrumb","itemListElement":[{"@type":"ListItem","position":1,"name":"Portada","item":"https:\/\/www.noticiasradioreflejos.com.ar\/2021\/"},{"@type":"ListItem","position":2,"name":"Solicitan evitar la circulaci\u00f3n por los caminos rurales de Tornquist."}]},{"@type":"WebSite","@id":"https:\/\/www.noticiasradioreflejos.com.ar\/2021\/#website","url":"https:\/\/www.noticiasradioreflejos.com.ar\/2021\/","name":"Noticias Radio Reflejos","description":"Las noticias de mi comarca","potentialAction":[{"@type":"SearchAction","target":{"@type":"EntryPoint","urlTemplate":"https:\/\/www.noticiasradioreflejos.com.ar\/2021\/?s={search_term_string}"},"query-input":{"@type":"PropertyValueSpecification","valueRequired":true,"valueName":"search_term_string"}}],"inLanguage":"es"},{"@type":"Person","@id":"https:\/\/www.noticiasradioreflejos.com.ar\/2021\/#\/schema\/person\/ad82545263dcc5ec0996818884fd5fb1","name":"Arnaldo Botto","image":{"@type":"ImageObject","inLanguage":"es","@id":"https:\/\/www.noticiasradioreflejos.com.ar\/2021\/#\/schema\/person\/image\/","url":"https:\/\/secure.gravatar.com\/avatar\/55cb5e37c1efa326397366e6974cb338056df65cb50e7d64d1cf314e87504837?s=96&d=mm&r=g","contentUrl":"https:\/\/secure.gravatar.com\/avatar\/55cb5e37c1efa326397366e6974cb338056df65cb50e7d64d1cf314e87504837?s=96&d=mm&r=g","caption":"Arnaldo Botto"},"url":"https:\/\/www.noticiasradioreflejos.com.ar\/2021\/author\/arnaldo\/"}]}},"_links":{"self":[{"href":"https:\/\/www.noticiasradioreflejos.com.ar\/2021\/wp-json\/wp\/v2\/posts\/44797","targetHints":{"allow":["GET"]}}],"collection":[{"href":"https:\/\/www.noticiasradioreflejos.com.ar\/2021\/wp-json\/wp\/v2\/posts"}],"about":[{"href":"https:\/\/www.noticiasradioreflejos.com.ar\/2021\/wp-json\/wp\/v2\/types\/post"}],"author":[{"embeddable":true,"href":"https:\/\/www.noticiasradioreflejos.com.ar\/2021\/wp-json\/wp\/v2\/users\/3"}],"replies":[{"embeddable":true,"href":"https:\/\/www.noticiasradioreflejos.com.ar\/2021\/wp-json\/wp\/v2\/comments?post=44797"}],"version-history":[{"count":0,"href":"https:\/\/www.noticiasradioreflejos.com.ar\/2021\/wp-json\/wp\/v2\/posts\/44797\/revisions"}],"wp:attachment":[{"href":"https:\/\/www.noticiasradioreflejos.com.ar\/2021\/wp-json\/wp\/v2\/media?parent=44797"}],"wp:term":[{"taxonomy":"category","embeddable":true,"href":"https:\/\/www.noticiasradioreflejos.com.ar\/2021\/wp-json\/wp\/v2\/categories?post=44797"},{"taxonomy":"post_tag","embeddable":true,"href":"https:\/\/www.noticiasradioreflejos.com.ar\/2021\/wp-json\/wp\/v2\/tags?post=44797"}],"curies":[{"name":"wp","href":"https:\/\/api.w.org\/{rel}","templated":true}]}}