{"id":44794,"date":"2020-07-22T15:15:02","date_gmt":"2020-07-22T18:15:02","guid":{"rendered":"http:\/\/www.noticiasradioreflejos.com.ar\/noticias\/?p=44794"},"modified":"2020-07-22T15:15:02","modified_gmt":"2020-07-22T18:15:02","slug":"apoyo-de-las-provincias-al-proyecto-de-ley-de-recuperacion-del-turismo-que-impulsa-nacion","status":"publish","type":"post","link":"https:\/\/www.noticiasradioreflejos.com.ar\/2021\/apoyo-de-las-provincias-al-proyecto-de-ley-de-recuperacion-del-turismo-que-impulsa-nacion\/","title":{"rendered":"Apoyo de las provincias al proyecto de ley de recuperaci\u00f3n del turismo que impulsa Naci\u00f3n"},"content":{"rendered":"<p>El Consejo Federal de Turismo (CFT) respald\u00f3 el proyecto de ley impulsado por el Ministerio de Turismo y Deportes para la reactivaci\u00f3n del sector a trav\u00e9s de una nota donde se precisa que la decisi\u00f3n fue tomada en la Asamblea Extraordinaria, que cont\u00f3 con la presencia de las 23 provincias argentinas y la ciudad de Buenos Aires.<!--more--><br \/>\n\u00abLa presidenta del Consejo Federal de Turismo (CFT) y ministra de Turismo y Cultura de San Juan, Claudia Grynszpan, anunci\u00f3 el apoyo en una reuni\u00f3n donde estuvieron las m\u00e1ximas autoridades del \u00e1rea de cada jurisdicci\u00f3n del pa\u00eds\u00bb, se inform\u00f3 hoy en un comunicado de la cartera de Turismo y Deportes.<\/p>\n<p>Desde la CFT, destacaron la exposici\u00f3n detallada del proyecto de ley \u201cPlan Nacional de Auxilio, Capacitaci\u00f3n, Infraestructura y Promoci\u00f3n del Turismo Nacional- Plan Turismo Nacional\u201d, realizada por el ministro de Turismo y Deportes, Mat\u00edas Lammens, en la reuni\u00f3n y que hoy tiene tratamiento en la C\u00e1mara de Diputados.<\/p>\n<p>Seg\u00fan se\u00f1ala la nota, durante la Asamblea Extraordinaria la mayor\u00eda de las autoridades presentes expresaron su apoyo al mencionado Plan y pusieron en valor los diferentes puntos que el mismo aborda.<\/p>\n<p>Tambi\u00e9n destacaron la importancia de este proyecto que abarca la mitigaci\u00f3n del impacto de la pandemia, a trav\u00e9s del financiamiento y apoyo a toda la cadena de valor tur\u00edstico de Argentina, con un fuerte \u00e9nfasis en los monotributistas, aut\u00f3nomos y pymes del sector.<\/p>\n<p>Otro de los puntos que las provincias marcan como relevante es que el programa tiene previsto para la reactivaci\u00f3n del turismo, el reintegro de parte de los gastos que se realicen en el per\u00edodo estipulado en el mismo.<\/p>\n<p>El comunicado finaliza con \u201cel compromiso en el esfuerzo y trabajo del Consejo Federal de Turismo al apoyar en todos sus t\u00e9rminos el proyecto de ley, ofreciendo los equipos de trabajo para la implementaci\u00f3n de los t\u00e9rminos de la misma\u201d.<\/p>\n","protected":false},"excerpt":{"rendered":"<p>El Consejo Federal de Turismo (CFT) respald\u00f3 el proyecto de ley impulsado por el Ministerio de Turismo y Deportes para la reactivaci\u00f3n del sector a trav\u00e9s de una nota donde se precisa que la decisi\u00f3n fue tomada en la Asamblea Extraordinaria, que cont\u00f3 con la presencia de las 23 provincias argentinas y la ciudad de [&hellip;]<\/p>\n","protected":false},"author":3,"featured_media":0,"comment_status":"closed","ping_status":"open","sticky":false,"template":"","format":"standard","meta":{"footnotes":""},"categories":[33],"tags":[],"class_list":["post-44794","post","type-post","status-publish","format-standard","hentry","category-turismo"],"yoast_head":"<!-- This site is optimized with the Yoast SEO plugin v25.9 - https:\/\/yoast.com\/wordpress\/plugins\/seo\/ -->\n<title>Apoyo de las provincias al proyecto de ley de recuperaci\u00f3n del turismo que impulsa Naci\u00f3n - Noticias Radio Reflejos<\/title>\n<meta name=\"robots\" content=\"index, follow, max-snippet:-1, max-image-preview:large, max-video-preview:-1\" \/>\n<link rel=\"canonical\" href=\"https:\/\/www.noticiasradioreflejos.com.ar\/2021\/apoyo-de-las-provincias-al-proyecto-de-ley-de-recuperacion-del-turismo-que-impulsa-nacion\/\" \/>\n<meta property=\"og:locale\" content=\"es_ES\" \/>\n<meta property=\"og:type\" content=\"article\" \/>\n<meta property=\"og:title\" content=\"Apoyo de las provincias al proyecto de ley de recuperaci\u00f3n del turismo que impulsa Naci\u00f3n - Noticias Radio Reflejos\" \/>\n<meta property=\"og:description\" content=\"El Consejo Federal de Turismo (CFT) respald\u00f3 el proyecto de ley impulsado por el Ministerio de Turismo y Deportes para la reactivaci\u00f3n del sector a trav\u00e9s de una nota donde se precisa que la decisi\u00f3n fue tomada en la Asamblea Extraordinaria, que cont\u00f3 con la presencia de las 23 provincias argentinas y la ciudad de [&hellip;]\" \/>\n<meta property=\"og:url\" content=\"https:\/\/www.noticiasradioreflejos.com.ar\/2021\/apoyo-de-las-provincias-al-proyecto-de-ley-de-recuperacion-del-turismo-que-impulsa-nacion\/\" \/>\n<meta property=\"og:site_name\" content=\"Noticias Radio Reflejos\" \/>\n<meta property=\"article:published_time\" content=\"2020-07-22T18:15:02+00:00\" \/>\n<meta property=\"og:image\" content=\"https:\/\/www.noticiasradioreflejos.com.ar\/2021\/wp-content\/uploads\/2021\/07\/logosol300x200.png\" \/>\n\t<meta property=\"og:image:width\" content=\"300\" \/>\n\t<meta property=\"og:image:height\" content=\"200\" \/>\n\t<meta property=\"og:image:type\" content=\"image\/png\" \/>\n<meta name=\"author\" content=\"Arnaldo Botto\" \/>\n<meta name=\"twitter:card\" content=\"summary_large_image\" \/>\n<script type=\"application\/ld+json\" class=\"yoast-schema-graph\">{\"@context\":\"https:\/\/schema.org\",\"@graph\":[{\"@type\":\"WebPage\",\"@id\":\"https:\/\/www.noticiasradioreflejos.com.ar\/2021\/apoyo-de-las-provincias-al-proyecto-de-ley-de-recuperacion-del-turismo-que-impulsa-nacion\/\",\"url\":\"https:\/\/www.noticiasradioreflejos.com.ar\/2021\/apoyo-de-las-provincias-al-proyecto-de-ley-de-recuperacion-del-turismo-que-impulsa-nacion\/\",\"name\":\"Apoyo de las provincias al proyecto de ley de recuperaci\u00f3n del turismo que impulsa Naci\u00f3n - Noticias Radio Reflejos\",\"isPartOf\":{\"@id\":\"https:\/\/www.noticiasradioreflejos.com.ar\/2021\/#website\"},\"datePublished\":\"2020-07-22T18:15:02+00:00\",\"author\":{\"@id\":\"https:\/\/www.noticiasradioreflejos.com.ar\/2021\/#\/schema\/person\/ad82545263dcc5ec0996818884fd5fb1\"},\"breadcrumb\":{\"@id\":\"https:\/\/www.noticiasradioreflejos.com.ar\/2021\/apoyo-de-las-provincias-al-proyecto-de-ley-de-recuperacion-del-turismo-que-impulsa-nacion\/#breadcrumb\"},\"inLanguage\":\"es\",\"potentialAction\":[{\"@type\":\"ReadAction\",\"target\":[\"https:\/\/www.noticiasradioreflejos.com.ar\/2021\/apoyo-de-las-provincias-al-proyecto-de-ley-de-recuperacion-del-turismo-que-impulsa-nacion\/\"]}]},{\"@type\":\"BreadcrumbList\",\"@id\":\"https:\/\/www.noticiasradioreflejos.com.ar\/2021\/apoyo-de-las-provincias-al-proyecto-de-ley-de-recuperacion-del-turismo-que-impulsa-nacion\/#breadcrumb\",\"itemListElement\":[{\"@type\":\"ListItem\",\"position\":1,\"name\":\"Portada\",\"item\":\"https:\/\/www.noticiasradioreflejos.com.ar\/2021\/\"},{\"@type\":\"ListItem\",\"position\":2,\"name\":\"Apoyo de las provincias al proyecto de ley de recuperaci\u00f3n del turismo que impulsa Naci\u00f3n\"}]},{\"@type\":\"WebSite\",\"@id\":\"https:\/\/www.noticiasradioreflejos.com.ar\/2021\/#website\",\"url\":\"https:\/\/www.noticiasradioreflejos.com.ar\/2021\/\",\"name\":\"Noticias Radio Reflejos\",\"description\":\"Las noticias de mi comarca\",\"potentialAction\":[{\"@type\":\"SearchAction\",\"target\":{\"@type\":\"EntryPoint\",\"urlTemplate\":\"https:\/\/www.noticiasradioreflejos.com.ar\/2021\/?s={search_term_string}\"},\"query-input\":{\"@type\":\"PropertyValueSpecification\",\"valueRequired\":true,\"valueName\":\"search_term_string\"}}],\"inLanguage\":\"es\"},{\"@type\":\"Person\",\"@id\":\"https:\/\/www.noticiasradioreflejos.com.ar\/2021\/#\/schema\/person\/ad82545263dcc5ec0996818884fd5fb1\",\"name\":\"Arnaldo Botto\",\"image\":{\"@type\":\"ImageObject\",\"inLanguage\":\"es\",\"@id\":\"https:\/\/www.noticiasradioreflejos.com.ar\/2021\/#\/schema\/person\/image\/\",\"url\":\"https:\/\/secure.gravatar.com\/avatar\/55cb5e37c1efa326397366e6974cb338056df65cb50e7d64d1cf314e87504837?s=96&d=mm&r=g\",\"contentUrl\":\"https:\/\/secure.gravatar.com\/avatar\/55cb5e37c1efa326397366e6974cb338056df65cb50e7d64d1cf314e87504837?s=96&d=mm&r=g\",\"caption\":\"Arnaldo Botto\"},\"url\":\"https:\/\/www.noticiasradioreflejos.com.ar\/2021\/author\/arnaldo\/\"}]}<\/script>\n<!-- \/ Yoast SEO plugin. -->","yoast_head_json":{"title":"Apoyo de las provincias al proyecto de ley de recuperaci\u00f3n del turismo que impulsa Naci\u00f3n - Noticias Radio Reflejos","robots":{"index":"index","follow":"follow","max-snippet":"max-snippet:-1","max-image-preview":"max-image-preview:large","max-video-preview":"max-video-preview:-1"},"canonical":"https:\/\/www.noticiasradioreflejos.com.ar\/2021\/apoyo-de-las-provincias-al-proyecto-de-ley-de-recuperacion-del-turismo-que-impulsa-nacion\/","og_locale":"es_ES","og_type":"article","og_title":"Apoyo de las provincias al proyecto de ley de recuperaci\u00f3n del turismo que impulsa Naci\u00f3n - Noticias Radio Reflejos","og_description":"El Consejo Federal de Turismo (CFT) respald\u00f3 el proyecto de ley impulsado por el Ministerio de Turismo y Deportes para la reactivaci\u00f3n del sector a trav\u00e9s de una nota donde se precisa que la decisi\u00f3n fue tomada en la Asamblea Extraordinaria, que cont\u00f3 con la presencia de las 23 provincias argentinas y la ciudad de [&hellip;]","og_url":"https:\/\/www.noticiasradioreflejos.com.ar\/2021\/apoyo-de-las-provincias-al-proyecto-de-ley-de-recuperacion-del-turismo-que-impulsa-nacion\/","og_site_name":"Noticias Radio Reflejos","article_published_time":"2020-07-22T18:15:02+00:00","og_image":[{"width":300,"height":200,"url":"https:\/\/www.noticiasradioreflejos.com.ar\/2021\/wp-content\/uploads\/2021\/07\/logosol300x200.png","type":"image\/png"}],"author":"Arnaldo Botto","twitter_card":"summary_large_image","schema":{"@context":"https:\/\/schema.org","@graph":[{"@type":"WebPage","@id":"https:\/\/www.noticiasradioreflejos.com.ar\/2021\/apoyo-de-las-provincias-al-proyecto-de-ley-de-recuperacion-del-turismo-que-impulsa-nacion\/","url":"https:\/\/www.noticiasradioreflejos.com.ar\/2021\/apoyo-de-las-provincias-al-proyecto-de-ley-de-recuperacion-del-turismo-que-impulsa-nacion\/","name":"Apoyo de las provincias al proyecto de ley de recuperaci\u00f3n del turismo que impulsa Naci\u00f3n - Noticias Radio Reflejos","isPartOf":{"@id":"https:\/\/www.noticiasradioreflejos.com.ar\/2021\/#website"},"datePublished":"2020-07-22T18:15:02+00:00","author":{"@id":"https:\/\/www.noticiasradioreflejos.com.ar\/2021\/#\/schema\/person\/ad82545263dcc5ec0996818884fd5fb1"},"breadcrumb":{"@id":"https:\/\/www.noticiasradioreflejos.com.ar\/2021\/apoyo-de-las-provincias-al-proyecto-de-ley-de-recuperacion-del-turismo-que-impulsa-nacion\/#breadcrumb"},"inLanguage":"es","potentialAction":[{"@type":"ReadAction","target":["https:\/\/www.noticiasradioreflejos.com.ar\/2021\/apoyo-de-las-provincias-al-proyecto-de-ley-de-recuperacion-del-turismo-que-impulsa-nacion\/"]}]},{"@type":"BreadcrumbList","@id":"https:\/\/www.noticiasradioreflejos.com.ar\/2021\/apoyo-de-las-provincias-al-proyecto-de-ley-de-recuperacion-del-turismo-que-impulsa-nacion\/#breadcrumb","itemListElement":[{"@type":"ListItem","position":1,"name":"Portada","item":"https:\/\/www.noticiasradioreflejos.com.ar\/2021\/"},{"@type":"ListItem","position":2,"name":"Apoyo de las provincias al proyecto de ley de recuperaci\u00f3n del turismo que impulsa Naci\u00f3n"}]},{"@type":"WebSite","@id":"https:\/\/www.noticiasradioreflejos.com.ar\/2021\/#website","url":"https:\/\/www.noticiasradioreflejos.com.ar\/2021\/","name":"Noticias Radio Reflejos","description":"Las noticias de mi comarca","potentialAction":[{"@type":"SearchAction","target":{"@type":"EntryPoint","urlTemplate":"https:\/\/www.noticiasradioreflejos.com.ar\/2021\/?s={search_term_string}"},"query-input":{"@type":"PropertyValueSpecification","valueRequired":true,"valueName":"search_term_string"}}],"inLanguage":"es"},{"@type":"Person","@id":"https:\/\/www.noticiasradioreflejos.com.ar\/2021\/#\/schema\/person\/ad82545263dcc5ec0996818884fd5fb1","name":"Arnaldo Botto","image":{"@type":"ImageObject","inLanguage":"es","@id":"https:\/\/www.noticiasradioreflejos.com.ar\/2021\/#\/schema\/person\/image\/","url":"https:\/\/secure.gravatar.com\/avatar\/55cb5e37c1efa326397366e6974cb338056df65cb50e7d64d1cf314e87504837?s=96&d=mm&r=g","contentUrl":"https:\/\/secure.gravatar.com\/avatar\/55cb5e37c1efa326397366e6974cb338056df65cb50e7d64d1cf314e87504837?s=96&d=mm&r=g","caption":"Arnaldo Botto"},"url":"https:\/\/www.noticiasradioreflejos.com.ar\/2021\/author\/arnaldo\/"}]}},"_links":{"self":[{"href":"https:\/\/www.noticiasradioreflejos.com.ar\/2021\/wp-json\/wp\/v2\/posts\/44794","targetHints":{"allow":["GET"]}}],"collection":[{"href":"https:\/\/www.noticiasradioreflejos.com.ar\/2021\/wp-json\/wp\/v2\/posts"}],"about":[{"href":"https:\/\/www.noticiasradioreflejos.com.ar\/2021\/wp-json\/wp\/v2\/types\/post"}],"author":[{"embeddable":true,"href":"https:\/\/www.noticiasradioreflejos.com.ar\/2021\/wp-json\/wp\/v2\/users\/3"}],"replies":[{"embeddable":true,"href":"https:\/\/www.noticiasradioreflejos.com.ar\/2021\/wp-json\/wp\/v2\/comments?post=44794"}],"version-history":[{"count":0,"href":"https:\/\/www.noticiasradioreflejos.com.ar\/2021\/wp-json\/wp\/v2\/posts\/44794\/revisions"}],"wp:attachment":[{"href":"https:\/\/www.noticiasradioreflejos.com.ar\/2021\/wp-json\/wp\/v2\/media?parent=44794"}],"wp:term":[{"taxonomy":"category","embeddable":true,"href":"https:\/\/www.noticiasradioreflejos.com.ar\/2021\/wp-json\/wp\/v2\/categories?post=44794"},{"taxonomy":"post_tag","embeddable":true,"href":"https:\/\/www.noticiasradioreflejos.com.ar\/2021\/wp-json\/wp\/v2\/tags?post=44794"}],"curies":[{"name":"wp","href":"https:\/\/api.w.org\/{rel}","templated":true}]}}