{"id":44766,"date":"2020-07-22T10:47:55","date_gmt":"2020-07-22T13:47:55","guid":{"rendered":"http:\/\/www.noticiasradioreflejos.com.ar\/noticias\/?p=44766"},"modified":"2020-07-22T10:47:55","modified_gmt":"2020-07-22T13:47:55","slug":"cambios-si-juntos-no-bordoni-le-pide-la-renuncia-a-su-gabinete","status":"publish","type":"post","link":"https:\/\/www.noticiasradioreflejos.com.ar\/2021\/cambios-si-juntos-no-bordoni-le-pide-la-renuncia-a-su-gabinete\/","title":{"rendered":"Cambios s\u00ed, Juntos no. Bordoni le pide la renuncia a su gabinete."},"content":{"rendered":"<p>Su salida de Juntos por el Cambio ha provocado la ruptura con algunos funcionarios. se viene una reetructuraci\u00f3n profunda.<!--more--><br \/>\nLa salida de Germ\u00e1n de Larena(UCR) como delegado de Saldungaray fue el disparador de algunas salidas m\u00e1s que podr\u00edan venir luego del anuncio del alejamiento de Juntos por el Cambio de Sergio Bordoni.<\/p>\n<p>A\u00fan no hay definiciones de lo que pasar\u00e1 en el concejo deliberante o como quedar\u00e1 conformado el bloque de Juntos por el Cambio.<\/p>\n<p>Aseguraron a nuestro medio que el propio Bordoni le ped\u00eda este mi\u00e9rcoles a todo el gabinete que presente la renuncia y de esa manera evaluar con que piezas seguir\u00e1 contando y cuales se descartar\u00e1n.<\/p>\n<p>Uno de los que seguir\u00e1 fieles a Bordoni por su compromiso asumido-seg\u00fan sus palabras- es el Secretario de Gobierno Ezequiel Gabella(UCR) qui\u00e9n ya le habr\u00eda comunicado al partido su decisi\u00f3n.<\/p>\n<p>Tambi\u00e9n trascendi\u00f3 que Germ\u00e1n De Larena tiene ya su reemplazante.<\/p>\n","protected":false},"excerpt":{"rendered":"<p>Su salida de Juntos por el Cambio ha provocado la ruptura con algunos funcionarios. se viene una reetructuraci\u00f3n profunda.<\/p>\n","protected":false},"author":3,"featured_media":0,"comment_status":"closed","ping_status":"open","sticky":false,"template":"","format":"standard","meta":{"footnotes":""},"categories":[24],"tags":[],"class_list":["post-44766","post","type-post","status-publish","format-standard","hentry","category-politica"],"yoast_head":"<!-- This site is optimized with the Yoast SEO plugin v25.9 - https:\/\/yoast.com\/wordpress\/plugins\/seo\/ -->\n<title>Cambios s\u00ed, Juntos no. Bordoni le pide la renuncia a su gabinete. - Noticias Radio Reflejos<\/title>\n<meta name=\"robots\" content=\"index, follow, max-snippet:-1, max-image-preview:large, max-video-preview:-1\" \/>\n<link rel=\"canonical\" href=\"https:\/\/www.noticiasradioreflejos.com.ar\/2021\/cambios-si-juntos-no-bordoni-le-pide-la-renuncia-a-su-gabinete\/\" \/>\n<meta property=\"og:locale\" content=\"es_ES\" \/>\n<meta property=\"og:type\" content=\"article\" \/>\n<meta property=\"og:title\" content=\"Cambios s\u00ed, Juntos no. Bordoni le pide la renuncia a su gabinete. - Noticias Radio Reflejos\" \/>\n<meta property=\"og:description\" content=\"Su salida de Juntos por el Cambio ha provocado la ruptura con algunos funcionarios. se viene una reetructuraci\u00f3n profunda.\" \/>\n<meta property=\"og:url\" content=\"https:\/\/www.noticiasradioreflejos.com.ar\/2021\/cambios-si-juntos-no-bordoni-le-pide-la-renuncia-a-su-gabinete\/\" \/>\n<meta property=\"og:site_name\" content=\"Noticias Radio Reflejos\" \/>\n<meta property=\"article:published_time\" content=\"2020-07-22T13:47:55+00:00\" \/>\n<meta property=\"og:image\" content=\"https:\/\/www.noticiasradioreflejos.com.ar\/2021\/wp-content\/uploads\/2021\/07\/logosol300x200.png\" \/>\n\t<meta property=\"og:image:width\" content=\"300\" \/>\n\t<meta property=\"og:image:height\" content=\"200\" \/>\n\t<meta property=\"og:image:type\" content=\"image\/png\" \/>\n<meta name=\"author\" content=\"Arnaldo Botto\" \/>\n<meta name=\"twitter:card\" content=\"summary_large_image\" \/>\n<script type=\"application\/ld+json\" class=\"yoast-schema-graph\">{\"@context\":\"https:\/\/schema.org\",\"@graph\":[{\"@type\":\"WebPage\",\"@id\":\"https:\/\/www.noticiasradioreflejos.com.ar\/2021\/cambios-si-juntos-no-bordoni-le-pide-la-renuncia-a-su-gabinete\/\",\"url\":\"https:\/\/www.noticiasradioreflejos.com.ar\/2021\/cambios-si-juntos-no-bordoni-le-pide-la-renuncia-a-su-gabinete\/\",\"name\":\"Cambios s\u00ed, Juntos no. Bordoni le pide la renuncia a su gabinete. - Noticias Radio Reflejos\",\"isPartOf\":{\"@id\":\"https:\/\/www.noticiasradioreflejos.com.ar\/2021\/#website\"},\"datePublished\":\"2020-07-22T13:47:55+00:00\",\"author\":{\"@id\":\"https:\/\/www.noticiasradioreflejos.com.ar\/2021\/#\/schema\/person\/ad82545263dcc5ec0996818884fd5fb1\"},\"breadcrumb\":{\"@id\":\"https:\/\/www.noticiasradioreflejos.com.ar\/2021\/cambios-si-juntos-no-bordoni-le-pide-la-renuncia-a-su-gabinete\/#breadcrumb\"},\"inLanguage\":\"es\",\"potentialAction\":[{\"@type\":\"ReadAction\",\"target\":[\"https:\/\/www.noticiasradioreflejos.com.ar\/2021\/cambios-si-juntos-no-bordoni-le-pide-la-renuncia-a-su-gabinete\/\"]}]},{\"@type\":\"BreadcrumbList\",\"@id\":\"https:\/\/www.noticiasradioreflejos.com.ar\/2021\/cambios-si-juntos-no-bordoni-le-pide-la-renuncia-a-su-gabinete\/#breadcrumb\",\"itemListElement\":[{\"@type\":\"ListItem\",\"position\":1,\"name\":\"Portada\",\"item\":\"https:\/\/www.noticiasradioreflejos.com.ar\/2021\/\"},{\"@type\":\"ListItem\",\"position\":2,\"name\":\"Cambios s\u00ed, Juntos no. Bordoni le pide la renuncia a su gabinete.\"}]},{\"@type\":\"WebSite\",\"@id\":\"https:\/\/www.noticiasradioreflejos.com.ar\/2021\/#website\",\"url\":\"https:\/\/www.noticiasradioreflejos.com.ar\/2021\/\",\"name\":\"Noticias Radio Reflejos\",\"description\":\"Las noticias de mi comarca\",\"potentialAction\":[{\"@type\":\"SearchAction\",\"target\":{\"@type\":\"EntryPoint\",\"urlTemplate\":\"https:\/\/www.noticiasradioreflejos.com.ar\/2021\/?s={search_term_string}\"},\"query-input\":{\"@type\":\"PropertyValueSpecification\",\"valueRequired\":true,\"valueName\":\"search_term_string\"}}],\"inLanguage\":\"es\"},{\"@type\":\"Person\",\"@id\":\"https:\/\/www.noticiasradioreflejos.com.ar\/2021\/#\/schema\/person\/ad82545263dcc5ec0996818884fd5fb1\",\"name\":\"Arnaldo Botto\",\"image\":{\"@type\":\"ImageObject\",\"inLanguage\":\"es\",\"@id\":\"https:\/\/www.noticiasradioreflejos.com.ar\/2021\/#\/schema\/person\/image\/\",\"url\":\"https:\/\/secure.gravatar.com\/avatar\/55cb5e37c1efa326397366e6974cb338056df65cb50e7d64d1cf314e87504837?s=96&d=mm&r=g\",\"contentUrl\":\"https:\/\/secure.gravatar.com\/avatar\/55cb5e37c1efa326397366e6974cb338056df65cb50e7d64d1cf314e87504837?s=96&d=mm&r=g\",\"caption\":\"Arnaldo Botto\"},\"url\":\"https:\/\/www.noticiasradioreflejos.com.ar\/2021\/author\/arnaldo\/\"}]}<\/script>\n<!-- \/ Yoast SEO plugin. -->","yoast_head_json":{"title":"Cambios s\u00ed, Juntos no. Bordoni le pide la renuncia a su gabinete. - Noticias Radio Reflejos","robots":{"index":"index","follow":"follow","max-snippet":"max-snippet:-1","max-image-preview":"max-image-preview:large","max-video-preview":"max-video-preview:-1"},"canonical":"https:\/\/www.noticiasradioreflejos.com.ar\/2021\/cambios-si-juntos-no-bordoni-le-pide-la-renuncia-a-su-gabinete\/","og_locale":"es_ES","og_type":"article","og_title":"Cambios s\u00ed, Juntos no. Bordoni le pide la renuncia a su gabinete. - Noticias Radio Reflejos","og_description":"Su salida de Juntos por el Cambio ha provocado la ruptura con algunos funcionarios. se viene una reetructuraci\u00f3n profunda.","og_url":"https:\/\/www.noticiasradioreflejos.com.ar\/2021\/cambios-si-juntos-no-bordoni-le-pide-la-renuncia-a-su-gabinete\/","og_site_name":"Noticias Radio Reflejos","article_published_time":"2020-07-22T13:47:55+00:00","og_image":[{"width":300,"height":200,"url":"https:\/\/www.noticiasradioreflejos.com.ar\/2021\/wp-content\/uploads\/2021\/07\/logosol300x200.png","type":"image\/png"}],"author":"Arnaldo Botto","twitter_card":"summary_large_image","schema":{"@context":"https:\/\/schema.org","@graph":[{"@type":"WebPage","@id":"https:\/\/www.noticiasradioreflejos.com.ar\/2021\/cambios-si-juntos-no-bordoni-le-pide-la-renuncia-a-su-gabinete\/","url":"https:\/\/www.noticiasradioreflejos.com.ar\/2021\/cambios-si-juntos-no-bordoni-le-pide-la-renuncia-a-su-gabinete\/","name":"Cambios s\u00ed, Juntos no. Bordoni le pide la renuncia a su gabinete. - Noticias Radio Reflejos","isPartOf":{"@id":"https:\/\/www.noticiasradioreflejos.com.ar\/2021\/#website"},"datePublished":"2020-07-22T13:47:55+00:00","author":{"@id":"https:\/\/www.noticiasradioreflejos.com.ar\/2021\/#\/schema\/person\/ad82545263dcc5ec0996818884fd5fb1"},"breadcrumb":{"@id":"https:\/\/www.noticiasradioreflejos.com.ar\/2021\/cambios-si-juntos-no-bordoni-le-pide-la-renuncia-a-su-gabinete\/#breadcrumb"},"inLanguage":"es","potentialAction":[{"@type":"ReadAction","target":["https:\/\/www.noticiasradioreflejos.com.ar\/2021\/cambios-si-juntos-no-bordoni-le-pide-la-renuncia-a-su-gabinete\/"]}]},{"@type":"BreadcrumbList","@id":"https:\/\/www.noticiasradioreflejos.com.ar\/2021\/cambios-si-juntos-no-bordoni-le-pide-la-renuncia-a-su-gabinete\/#breadcrumb","itemListElement":[{"@type":"ListItem","position":1,"name":"Portada","item":"https:\/\/www.noticiasradioreflejos.com.ar\/2021\/"},{"@type":"ListItem","position":2,"name":"Cambios s\u00ed, Juntos no. Bordoni le pide la renuncia a su gabinete."}]},{"@type":"WebSite","@id":"https:\/\/www.noticiasradioreflejos.com.ar\/2021\/#website","url":"https:\/\/www.noticiasradioreflejos.com.ar\/2021\/","name":"Noticias Radio Reflejos","description":"Las noticias de mi comarca","potentialAction":[{"@type":"SearchAction","target":{"@type":"EntryPoint","urlTemplate":"https:\/\/www.noticiasradioreflejos.com.ar\/2021\/?s={search_term_string}"},"query-input":{"@type":"PropertyValueSpecification","valueRequired":true,"valueName":"search_term_string"}}],"inLanguage":"es"},{"@type":"Person","@id":"https:\/\/www.noticiasradioreflejos.com.ar\/2021\/#\/schema\/person\/ad82545263dcc5ec0996818884fd5fb1","name":"Arnaldo Botto","image":{"@type":"ImageObject","inLanguage":"es","@id":"https:\/\/www.noticiasradioreflejos.com.ar\/2021\/#\/schema\/person\/image\/","url":"https:\/\/secure.gravatar.com\/avatar\/55cb5e37c1efa326397366e6974cb338056df65cb50e7d64d1cf314e87504837?s=96&d=mm&r=g","contentUrl":"https:\/\/secure.gravatar.com\/avatar\/55cb5e37c1efa326397366e6974cb338056df65cb50e7d64d1cf314e87504837?s=96&d=mm&r=g","caption":"Arnaldo Botto"},"url":"https:\/\/www.noticiasradioreflejos.com.ar\/2021\/author\/arnaldo\/"}]}},"_links":{"self":[{"href":"https:\/\/www.noticiasradioreflejos.com.ar\/2021\/wp-json\/wp\/v2\/posts\/44766","targetHints":{"allow":["GET"]}}],"collection":[{"href":"https:\/\/www.noticiasradioreflejos.com.ar\/2021\/wp-json\/wp\/v2\/posts"}],"about":[{"href":"https:\/\/www.noticiasradioreflejos.com.ar\/2021\/wp-json\/wp\/v2\/types\/post"}],"author":[{"embeddable":true,"href":"https:\/\/www.noticiasradioreflejos.com.ar\/2021\/wp-json\/wp\/v2\/users\/3"}],"replies":[{"embeddable":true,"href":"https:\/\/www.noticiasradioreflejos.com.ar\/2021\/wp-json\/wp\/v2\/comments?post=44766"}],"version-history":[{"count":0,"href":"https:\/\/www.noticiasradioreflejos.com.ar\/2021\/wp-json\/wp\/v2\/posts\/44766\/revisions"}],"wp:attachment":[{"href":"https:\/\/www.noticiasradioreflejos.com.ar\/2021\/wp-json\/wp\/v2\/media?parent=44766"}],"wp:term":[{"taxonomy":"category","embeddable":true,"href":"https:\/\/www.noticiasradioreflejos.com.ar\/2021\/wp-json\/wp\/v2\/categories?post=44766"},{"taxonomy":"post_tag","embeddable":true,"href":"https:\/\/www.noticiasradioreflejos.com.ar\/2021\/wp-json\/wp\/v2\/tags?post=44766"}],"curies":[{"name":"wp","href":"https:\/\/api.w.org\/{rel}","templated":true}]}}