{"id":44746,"date":"2020-07-22T08:38:58","date_gmt":"2020-07-22T11:38:58","guid":{"rendered":"http:\/\/www.noticiasradioreflejos.com.ar\/noticias\/?p=44746"},"modified":"2020-07-22T08:38:58","modified_gmt":"2020-07-22T11:38:58","slug":"continuan-las-lluvias-en-las-sierras","status":"publish","type":"post","link":"https:\/\/www.noticiasradioreflejos.com.ar\/2021\/continuan-las-lluvias-en-las-sierras\/","title":{"rendered":"Contin\u00faan las lluvias en las sierras."},"content":{"rendered":"<p>Contin\u00faa lloviendo en la zona serrana y gran parte del sudoeste bonaerense, donde se\u00a0presentan importantes registros. Para este mi\u00e9rcoles las condiciones se mantienen dentro de lo ocurrido el lunes y martes.<!--more--><br \/>\nEn la zona urbana de Sierra de la Ventana se midieron 30 mm de precipitaciones, en la zona rural de Calqu\u00edn alcanz\u00f3 los 50 mm, en tanto en Villa Ventana se registraron 45 mm. En la parte alta de los cerros la cantidad de agua ca\u00edda fue superior. Para hoy se suman vientos mas intensos del sudeste, con temperaturas estables,\u00a0 entre los 5\u00b0 y\u00a0 8\u00b0.\u00a0 Las condiciones de inestabilidad contin\u00faan hasta el viernes, donde el viento rotar\u00e1 al sector sudoeste y provocar\u00e1 un descenso de la temperatura.<\/p>\n<p>&nbsp;<\/p>\n<p><strong>Totales de lluvia de la zona hasta las 8 hs:<\/strong><br \/>\n30 mm en Sierra de la Ventana<br \/>\n50\u00a0mm en Calquin<br \/>\n45\u00a0\u00a0mm en Villa Ventana<br \/>\n58\u00a0mm en Cerro Napost\u00e1 Oeste<br \/>\n20 mm. en Tornquist<br \/>\n20 mm en Funke.<br \/>\n20 mm en Chasic\u00f3<br \/>\n20 mm en Tres Picos<br \/>\n17 mm. en Pig\u00fc\u00e9<br \/>\n17 mm. en Saavedra<br \/>\n10 mm. en Dufaur<br \/>\n35 mm. en Coronel Su\u00e1rez<br \/>\n14 mm. en Huanguel\u00e9n<br \/>\n20 mm. en Bonifacio<br \/>\n23 mm. en Espartillar<br \/>\n57 mm en Carhu\u00e9<br \/>\n35 mm. en Rivera<br \/>\n17.6 mm en Cnel Dorrego<br \/>\n17.2 mm en San Eloy<br \/>\n14.2 mm en Puan<br \/>\n12 mm. en Guamin\u00ed<br \/>\n30 mm. en Casbas<br \/>\n22.4 mm en El Pantanoso<br \/>\n32 mm en El Zorro<br \/>\n18.4 mm en 17 de Agosto<br \/>\n18 mm en Cnel Pringles<br \/>\n16 mm en Cabildo<br \/>\n16.2 mm en Frapal<br \/>\n17.5 mm en Cnel Falc\u00f3n.<br \/>\n17.5 mm en San Miguel Arc\u00e1ngel<br \/>\n4.4 mm en Monte Hermoso<br \/>\n10.2 mm en Tte Origone<br \/>\n10.8 mm Punta Alta<br \/>\n12 mm en Bah\u00eda Blanca<\/p>\n","protected":false},"excerpt":{"rendered":"<p>Contin\u00faa lloviendo en la zona serrana y gran parte del sudoeste bonaerense, donde se\u00a0presentan importantes registros. Para este mi\u00e9rcoles las condiciones se mantienen dentro de lo ocurrido el lunes y martes.<\/p>\n","protected":false},"author":3,"featured_media":0,"comment_status":"closed","ping_status":"open","sticky":false,"template":"","format":"standard","meta":{"footnotes":""},"categories":[25],"tags":[],"class_list":["post-44746","post","type-post","status-publish","format-standard","hentry","category-uncategorized"],"yoast_head":"<!-- This site is optimized with the Yoast SEO plugin v25.9 - https:\/\/yoast.com\/wordpress\/plugins\/seo\/ -->\n<title>Contin\u00faan las lluvias en las sierras. - Noticias Radio Reflejos<\/title>\n<meta name=\"robots\" content=\"index, follow, max-snippet:-1, max-image-preview:large, max-video-preview:-1\" \/>\n<link rel=\"canonical\" href=\"https:\/\/www.noticiasradioreflejos.com.ar\/2021\/continuan-las-lluvias-en-las-sierras\/\" \/>\n<meta property=\"og:locale\" content=\"es_ES\" \/>\n<meta property=\"og:type\" content=\"article\" \/>\n<meta property=\"og:title\" content=\"Contin\u00faan las lluvias en las sierras. - Noticias Radio Reflejos\" \/>\n<meta property=\"og:description\" content=\"Contin\u00faa lloviendo en la zona serrana y gran parte del sudoeste bonaerense, donde se\u00a0presentan importantes registros. Para este mi\u00e9rcoles las condiciones se mantienen dentro de lo ocurrido el lunes y martes.\" \/>\n<meta property=\"og:url\" content=\"https:\/\/www.noticiasradioreflejos.com.ar\/2021\/continuan-las-lluvias-en-las-sierras\/\" \/>\n<meta property=\"og:site_name\" content=\"Noticias Radio Reflejos\" \/>\n<meta property=\"article:published_time\" content=\"2020-07-22T11:38:58+00:00\" \/>\n<meta property=\"og:image\" content=\"https:\/\/www.noticiasradioreflejos.com.ar\/2021\/wp-content\/uploads\/2021\/07\/logosol300x200.png\" \/>\n\t<meta property=\"og:image:width\" content=\"300\" \/>\n\t<meta property=\"og:image:height\" content=\"200\" \/>\n\t<meta property=\"og:image:type\" content=\"image\/png\" \/>\n<meta name=\"author\" content=\"Arnaldo Botto\" \/>\n<meta name=\"twitter:card\" content=\"summary_large_image\" \/>\n<script type=\"application\/ld+json\" class=\"yoast-schema-graph\">{\"@context\":\"https:\/\/schema.org\",\"@graph\":[{\"@type\":\"WebPage\",\"@id\":\"https:\/\/www.noticiasradioreflejos.com.ar\/2021\/continuan-las-lluvias-en-las-sierras\/\",\"url\":\"https:\/\/www.noticiasradioreflejos.com.ar\/2021\/continuan-las-lluvias-en-las-sierras\/\",\"name\":\"Contin\u00faan las lluvias en las sierras. - Noticias Radio Reflejos\",\"isPartOf\":{\"@id\":\"https:\/\/www.noticiasradioreflejos.com.ar\/2021\/#website\"},\"datePublished\":\"2020-07-22T11:38:58+00:00\",\"author\":{\"@id\":\"https:\/\/www.noticiasradioreflejos.com.ar\/2021\/#\/schema\/person\/ad82545263dcc5ec0996818884fd5fb1\"},\"breadcrumb\":{\"@id\":\"https:\/\/www.noticiasradioreflejos.com.ar\/2021\/continuan-las-lluvias-en-las-sierras\/#breadcrumb\"},\"inLanguage\":\"es\",\"potentialAction\":[{\"@type\":\"ReadAction\",\"target\":[\"https:\/\/www.noticiasradioreflejos.com.ar\/2021\/continuan-las-lluvias-en-las-sierras\/\"]}]},{\"@type\":\"BreadcrumbList\",\"@id\":\"https:\/\/www.noticiasradioreflejos.com.ar\/2021\/continuan-las-lluvias-en-las-sierras\/#breadcrumb\",\"itemListElement\":[{\"@type\":\"ListItem\",\"position\":1,\"name\":\"Portada\",\"item\":\"https:\/\/www.noticiasradioreflejos.com.ar\/2021\/\"},{\"@type\":\"ListItem\",\"position\":2,\"name\":\"Contin\u00faan las lluvias en las sierras.\"}]},{\"@type\":\"WebSite\",\"@id\":\"https:\/\/www.noticiasradioreflejos.com.ar\/2021\/#website\",\"url\":\"https:\/\/www.noticiasradioreflejos.com.ar\/2021\/\",\"name\":\"Noticias Radio Reflejos\",\"description\":\"Las noticias de mi comarca\",\"potentialAction\":[{\"@type\":\"SearchAction\",\"target\":{\"@type\":\"EntryPoint\",\"urlTemplate\":\"https:\/\/www.noticiasradioreflejos.com.ar\/2021\/?s={search_term_string}\"},\"query-input\":{\"@type\":\"PropertyValueSpecification\",\"valueRequired\":true,\"valueName\":\"search_term_string\"}}],\"inLanguage\":\"es\"},{\"@type\":\"Person\",\"@id\":\"https:\/\/www.noticiasradioreflejos.com.ar\/2021\/#\/schema\/person\/ad82545263dcc5ec0996818884fd5fb1\",\"name\":\"Arnaldo Botto\",\"image\":{\"@type\":\"ImageObject\",\"inLanguage\":\"es\",\"@id\":\"https:\/\/www.noticiasradioreflejos.com.ar\/2021\/#\/schema\/person\/image\/\",\"url\":\"https:\/\/secure.gravatar.com\/avatar\/55cb5e37c1efa326397366e6974cb338056df65cb50e7d64d1cf314e87504837?s=96&d=mm&r=g\",\"contentUrl\":\"https:\/\/secure.gravatar.com\/avatar\/55cb5e37c1efa326397366e6974cb338056df65cb50e7d64d1cf314e87504837?s=96&d=mm&r=g\",\"caption\":\"Arnaldo Botto\"},\"url\":\"https:\/\/www.noticiasradioreflejos.com.ar\/2021\/author\/arnaldo\/\"}]}<\/script>\n<!-- \/ Yoast SEO plugin. -->","yoast_head_json":{"title":"Contin\u00faan las lluvias en las sierras. - Noticias Radio Reflejos","robots":{"index":"index","follow":"follow","max-snippet":"max-snippet:-1","max-image-preview":"max-image-preview:large","max-video-preview":"max-video-preview:-1"},"canonical":"https:\/\/www.noticiasradioreflejos.com.ar\/2021\/continuan-las-lluvias-en-las-sierras\/","og_locale":"es_ES","og_type":"article","og_title":"Contin\u00faan las lluvias en las sierras. - Noticias Radio Reflejos","og_description":"Contin\u00faa lloviendo en la zona serrana y gran parte del sudoeste bonaerense, donde se\u00a0presentan importantes registros. Para este mi\u00e9rcoles las condiciones se mantienen dentro de lo ocurrido el lunes y martes.","og_url":"https:\/\/www.noticiasradioreflejos.com.ar\/2021\/continuan-las-lluvias-en-las-sierras\/","og_site_name":"Noticias Radio Reflejos","article_published_time":"2020-07-22T11:38:58+00:00","og_image":[{"width":300,"height":200,"url":"https:\/\/www.noticiasradioreflejos.com.ar\/2021\/wp-content\/uploads\/2021\/07\/logosol300x200.png","type":"image\/png"}],"author":"Arnaldo Botto","twitter_card":"summary_large_image","schema":{"@context":"https:\/\/schema.org","@graph":[{"@type":"WebPage","@id":"https:\/\/www.noticiasradioreflejos.com.ar\/2021\/continuan-las-lluvias-en-las-sierras\/","url":"https:\/\/www.noticiasradioreflejos.com.ar\/2021\/continuan-las-lluvias-en-las-sierras\/","name":"Contin\u00faan las lluvias en las sierras. - Noticias Radio Reflejos","isPartOf":{"@id":"https:\/\/www.noticiasradioreflejos.com.ar\/2021\/#website"},"datePublished":"2020-07-22T11:38:58+00:00","author":{"@id":"https:\/\/www.noticiasradioreflejos.com.ar\/2021\/#\/schema\/person\/ad82545263dcc5ec0996818884fd5fb1"},"breadcrumb":{"@id":"https:\/\/www.noticiasradioreflejos.com.ar\/2021\/continuan-las-lluvias-en-las-sierras\/#breadcrumb"},"inLanguage":"es","potentialAction":[{"@type":"ReadAction","target":["https:\/\/www.noticiasradioreflejos.com.ar\/2021\/continuan-las-lluvias-en-las-sierras\/"]}]},{"@type":"BreadcrumbList","@id":"https:\/\/www.noticiasradioreflejos.com.ar\/2021\/continuan-las-lluvias-en-las-sierras\/#breadcrumb","itemListElement":[{"@type":"ListItem","position":1,"name":"Portada","item":"https:\/\/www.noticiasradioreflejos.com.ar\/2021\/"},{"@type":"ListItem","position":2,"name":"Contin\u00faan las lluvias en las sierras."}]},{"@type":"WebSite","@id":"https:\/\/www.noticiasradioreflejos.com.ar\/2021\/#website","url":"https:\/\/www.noticiasradioreflejos.com.ar\/2021\/","name":"Noticias Radio Reflejos","description":"Las noticias de mi comarca","potentialAction":[{"@type":"SearchAction","target":{"@type":"EntryPoint","urlTemplate":"https:\/\/www.noticiasradioreflejos.com.ar\/2021\/?s={search_term_string}"},"query-input":{"@type":"PropertyValueSpecification","valueRequired":true,"valueName":"search_term_string"}}],"inLanguage":"es"},{"@type":"Person","@id":"https:\/\/www.noticiasradioreflejos.com.ar\/2021\/#\/schema\/person\/ad82545263dcc5ec0996818884fd5fb1","name":"Arnaldo Botto","image":{"@type":"ImageObject","inLanguage":"es","@id":"https:\/\/www.noticiasradioreflejos.com.ar\/2021\/#\/schema\/person\/image\/","url":"https:\/\/secure.gravatar.com\/avatar\/55cb5e37c1efa326397366e6974cb338056df65cb50e7d64d1cf314e87504837?s=96&d=mm&r=g","contentUrl":"https:\/\/secure.gravatar.com\/avatar\/55cb5e37c1efa326397366e6974cb338056df65cb50e7d64d1cf314e87504837?s=96&d=mm&r=g","caption":"Arnaldo Botto"},"url":"https:\/\/www.noticiasradioreflejos.com.ar\/2021\/author\/arnaldo\/"}]}},"_links":{"self":[{"href":"https:\/\/www.noticiasradioreflejos.com.ar\/2021\/wp-json\/wp\/v2\/posts\/44746","targetHints":{"allow":["GET"]}}],"collection":[{"href":"https:\/\/www.noticiasradioreflejos.com.ar\/2021\/wp-json\/wp\/v2\/posts"}],"about":[{"href":"https:\/\/www.noticiasradioreflejos.com.ar\/2021\/wp-json\/wp\/v2\/types\/post"}],"author":[{"embeddable":true,"href":"https:\/\/www.noticiasradioreflejos.com.ar\/2021\/wp-json\/wp\/v2\/users\/3"}],"replies":[{"embeddable":true,"href":"https:\/\/www.noticiasradioreflejos.com.ar\/2021\/wp-json\/wp\/v2\/comments?post=44746"}],"version-history":[{"count":0,"href":"https:\/\/www.noticiasradioreflejos.com.ar\/2021\/wp-json\/wp\/v2\/posts\/44746\/revisions"}],"wp:attachment":[{"href":"https:\/\/www.noticiasradioreflejos.com.ar\/2021\/wp-json\/wp\/v2\/media?parent=44746"}],"wp:term":[{"taxonomy":"category","embeddable":true,"href":"https:\/\/www.noticiasradioreflejos.com.ar\/2021\/wp-json\/wp\/v2\/categories?post=44746"},{"taxonomy":"post_tag","embeddable":true,"href":"https:\/\/www.noticiasradioreflejos.com.ar\/2021\/wp-json\/wp\/v2\/tags?post=44746"}],"curies":[{"name":"wp","href":"https:\/\/api.w.org\/{rel}","templated":true}]}}