{"id":44744,"date":"2020-07-21T21:24:06","date_gmt":"2020-07-22T00:24:06","guid":{"rendered":"http:\/\/www.noticiasradioreflejos.com.ar\/noticias\/?p=44744"},"modified":"2020-07-21T21:24:06","modified_gmt":"2020-07-22T00:24:06","slug":"los-muertos-de-hoy-por-coronavirus-fueron-117-en-argentina-y-se-registro-un-pico-de-5-344-infectados","status":"publish","type":"post","link":"https:\/\/www.noticiasradioreflejos.com.ar\/2021\/los-muertos-de-hoy-por-coronavirus-fueron-117-en-argentina-y-se-registro-un-pico-de-5-344-infectados\/","title":{"rendered":"Los muertos de hoy por coronavirus fueron 117 en Argentina y se registr\u00f3 un pico de 5.344 infectados"},"content":{"rendered":"<p>Ciento diecisiete personas murieron -la cifra m\u00e1s alta en un d\u00eda- y se report\u00f3 un pico de 5.344 casos de coronavirus en las \u00faltimas 24 horas en la Argentina, con lo que ascienden a 2.490 los fallecidos y a 136.118 los contagiados desde el inicio de la pandemia, mientras el presidente Alberto Fern\u00e1ndez propuso hoy la \u00abunidad\u00bb como el \u00abcambio\u00bb que necesita adoptar la Argentina para \u00abdiagramar otro pa\u00eds\u00bb.<!--more-->El Ministerio de Salud inform\u00f3 que, del total de infectados, 1.096 (0,8%) son importados, 42.253 (31%) contactos estrechos de casos confirmados, 69.442 (51%) casos de circulaci\u00f3n comunitaria y el resto se encuentra en investigaci\u00f3n epidemiol\u00f3gica.<\/p>\n<p>En cuanto a los fallecidos, la cartera sanitaria consign\u00f3 en el reporte vespertino que murieron 31 hombres, 16 residentes en la provincia de Buenos Aires; 8 residentes en la Ciudad de Buenos Aires; 2 residentes en la provincia de R\u00edo Negro; 4 residentes en la provincia de Jujuy; 1 residente en la provincia de C\u00f3rdoba; y 33 mujeres; 18 residentes en la provincia de Buenos Aires; 10 residentes en la Ciudad de Buenos Aires; 1 residente en la provincia de C\u00f3rdoba; 1 residente en la provincia de Entre R\u00edos y 1 residente en la provincia de Santiago del Estero; 2 residentes en la provincia de Jujuy.<\/p>\n<p>El parte matutino precis\u00f3 que fallecieron 33 hombres, 10 residentes en la provincia de Buenos Aires; 10 residentes en la Ciudad de Buenos Aires; 13 residentes en la provincia de Jujuy; y 20 mujeres; 5 residentes en la provincia de Buenos Aires; 4 residentes en la Ciudad de Buenos Aires; 11 residentes en la provincia de Jujuy.<\/p>\n<p>En tanto, el presidente Alberto Fern\u00e1ndez propuso hoy la \u00abunidad\u00bb como el \u00abcambio\u00bb que necesita adoptar la Argentina para \u00abdiagramar otro pa\u00eds\u00bb, que fortalezca \u00absociedades entre el Estado, el sector privado y los trabajadores\u00bb y acuerdos regionales para \u00abaprovechar mejor la globalizaci\u00f3n\u00bb y desterrar la pobreza.<\/p>\n<p>\u00abLa pandemia (de coronavirus) nos ense\u00f1\u00f3 algo que hace muchos a\u00f1os los argentinos no practic\u00e1bamos: la unidad. Y esta oportunidad nos va a permitir diagramar otro pa\u00eds, definitivamente inclusivo, que trabaje para superar la pobreza y para eso hace falta inversi\u00f3n, producci\u00f3n, trabajo y desarrollo\u00bb, afirm\u00f3 Fern\u00e1ndez, al disertar en un encuentro virtual organizado por el Consejo de la Am\u00e9ricas, junto al ministro de Econom\u00eda, Mart\u00edn Guzm\u00e1n.<\/p>\n<p>En tanto, el ministro de Salud de la provincia de Buenos Aires, Daniel Gollan, explic\u00f3 hoy en declaraciones a FM Cielo que pese a que en los \u00faltimos d\u00edas el n\u00famero de fallecidos por coronavirus creci\u00f3 en el pa\u00eds \u00abla tasa de letalidad est\u00e1 descendiendo en forma permanente\u00bb.<\/p>\n<p>En este sentido, la secretaria de Acceso a la Salud, Carla Vizzotti, dijo que aunque los \u00faltimos reportes han marcado un crecimiento en los fallecimientos destac\u00f3 que el pa\u00eds a\u00fan tiene una \u00abmortalidad que est\u00e1 entre las m\u00e1s bajas de la regi\u00f3n\u00bb y dijo que \u00abnuestro sistema de salud est\u00e1 pudiendo dar respuesta a cada persona que lo necesita\u00bb.<\/p>\n<p>Por otra parte, el infect\u00f3logo Tom\u00e1s Orduna, integrante del grupo de asesores del presidente Alberto Fern\u00e1ndez, dijo hoy a T\u00e9lam que la vacuna que el laboratorio Pfizer desarrolla con voluntarios argentinos en el pa\u00eds apunta a tener sus primeras respuestas \u00aben diciembre, cuando sea el oto\u00f1o europeo, donde se espera una segunda ola del coronavirus\u00bb, y puede estar disponible \u00abpara marzo o abril\u00bb de 2021.<\/p>\n<p>En cuanto a tratamientos contra el coronavirus, tres hospitales p\u00fablicos del \u00c1rea Metropolitana, dos en Capital Federal y uno en San Isidro, comenzaron pruebas con c\u00e1maras hiperb\u00e1ricas para pacientes con coronavirus, con el objetivo de que los enfermos que tengan falta de ox\u00edgeno puedan revertir el cuadro en hasta cinco d\u00edas y evitar el uso del respirador.<\/p>\n<p>En tanto, el ministro de Transporte, Mario Meoni, asegur\u00f3 hoy a T\u00e9lam que \u00abse ha logrado\u00bb mantener el distanciamiento en los servicios de transporte el \u00c1rea Metropolitana de Buenos Aires (AMBA) y se\u00f1al\u00f3 que la situaci\u00f3n derivada de las restricciones plantea una oportunidad para \u00abredise\u00f1ar la movilidad en el \u00e1rea y profundizar la utilizaci\u00f3n de la micromovilidad en el Gran Buenos Aires\u00bb.<\/p>\n<p>En cuanto al inicio de clases en la Ciudad de Buenos Aires, el vicejefe de Gobierno porte\u00f1o, Diego Santilli, sostuvo hoy que las clases no regresar\u00e1n antes de septiembre en la Ciudad de Buenos Aires, pero que ya tienen listo el protocolo para el regreso a las aulas.<\/p>\n<p>A nivel global, el coronavirus ofreci\u00f3 hoy un nuevo contraste, esta vez entre la Uni\u00f3n Europea (UE), cuyos miembros alcanzaron un acuerdo hist\u00f3rico para financiar la recuperaci\u00f3n pospandemia s\u00f3lo comparable a los pactos de posguerra, y Rusia, que decidi\u00f3 postergar seis a\u00f1os su plan de desarrollo econ\u00f3mico debido al impacto de la enfermedad.<\/p>\n<p>Mientras tanto, el mundo super\u00f3 los 14,5 millones de casos confirmados desde el comienzo de la pandemia, seg\u00fan el balance diario de la Organizaci\u00f3n Mundial de la Salud (OMS) o 14.774.887 seg\u00fan reportaba la Universidad Johns Hopkins (JHU), y sumaba 607.781 o 611.599 muertes por la enfermedad, de acuerdo con cada una de esas fuentes.<\/p>\n<p>En tanto, Estados Unidos -el pa\u00eds m\u00e1s afectado por el coronavirus a nivel mundial- se acercaba hoy a los cuatro millones de casos confirmados.<\/p>\n<p>En Brasil -segundo pa\u00eds con m\u00e1s casos de coronavirus y m\u00e1s muertes por la enfermedad-, el gobernador del estado San Pablo, Joao Doria, anunci\u00f3 que las primeras dosis de la vacuna contra el nuevo coronavirus desarrollada por el laboratorio chino Sinovac comenzaron a ser aplicadas a un grupo de voluntarios, todos ellos profesionales de la salud del Hospital de Cl\u00ednicas de la ciudad hom\u00f3nima.<\/p>\n<p>En India, el tercer pa\u00eds con m\u00e1s casos de coronavirus, volvieron a reportarse cerca de 40.000 nuevos contagios.<\/p>\n<p>En Per\u00fa -sexto pa\u00eds con m\u00e1s casos confirmados de Covid-19-, la ministra de Salud, Pilar Mazzetti, revel\u00f3 hoy que el Gobierno analizaba la posibilidad de intervenir el departamento Arequipa, una de las siete regiones que contin\u00faan en cuarentena, debido al sostenido aumento de los contagios.<\/p>\n","protected":false},"excerpt":{"rendered":"<p>Ciento diecisiete personas murieron -la cifra m\u00e1s alta en un d\u00eda- y se report\u00f3 un pico de 5.344 casos de coronavirus en las \u00faltimas 24 horas en la Argentina, con lo que ascienden a 2.490 los fallecidos y a 136.118 los contagiados desde el inicio de la pandemia, mientras el presidente Alberto Fern\u00e1ndez propuso hoy [&hellip;]<\/p>\n","protected":false},"author":3,"featured_media":0,"comment_status":"closed","ping_status":"open","sticky":false,"template":"","format":"standard","meta":{"footnotes":""},"categories":[30],"tags":[],"class_list":["post-44744","post","type-post","status-publish","format-standard","hentry","category-salud"],"yoast_head":"<!-- This site is optimized with the Yoast SEO plugin v25.9 - https:\/\/yoast.com\/wordpress\/plugins\/seo\/ -->\n<title>Los muertos de hoy por coronavirus fueron 117 en Argentina y se registr\u00f3 un pico de 5.344 infectados - Noticias Radio Reflejos<\/title>\n<meta name=\"robots\" content=\"index, follow, max-snippet:-1, max-image-preview:large, max-video-preview:-1\" \/>\n<link rel=\"canonical\" href=\"https:\/\/www.noticiasradioreflejos.com.ar\/2021\/los-muertos-de-hoy-por-coronavirus-fueron-117-en-argentina-y-se-registro-un-pico-de-5-344-infectados\/\" \/>\n<meta property=\"og:locale\" content=\"es_ES\" \/>\n<meta property=\"og:type\" content=\"article\" \/>\n<meta property=\"og:title\" content=\"Los muertos de hoy por coronavirus fueron 117 en Argentina y se registr\u00f3 un pico de 5.344 infectados - Noticias Radio Reflejos\" \/>\n<meta property=\"og:description\" content=\"Ciento diecisiete personas murieron -la cifra m\u00e1s alta en un d\u00eda- y se report\u00f3 un pico de 5.344 casos de coronavirus en las \u00faltimas 24 horas en la Argentina, con lo que ascienden a 2.490 los fallecidos y a 136.118 los contagiados desde el inicio de la pandemia, mientras el presidente Alberto Fern\u00e1ndez propuso hoy [&hellip;]\" \/>\n<meta property=\"og:url\" content=\"https:\/\/www.noticiasradioreflejos.com.ar\/2021\/los-muertos-de-hoy-por-coronavirus-fueron-117-en-argentina-y-se-registro-un-pico-de-5-344-infectados\/\" \/>\n<meta property=\"og:site_name\" content=\"Noticias Radio Reflejos\" \/>\n<meta property=\"article:published_time\" content=\"2020-07-22T00:24:06+00:00\" \/>\n<meta property=\"og:image\" content=\"https:\/\/www.noticiasradioreflejos.com.ar\/2021\/wp-content\/uploads\/2021\/07\/logosol300x200.png\" \/>\n\t<meta property=\"og:image:width\" content=\"300\" \/>\n\t<meta property=\"og:image:height\" content=\"200\" \/>\n\t<meta property=\"og:image:type\" content=\"image\/png\" \/>\n<meta name=\"author\" content=\"Arnaldo Botto\" \/>\n<meta name=\"twitter:card\" content=\"summary_large_image\" \/>\n<script type=\"application\/ld+json\" class=\"yoast-schema-graph\">{\"@context\":\"https:\/\/schema.org\",\"@graph\":[{\"@type\":\"WebPage\",\"@id\":\"https:\/\/www.noticiasradioreflejos.com.ar\/2021\/los-muertos-de-hoy-por-coronavirus-fueron-117-en-argentina-y-se-registro-un-pico-de-5-344-infectados\/\",\"url\":\"https:\/\/www.noticiasradioreflejos.com.ar\/2021\/los-muertos-de-hoy-por-coronavirus-fueron-117-en-argentina-y-se-registro-un-pico-de-5-344-infectados\/\",\"name\":\"Los muertos de hoy por coronavirus fueron 117 en Argentina y se registr\u00f3 un pico de 5.344 infectados - Noticias Radio Reflejos\",\"isPartOf\":{\"@id\":\"https:\/\/www.noticiasradioreflejos.com.ar\/2021\/#website\"},\"datePublished\":\"2020-07-22T00:24:06+00:00\",\"author\":{\"@id\":\"https:\/\/www.noticiasradioreflejos.com.ar\/2021\/#\/schema\/person\/ad82545263dcc5ec0996818884fd5fb1\"},\"breadcrumb\":{\"@id\":\"https:\/\/www.noticiasradioreflejos.com.ar\/2021\/los-muertos-de-hoy-por-coronavirus-fueron-117-en-argentina-y-se-registro-un-pico-de-5-344-infectados\/#breadcrumb\"},\"inLanguage\":\"es\",\"potentialAction\":[{\"@type\":\"ReadAction\",\"target\":[\"https:\/\/www.noticiasradioreflejos.com.ar\/2021\/los-muertos-de-hoy-por-coronavirus-fueron-117-en-argentina-y-se-registro-un-pico-de-5-344-infectados\/\"]}]},{\"@type\":\"BreadcrumbList\",\"@id\":\"https:\/\/www.noticiasradioreflejos.com.ar\/2021\/los-muertos-de-hoy-por-coronavirus-fueron-117-en-argentina-y-se-registro-un-pico-de-5-344-infectados\/#breadcrumb\",\"itemListElement\":[{\"@type\":\"ListItem\",\"position\":1,\"name\":\"Portada\",\"item\":\"https:\/\/www.noticiasradioreflejos.com.ar\/2021\/\"},{\"@type\":\"ListItem\",\"position\":2,\"name\":\"Los muertos de hoy por coronavirus fueron 117 en Argentina y se registr\u00f3 un pico de 5.344 infectados\"}]},{\"@type\":\"WebSite\",\"@id\":\"https:\/\/www.noticiasradioreflejos.com.ar\/2021\/#website\",\"url\":\"https:\/\/www.noticiasradioreflejos.com.ar\/2021\/\",\"name\":\"Noticias Radio Reflejos\",\"description\":\"Las noticias de mi comarca\",\"potentialAction\":[{\"@type\":\"SearchAction\",\"target\":{\"@type\":\"EntryPoint\",\"urlTemplate\":\"https:\/\/www.noticiasradioreflejos.com.ar\/2021\/?s={search_term_string}\"},\"query-input\":{\"@type\":\"PropertyValueSpecification\",\"valueRequired\":true,\"valueName\":\"search_term_string\"}}],\"inLanguage\":\"es\"},{\"@type\":\"Person\",\"@id\":\"https:\/\/www.noticiasradioreflejos.com.ar\/2021\/#\/schema\/person\/ad82545263dcc5ec0996818884fd5fb1\",\"name\":\"Arnaldo Botto\",\"image\":{\"@type\":\"ImageObject\",\"inLanguage\":\"es\",\"@id\":\"https:\/\/www.noticiasradioreflejos.com.ar\/2021\/#\/schema\/person\/image\/\",\"url\":\"https:\/\/secure.gravatar.com\/avatar\/55cb5e37c1efa326397366e6974cb338056df65cb50e7d64d1cf314e87504837?s=96&d=mm&r=g\",\"contentUrl\":\"https:\/\/secure.gravatar.com\/avatar\/55cb5e37c1efa326397366e6974cb338056df65cb50e7d64d1cf314e87504837?s=96&d=mm&r=g\",\"caption\":\"Arnaldo Botto\"},\"url\":\"https:\/\/www.noticiasradioreflejos.com.ar\/2021\/author\/arnaldo\/\"}]}<\/script>\n<!-- \/ Yoast SEO plugin. -->","yoast_head_json":{"title":"Los muertos de hoy por coronavirus fueron 117 en Argentina y se registr\u00f3 un pico de 5.344 infectados - Noticias Radio Reflejos","robots":{"index":"index","follow":"follow","max-snippet":"max-snippet:-1","max-image-preview":"max-image-preview:large","max-video-preview":"max-video-preview:-1"},"canonical":"https:\/\/www.noticiasradioreflejos.com.ar\/2021\/los-muertos-de-hoy-por-coronavirus-fueron-117-en-argentina-y-se-registro-un-pico-de-5-344-infectados\/","og_locale":"es_ES","og_type":"article","og_title":"Los muertos de hoy por coronavirus fueron 117 en Argentina y se registr\u00f3 un pico de 5.344 infectados - Noticias Radio Reflejos","og_description":"Ciento diecisiete personas murieron -la cifra m\u00e1s alta en un d\u00eda- y se report\u00f3 un pico de 5.344 casos de coronavirus en las \u00faltimas 24 horas en la Argentina, con lo que ascienden a 2.490 los fallecidos y a 136.118 los contagiados desde el inicio de la pandemia, mientras el presidente Alberto Fern\u00e1ndez propuso hoy [&hellip;]","og_url":"https:\/\/www.noticiasradioreflejos.com.ar\/2021\/los-muertos-de-hoy-por-coronavirus-fueron-117-en-argentina-y-se-registro-un-pico-de-5-344-infectados\/","og_site_name":"Noticias Radio Reflejos","article_published_time":"2020-07-22T00:24:06+00:00","og_image":[{"width":300,"height":200,"url":"https:\/\/www.noticiasradioreflejos.com.ar\/2021\/wp-content\/uploads\/2021\/07\/logosol300x200.png","type":"image\/png"}],"author":"Arnaldo Botto","twitter_card":"summary_large_image","schema":{"@context":"https:\/\/schema.org","@graph":[{"@type":"WebPage","@id":"https:\/\/www.noticiasradioreflejos.com.ar\/2021\/los-muertos-de-hoy-por-coronavirus-fueron-117-en-argentina-y-se-registro-un-pico-de-5-344-infectados\/","url":"https:\/\/www.noticiasradioreflejos.com.ar\/2021\/los-muertos-de-hoy-por-coronavirus-fueron-117-en-argentina-y-se-registro-un-pico-de-5-344-infectados\/","name":"Los muertos de hoy por coronavirus fueron 117 en Argentina y se registr\u00f3 un pico de 5.344 infectados - Noticias Radio Reflejos","isPartOf":{"@id":"https:\/\/www.noticiasradioreflejos.com.ar\/2021\/#website"},"datePublished":"2020-07-22T00:24:06+00:00","author":{"@id":"https:\/\/www.noticiasradioreflejos.com.ar\/2021\/#\/schema\/person\/ad82545263dcc5ec0996818884fd5fb1"},"breadcrumb":{"@id":"https:\/\/www.noticiasradioreflejos.com.ar\/2021\/los-muertos-de-hoy-por-coronavirus-fueron-117-en-argentina-y-se-registro-un-pico-de-5-344-infectados\/#breadcrumb"},"inLanguage":"es","potentialAction":[{"@type":"ReadAction","target":["https:\/\/www.noticiasradioreflejos.com.ar\/2021\/los-muertos-de-hoy-por-coronavirus-fueron-117-en-argentina-y-se-registro-un-pico-de-5-344-infectados\/"]}]},{"@type":"BreadcrumbList","@id":"https:\/\/www.noticiasradioreflejos.com.ar\/2021\/los-muertos-de-hoy-por-coronavirus-fueron-117-en-argentina-y-se-registro-un-pico-de-5-344-infectados\/#breadcrumb","itemListElement":[{"@type":"ListItem","position":1,"name":"Portada","item":"https:\/\/www.noticiasradioreflejos.com.ar\/2021\/"},{"@type":"ListItem","position":2,"name":"Los muertos de hoy por coronavirus fueron 117 en Argentina y se registr\u00f3 un pico de 5.344 infectados"}]},{"@type":"WebSite","@id":"https:\/\/www.noticiasradioreflejos.com.ar\/2021\/#website","url":"https:\/\/www.noticiasradioreflejos.com.ar\/2021\/","name":"Noticias Radio Reflejos","description":"Las noticias de mi comarca","potentialAction":[{"@type":"SearchAction","target":{"@type":"EntryPoint","urlTemplate":"https:\/\/www.noticiasradioreflejos.com.ar\/2021\/?s={search_term_string}"},"query-input":{"@type":"PropertyValueSpecification","valueRequired":true,"valueName":"search_term_string"}}],"inLanguage":"es"},{"@type":"Person","@id":"https:\/\/www.noticiasradioreflejos.com.ar\/2021\/#\/schema\/person\/ad82545263dcc5ec0996818884fd5fb1","name":"Arnaldo Botto","image":{"@type":"ImageObject","inLanguage":"es","@id":"https:\/\/www.noticiasradioreflejos.com.ar\/2021\/#\/schema\/person\/image\/","url":"https:\/\/secure.gravatar.com\/avatar\/55cb5e37c1efa326397366e6974cb338056df65cb50e7d64d1cf314e87504837?s=96&d=mm&r=g","contentUrl":"https:\/\/secure.gravatar.com\/avatar\/55cb5e37c1efa326397366e6974cb338056df65cb50e7d64d1cf314e87504837?s=96&d=mm&r=g","caption":"Arnaldo Botto"},"url":"https:\/\/www.noticiasradioreflejos.com.ar\/2021\/author\/arnaldo\/"}]}},"_links":{"self":[{"href":"https:\/\/www.noticiasradioreflejos.com.ar\/2021\/wp-json\/wp\/v2\/posts\/44744","targetHints":{"allow":["GET"]}}],"collection":[{"href":"https:\/\/www.noticiasradioreflejos.com.ar\/2021\/wp-json\/wp\/v2\/posts"}],"about":[{"href":"https:\/\/www.noticiasradioreflejos.com.ar\/2021\/wp-json\/wp\/v2\/types\/post"}],"author":[{"embeddable":true,"href":"https:\/\/www.noticiasradioreflejos.com.ar\/2021\/wp-json\/wp\/v2\/users\/3"}],"replies":[{"embeddable":true,"href":"https:\/\/www.noticiasradioreflejos.com.ar\/2021\/wp-json\/wp\/v2\/comments?post=44744"}],"version-history":[{"count":0,"href":"https:\/\/www.noticiasradioreflejos.com.ar\/2021\/wp-json\/wp\/v2\/posts\/44744\/revisions"}],"wp:attachment":[{"href":"https:\/\/www.noticiasradioreflejos.com.ar\/2021\/wp-json\/wp\/v2\/media?parent=44744"}],"wp:term":[{"taxonomy":"category","embeddable":true,"href":"https:\/\/www.noticiasradioreflejos.com.ar\/2021\/wp-json\/wp\/v2\/categories?post=44744"},{"taxonomy":"post_tag","embeddable":true,"href":"https:\/\/www.noticiasradioreflejos.com.ar\/2021\/wp-json\/wp\/v2\/tags?post=44744"}],"curies":[{"name":"wp","href":"https:\/\/api.w.org\/{rel}","templated":true}]}}