{"id":44664,"date":"2020-07-20T19:21:29","date_gmt":"2020-07-20T22:21:29","guid":{"rendered":"http:\/\/www.noticiasradioreflejos.com.ar\/noticias\/?p=44664"},"modified":"2020-07-20T19:21:29","modified_gmt":"2020-07-20T22:21:29","slug":"cuando-se-paga-el-tercer-bono-anses-el-gobierno-definio-la-fecha-desde-la-que-se-podra-cobrar-la-proxima-edicion-del-ife-de-10-000","status":"publish","type":"post","link":"https:\/\/www.noticiasradioreflejos.com.ar\/2021\/cuando-se-paga-el-tercer-bono-anses-el-gobierno-definio-la-fecha-desde-la-que-se-podra-cobrar-la-proxima-edicion-del-ife-de-10-000\/","title":{"rendered":"Cu\u00e1ndo se paga el tercer Bono Anses: el Gobierno defini\u00f3 la fecha desde la que se podr\u00e1 cobrar la pr\u00f3xima edici\u00f3n del IFE de $10.000"},"content":{"rendered":"<p><mark class=\"hl_yellow\"><b>La Anses prepara para el 10 de agosto el pago de la tercera edici\u00f3n del Ingreso Familiar de Emergencia (IFE)<\/b><\/mark>, el bono de $10.000 con el que el Gobierno busca paliar el impacto del parate econ\u00f3mico por la pandemia de coronavirus COVID-19 sobre trabajadores en negro, monotributistas de las categor\u00edas m\u00e1s bajas y otros sectores vulnerables. Mientras termina el operativo para que un remanente de cerca de 450.000 beneficiarios cobren la segunda edici\u00f3n, el objetivo del organismo conducido por\u00a0<b>Fernanda Raverta<\/b>\u00a0es arrancar con la tercera edici\u00f3n en esa fecha del mes pr\u00f3ximo, empezando con aquellos beneficiarios que a su vez reciben la Asignaci\u00f3n Universal por Hijo.<!--more--><\/p>\n<p class=\"font_tertiary paragraph\"><mark class=\"hl_yellow\"><b>El pago para el grueso de los beneficiarios del IFE empezar\u00eda unos 10 d\u00edas h\u00e1biles m\u00e1s tarde.<\/b><\/mark>\u00a0Durante el operativo de pago de julio estos beneficiarios recibieron los desembolsos en base a un cronograma ordenado por el \u00faltimo n\u00famero del documento. Empez\u00f3 el 2 de julio y termin\u00f3 el viernes pasado. La fecha va a ser fijada por decreto, que seg\u00fan pudo saber\u00a0<b>Infobae<\/b>\u00a0a\u00fan espera ser firmado y publicado en el Bolet\u00edn Oficial.<\/p>\n<blockquote class=\"font_tertiary color_figcaption\">\n<div class=\"text\">El segundo pago del IFE ya fue completado. El desembolso para los \u00faltimos 450.000 beneficiarios ya est\u00e1 depositado en sus cuentas bancarias y ahora los bancos deber\u00e1n convocar a sus titulares a retirar el dinero<\/div>\n<\/blockquote>\n<p class=\"font_tertiary paragraph\">El tercer refuerzo del IFE alcanzar\u00e1 finalmente a los cerca de 8,9 mill\u00f3n de beneficiarios. En un primer momento, el Gobierno busc\u00f3 reducir el costo del programa. La idea era pagar el IFE s\u00f3lo a aquellos beneficiarios que residieran en zonas del pa\u00eds que estuvieran bajo las medidas m\u00e1s estrictas de aislamiento social preventivo y obligatorio, la \u201cfase 1\u2033 de la cuarentena. Pero ante el pedido de gobernadores cuyas econom\u00edas dependen de esa inyecci\u00f3n de dinero para mantenerse a flote, se decidi\u00f3 volver a pagar a los mismos beneficiarios de la primera y segunda tandas del bono.<\/p>\n<p class=\"font_tertiary paragraph\"><mark class=\"hl_orange\"><b>C\u00f3mo sigue el pago del IFE 2<\/b><\/mark><\/p>\n<p class=\"font_tertiary paragraph\">La Anses ya complet\u00f3 el pago de la segunda edici\u00f3n del IFE.\u00a0<mark class=\"hl_yellow\"><b>El viernes pasado se termin\u00f3 de pagar a los beneficiarios que informaron su clave bancaria \u00fanica (CBU) en la p\u00e1gina del organismo. En estos d\u00edas terminar\u00e1n de cobrar los \u00faltimos beneficiarios, alrededor de 450.000 personas que no informaron una cuenta bancaria, a los que ya se les deposit\u00f3 el dinero en bancos cercanos a su domicilio y deben esperar una comunicaci\u00f3n por SMS o correo electr\u00f3nico para gestionar un turno en el que retirar el beneficio<\/b><\/mark>.<\/p>\n<p class=\"font_tertiary paragraph\">La segunda edici\u00f3n del IFE alcanz\u00f3 a algo menos de 8,9 millones de familias de todo el pa\u00eds, de las que el 95% ya recibieron su pago en sus cuentas bancarias de acuerdo a un calendario que sigue al \u00faltimo n\u00famero del documento y que se complet\u00f3 el viernes pasado.<\/p>\n<p><a class=\"link | color_inherit display_inline_block width_full margin_vertical_5px visual__video\"><picture class=\"font_tertiary visual__image\"><source srcset=\"https:\/\/www.infobae.com\/new-resizer\/4SDjh4mWf1nQ66_ptTVapSNlp2s=\/768x432\/filters:format(jpg):quality(85)\/cloudfront-us-east-1.images.arcpublishing.com\/infobae\/L2ACI7R4FBDRXOP4BSQXKBI65E.jpg 1200w\" type=\"image\/jpg\" \/><source srcset=\"https:\/\/www.infobae.com\/new-resizer\/4SDjh4mWf1nQ66_ptTVapSNlp2s=\/768x432\/filters:format(jpg):quality(85)\/cloudfront-us-east-1.images.arcpublishing.com\/infobae\/L2ACI7R4FBDRXOP4BSQXKBI65E.jpg 992w\" type=\"image\/jpg\" \/><source srcset=\"https:\/\/www.infobae.com\/new-resizer\/4SDjh4mWf1nQ66_ptTVapSNlp2s=\/768x432\/filters:format(jpg):quality(85)\/cloudfront-us-east-1.images.arcpublishing.com\/infobae\/L2ACI7R4FBDRXOP4BSQXKBI65E.jpg 768w\" type=\"image\/jpg\" \/><source srcset=\"https:\/\/www.infobae.com\/new-resizer\/iq2qoquPIu1eCYujQNvECjfhP7c=\/420x236\/filters:format(jpg):quality(85)\/cloudfront-us-east-1.images.arcpublishing.com\/infobae\/L2ACI7R4FBDRXOP4BSQXKBI65E.jpg 420w\" type=\"image\/jpg\" \/><img loading=\"lazy\" decoding=\"async\" src=\"https:\/\/www.infobae.com\/new-resizer\/iq2qoquPIu1eCYujQNvECjfhP7c=\/420x236\/filters:format(jpg):quality(85)\/\/cloudfront-us-east-1.images.arcpublishing.com\/infobae\/L2ACI7R4FBDRXOP4BSQXKBI65E.jpg\" alt=\"Mar\u00eda Fernanda Raverta, directora de Anses (Maximiliano Luna)\" width=\"1920\" height=\"1080\" \/>Mar\u00eda Fernanda Raverta, directora de Anses (Maximiliano Luna)<\/picture><\/a><\/p>\n<p class=\"font_tertiary paragraph\">Para este \u201crefuerzo\u201d del bono de Anses, el organismo se puso como objetivo bancarizar a la totalidad de los beneficiarios, con el objetivo de facilitar el tercer pago \u2013que ya fue confirmado\u2013 y permitir al universo de destino acceder a servicios financieros que, entre otras cosas, permitan agilizar otras iniciativas futuras. As\u00ed, el operativo se concentr\u00f3 primero en depositar el beneficio en las cuentas de aquellas personas que son adem\u00e1s beneficiarias de la Asignaci\u00f3n Universal por Hijo y otros planes similares, para luego pasar a desembolsar el dinero a quienes informaron una cuenta bancaria de su propiedad en la p\u00e1gina Web del ente previsional.<\/p>\n<p class=\"font_tertiary paragraph\">Hab\u00eda tiempo para informar el CBU hasta el 17 de julio pasado. Ahora, para aquellos beneficiarios que no pudieron abrir una cuenta bancaria, la Anses realiz\u00f3 una transferencia a bancos p\u00fablicos y privados de todo el pa\u00eds que se encargar\u00e1n de hacer llegar el pago al remanente.<\/p>\n<blockquote class=\"font_tertiary color_figcaption\">\n<div class=\"text\">La fecha va a ser fijada por decreto, que seg\u00fan pudo saber Infobae a\u00fan espera ser firmado y publicado en el Bolet\u00edn Oificial. Se busca que los beneficiarios de la AUH y otros planes de Anses empiecen a cobrar el tercer IFE el 10 de agosto<\/div>\n<\/blockquote>\n<p class=\"font_tertiary paragraph\">Los beneficiarios que deban retirar el dinero en esta etapa recibir\u00e1n una comunicaci\u00f3n de parte de la Anses por correo electr\u00f3nico y mensaje de texto SMS con datos respecto a cu\u00e1l es el banco que se les asign\u00f3. En base a ello, deber\u00e1n contactarse con la entidad asignada para solicitar un turno en el que, adem\u00e1s de retirar el dinero por ventanilla, se les asignar\u00e1 una cuenta bancaria para futuros pagos.<\/p>\n<p class=\"font_tertiary paragraph\">El operativo para alcanzar a ese \u00faltimo grupo ser\u00e1 distinto de acuerdo al banco que se asigne. Por ejemplo, el Banco Ciudad asignar\u00e1 turnos a los beneficiarios y, al momento de hacer el retiro, otorgar\u00e1 una tarjeta de d\u00e9bito. El Banco Naci\u00f3n, por su parte, dar\u00e1 acceso a la cuenta bancaria creada para cada uno de estos beneficiarios, mientras que la tarjeta de d\u00e9bito asociada se ir\u00e1 haciendo llegar de acuerdo a la disponibilidad de pl\u00e1stico. Pero tambi\u00e9n hay bancos privados y p\u00fablicos provinciales llevando adelante estos pagos, cada uno con su modalidad.<\/p>\n<p class=\"font_tertiary paragraph\"><strong>Fuente Infoabae<\/strong><\/p>\n<p class=\"font_tertiary paragraph\">\n","protected":false},"excerpt":{"rendered":"<p>La Anses prepara para el 10 de agosto el pago de la tercera edici\u00f3n del Ingreso Familiar de Emergencia (IFE), el bono de $10.000 con el que el Gobierno busca paliar el impacto del parate econ\u00f3mico por la pandemia de coronavirus COVID-19 sobre trabajadores en negro, monotributistas de las categor\u00edas m\u00e1s bajas y otros sectores [&hellip;]<\/p>\n","protected":false},"author":3,"featured_media":0,"comment_status":"closed","ping_status":"open","sticky":false,"template":"","format":"standard","meta":{"footnotes":""},"categories":[36],"tags":[],"class_list":["post-44664","post","type-post","status-publish","format-standard","hentry","category-economia"],"yoast_head":"<!-- This site is optimized with the Yoast SEO plugin v25.9 - https:\/\/yoast.com\/wordpress\/plugins\/seo\/ -->\n<title>Cu\u00e1ndo se paga el tercer Bono Anses: el Gobierno defini\u00f3 la fecha desde la que se podr\u00e1 cobrar la pr\u00f3xima edici\u00f3n del IFE de $10.000 - Noticias Radio Reflejos<\/title>\n<meta name=\"robots\" content=\"index, follow, max-snippet:-1, max-image-preview:large, max-video-preview:-1\" \/>\n<link rel=\"canonical\" href=\"https:\/\/www.noticiasradioreflejos.com.ar\/2021\/cuando-se-paga-el-tercer-bono-anses-el-gobierno-definio-la-fecha-desde-la-que-se-podra-cobrar-la-proxima-edicion-del-ife-de-10-000\/\" \/>\n<meta property=\"og:locale\" content=\"es_ES\" \/>\n<meta property=\"og:type\" content=\"article\" \/>\n<meta property=\"og:title\" content=\"Cu\u00e1ndo se paga el tercer Bono Anses: el Gobierno defini\u00f3 la fecha desde la que se podr\u00e1 cobrar la pr\u00f3xima edici\u00f3n del IFE de $10.000 - Noticias Radio Reflejos\" \/>\n<meta property=\"og:description\" content=\"La Anses prepara para el 10 de agosto el pago de la tercera edici\u00f3n del Ingreso Familiar de Emergencia (IFE), el bono de $10.000 con el que el Gobierno busca paliar el impacto del parate econ\u00f3mico por la pandemia de coronavirus COVID-19 sobre trabajadores en negro, monotributistas de las categor\u00edas m\u00e1s bajas y otros sectores [&hellip;]\" \/>\n<meta property=\"og:url\" content=\"https:\/\/www.noticiasradioreflejos.com.ar\/2021\/cuando-se-paga-el-tercer-bono-anses-el-gobierno-definio-la-fecha-desde-la-que-se-podra-cobrar-la-proxima-edicion-del-ife-de-10-000\/\" \/>\n<meta property=\"og:site_name\" content=\"Noticias Radio Reflejos\" \/>\n<meta property=\"article:published_time\" content=\"2020-07-20T22:21:29+00:00\" \/>\n<meta property=\"og:image\" content=\"https:\/\/www.infobae.com\/new-resizer\/iq2qoquPIu1eCYujQNvECjfhP7c=\/420x236\/filters:format(jpg):quality(85)\/\/cloudfront-us-east-1.images.arcpublishing.com\/infobae\/L2ACI7R4FBDRXOP4BSQXKBI65E.jpg\" \/>\n<meta name=\"author\" content=\"Arnaldo Botto\" \/>\n<meta name=\"twitter:card\" content=\"summary_large_image\" \/>\n<script type=\"application\/ld+json\" class=\"yoast-schema-graph\">{\"@context\":\"https:\/\/schema.org\",\"@graph\":[{\"@type\":\"WebPage\",\"@id\":\"https:\/\/www.noticiasradioreflejos.com.ar\/2021\/cuando-se-paga-el-tercer-bono-anses-el-gobierno-definio-la-fecha-desde-la-que-se-podra-cobrar-la-proxima-edicion-del-ife-de-10-000\/\",\"url\":\"https:\/\/www.noticiasradioreflejos.com.ar\/2021\/cuando-se-paga-el-tercer-bono-anses-el-gobierno-definio-la-fecha-desde-la-que-se-podra-cobrar-la-proxima-edicion-del-ife-de-10-000\/\",\"name\":\"Cu\u00e1ndo se paga el tercer Bono Anses: el Gobierno defini\u00f3 la fecha desde la que se podr\u00e1 cobrar la pr\u00f3xima edici\u00f3n del IFE de $10.000 - Noticias Radio Reflejos\",\"isPartOf\":{\"@id\":\"https:\/\/www.noticiasradioreflejos.com.ar\/2021\/#website\"},\"primaryImageOfPage\":{\"@id\":\"https:\/\/www.noticiasradioreflejos.com.ar\/2021\/cuando-se-paga-el-tercer-bono-anses-el-gobierno-definio-la-fecha-desde-la-que-se-podra-cobrar-la-proxima-edicion-del-ife-de-10-000\/#primaryimage\"},\"image\":{\"@id\":\"https:\/\/www.noticiasradioreflejos.com.ar\/2021\/cuando-se-paga-el-tercer-bono-anses-el-gobierno-definio-la-fecha-desde-la-que-se-podra-cobrar-la-proxima-edicion-del-ife-de-10-000\/#primaryimage\"},\"thumbnailUrl\":\"https:\/\/www.infobae.com\/new-resizer\/iq2qoquPIu1eCYujQNvECjfhP7c=\/420x236\/filters:format(jpg):quality(85)\/\/cloudfront-us-east-1.images.arcpublishing.com\/infobae\/L2ACI7R4FBDRXOP4BSQXKBI65E.jpg\",\"datePublished\":\"2020-07-20T22:21:29+00:00\",\"author\":{\"@id\":\"https:\/\/www.noticiasradioreflejos.com.ar\/2021\/#\/schema\/person\/ad82545263dcc5ec0996818884fd5fb1\"},\"breadcrumb\":{\"@id\":\"https:\/\/www.noticiasradioreflejos.com.ar\/2021\/cuando-se-paga-el-tercer-bono-anses-el-gobierno-definio-la-fecha-desde-la-que-se-podra-cobrar-la-proxima-edicion-del-ife-de-10-000\/#breadcrumb\"},\"inLanguage\":\"es\",\"potentialAction\":[{\"@type\":\"ReadAction\",\"target\":[\"https:\/\/www.noticiasradioreflejos.com.ar\/2021\/cuando-se-paga-el-tercer-bono-anses-el-gobierno-definio-la-fecha-desde-la-que-se-podra-cobrar-la-proxima-edicion-del-ife-de-10-000\/\"]}]},{\"@type\":\"ImageObject\",\"inLanguage\":\"es\",\"@id\":\"https:\/\/www.noticiasradioreflejos.com.ar\/2021\/cuando-se-paga-el-tercer-bono-anses-el-gobierno-definio-la-fecha-desde-la-que-se-podra-cobrar-la-proxima-edicion-del-ife-de-10-000\/#primaryimage\",\"url\":\"https:\/\/www.infobae.com\/new-resizer\/iq2qoquPIu1eCYujQNvECjfhP7c=\/420x236\/filters:format(jpg):quality(85)\/\/cloudfront-us-east-1.images.arcpublishing.com\/infobae\/L2ACI7R4FBDRXOP4BSQXKBI65E.jpg\",\"contentUrl\":\"https:\/\/www.infobae.com\/new-resizer\/iq2qoquPIu1eCYujQNvECjfhP7c=\/420x236\/filters:format(jpg):quality(85)\/\/cloudfront-us-east-1.images.arcpublishing.com\/infobae\/L2ACI7R4FBDRXOP4BSQXKBI65E.jpg\"},{\"@type\":\"BreadcrumbList\",\"@id\":\"https:\/\/www.noticiasradioreflejos.com.ar\/2021\/cuando-se-paga-el-tercer-bono-anses-el-gobierno-definio-la-fecha-desde-la-que-se-podra-cobrar-la-proxima-edicion-del-ife-de-10-000\/#breadcrumb\",\"itemListElement\":[{\"@type\":\"ListItem\",\"position\":1,\"name\":\"Portada\",\"item\":\"https:\/\/www.noticiasradioreflejos.com.ar\/2021\/\"},{\"@type\":\"ListItem\",\"position\":2,\"name\":\"Cu\u00e1ndo se paga el tercer Bono Anses: el Gobierno defini\u00f3 la fecha desde la que se podr\u00e1 cobrar la pr\u00f3xima edici\u00f3n del IFE de $10.000\"}]},{\"@type\":\"WebSite\",\"@id\":\"https:\/\/www.noticiasradioreflejos.com.ar\/2021\/#website\",\"url\":\"https:\/\/www.noticiasradioreflejos.com.ar\/2021\/\",\"name\":\"Noticias Radio Reflejos\",\"description\":\"Las noticias de mi comarca\",\"potentialAction\":[{\"@type\":\"SearchAction\",\"target\":{\"@type\":\"EntryPoint\",\"urlTemplate\":\"https:\/\/www.noticiasradioreflejos.com.ar\/2021\/?s={search_term_string}\"},\"query-input\":{\"@type\":\"PropertyValueSpecification\",\"valueRequired\":true,\"valueName\":\"search_term_string\"}}],\"inLanguage\":\"es\"},{\"@type\":\"Person\",\"@id\":\"https:\/\/www.noticiasradioreflejos.com.ar\/2021\/#\/schema\/person\/ad82545263dcc5ec0996818884fd5fb1\",\"name\":\"Arnaldo Botto\",\"image\":{\"@type\":\"ImageObject\",\"inLanguage\":\"es\",\"@id\":\"https:\/\/www.noticiasradioreflejos.com.ar\/2021\/#\/schema\/person\/image\/\",\"url\":\"https:\/\/secure.gravatar.com\/avatar\/55cb5e37c1efa326397366e6974cb338056df65cb50e7d64d1cf314e87504837?s=96&d=mm&r=g\",\"contentUrl\":\"https:\/\/secure.gravatar.com\/avatar\/55cb5e37c1efa326397366e6974cb338056df65cb50e7d64d1cf314e87504837?s=96&d=mm&r=g\",\"caption\":\"Arnaldo Botto\"},\"url\":\"https:\/\/www.noticiasradioreflejos.com.ar\/2021\/author\/arnaldo\/\"}]}<\/script>\n<!-- \/ Yoast SEO plugin. -->","yoast_head_json":{"title":"Cu\u00e1ndo se paga el tercer Bono Anses: el Gobierno defini\u00f3 la fecha desde la que se podr\u00e1 cobrar la pr\u00f3xima edici\u00f3n del IFE de $10.000 - Noticias Radio Reflejos","robots":{"index":"index","follow":"follow","max-snippet":"max-snippet:-1","max-image-preview":"max-image-preview:large","max-video-preview":"max-video-preview:-1"},"canonical":"https:\/\/www.noticiasradioreflejos.com.ar\/2021\/cuando-se-paga-el-tercer-bono-anses-el-gobierno-definio-la-fecha-desde-la-que-se-podra-cobrar-la-proxima-edicion-del-ife-de-10-000\/","og_locale":"es_ES","og_type":"article","og_title":"Cu\u00e1ndo se paga el tercer Bono Anses: el Gobierno defini\u00f3 la fecha desde la que se podr\u00e1 cobrar la pr\u00f3xima edici\u00f3n del IFE de $10.000 - Noticias Radio Reflejos","og_description":"La Anses prepara para el 10 de agosto el pago de la tercera edici\u00f3n del Ingreso Familiar de Emergencia (IFE), el bono de $10.000 con el que el Gobierno busca paliar el impacto del parate econ\u00f3mico por la pandemia de coronavirus COVID-19 sobre trabajadores en negro, monotributistas de las categor\u00edas m\u00e1s bajas y otros sectores [&hellip;]","og_url":"https:\/\/www.noticiasradioreflejos.com.ar\/2021\/cuando-se-paga-el-tercer-bono-anses-el-gobierno-definio-la-fecha-desde-la-que-se-podra-cobrar-la-proxima-edicion-del-ife-de-10-000\/","og_site_name":"Noticias Radio Reflejos","article_published_time":"2020-07-20T22:21:29+00:00","og_image":[{"url":"https:\/\/www.infobae.com\/new-resizer\/iq2qoquPIu1eCYujQNvECjfhP7c=\/420x236\/filters:format(jpg):quality(85)\/\/cloudfront-us-east-1.images.arcpublishing.com\/infobae\/L2ACI7R4FBDRXOP4BSQXKBI65E.jpg","type":"","width":"","height":""}],"author":"Arnaldo Botto","twitter_card":"summary_large_image","schema":{"@context":"https:\/\/schema.org","@graph":[{"@type":"WebPage","@id":"https:\/\/www.noticiasradioreflejos.com.ar\/2021\/cuando-se-paga-el-tercer-bono-anses-el-gobierno-definio-la-fecha-desde-la-que-se-podra-cobrar-la-proxima-edicion-del-ife-de-10-000\/","url":"https:\/\/www.noticiasradioreflejos.com.ar\/2021\/cuando-se-paga-el-tercer-bono-anses-el-gobierno-definio-la-fecha-desde-la-que-se-podra-cobrar-la-proxima-edicion-del-ife-de-10-000\/","name":"Cu\u00e1ndo se paga el tercer Bono Anses: el Gobierno defini\u00f3 la fecha desde la que se podr\u00e1 cobrar la pr\u00f3xima edici\u00f3n del IFE de $10.000 - Noticias Radio Reflejos","isPartOf":{"@id":"https:\/\/www.noticiasradioreflejos.com.ar\/2021\/#website"},"primaryImageOfPage":{"@id":"https:\/\/www.noticiasradioreflejos.com.ar\/2021\/cuando-se-paga-el-tercer-bono-anses-el-gobierno-definio-la-fecha-desde-la-que-se-podra-cobrar-la-proxima-edicion-del-ife-de-10-000\/#primaryimage"},"image":{"@id":"https:\/\/www.noticiasradioreflejos.com.ar\/2021\/cuando-se-paga-el-tercer-bono-anses-el-gobierno-definio-la-fecha-desde-la-que-se-podra-cobrar-la-proxima-edicion-del-ife-de-10-000\/#primaryimage"},"thumbnailUrl":"https:\/\/www.infobae.com\/new-resizer\/iq2qoquPIu1eCYujQNvECjfhP7c=\/420x236\/filters:format(jpg):quality(85)\/\/cloudfront-us-east-1.images.arcpublishing.com\/infobae\/L2ACI7R4FBDRXOP4BSQXKBI65E.jpg","datePublished":"2020-07-20T22:21:29+00:00","author":{"@id":"https:\/\/www.noticiasradioreflejos.com.ar\/2021\/#\/schema\/person\/ad82545263dcc5ec0996818884fd5fb1"},"breadcrumb":{"@id":"https:\/\/www.noticiasradioreflejos.com.ar\/2021\/cuando-se-paga-el-tercer-bono-anses-el-gobierno-definio-la-fecha-desde-la-que-se-podra-cobrar-la-proxima-edicion-del-ife-de-10-000\/#breadcrumb"},"inLanguage":"es","potentialAction":[{"@type":"ReadAction","target":["https:\/\/www.noticiasradioreflejos.com.ar\/2021\/cuando-se-paga-el-tercer-bono-anses-el-gobierno-definio-la-fecha-desde-la-que-se-podra-cobrar-la-proxima-edicion-del-ife-de-10-000\/"]}]},{"@type":"ImageObject","inLanguage":"es","@id":"https:\/\/www.noticiasradioreflejos.com.ar\/2021\/cuando-se-paga-el-tercer-bono-anses-el-gobierno-definio-la-fecha-desde-la-que-se-podra-cobrar-la-proxima-edicion-del-ife-de-10-000\/#primaryimage","url":"https:\/\/www.infobae.com\/new-resizer\/iq2qoquPIu1eCYujQNvECjfhP7c=\/420x236\/filters:format(jpg):quality(85)\/\/cloudfront-us-east-1.images.arcpublishing.com\/infobae\/L2ACI7R4FBDRXOP4BSQXKBI65E.jpg","contentUrl":"https:\/\/www.infobae.com\/new-resizer\/iq2qoquPIu1eCYujQNvECjfhP7c=\/420x236\/filters:format(jpg):quality(85)\/\/cloudfront-us-east-1.images.arcpublishing.com\/infobae\/L2ACI7R4FBDRXOP4BSQXKBI65E.jpg"},{"@type":"BreadcrumbList","@id":"https:\/\/www.noticiasradioreflejos.com.ar\/2021\/cuando-se-paga-el-tercer-bono-anses-el-gobierno-definio-la-fecha-desde-la-que-se-podra-cobrar-la-proxima-edicion-del-ife-de-10-000\/#breadcrumb","itemListElement":[{"@type":"ListItem","position":1,"name":"Portada","item":"https:\/\/www.noticiasradioreflejos.com.ar\/2021\/"},{"@type":"ListItem","position":2,"name":"Cu\u00e1ndo se paga el tercer Bono Anses: el Gobierno defini\u00f3 la fecha desde la que se podr\u00e1 cobrar la pr\u00f3xima edici\u00f3n del IFE de $10.000"}]},{"@type":"WebSite","@id":"https:\/\/www.noticiasradioreflejos.com.ar\/2021\/#website","url":"https:\/\/www.noticiasradioreflejos.com.ar\/2021\/","name":"Noticias Radio Reflejos","description":"Las noticias de mi comarca","potentialAction":[{"@type":"SearchAction","target":{"@type":"EntryPoint","urlTemplate":"https:\/\/www.noticiasradioreflejos.com.ar\/2021\/?s={search_term_string}"},"query-input":{"@type":"PropertyValueSpecification","valueRequired":true,"valueName":"search_term_string"}}],"inLanguage":"es"},{"@type":"Person","@id":"https:\/\/www.noticiasradioreflejos.com.ar\/2021\/#\/schema\/person\/ad82545263dcc5ec0996818884fd5fb1","name":"Arnaldo Botto","image":{"@type":"ImageObject","inLanguage":"es","@id":"https:\/\/www.noticiasradioreflejos.com.ar\/2021\/#\/schema\/person\/image\/","url":"https:\/\/secure.gravatar.com\/avatar\/55cb5e37c1efa326397366e6974cb338056df65cb50e7d64d1cf314e87504837?s=96&d=mm&r=g","contentUrl":"https:\/\/secure.gravatar.com\/avatar\/55cb5e37c1efa326397366e6974cb338056df65cb50e7d64d1cf314e87504837?s=96&d=mm&r=g","caption":"Arnaldo Botto"},"url":"https:\/\/www.noticiasradioreflejos.com.ar\/2021\/author\/arnaldo\/"}]}},"_links":{"self":[{"href":"https:\/\/www.noticiasradioreflejos.com.ar\/2021\/wp-json\/wp\/v2\/posts\/44664","targetHints":{"allow":["GET"]}}],"collection":[{"href":"https:\/\/www.noticiasradioreflejos.com.ar\/2021\/wp-json\/wp\/v2\/posts"}],"about":[{"href":"https:\/\/www.noticiasradioreflejos.com.ar\/2021\/wp-json\/wp\/v2\/types\/post"}],"author":[{"embeddable":true,"href":"https:\/\/www.noticiasradioreflejos.com.ar\/2021\/wp-json\/wp\/v2\/users\/3"}],"replies":[{"embeddable":true,"href":"https:\/\/www.noticiasradioreflejos.com.ar\/2021\/wp-json\/wp\/v2\/comments?post=44664"}],"version-history":[{"count":0,"href":"https:\/\/www.noticiasradioreflejos.com.ar\/2021\/wp-json\/wp\/v2\/posts\/44664\/revisions"}],"wp:attachment":[{"href":"https:\/\/www.noticiasradioreflejos.com.ar\/2021\/wp-json\/wp\/v2\/media?parent=44664"}],"wp:term":[{"taxonomy":"category","embeddable":true,"href":"https:\/\/www.noticiasradioreflejos.com.ar\/2021\/wp-json\/wp\/v2\/categories?post=44664"},{"taxonomy":"post_tag","embeddable":true,"href":"https:\/\/www.noticiasradioreflejos.com.ar\/2021\/wp-json\/wp\/v2\/tags?post=44664"}],"curies":[{"name":"wp","href":"https:\/\/api.w.org\/{rel}","templated":true}]}}