{"id":44661,"date":"2020-07-20T19:15:33","date_gmt":"2020-07-20T22:15:33","guid":{"rendered":"http:\/\/www.noticiasradioreflejos.com.ar\/noticias\/?p=44661"},"modified":"2020-07-20T19:15:33","modified_gmt":"2020-07-20T22:15:33","slug":"restaurantes-y-bares-reabriran-el-27-de-julio-en-bahia-blanca","status":"publish","type":"post","link":"https:\/\/www.noticiasradioreflejos.com.ar\/2021\/restaurantes-y-bares-reabriran-el-27-de-julio-en-bahia-blanca\/","title":{"rendered":"Restaurantes y bares reabrir\u00e1n el 27 de julio en Bah\u00eda Blanca"},"content":{"rendered":"<p>Los restaurantes y bares del partido de Bah\u00eda Blanca, en el sur bonaerense, reabrir\u00e1n sus puertas el pr\u00f3ximo el 27 de julio con estrictos protocolos sanitarios, tras m\u00e1s de 125 d\u00edas de cierre forzados por la pandemia de coronavirus, informaron hoy fuentes comunales.<!--more--><br \/>\nLas pautas de reapertura fueron establecidas esta tarde en un encuentro del que participaron el intendente H\u00e9ctor Gay y representantes del sector gastron\u00f3mico.<\/p>\n<p>\u00abSe determin\u00f3 que los locales podr\u00e1n abrir hasta las 24 horas, con un factor de ocupaci\u00f3n del 50 por ciento de la capacidad y con el uso de tapabocas por parte de los clientes cuando entran, se retiran y concurren a los sanitarios\u00bb, se\u00f1alaron a T\u00e9lam fuentes comunales.<\/p>\n<p>Seg\u00fan se indic\u00f3, entre otras disposiciones, se orden\u00f3 que los locales deber\u00e1n<\/p>\n<p>disponer de alcohol en gel o alcohol al 70% como as\u00ed tambi\u00e9n la desinfecci\u00f3n obligatoria de las manos al ingresar y salir, colocar trapos de piso con lavandina al 0,1% y, como sugerencia, la medici\u00f3n de temperatura al ingresar.<\/p>\n<p>\u00abEn cuanto al espacio estar\u00e1 permitido un m\u00e1ximo de cuatro personas, excepto grupo familiar primario, 1,5 metros de distancia entre las mesas con rotaci\u00f3n para desinfectar e higienizar como as\u00ed tambi\u00e9n respetar las distancias preventivas, entre otras\u00bb, agregaron.<\/p>\n<p>En cuanto al personal, se indic\u00f3 que deber\u00e1n utilizar tapabocas, trabajar\u00e1n en turnos rotativos, se controlar\u00e1 la temperatura y deber\u00e1n estar a dos metros de todas las personas.<\/p>\n","protected":false},"excerpt":{"rendered":"<p>Los restaurantes y bares del partido de Bah\u00eda Blanca, en el sur bonaerense, reabrir\u00e1n sus puertas el pr\u00f3ximo el 27 de julio con estrictos protocolos sanitarios, tras m\u00e1s de 125 d\u00edas de cierre forzados por la pandemia de coronavirus, informaron hoy fuentes comunales.<\/p>\n","protected":false},"author":3,"featured_media":0,"comment_status":"closed","ping_status":"open","sticky":false,"template":"","format":"standard","meta":{"footnotes":""},"categories":[26],"tags":[],"class_list":["post-44661","post","type-post","status-publish","format-standard","hentry","category-sociedad"],"yoast_head":"<!-- This site is optimized with the Yoast SEO plugin v25.9 - https:\/\/yoast.com\/wordpress\/plugins\/seo\/ -->\n<title>Restaurantes y bares reabrir\u00e1n el 27 de julio en Bah\u00eda Blanca - Noticias Radio Reflejos<\/title>\n<meta name=\"robots\" content=\"index, follow, max-snippet:-1, max-image-preview:large, max-video-preview:-1\" \/>\n<link rel=\"canonical\" href=\"https:\/\/www.noticiasradioreflejos.com.ar\/2021\/restaurantes-y-bares-reabriran-el-27-de-julio-en-bahia-blanca\/\" \/>\n<meta property=\"og:locale\" content=\"es_ES\" \/>\n<meta property=\"og:type\" content=\"article\" \/>\n<meta property=\"og:title\" content=\"Restaurantes y bares reabrir\u00e1n el 27 de julio en Bah\u00eda Blanca - Noticias Radio Reflejos\" \/>\n<meta property=\"og:description\" content=\"Los restaurantes y bares del partido de Bah\u00eda Blanca, en el sur bonaerense, reabrir\u00e1n sus puertas el pr\u00f3ximo el 27 de julio con estrictos protocolos sanitarios, tras m\u00e1s de 125 d\u00edas de cierre forzados por la pandemia de coronavirus, informaron hoy fuentes comunales.\" \/>\n<meta property=\"og:url\" content=\"https:\/\/www.noticiasradioreflejos.com.ar\/2021\/restaurantes-y-bares-reabriran-el-27-de-julio-en-bahia-blanca\/\" \/>\n<meta property=\"og:site_name\" content=\"Noticias Radio Reflejos\" \/>\n<meta property=\"article:published_time\" content=\"2020-07-20T22:15:33+00:00\" \/>\n<meta property=\"og:image\" content=\"https:\/\/www.noticiasradioreflejos.com.ar\/2021\/wp-content\/uploads\/2021\/07\/logosol300x200.png\" \/>\n\t<meta property=\"og:image:width\" content=\"300\" \/>\n\t<meta property=\"og:image:height\" content=\"200\" \/>\n\t<meta property=\"og:image:type\" content=\"image\/png\" \/>\n<meta name=\"author\" content=\"Arnaldo Botto\" \/>\n<meta name=\"twitter:card\" content=\"summary_large_image\" \/>\n<script type=\"application\/ld+json\" class=\"yoast-schema-graph\">{\"@context\":\"https:\/\/schema.org\",\"@graph\":[{\"@type\":\"WebPage\",\"@id\":\"https:\/\/www.noticiasradioreflejos.com.ar\/2021\/restaurantes-y-bares-reabriran-el-27-de-julio-en-bahia-blanca\/\",\"url\":\"https:\/\/www.noticiasradioreflejos.com.ar\/2021\/restaurantes-y-bares-reabriran-el-27-de-julio-en-bahia-blanca\/\",\"name\":\"Restaurantes y bares reabrir\u00e1n el 27 de julio en Bah\u00eda Blanca - Noticias Radio Reflejos\",\"isPartOf\":{\"@id\":\"https:\/\/www.noticiasradioreflejos.com.ar\/2021\/#website\"},\"datePublished\":\"2020-07-20T22:15:33+00:00\",\"author\":{\"@id\":\"https:\/\/www.noticiasradioreflejos.com.ar\/2021\/#\/schema\/person\/ad82545263dcc5ec0996818884fd5fb1\"},\"breadcrumb\":{\"@id\":\"https:\/\/www.noticiasradioreflejos.com.ar\/2021\/restaurantes-y-bares-reabriran-el-27-de-julio-en-bahia-blanca\/#breadcrumb\"},\"inLanguage\":\"es\",\"potentialAction\":[{\"@type\":\"ReadAction\",\"target\":[\"https:\/\/www.noticiasradioreflejos.com.ar\/2021\/restaurantes-y-bares-reabriran-el-27-de-julio-en-bahia-blanca\/\"]}]},{\"@type\":\"BreadcrumbList\",\"@id\":\"https:\/\/www.noticiasradioreflejos.com.ar\/2021\/restaurantes-y-bares-reabriran-el-27-de-julio-en-bahia-blanca\/#breadcrumb\",\"itemListElement\":[{\"@type\":\"ListItem\",\"position\":1,\"name\":\"Portada\",\"item\":\"https:\/\/www.noticiasradioreflejos.com.ar\/2021\/\"},{\"@type\":\"ListItem\",\"position\":2,\"name\":\"Restaurantes y bares reabrir\u00e1n el 27 de julio en Bah\u00eda Blanca\"}]},{\"@type\":\"WebSite\",\"@id\":\"https:\/\/www.noticiasradioreflejos.com.ar\/2021\/#website\",\"url\":\"https:\/\/www.noticiasradioreflejos.com.ar\/2021\/\",\"name\":\"Noticias Radio Reflejos\",\"description\":\"Las noticias de mi comarca\",\"potentialAction\":[{\"@type\":\"SearchAction\",\"target\":{\"@type\":\"EntryPoint\",\"urlTemplate\":\"https:\/\/www.noticiasradioreflejos.com.ar\/2021\/?s={search_term_string}\"},\"query-input\":{\"@type\":\"PropertyValueSpecification\",\"valueRequired\":true,\"valueName\":\"search_term_string\"}}],\"inLanguage\":\"es\"},{\"@type\":\"Person\",\"@id\":\"https:\/\/www.noticiasradioreflejos.com.ar\/2021\/#\/schema\/person\/ad82545263dcc5ec0996818884fd5fb1\",\"name\":\"Arnaldo Botto\",\"image\":{\"@type\":\"ImageObject\",\"inLanguage\":\"es\",\"@id\":\"https:\/\/www.noticiasradioreflejos.com.ar\/2021\/#\/schema\/person\/image\/\",\"url\":\"https:\/\/secure.gravatar.com\/avatar\/55cb5e37c1efa326397366e6974cb338056df65cb50e7d64d1cf314e87504837?s=96&d=mm&r=g\",\"contentUrl\":\"https:\/\/secure.gravatar.com\/avatar\/55cb5e37c1efa326397366e6974cb338056df65cb50e7d64d1cf314e87504837?s=96&d=mm&r=g\",\"caption\":\"Arnaldo Botto\"},\"url\":\"https:\/\/www.noticiasradioreflejos.com.ar\/2021\/author\/arnaldo\/\"}]}<\/script>\n<!-- \/ Yoast SEO plugin. -->","yoast_head_json":{"title":"Restaurantes y bares reabrir\u00e1n el 27 de julio en Bah\u00eda Blanca - Noticias Radio Reflejos","robots":{"index":"index","follow":"follow","max-snippet":"max-snippet:-1","max-image-preview":"max-image-preview:large","max-video-preview":"max-video-preview:-1"},"canonical":"https:\/\/www.noticiasradioreflejos.com.ar\/2021\/restaurantes-y-bares-reabriran-el-27-de-julio-en-bahia-blanca\/","og_locale":"es_ES","og_type":"article","og_title":"Restaurantes y bares reabrir\u00e1n el 27 de julio en Bah\u00eda Blanca - Noticias Radio Reflejos","og_description":"Los restaurantes y bares del partido de Bah\u00eda Blanca, en el sur bonaerense, reabrir\u00e1n sus puertas el pr\u00f3ximo el 27 de julio con estrictos protocolos sanitarios, tras m\u00e1s de 125 d\u00edas de cierre forzados por la pandemia de coronavirus, informaron hoy fuentes comunales.","og_url":"https:\/\/www.noticiasradioreflejos.com.ar\/2021\/restaurantes-y-bares-reabriran-el-27-de-julio-en-bahia-blanca\/","og_site_name":"Noticias Radio Reflejos","article_published_time":"2020-07-20T22:15:33+00:00","og_image":[{"width":300,"height":200,"url":"https:\/\/www.noticiasradioreflejos.com.ar\/2021\/wp-content\/uploads\/2021\/07\/logosol300x200.png","type":"image\/png"}],"author":"Arnaldo Botto","twitter_card":"summary_large_image","schema":{"@context":"https:\/\/schema.org","@graph":[{"@type":"WebPage","@id":"https:\/\/www.noticiasradioreflejos.com.ar\/2021\/restaurantes-y-bares-reabriran-el-27-de-julio-en-bahia-blanca\/","url":"https:\/\/www.noticiasradioreflejos.com.ar\/2021\/restaurantes-y-bares-reabriran-el-27-de-julio-en-bahia-blanca\/","name":"Restaurantes y bares reabrir\u00e1n el 27 de julio en Bah\u00eda Blanca - Noticias Radio Reflejos","isPartOf":{"@id":"https:\/\/www.noticiasradioreflejos.com.ar\/2021\/#website"},"datePublished":"2020-07-20T22:15:33+00:00","author":{"@id":"https:\/\/www.noticiasradioreflejos.com.ar\/2021\/#\/schema\/person\/ad82545263dcc5ec0996818884fd5fb1"},"breadcrumb":{"@id":"https:\/\/www.noticiasradioreflejos.com.ar\/2021\/restaurantes-y-bares-reabriran-el-27-de-julio-en-bahia-blanca\/#breadcrumb"},"inLanguage":"es","potentialAction":[{"@type":"ReadAction","target":["https:\/\/www.noticiasradioreflejos.com.ar\/2021\/restaurantes-y-bares-reabriran-el-27-de-julio-en-bahia-blanca\/"]}]},{"@type":"BreadcrumbList","@id":"https:\/\/www.noticiasradioreflejos.com.ar\/2021\/restaurantes-y-bares-reabriran-el-27-de-julio-en-bahia-blanca\/#breadcrumb","itemListElement":[{"@type":"ListItem","position":1,"name":"Portada","item":"https:\/\/www.noticiasradioreflejos.com.ar\/2021\/"},{"@type":"ListItem","position":2,"name":"Restaurantes y bares reabrir\u00e1n el 27 de julio en Bah\u00eda Blanca"}]},{"@type":"WebSite","@id":"https:\/\/www.noticiasradioreflejos.com.ar\/2021\/#website","url":"https:\/\/www.noticiasradioreflejos.com.ar\/2021\/","name":"Noticias Radio Reflejos","description":"Las noticias de mi comarca","potentialAction":[{"@type":"SearchAction","target":{"@type":"EntryPoint","urlTemplate":"https:\/\/www.noticiasradioreflejos.com.ar\/2021\/?s={search_term_string}"},"query-input":{"@type":"PropertyValueSpecification","valueRequired":true,"valueName":"search_term_string"}}],"inLanguage":"es"},{"@type":"Person","@id":"https:\/\/www.noticiasradioreflejos.com.ar\/2021\/#\/schema\/person\/ad82545263dcc5ec0996818884fd5fb1","name":"Arnaldo Botto","image":{"@type":"ImageObject","inLanguage":"es","@id":"https:\/\/www.noticiasradioreflejos.com.ar\/2021\/#\/schema\/person\/image\/","url":"https:\/\/secure.gravatar.com\/avatar\/55cb5e37c1efa326397366e6974cb338056df65cb50e7d64d1cf314e87504837?s=96&d=mm&r=g","contentUrl":"https:\/\/secure.gravatar.com\/avatar\/55cb5e37c1efa326397366e6974cb338056df65cb50e7d64d1cf314e87504837?s=96&d=mm&r=g","caption":"Arnaldo Botto"},"url":"https:\/\/www.noticiasradioreflejos.com.ar\/2021\/author\/arnaldo\/"}]}},"_links":{"self":[{"href":"https:\/\/www.noticiasradioreflejos.com.ar\/2021\/wp-json\/wp\/v2\/posts\/44661","targetHints":{"allow":["GET"]}}],"collection":[{"href":"https:\/\/www.noticiasradioreflejos.com.ar\/2021\/wp-json\/wp\/v2\/posts"}],"about":[{"href":"https:\/\/www.noticiasradioreflejos.com.ar\/2021\/wp-json\/wp\/v2\/types\/post"}],"author":[{"embeddable":true,"href":"https:\/\/www.noticiasradioreflejos.com.ar\/2021\/wp-json\/wp\/v2\/users\/3"}],"replies":[{"embeddable":true,"href":"https:\/\/www.noticiasradioreflejos.com.ar\/2021\/wp-json\/wp\/v2\/comments?post=44661"}],"version-history":[{"count":0,"href":"https:\/\/www.noticiasradioreflejos.com.ar\/2021\/wp-json\/wp\/v2\/posts\/44661\/revisions"}],"wp:attachment":[{"href":"https:\/\/www.noticiasradioreflejos.com.ar\/2021\/wp-json\/wp\/v2\/media?parent=44661"}],"wp:term":[{"taxonomy":"category","embeddable":true,"href":"https:\/\/www.noticiasradioreflejos.com.ar\/2021\/wp-json\/wp\/v2\/categories?post=44661"},{"taxonomy":"post_tag","embeddable":true,"href":"https:\/\/www.noticiasradioreflejos.com.ar\/2021\/wp-json\/wp\/v2\/tags?post=44661"}],"curies":[{"name":"wp","href":"https:\/\/api.w.org\/{rel}","templated":true}]}}