{"id":44628,"date":"2020-07-20T13:05:24","date_gmt":"2020-07-20T16:05:24","guid":{"rendered":"http:\/\/www.noticiasradioreflejos.com.ar\/noticias\/?p=44628"},"modified":"2020-07-20T13:05:24","modified_gmt":"2020-07-20T16:05:24","slug":"monte-hermoso-vuelve-a-fase-5-pero-sin-reuniones-sociales","status":"publish","type":"post","link":"https:\/\/www.noticiasradioreflejos.com.ar\/2021\/monte-hermoso-vuelve-a-fase-5-pero-sin-reuniones-sociales\/","title":{"rendered":"Monte Hermoso vuelve a Fase 5 pero sin reuniones sociales"},"content":{"rendered":"<p>Esta ma\u00f1ana, el intendente Alejandro Dichiara junto al secretario de Salud, Dr. Jorge Busca anunciaron el regreso de Monte Hermoso a Fase 5 \u201csin reuniones sociales\u201d, por lo que los comercios en su totalidad podr\u00e1n reabrir sus puertas desde hoy.<!--more--><br \/>\nTras confirmarse el primer positivo de COVID- 19, y haber vuelto a Fase 1 preventivamente desde el pasado jueves 16 hasta hoy lunes, el Jefe Comunal confirm\u00f3 que a\u00fan se espera el resultado de seis hisopados de vecinos que estuvieron en contacto estrecho con el caso positivo y pidi\u00f3 \u201cque todos nos cuidemos m\u00e1s que nunca, respetando el distanciamiento y el uso de barbijo\u201d.<\/p>\n<p>\u201cVamos a seguir trabajando fuertemente en el control del ingreso, solo podr\u00e1n acceder personas domiciliadas como se ven\u00eda haciendo hasta ahora y todos deber\u00e1n realizar 14 d\u00edas de aislamiento, sin importar de que ciudad vengan\u201d aclar\u00f3.<\/p>\n<p>\u201cDesde hoy volvemos a Fase 5, con la apertura total de los comercios, lugares que desde el inicio de la pandemia han colaborado tomado todos los recaudos; volvemos a toda actividad econ\u00f3mica y laboral y a las salidas de esparcimiento\u201d.<\/p>\n<p>El Intendente aclar\u00f3 que \u201cse suspenden las reuniones sociales hasta nuevo aviso, sabiendo que son \u00e9stas los focos m\u00e1s contagiosos y les pedimos responsabilidad y conciencia como hasta ahora, aunque desde el Estado estaremos atentos corroborando el cumplimiento de todas las medidas sanitarias\u201d.<\/p>\n<p>Por su parte, el Dr. Busca confirm\u00f3 que enterados del posible contagio de vecinos que estuvieron en Dorrego, \u201cinmediatamente realizamos la b\u00fasqueda epidemiol\u00f3gica, hisopamos a todos los contactos estrechos, adem\u00e1s de aislar preventivamente a personas que de manera directa o indirecta se hab\u00edan relacionado con estos casos\u201d.<\/p>\n<p>\u201cHoy tenemos 6 pacientes considerados contactos estrechos que ya fueron hisopados aunque por saturaci\u00f3n del Laboratorio del Hospital Penna a\u00fan no tenemos los resultados, por ello se tom\u00f3 la decisi\u00f3n de reenviar las muestras a un Instituto privado para enterarnos cuanto antes\u201d.<\/p>\n<p>\u201cHicimos un esfuerzo muy grande pero la posibilidad de que ingrese el virus siempre estuvo presente, como sucedi\u00f3 esta semana en varios distritos que tampoco presentaban casos\u201d.<\/p>\n<p>El secretario de Salud Municipal record\u00f3 que \u201clos afectados que presentan mayor gravedad son los mayores de 60 a\u00f1os o personas con patolog\u00edas de base\u201d por lo que pidi\u00f3 \u201cresponsabilidad y solidaridad\u201d.<\/p>\n","protected":false},"excerpt":{"rendered":"<p>Esta ma\u00f1ana, el intendente Alejandro Dichiara junto al secretario de Salud, Dr. Jorge Busca anunciaron el regreso de Monte Hermoso a Fase 5 \u201csin reuniones sociales\u201d, por lo que los comercios en su totalidad podr\u00e1n reabrir sus puertas desde hoy.<\/p>\n","protected":false},"author":3,"featured_media":0,"comment_status":"closed","ping_status":"open","sticky":false,"template":"","format":"standard","meta":{"footnotes":""},"categories":[30],"tags":[],"class_list":["post-44628","post","type-post","status-publish","format-standard","hentry","category-salud"],"yoast_head":"<!-- This site is optimized with the Yoast SEO plugin v25.9 - https:\/\/yoast.com\/wordpress\/plugins\/seo\/ -->\n<title>Monte Hermoso vuelve a Fase 5 pero sin reuniones sociales - Noticias Radio Reflejos<\/title>\n<meta name=\"robots\" content=\"index, follow, max-snippet:-1, max-image-preview:large, max-video-preview:-1\" \/>\n<link rel=\"canonical\" href=\"https:\/\/www.noticiasradioreflejos.com.ar\/2021\/monte-hermoso-vuelve-a-fase-5-pero-sin-reuniones-sociales\/\" \/>\n<meta property=\"og:locale\" content=\"es_ES\" \/>\n<meta property=\"og:type\" content=\"article\" \/>\n<meta property=\"og:title\" content=\"Monte Hermoso vuelve a Fase 5 pero sin reuniones sociales - Noticias Radio Reflejos\" \/>\n<meta property=\"og:description\" content=\"Esta ma\u00f1ana, el intendente Alejandro Dichiara junto al secretario de Salud, Dr. Jorge Busca anunciaron el regreso de Monte Hermoso a Fase 5 \u201csin reuniones sociales\u201d, por lo que los comercios en su totalidad podr\u00e1n reabrir sus puertas desde hoy.\" \/>\n<meta property=\"og:url\" content=\"https:\/\/www.noticiasradioreflejos.com.ar\/2021\/monte-hermoso-vuelve-a-fase-5-pero-sin-reuniones-sociales\/\" \/>\n<meta property=\"og:site_name\" content=\"Noticias Radio Reflejos\" \/>\n<meta property=\"article:published_time\" content=\"2020-07-20T16:05:24+00:00\" \/>\n<meta property=\"og:image\" content=\"https:\/\/www.noticiasradioreflejos.com.ar\/2021\/wp-content\/uploads\/2021\/07\/logosol300x200.png\" \/>\n\t<meta property=\"og:image:width\" content=\"300\" \/>\n\t<meta property=\"og:image:height\" content=\"200\" \/>\n\t<meta property=\"og:image:type\" content=\"image\/png\" \/>\n<meta name=\"author\" content=\"Arnaldo Botto\" \/>\n<meta name=\"twitter:card\" content=\"summary_large_image\" \/>\n<script type=\"application\/ld+json\" class=\"yoast-schema-graph\">{\"@context\":\"https:\/\/schema.org\",\"@graph\":[{\"@type\":\"WebPage\",\"@id\":\"https:\/\/www.noticiasradioreflejos.com.ar\/2021\/monte-hermoso-vuelve-a-fase-5-pero-sin-reuniones-sociales\/\",\"url\":\"https:\/\/www.noticiasradioreflejos.com.ar\/2021\/monte-hermoso-vuelve-a-fase-5-pero-sin-reuniones-sociales\/\",\"name\":\"Monte Hermoso vuelve a Fase 5 pero sin reuniones sociales - Noticias Radio Reflejos\",\"isPartOf\":{\"@id\":\"https:\/\/www.noticiasradioreflejos.com.ar\/2021\/#website\"},\"datePublished\":\"2020-07-20T16:05:24+00:00\",\"author\":{\"@id\":\"https:\/\/www.noticiasradioreflejos.com.ar\/2021\/#\/schema\/person\/ad82545263dcc5ec0996818884fd5fb1\"},\"breadcrumb\":{\"@id\":\"https:\/\/www.noticiasradioreflejos.com.ar\/2021\/monte-hermoso-vuelve-a-fase-5-pero-sin-reuniones-sociales\/#breadcrumb\"},\"inLanguage\":\"es\",\"potentialAction\":[{\"@type\":\"ReadAction\",\"target\":[\"https:\/\/www.noticiasradioreflejos.com.ar\/2021\/monte-hermoso-vuelve-a-fase-5-pero-sin-reuniones-sociales\/\"]}]},{\"@type\":\"BreadcrumbList\",\"@id\":\"https:\/\/www.noticiasradioreflejos.com.ar\/2021\/monte-hermoso-vuelve-a-fase-5-pero-sin-reuniones-sociales\/#breadcrumb\",\"itemListElement\":[{\"@type\":\"ListItem\",\"position\":1,\"name\":\"Portada\",\"item\":\"https:\/\/www.noticiasradioreflejos.com.ar\/2021\/\"},{\"@type\":\"ListItem\",\"position\":2,\"name\":\"Monte Hermoso vuelve a Fase 5 pero sin reuniones sociales\"}]},{\"@type\":\"WebSite\",\"@id\":\"https:\/\/www.noticiasradioreflejos.com.ar\/2021\/#website\",\"url\":\"https:\/\/www.noticiasradioreflejos.com.ar\/2021\/\",\"name\":\"Noticias Radio Reflejos\",\"description\":\"Las noticias de mi comarca\",\"potentialAction\":[{\"@type\":\"SearchAction\",\"target\":{\"@type\":\"EntryPoint\",\"urlTemplate\":\"https:\/\/www.noticiasradioreflejos.com.ar\/2021\/?s={search_term_string}\"},\"query-input\":{\"@type\":\"PropertyValueSpecification\",\"valueRequired\":true,\"valueName\":\"search_term_string\"}}],\"inLanguage\":\"es\"},{\"@type\":\"Person\",\"@id\":\"https:\/\/www.noticiasradioreflejos.com.ar\/2021\/#\/schema\/person\/ad82545263dcc5ec0996818884fd5fb1\",\"name\":\"Arnaldo Botto\",\"image\":{\"@type\":\"ImageObject\",\"inLanguage\":\"es\",\"@id\":\"https:\/\/www.noticiasradioreflejos.com.ar\/2021\/#\/schema\/person\/image\/\",\"url\":\"https:\/\/secure.gravatar.com\/avatar\/55cb5e37c1efa326397366e6974cb338056df65cb50e7d64d1cf314e87504837?s=96&d=mm&r=g\",\"contentUrl\":\"https:\/\/secure.gravatar.com\/avatar\/55cb5e37c1efa326397366e6974cb338056df65cb50e7d64d1cf314e87504837?s=96&d=mm&r=g\",\"caption\":\"Arnaldo Botto\"},\"url\":\"https:\/\/www.noticiasradioreflejos.com.ar\/2021\/author\/arnaldo\/\"}]}<\/script>\n<!-- \/ Yoast SEO plugin. -->","yoast_head_json":{"title":"Monte Hermoso vuelve a Fase 5 pero sin reuniones sociales - Noticias Radio Reflejos","robots":{"index":"index","follow":"follow","max-snippet":"max-snippet:-1","max-image-preview":"max-image-preview:large","max-video-preview":"max-video-preview:-1"},"canonical":"https:\/\/www.noticiasradioreflejos.com.ar\/2021\/monte-hermoso-vuelve-a-fase-5-pero-sin-reuniones-sociales\/","og_locale":"es_ES","og_type":"article","og_title":"Monte Hermoso vuelve a Fase 5 pero sin reuniones sociales - Noticias Radio Reflejos","og_description":"Esta ma\u00f1ana, el intendente Alejandro Dichiara junto al secretario de Salud, Dr. Jorge Busca anunciaron el regreso de Monte Hermoso a Fase 5 \u201csin reuniones sociales\u201d, por lo que los comercios en su totalidad podr\u00e1n reabrir sus puertas desde hoy.","og_url":"https:\/\/www.noticiasradioreflejos.com.ar\/2021\/monte-hermoso-vuelve-a-fase-5-pero-sin-reuniones-sociales\/","og_site_name":"Noticias Radio Reflejos","article_published_time":"2020-07-20T16:05:24+00:00","og_image":[{"width":300,"height":200,"url":"https:\/\/www.noticiasradioreflejos.com.ar\/2021\/wp-content\/uploads\/2021\/07\/logosol300x200.png","type":"image\/png"}],"author":"Arnaldo Botto","twitter_card":"summary_large_image","schema":{"@context":"https:\/\/schema.org","@graph":[{"@type":"WebPage","@id":"https:\/\/www.noticiasradioreflejos.com.ar\/2021\/monte-hermoso-vuelve-a-fase-5-pero-sin-reuniones-sociales\/","url":"https:\/\/www.noticiasradioreflejos.com.ar\/2021\/monte-hermoso-vuelve-a-fase-5-pero-sin-reuniones-sociales\/","name":"Monte Hermoso vuelve a Fase 5 pero sin reuniones sociales - Noticias Radio Reflejos","isPartOf":{"@id":"https:\/\/www.noticiasradioreflejos.com.ar\/2021\/#website"},"datePublished":"2020-07-20T16:05:24+00:00","author":{"@id":"https:\/\/www.noticiasradioreflejos.com.ar\/2021\/#\/schema\/person\/ad82545263dcc5ec0996818884fd5fb1"},"breadcrumb":{"@id":"https:\/\/www.noticiasradioreflejos.com.ar\/2021\/monte-hermoso-vuelve-a-fase-5-pero-sin-reuniones-sociales\/#breadcrumb"},"inLanguage":"es","potentialAction":[{"@type":"ReadAction","target":["https:\/\/www.noticiasradioreflejos.com.ar\/2021\/monte-hermoso-vuelve-a-fase-5-pero-sin-reuniones-sociales\/"]}]},{"@type":"BreadcrumbList","@id":"https:\/\/www.noticiasradioreflejos.com.ar\/2021\/monte-hermoso-vuelve-a-fase-5-pero-sin-reuniones-sociales\/#breadcrumb","itemListElement":[{"@type":"ListItem","position":1,"name":"Portada","item":"https:\/\/www.noticiasradioreflejos.com.ar\/2021\/"},{"@type":"ListItem","position":2,"name":"Monte Hermoso vuelve a Fase 5 pero sin reuniones sociales"}]},{"@type":"WebSite","@id":"https:\/\/www.noticiasradioreflejos.com.ar\/2021\/#website","url":"https:\/\/www.noticiasradioreflejos.com.ar\/2021\/","name":"Noticias Radio Reflejos","description":"Las noticias de mi comarca","potentialAction":[{"@type":"SearchAction","target":{"@type":"EntryPoint","urlTemplate":"https:\/\/www.noticiasradioreflejos.com.ar\/2021\/?s={search_term_string}"},"query-input":{"@type":"PropertyValueSpecification","valueRequired":true,"valueName":"search_term_string"}}],"inLanguage":"es"},{"@type":"Person","@id":"https:\/\/www.noticiasradioreflejos.com.ar\/2021\/#\/schema\/person\/ad82545263dcc5ec0996818884fd5fb1","name":"Arnaldo Botto","image":{"@type":"ImageObject","inLanguage":"es","@id":"https:\/\/www.noticiasradioreflejos.com.ar\/2021\/#\/schema\/person\/image\/","url":"https:\/\/secure.gravatar.com\/avatar\/55cb5e37c1efa326397366e6974cb338056df65cb50e7d64d1cf314e87504837?s=96&d=mm&r=g","contentUrl":"https:\/\/secure.gravatar.com\/avatar\/55cb5e37c1efa326397366e6974cb338056df65cb50e7d64d1cf314e87504837?s=96&d=mm&r=g","caption":"Arnaldo Botto"},"url":"https:\/\/www.noticiasradioreflejos.com.ar\/2021\/author\/arnaldo\/"}]}},"_links":{"self":[{"href":"https:\/\/www.noticiasradioreflejos.com.ar\/2021\/wp-json\/wp\/v2\/posts\/44628","targetHints":{"allow":["GET"]}}],"collection":[{"href":"https:\/\/www.noticiasradioreflejos.com.ar\/2021\/wp-json\/wp\/v2\/posts"}],"about":[{"href":"https:\/\/www.noticiasradioreflejos.com.ar\/2021\/wp-json\/wp\/v2\/types\/post"}],"author":[{"embeddable":true,"href":"https:\/\/www.noticiasradioreflejos.com.ar\/2021\/wp-json\/wp\/v2\/users\/3"}],"replies":[{"embeddable":true,"href":"https:\/\/www.noticiasradioreflejos.com.ar\/2021\/wp-json\/wp\/v2\/comments?post=44628"}],"version-history":[{"count":0,"href":"https:\/\/www.noticiasradioreflejos.com.ar\/2021\/wp-json\/wp\/v2\/posts\/44628\/revisions"}],"wp:attachment":[{"href":"https:\/\/www.noticiasradioreflejos.com.ar\/2021\/wp-json\/wp\/v2\/media?parent=44628"}],"wp:term":[{"taxonomy":"category","embeddable":true,"href":"https:\/\/www.noticiasradioreflejos.com.ar\/2021\/wp-json\/wp\/v2\/categories?post=44628"},{"taxonomy":"post_tag","embeddable":true,"href":"https:\/\/www.noticiasradioreflejos.com.ar\/2021\/wp-json\/wp\/v2\/tags?post=44628"}],"curies":[{"name":"wp","href":"https:\/\/api.w.org\/{rel}","templated":true}]}}