{"id":44616,"date":"2020-07-20T11:39:03","date_gmt":"2020-07-20T14:39:03","guid":{"rendered":"http:\/\/www.noticiasradioreflejos.com.ar\/noticias\/?p=44616"},"modified":"2020-07-20T11:39:03","modified_gmt":"2020-07-20T14:39:03","slug":"comunicacion-conjunta-n-42020-iingreso-a-la-docencia-20202021-ampliatoria","status":"publish","type":"post","link":"https:\/\/www.noticiasradioreflejos.com.ar\/2021\/comunicacion-conjunta-n-42020-iingreso-a-la-docencia-20202021-ampliatoria\/","title":{"rendered":"Comunicaci\u00f3n conjunta N\u00b0 4\/2020  &#8211; Ingreso a la docencia 2020\/2021 ampliatoria"},"content":{"rendered":"<p><strong>Comunicaci\u00f3n conjunta n\u00b0 04\/2020 Ampliatoria de pautas y cronograma de acciones ingreso a la docencia 2020 \u2013 listado oficial 2021<\/strong><!--more--><br \/>\nTRIBUNALES DE CLASIFICACI\u00d3N DESCENTRALIZADOS<br \/>\nSECRETAR\u00cdAS DE ASUNTOS DOCENTES<\/p>\n<p>JEFATURAS DE INSPECCI\u00d3N REGIONALES Y DISTRITALES<br \/>\nINSPECTORES DE ENSE\u00d1ANZA<br \/>\nEQUIPOS DIRECTIVOS<br \/>\nDOCENTES<\/p>\n<p>En el mes de marzo la Direcci\u00f3n de Tribunales de Clasificaci\u00f3n y la Direcci\u00f3n de Gesti\u00f3n de Asuntos Docentes, emitieron la Comunicaci\u00f3n Conjunta No 01\/2020 Pautas y Cronograma de Acciones Ingreso a la Docencia 2020 &#8211; Listado Oficial 2021, antes de que se hubiese declarado la Emergencia Sanitaria por 180 d\u00edas y restringido el desarrollo de actividades presenciales.<br \/>\nLa actividad institucional, sin embargo, contin\u00faa desarroll\u00e1ndose mediante diversas herramientas aplicadas a la continuidad pedag\u00f3gica, esta vez de manera virtual. Dada la actual situaci\u00f3n excepcional, resulta necesario instrumentar algunas nuevas pautas referidas al Ingreso a la Docencia, con el fin de dar respuesta y favorecer la inscripci\u00f3n de aquellos\/as aspirantes que lo hacen por primera vez y al mismo tiempo para todas\/os las\/os docentes que requieren rectificar sus datos de ingreso. Es por ello, que hemos dise\u00f1ado en conjunto, el Ingreso por Autogesti\u00f3n y las pautas que servir\u00e1n de gu\u00eda para concretar exitosamente el tr\u00e1mite.<br \/>\nNo obstante, debemos aclarar que toda inscripci\u00f3n realizada mediante este sistema, tanto para las\/os aspirantes de primera vez como para las\/os que realicen rectificaciones tendr\u00e1 car\u00e1cter de Declaraci\u00f3n Jurada y ser\u00e1 constatada por los organismos intervinientes, lo que no deslindar\u00e1 la responsabilidad de presentar las debidas constancias en formato papel, una vez reintegradas las actividades presenciales, mediante la organizaci\u00f3n de turnos o como dispongan las respectivas dependencias. Es decir, que la presentaci\u00f3n de la documentaci\u00f3n seguir\u00e1 teniendo car\u00e1cter obligatorio, solo se prorrogar\u00e1 hasta el momento oportuno, otorgando un plazo no mayor a 30 d\u00edas, una vez levantado el ASPO. En caso de no realizar la presentaci\u00f3n, la inscripci\u00f3n se tornar\u00e1 inv\u00e1lida. De id\u00e9ntico modo se proceder\u00e1 respecto de la documentaci\u00f3n referida a las rectificaciones, las que quedar\u00e1n invalidadas por la falta de presentaci\u00f3n. La consignaci\u00f3n de datos falsos dar\u00e1 lugar a la consecuente exclusi\u00f3n de listado y las correspondientes<br \/>\nacciones disciplinarias.<br \/>\nLas\/los aspirantes que encuentren inconvenientes para registrarse o, no puedan utilizar el servicio \u201cIID\u201d (Inscripci\u00f3n Ingreso a la Docencia) por fallas en el mismo podr\u00e1n consultar el servicio de Mesa de Ayuda (infoayuda@abc.gob.ar) donde obtendr\u00e1n la gu\u00eda necesaria para cumplir con el requisito de autogestionar su usuario\/contrase\u00f1a.<\/p>\n<p>PAUTAS PARA LA INSCRIPCI\u00d3N POR PRIMERA VEZ EN LISTADO OFICIAL<\/p>\n<p>La inscripci\u00f3n al Ingreso a la Docencia de aquellos\/as docentes que se inscriban por primera vez en el Listado Oficial se realizar\u00e1 de la siguiente manera:<br \/>\nSe deber\u00e1n registrar en la plataforma ABC, si a\u00fan no se encuentran registrados. Una vez registrados, ingresar\u00e1n a la solapa: \u201cservicios.abc.gob.ar\u201d- Servado y se dirigir\u00e1n al link que indica: inscripci\u00f3n en el Listado Oficial 2020-2021, donde cumplimentar\u00e1n la Declaraci\u00f3n Jurada en l\u00ednea.<br \/>\nDebemos aclarar que aquellas\/os docentes que tuvieren una inscripci\u00f3n en los listados 108 A ampliatorio, 108 A in-fine realizada en el a\u00f1o 2019 y listado 108 A in-fine 2020 ( hasta 13 de marzo del corriente) , una vez que se registren, ser\u00e1n direccionados al Ingreso Digital com\u00fan para cualquiera otro\/a aspirante, all\u00ed deber\u00e1n completar su solicitud manifestando su acuerdo o desacuerdo con los datos consignados, y en este \u00faltimo caso, en forma posterior, deber\u00e1n ingresar siguiendo las indicaciones de las pautas para rectificar datos.<br \/>\nConsideraciones para la carga de datos de la Declaraci\u00f3n Jurada<br \/>\nLa Declaraci\u00f3n Jurada, cumplimentada por el aspirante, generar\u00e1 un comprobante de inscripci\u00f3n, y le permitir\u00e1 visualizar su inscripci\u00f3n. Los documentos adjuntados, ser\u00e1n remitidos a los Tribunales de Clasificaci\u00f3n Descentralizados para su posterior an\u00e1lisis y carga en el Sistema.<br \/>\nPasos de la Declaraci\u00f3n Jurada digital<br \/>\n1.- DATOS PERSONALES: Se considerar\u00e1n los datos informados por el aspirante en Declaraci\u00f3n Jurada.<br \/>\na) DOMICILIO: como domicilio real ser\u00e1 considerado el que figura consignado en el DNI (adjuntado por el aspirante), de acuerdo con lo establecido en el Art. 60o inc. d) del Estatuto del Docente, Decretos Reglamentarios y Resoluci\u00f3n No 784\/03.<\/p>\n<p>Adjuntar DNI (frente y dorso) ESCANEADO, caso contrario no se le permitir\u00e1 continuar con su<br \/>\ndeclaraci\u00f3n jurada de inscripci\u00f3n.<\/p>\n<p>2.- DISTRITOS SOLICITADOS: Se deber\u00e1n consignar como m\u00e1ximo tres (3) distritos, incluido o no, el de residencia. Si el interesado no consign\u00f3 ninguno, no podr\u00e1 continuar con su inscripci\u00f3n.<\/p>\n<p>3.- NIVELES O MODALIDADES SOLICITADAS: El docente ser\u00e1 habilitado para el ingreso a la docencia en los niveles y\/o modalidades de acuerdo a los t\u00edtulos que declare y se encuentren habilitados conforme al Nomenclador.<\/p>\n<p>4.-CARGO TITULAR: Ser\u00e1n considerados los datos declarados por el interesado, teniendo especial atenci\u00f3n en aquellos casos en que se hubiera modificado su situaci\u00f3n de revista (acrecentamiento, titularizaci\u00f3n interina, renuncia, etc.). Cabe aclarar que se debe adjuntar los cargos\/m\u00f3dulos\/horas titulares que posea en cualquier servicio educativo.<br \/>\nAdjuntar documentaci\u00f3n probatoria ESCANEADA.<\/p>\n<p>5.-ANTIG\u00dcEDAD y CALIFICACI\u00d3N:<br \/>\na) ANTIG\u00dcEDAD Se proceder\u00e1 a asignar toda la antig\u00fcedad (certificada por autoridad escolar) que el aspirante declare hasta el ciclo lectivo 2019.<br \/>\nb) CALIFICACI\u00d3N: se consignar\u00e1n las calificaciones certificadas (SET4, copia de PDD, Nota) correspondientes a los dos (2) \u00faltimos a\u00f1os en que haya sido calificado el aspirante en el cargo, m\u00f3dulos y\/u horas c\u00e1tedra.<br \/>\nAdjuntar documentaci\u00f3n probatoria, ESCANEADA.<\/p>\n<p>6.- T\u00cdTULOS HABILITANTES: Ser\u00e1n considerados todos los t\u00edtulos que se encuentren en el nomenclador vigente.<br \/>\nObservaciones:<br \/>\n*Los t\u00edtulos habilitantes podr\u00e1n ser consultados en el nomenclador vigente publicado en el portal ABC. Adjuntar T\u00cdTULO\/S ESCANEADO\/S, caso contrario no se le permitir\u00e1 continuar con su declaraci\u00f3n jurada de inscripci\u00f3n.<br \/>\nEn el caso de que el aspirante no cuente con el t\u00edtulo correspondiente, se admitir\u00e1n las constancias de los\/as aspirantes egresados de los Institutos Superiores de Formaci\u00f3n Docente y\/o T\u00e9cnico y de las instituciones ajenas a la D.G.C.Y E. (Institutos y Universidades), que solicitaron la v\u00eda de excepci\u00f3n y que hayan obtenido el aval. Adjuntar Certificado\/s ESCANEADO\/S o FOTO.<\/p>\n<p>7.- T\u00cdTULOS Y CURSOS BONIFICANTES: se detallar\u00e1 en el sistema la denominaci\u00f3n del t\u00edtulo\/ cursos, el organismo que lo expidi\u00f3 y n\u00famero de Resoluci\u00f3n de plan de estudios en caso de que se consigne. El mismo debe coincidir con la documentaci\u00f3n escaneada.<br \/>\nObservaciones:<br \/>\n*Los t\u00edtulos y\/o cursos bonificantes podr\u00e1n ser consultados en el nomenclador vigente publicado en el portal ABC.<br \/>\nAdjuntar T\u00cdTULO\/S Y CURSOS BONIFICANTES ESCANEADO.<\/p>\n<p>8.- DECRETO 258: se proceder\u00e1 a cargar la informaci\u00f3n consignada por el aspirante.<\/p>\n<p>INFORMACI\u00d3N PARA EL ASPIRANTE<br \/>\nConsideraciones de Ingreso por autogesti\u00f3n por primera vez<br \/>\nEl aspirante podr\u00e1 cumplimentar, a trav\u00e9s de la plataforma ABC los datos requeridos en la Declaraci\u00f3n Jurada Digital, sin necesidad de concurrir a la Secretar\u00eda de Asuntos Docentes.<br \/>\nDeber\u00e1 consignar los datos en la declaraci\u00f3n jurada de inscripci\u00f3n, en inscripci\u00f3n en el Listado Oficial 2020-2021<br \/>\nUna vez finalizada la inscripci\u00f3n se podr\u00e1 verificar la autogesti\u00f3n visitando el link \u201cDeclaraci\u00f3n Jurada Digital Oficial\u201d.<br \/>\nIMPORTANTE: En caso de ingresar en reiteradas oportunidades a efectos de agregar\/rectificar<br \/>\ninformaci\u00f3n, ser\u00e1 considerado como v\u00e1lido el \u00faltimo ingreso al sistema.<br \/>\nTodos los archivos que se adjunten, deben tener el formato PDF, JPG, de otra forma el sistema no lo procesar\u00e1.<\/p>\n<p>PAUTAS PARA LA RECTIFICACI\u00d3N DE DATOS EN LA INSCRIPCI\u00d3N EN LISTADO<br \/>\nOFICIAL<\/p>\n<p>La rectificaci\u00f3n de autogesti\u00f3n al Ingreso a la Docencia Listado Oficial se realizar\u00e1 de la siguiente<br \/>\nmanera:<br \/>\nSe deber\u00e1 ingresar en la plataforma ABC, con su usuario, una vez en ella deber\u00e1n ingresar a la solapa \u201cservicios.abc.gob.ar\u201d- Servado y dirigirse al link que indica Rectificaci\u00f3n por Autogesti\u00f3n en el Listado Oficial 2020-2021, cumplimentando la planilla all\u00ed detallada.<br \/>\nConsideraciones para la carga de datos de la rectificaci\u00f3n de autogesti\u00f3n La rectificaci\u00f3n de autogesti\u00f3n ser\u00e1 cumplimentada por el aspirante y generar\u00e1 un comprobante de<br \/>\nrectificaci\u00f3n, asimismo los documentos adjuntados ser\u00e1n remitidos desde el nivel central para su posterior an\u00e1lisis y carga en el sistema por parte de los Tribunales de Clasificaci\u00f3n Descentralizados.<br \/>\nIMPORTANTE: Todos los archivos que se adjunten, deben tener el formato PDF, JPG, de otra forma el sistema no lo procesar\u00e1.<\/p>\n<p>Pasos de la planilla de rectificaci\u00f3n de autogesti\u00f3n<\/p>\n<p>1.- DATOS PERSONALES:<br \/>\nSi no acept\u00f3 en su declaraci\u00f3n jurada este punto, deber\u00e1 adjuntar las probanzas.<br \/>\nAdjuntar DNI o probanzas ESCANEADAS.<\/p>\n<p>2.- CARGO TITULAR:<br \/>\nSi no acept\u00f3 en su declaraci\u00f3n jurada este punto, deber\u00e1 adjuntar las probanzas.<br \/>\nAdjuntar documentaci\u00f3n probatoria ESCANEADA<\/p>\n<p>3.- ANTIG\u00dcEDAD:<br \/>\nSi no acept\u00f3 en su declaraci\u00f3n jurada este punto, deber\u00e1 adjuntar las probanzas.<br \/>\nAdjuntar documentaci\u00f3n probatoria ESCANEADA<\/p>\n<p>4.- CALIFICACI\u00d3N<br \/>\nSi no acept\u00f3 en su declaraci\u00f3n jurada este punto, deber\u00e1 adjuntar las probanzas<br \/>\nAdjuntar documentaci\u00f3n probatoria ESCANEADA<\/p>\n<p>5.- T\u00cdTULOS HABILITANTES:<br \/>\nSi no acept\u00f3 en su declaraci\u00f3n jurada este punto, deber\u00e1 adjuntar las probanzas.<br \/>\nAdjuntar documentaci\u00f3n probatoria ESCANEADA<\/p>\n<p>6.- T\u00cdTULOS Y CURSOS BONIFICANTES:<br \/>\nSi no acept\u00f3 en su declaraci\u00f3n jurada este punto, deber\u00e1 adjuntar las probanzas<br \/>\nAdjuntar documentaci\u00f3n probatoria ESCANEADA<\/p>\n<p>Fechas 2020 S.A.D. T.D. T.C.<\/p>\n<p>&nbsp;<\/p>\n<p><a title=\"Nueva imagen\" href=\"http:\/\/live.staticflickr.com\/65535\/50133624731_7c5573601a_s.jpg\" rel=\"\"><img loading=\"lazy\" decoding=\"async\" class=\"aligncenter\" title=\"Nueva imagen\" src=\"http:\/\/live.staticflickr.com\/65535\/50133624731_2a2dd332bc_o.jpg\" alt=\"Nueva imagen\" width=\"684\" height=\"542\" \/><\/a><\/p>\n<p>&nbsp;<\/p>\n","protected":false},"excerpt":{"rendered":"<p>Comunicaci\u00f3n conjunta n\u00b0 04\/2020 Ampliatoria de pautas y cronograma de acciones ingreso a la docencia 2020 \u2013 listado oficial 2021<\/p>\n","protected":false},"author":3,"featured_media":0,"comment_status":"closed","ping_status":"open","sticky":false,"template":"","format":"standard","meta":{"footnotes":""},"categories":[34],"tags":[],"class_list":["post-44616","post","type-post","status-publish","format-standard","hentry","category-educacion"],"yoast_head":"<!-- This site is optimized with the Yoast SEO plugin v25.9 - https:\/\/yoast.com\/wordpress\/plugins\/seo\/ -->\n<title>Comunicaci\u00f3n conjunta N\u00b0 4\/2020 - Ingreso a la docencia 2020\/2021 ampliatoria - Noticias Radio Reflejos<\/title>\n<meta name=\"robots\" content=\"index, follow, max-snippet:-1, max-image-preview:large, max-video-preview:-1\" \/>\n<link rel=\"canonical\" href=\"https:\/\/www.noticiasradioreflejos.com.ar\/2021\/comunicacion-conjunta-n-42020-iingreso-a-la-docencia-20202021-ampliatoria\/\" \/>\n<meta property=\"og:locale\" content=\"es_ES\" \/>\n<meta property=\"og:type\" content=\"article\" \/>\n<meta property=\"og:title\" content=\"Comunicaci\u00f3n conjunta N\u00b0 4\/2020 - Ingreso a la docencia 2020\/2021 ampliatoria - Noticias Radio Reflejos\" \/>\n<meta property=\"og:description\" content=\"Comunicaci\u00f3n conjunta n\u00b0 04\/2020 Ampliatoria de pautas y cronograma de acciones ingreso a la docencia 2020 \u2013 listado oficial 2021\" \/>\n<meta property=\"og:url\" content=\"https:\/\/www.noticiasradioreflejos.com.ar\/2021\/comunicacion-conjunta-n-42020-iingreso-a-la-docencia-20202021-ampliatoria\/\" \/>\n<meta property=\"og:site_name\" content=\"Noticias Radio Reflejos\" \/>\n<meta property=\"article:published_time\" content=\"2020-07-20T14:39:03+00:00\" \/>\n<meta property=\"og:image\" content=\"http:\/\/live.staticflickr.com\/65535\/50133624731_2a2dd332bc_o.jpg\" \/>\n<meta name=\"author\" content=\"Arnaldo Botto\" \/>\n<meta name=\"twitter:card\" content=\"summary_large_image\" \/>\n<script type=\"application\/ld+json\" class=\"yoast-schema-graph\">{\"@context\":\"https:\/\/schema.org\",\"@graph\":[{\"@type\":\"WebPage\",\"@id\":\"https:\/\/www.noticiasradioreflejos.com.ar\/2021\/comunicacion-conjunta-n-42020-iingreso-a-la-docencia-20202021-ampliatoria\/\",\"url\":\"https:\/\/www.noticiasradioreflejos.com.ar\/2021\/comunicacion-conjunta-n-42020-iingreso-a-la-docencia-20202021-ampliatoria\/\",\"name\":\"Comunicaci\u00f3n conjunta N\u00b0 4\/2020 - Ingreso a la docencia 2020\/2021 ampliatoria - Noticias Radio Reflejos\",\"isPartOf\":{\"@id\":\"https:\/\/www.noticiasradioreflejos.com.ar\/2021\/#website\"},\"primaryImageOfPage\":{\"@id\":\"https:\/\/www.noticiasradioreflejos.com.ar\/2021\/comunicacion-conjunta-n-42020-iingreso-a-la-docencia-20202021-ampliatoria\/#primaryimage\"},\"image\":{\"@id\":\"https:\/\/www.noticiasradioreflejos.com.ar\/2021\/comunicacion-conjunta-n-42020-iingreso-a-la-docencia-20202021-ampliatoria\/#primaryimage\"},\"thumbnailUrl\":\"http:\/\/live.staticflickr.com\/65535\/50133624731_2a2dd332bc_o.jpg\",\"datePublished\":\"2020-07-20T14:39:03+00:00\",\"author\":{\"@id\":\"https:\/\/www.noticiasradioreflejos.com.ar\/2021\/#\/schema\/person\/ad82545263dcc5ec0996818884fd5fb1\"},\"breadcrumb\":{\"@id\":\"https:\/\/www.noticiasradioreflejos.com.ar\/2021\/comunicacion-conjunta-n-42020-iingreso-a-la-docencia-20202021-ampliatoria\/#breadcrumb\"},\"inLanguage\":\"es\",\"potentialAction\":[{\"@type\":\"ReadAction\",\"target\":[\"https:\/\/www.noticiasradioreflejos.com.ar\/2021\/comunicacion-conjunta-n-42020-iingreso-a-la-docencia-20202021-ampliatoria\/\"]}]},{\"@type\":\"ImageObject\",\"inLanguage\":\"es\",\"@id\":\"https:\/\/www.noticiasradioreflejos.com.ar\/2021\/comunicacion-conjunta-n-42020-iingreso-a-la-docencia-20202021-ampliatoria\/#primaryimage\",\"url\":\"http:\/\/live.staticflickr.com\/65535\/50133624731_2a2dd332bc_o.jpg\",\"contentUrl\":\"http:\/\/live.staticflickr.com\/65535\/50133624731_2a2dd332bc_o.jpg\"},{\"@type\":\"BreadcrumbList\",\"@id\":\"https:\/\/www.noticiasradioreflejos.com.ar\/2021\/comunicacion-conjunta-n-42020-iingreso-a-la-docencia-20202021-ampliatoria\/#breadcrumb\",\"itemListElement\":[{\"@type\":\"ListItem\",\"position\":1,\"name\":\"Portada\",\"item\":\"https:\/\/www.noticiasradioreflejos.com.ar\/2021\/\"},{\"@type\":\"ListItem\",\"position\":2,\"name\":\"Comunicaci\u00f3n conjunta N\u00b0 4\/2020 &#8211; Ingreso a la docencia 2020\/2021 ampliatoria\"}]},{\"@type\":\"WebSite\",\"@id\":\"https:\/\/www.noticiasradioreflejos.com.ar\/2021\/#website\",\"url\":\"https:\/\/www.noticiasradioreflejos.com.ar\/2021\/\",\"name\":\"Noticias Radio Reflejos\",\"description\":\"Las noticias de mi comarca\",\"potentialAction\":[{\"@type\":\"SearchAction\",\"target\":{\"@type\":\"EntryPoint\",\"urlTemplate\":\"https:\/\/www.noticiasradioreflejos.com.ar\/2021\/?s={search_term_string}\"},\"query-input\":{\"@type\":\"PropertyValueSpecification\",\"valueRequired\":true,\"valueName\":\"search_term_string\"}}],\"inLanguage\":\"es\"},{\"@type\":\"Person\",\"@id\":\"https:\/\/www.noticiasradioreflejos.com.ar\/2021\/#\/schema\/person\/ad82545263dcc5ec0996818884fd5fb1\",\"name\":\"Arnaldo Botto\",\"image\":{\"@type\":\"ImageObject\",\"inLanguage\":\"es\",\"@id\":\"https:\/\/www.noticiasradioreflejos.com.ar\/2021\/#\/schema\/person\/image\/\",\"url\":\"https:\/\/secure.gravatar.com\/avatar\/55cb5e37c1efa326397366e6974cb338056df65cb50e7d64d1cf314e87504837?s=96&d=mm&r=g\",\"contentUrl\":\"https:\/\/secure.gravatar.com\/avatar\/55cb5e37c1efa326397366e6974cb338056df65cb50e7d64d1cf314e87504837?s=96&d=mm&r=g\",\"caption\":\"Arnaldo Botto\"},\"url\":\"https:\/\/www.noticiasradioreflejos.com.ar\/2021\/author\/arnaldo\/\"}]}<\/script>\n<!-- \/ Yoast SEO plugin. -->","yoast_head_json":{"title":"Comunicaci\u00f3n conjunta N\u00b0 4\/2020 - Ingreso a la docencia 2020\/2021 ampliatoria - Noticias Radio Reflejos","robots":{"index":"index","follow":"follow","max-snippet":"max-snippet:-1","max-image-preview":"max-image-preview:large","max-video-preview":"max-video-preview:-1"},"canonical":"https:\/\/www.noticiasradioreflejos.com.ar\/2021\/comunicacion-conjunta-n-42020-iingreso-a-la-docencia-20202021-ampliatoria\/","og_locale":"es_ES","og_type":"article","og_title":"Comunicaci\u00f3n conjunta N\u00b0 4\/2020 - Ingreso a la docencia 2020\/2021 ampliatoria - Noticias Radio Reflejos","og_description":"Comunicaci\u00f3n conjunta n\u00b0 04\/2020 Ampliatoria de pautas y cronograma de acciones ingreso a la docencia 2020 \u2013 listado oficial 2021","og_url":"https:\/\/www.noticiasradioreflejos.com.ar\/2021\/comunicacion-conjunta-n-42020-iingreso-a-la-docencia-20202021-ampliatoria\/","og_site_name":"Noticias Radio Reflejos","article_published_time":"2020-07-20T14:39:03+00:00","og_image":[{"url":"http:\/\/live.staticflickr.com\/65535\/50133624731_2a2dd332bc_o.jpg","type":"","width":"","height":""}],"author":"Arnaldo Botto","twitter_card":"summary_large_image","schema":{"@context":"https:\/\/schema.org","@graph":[{"@type":"WebPage","@id":"https:\/\/www.noticiasradioreflejos.com.ar\/2021\/comunicacion-conjunta-n-42020-iingreso-a-la-docencia-20202021-ampliatoria\/","url":"https:\/\/www.noticiasradioreflejos.com.ar\/2021\/comunicacion-conjunta-n-42020-iingreso-a-la-docencia-20202021-ampliatoria\/","name":"Comunicaci\u00f3n conjunta N\u00b0 4\/2020 - Ingreso a la docencia 2020\/2021 ampliatoria - Noticias Radio Reflejos","isPartOf":{"@id":"https:\/\/www.noticiasradioreflejos.com.ar\/2021\/#website"},"primaryImageOfPage":{"@id":"https:\/\/www.noticiasradioreflejos.com.ar\/2021\/comunicacion-conjunta-n-42020-iingreso-a-la-docencia-20202021-ampliatoria\/#primaryimage"},"image":{"@id":"https:\/\/www.noticiasradioreflejos.com.ar\/2021\/comunicacion-conjunta-n-42020-iingreso-a-la-docencia-20202021-ampliatoria\/#primaryimage"},"thumbnailUrl":"http:\/\/live.staticflickr.com\/65535\/50133624731_2a2dd332bc_o.jpg","datePublished":"2020-07-20T14:39:03+00:00","author":{"@id":"https:\/\/www.noticiasradioreflejos.com.ar\/2021\/#\/schema\/person\/ad82545263dcc5ec0996818884fd5fb1"},"breadcrumb":{"@id":"https:\/\/www.noticiasradioreflejos.com.ar\/2021\/comunicacion-conjunta-n-42020-iingreso-a-la-docencia-20202021-ampliatoria\/#breadcrumb"},"inLanguage":"es","potentialAction":[{"@type":"ReadAction","target":["https:\/\/www.noticiasradioreflejos.com.ar\/2021\/comunicacion-conjunta-n-42020-iingreso-a-la-docencia-20202021-ampliatoria\/"]}]},{"@type":"ImageObject","inLanguage":"es","@id":"https:\/\/www.noticiasradioreflejos.com.ar\/2021\/comunicacion-conjunta-n-42020-iingreso-a-la-docencia-20202021-ampliatoria\/#primaryimage","url":"http:\/\/live.staticflickr.com\/65535\/50133624731_2a2dd332bc_o.jpg","contentUrl":"http:\/\/live.staticflickr.com\/65535\/50133624731_2a2dd332bc_o.jpg"},{"@type":"BreadcrumbList","@id":"https:\/\/www.noticiasradioreflejos.com.ar\/2021\/comunicacion-conjunta-n-42020-iingreso-a-la-docencia-20202021-ampliatoria\/#breadcrumb","itemListElement":[{"@type":"ListItem","position":1,"name":"Portada","item":"https:\/\/www.noticiasradioreflejos.com.ar\/2021\/"},{"@type":"ListItem","position":2,"name":"Comunicaci\u00f3n conjunta N\u00b0 4\/2020 &#8211; Ingreso a la docencia 2020\/2021 ampliatoria"}]},{"@type":"WebSite","@id":"https:\/\/www.noticiasradioreflejos.com.ar\/2021\/#website","url":"https:\/\/www.noticiasradioreflejos.com.ar\/2021\/","name":"Noticias Radio Reflejos","description":"Las noticias de mi comarca","potentialAction":[{"@type":"SearchAction","target":{"@type":"EntryPoint","urlTemplate":"https:\/\/www.noticiasradioreflejos.com.ar\/2021\/?s={search_term_string}"},"query-input":{"@type":"PropertyValueSpecification","valueRequired":true,"valueName":"search_term_string"}}],"inLanguage":"es"},{"@type":"Person","@id":"https:\/\/www.noticiasradioreflejos.com.ar\/2021\/#\/schema\/person\/ad82545263dcc5ec0996818884fd5fb1","name":"Arnaldo Botto","image":{"@type":"ImageObject","inLanguage":"es","@id":"https:\/\/www.noticiasradioreflejos.com.ar\/2021\/#\/schema\/person\/image\/","url":"https:\/\/secure.gravatar.com\/avatar\/55cb5e37c1efa326397366e6974cb338056df65cb50e7d64d1cf314e87504837?s=96&d=mm&r=g","contentUrl":"https:\/\/secure.gravatar.com\/avatar\/55cb5e37c1efa326397366e6974cb338056df65cb50e7d64d1cf314e87504837?s=96&d=mm&r=g","caption":"Arnaldo Botto"},"url":"https:\/\/www.noticiasradioreflejos.com.ar\/2021\/author\/arnaldo\/"}]}},"_links":{"self":[{"href":"https:\/\/www.noticiasradioreflejos.com.ar\/2021\/wp-json\/wp\/v2\/posts\/44616","targetHints":{"allow":["GET"]}}],"collection":[{"href":"https:\/\/www.noticiasradioreflejos.com.ar\/2021\/wp-json\/wp\/v2\/posts"}],"about":[{"href":"https:\/\/www.noticiasradioreflejos.com.ar\/2021\/wp-json\/wp\/v2\/types\/post"}],"author":[{"embeddable":true,"href":"https:\/\/www.noticiasradioreflejos.com.ar\/2021\/wp-json\/wp\/v2\/users\/3"}],"replies":[{"embeddable":true,"href":"https:\/\/www.noticiasradioreflejos.com.ar\/2021\/wp-json\/wp\/v2\/comments?post=44616"}],"version-history":[{"count":0,"href":"https:\/\/www.noticiasradioreflejos.com.ar\/2021\/wp-json\/wp\/v2\/posts\/44616\/revisions"}],"wp:attachment":[{"href":"https:\/\/www.noticiasradioreflejos.com.ar\/2021\/wp-json\/wp\/v2\/media?parent=44616"}],"wp:term":[{"taxonomy":"category","embeddable":true,"href":"https:\/\/www.noticiasradioreflejos.com.ar\/2021\/wp-json\/wp\/v2\/categories?post=44616"},{"taxonomy":"post_tag","embeddable":true,"href":"https:\/\/www.noticiasradioreflejos.com.ar\/2021\/wp-json\/wp\/v2\/tags?post=44616"}],"curies":[{"name":"wp","href":"https:\/\/api.w.org\/{rel}","templated":true}]}}