{"id":44612,"date":"2020-07-20T10:36:26","date_gmt":"2020-07-20T13:36:26","guid":{"rendered":"http:\/\/www.noticiasradioreflejos.com.ar\/noticias\/?p=44612"},"modified":"2020-07-20T10:36:26","modified_gmt":"2020-07-20T13:36:26","slug":"continuan-los-rastrillajes-en-busca-de-facundo-y-se-aguardan-resultado-de-pericias","status":"publish","type":"post","link":"https:\/\/www.noticiasradioreflejos.com.ar\/2021\/continuan-los-rastrillajes-en-busca-de-facundo-y-se-aguardan-resultado-de-pericias\/","title":{"rendered":"Contin\u00faan los rastrillajes en busca de Facundo y se aguardan resultado de pericias."},"content":{"rendered":"<p>La Fiscal\u00eda Federal de Bah\u00eda Blanca, que investiga la desaparici\u00f3n forzada de Facundo Astudillo Castro, el joven de 22 a\u00f1os que fue visto por \u00faltima vez el 30 de abril cuando se fue de la localidad de Pedro Luro, inform\u00f3 hoy que continuar\u00e1n los rastrillajes, detall\u00f3 las pericias y diligencias que se realizan y pidi\u00f3 analizar la posibilidad de que se ofrezca una recompensa para quienes aporten datos.<!--more--><br \/>\nA trav\u00e9s del sitio Fiscales.gob.ar se inform\u00f3 que en la fiscal\u00eda a cargo de Santiago Ulpiano Mart\u00ednez se recibieron varias declaraciones testimoniales y que, a ra\u00edz de una brindada el 14 de julio \u00faltimo por una mujer, que se incorpor\u00f3 como reservada, \u00abse encomend\u00f3 a las fuerzas de seguridad que ampliaran las tareas investigativas en la zona de General Cerri, a 10 kil\u00f3metros al oeste de Bah\u00eda Blanca.<\/p>\n<p>En tanto, personal la Procuradur\u00eda de Violencia Institucional (Procuvin), en conjunto con la Delegaci\u00f3n Bah\u00eda Blanca de la Polic\u00eda Federal Argentina, recibi\u00f3 declaraci\u00f3n de manera remota a otros testigos, tambi\u00e9n de manera reservada, mientras que la fiscal\u00eda inform\u00f3 que prev\u00e9 continuar con la recepci\u00f3n de m\u00e1s declaraciones en los pr\u00f3ximos d\u00edas.<\/p>\n<p>\u00abEl mi\u00e9rcoles 15 de julio se llevaron a cabo los peritajes ordenados sobre el veh\u00edculo Chevrolet Corsa Classic, dominio FYK 677, y el m\u00f3vil policial Toyota Hilux, orden 22.788, dominio PQH 491, los cuales consistieron en la inspecci\u00f3n ocular, el levantamiento de muestras f\u00edsicas (rastros) y biol\u00f3gicas (ADN, manchas hem\u00e1ticas, etc.), fotos y filmaci\u00f3n\u00bb, inform\u00f3 el Ministerio P\u00fablico Fiscal oficialmente.<\/p>\n<p>Tras recibir el informe junto a las muestras levantadas de esos autos, el fiscal se solicit\u00f3 a la Delegaci\u00f3n Bah\u00eda Blanca de la Polic\u00eda Federal Argentina (PFA) que tomara muestras de ADN de la madre de Facundo, Cristina Castro Alaniz, para practicar el correspondiente cotejo, \u00abtendiente a determinar si los rastros detectados pertenecen a Facundo Astudillo Castro\u00bb.<\/p>\n<p>Por otro lado, el fiscal orden\u00f3 tambi\u00e9n a la PFA \u00abla realizaci\u00f3n de un peritaje respecto de los tel\u00e9fonos secuestrados, utilizando la tecnolog\u00eda UFED -dispositivo forense de extracci\u00f3n de datos-, y posteriormente un an\u00e1lisis del contenido de relevancia para la investigaci\u00f3n\u00bb.<\/p>\n<p>Tambi\u00e9n, solicit\u00f3 un peritaje sobre el libro de guardias de la comisar\u00eda de Mayor Buratovich con el fin de establecer si en las anotaciones del 30 de abril, cuando Facundo fue visto por \u00faltima vez, existen enmiendas, raspaduras, borrones, faltantes de hojas o cualquier otro tipo de se\u00f1al que permita suponer una alteraci\u00f3n.<\/p>\n<p>Adem\u00e1s de los rastrillajes realizados la semana pasada, que no arrojaron resultados, la fiscal\u00eda pidi\u00f3 a la Delegaci\u00f3n Viedma de la PFA y a Prefectura tareas de campo en Puerto Madryn, con el fin de determinar si Facundo se encuentra o fue visto en ese lugar, en base a testimonios incorporados a la causa.<\/p>\n<p>Sobre los tel\u00e9fonos analizados, la la PFA entreg\u00f3 el informe de los datos obtenido del celular de la ex pareja del joven, de donde surgi\u00f3 el usuario y la contrase\u00f1a de la cuenta de Gmal de Facundo, a la que se podr\u00e1 ingresar.<\/p>\n<p>Por su parte, las empresas Facebook y Google LLC remitieron los informes solicitados, a\u00f1ade el comunicado de la fiscal\u00eda, en el que tambi\u00e9n se da a conocer que ya se cuenta con la informaci\u00f3n de la localizaci\u00f3n de los dos m\u00f3viles policiales investigados.<\/p>\n<p>El comunicado indica tambi\u00e9n que \u00abse requiri\u00f3 al Sistema Federal B\u00fasqueda de Personas del Ministerio de Seguridad de la Naci\u00f3n que informara si existe la posibilidad de ofrecer una recompensa a quienes aporten datos de relevancia en la b\u00fasqueda de Facundo Astudillo Castro\u00bb.<\/p>\n<p>Por su parte, fuentes policiales informaron hoy que en las pr\u00f3ximas horas se realizar\u00e1 la coordinaci\u00f3n para determinar por d\u00f3nde continuar\u00e1n con las tareas de rastrillaje a cargo de las fuerzas federales de seguridad.<\/p>\n","protected":false},"excerpt":{"rendered":"<p>La Fiscal\u00eda Federal de Bah\u00eda Blanca, que investiga la desaparici\u00f3n forzada de Facundo Astudillo Castro, el joven de 22 a\u00f1os que fue visto por \u00faltima vez el 30 de abril cuando se fue de la localidad de Pedro Luro, inform\u00f3 hoy que continuar\u00e1n los rastrillajes, detall\u00f3 las pericias y diligencias que se realizan y pidi\u00f3 [&hellip;]<\/p>\n","protected":false},"author":3,"featured_media":0,"comment_status":"closed","ping_status":"open","sticky":false,"template":"","format":"standard","meta":{"footnotes":""},"categories":[29],"tags":[],"class_list":["post-44612","post","type-post","status-publish","format-standard","hentry","category-policiales"],"yoast_head":"<!-- This site is optimized with the Yoast SEO plugin v25.9 - https:\/\/yoast.com\/wordpress\/plugins\/seo\/ -->\n<title>Contin\u00faan los rastrillajes en busca de Facundo y se aguardan resultado de pericias. - Noticias Radio Reflejos<\/title>\n<meta name=\"robots\" content=\"index, follow, max-snippet:-1, max-image-preview:large, max-video-preview:-1\" \/>\n<link rel=\"canonical\" href=\"https:\/\/www.noticiasradioreflejos.com.ar\/2021\/continuan-los-rastrillajes-en-busca-de-facundo-y-se-aguardan-resultado-de-pericias\/\" \/>\n<meta property=\"og:locale\" content=\"es_ES\" \/>\n<meta property=\"og:type\" content=\"article\" \/>\n<meta property=\"og:title\" content=\"Contin\u00faan los rastrillajes en busca de Facundo y se aguardan resultado de pericias. - Noticias Radio Reflejos\" \/>\n<meta property=\"og:description\" content=\"La Fiscal\u00eda Federal de Bah\u00eda Blanca, que investiga la desaparici\u00f3n forzada de Facundo Astudillo Castro, el joven de 22 a\u00f1os que fue visto por \u00faltima vez el 30 de abril cuando se fue de la localidad de Pedro Luro, inform\u00f3 hoy que continuar\u00e1n los rastrillajes, detall\u00f3 las pericias y diligencias que se realizan y pidi\u00f3 [&hellip;]\" \/>\n<meta property=\"og:url\" content=\"https:\/\/www.noticiasradioreflejos.com.ar\/2021\/continuan-los-rastrillajes-en-busca-de-facundo-y-se-aguardan-resultado-de-pericias\/\" \/>\n<meta property=\"og:site_name\" content=\"Noticias Radio Reflejos\" \/>\n<meta property=\"article:published_time\" content=\"2020-07-20T13:36:26+00:00\" \/>\n<meta property=\"og:image\" content=\"https:\/\/www.noticiasradioreflejos.com.ar\/2021\/wp-content\/uploads\/2021\/07\/logosol300x200.png\" \/>\n\t<meta property=\"og:image:width\" content=\"300\" \/>\n\t<meta property=\"og:image:height\" content=\"200\" \/>\n\t<meta property=\"og:image:type\" content=\"image\/png\" \/>\n<meta name=\"author\" content=\"Arnaldo Botto\" \/>\n<meta name=\"twitter:card\" content=\"summary_large_image\" \/>\n<script type=\"application\/ld+json\" class=\"yoast-schema-graph\">{\"@context\":\"https:\/\/schema.org\",\"@graph\":[{\"@type\":\"WebPage\",\"@id\":\"https:\/\/www.noticiasradioreflejos.com.ar\/2021\/continuan-los-rastrillajes-en-busca-de-facundo-y-se-aguardan-resultado-de-pericias\/\",\"url\":\"https:\/\/www.noticiasradioreflejos.com.ar\/2021\/continuan-los-rastrillajes-en-busca-de-facundo-y-se-aguardan-resultado-de-pericias\/\",\"name\":\"Contin\u00faan los rastrillajes en busca de Facundo y se aguardan resultado de pericias. - Noticias Radio Reflejos\",\"isPartOf\":{\"@id\":\"https:\/\/www.noticiasradioreflejos.com.ar\/2021\/#website\"},\"datePublished\":\"2020-07-20T13:36:26+00:00\",\"author\":{\"@id\":\"https:\/\/www.noticiasradioreflejos.com.ar\/2021\/#\/schema\/person\/ad82545263dcc5ec0996818884fd5fb1\"},\"breadcrumb\":{\"@id\":\"https:\/\/www.noticiasradioreflejos.com.ar\/2021\/continuan-los-rastrillajes-en-busca-de-facundo-y-se-aguardan-resultado-de-pericias\/#breadcrumb\"},\"inLanguage\":\"es\",\"potentialAction\":[{\"@type\":\"ReadAction\",\"target\":[\"https:\/\/www.noticiasradioreflejos.com.ar\/2021\/continuan-los-rastrillajes-en-busca-de-facundo-y-se-aguardan-resultado-de-pericias\/\"]}]},{\"@type\":\"BreadcrumbList\",\"@id\":\"https:\/\/www.noticiasradioreflejos.com.ar\/2021\/continuan-los-rastrillajes-en-busca-de-facundo-y-se-aguardan-resultado-de-pericias\/#breadcrumb\",\"itemListElement\":[{\"@type\":\"ListItem\",\"position\":1,\"name\":\"Portada\",\"item\":\"https:\/\/www.noticiasradioreflejos.com.ar\/2021\/\"},{\"@type\":\"ListItem\",\"position\":2,\"name\":\"Contin\u00faan los rastrillajes en busca de Facundo y se aguardan resultado de pericias.\"}]},{\"@type\":\"WebSite\",\"@id\":\"https:\/\/www.noticiasradioreflejos.com.ar\/2021\/#website\",\"url\":\"https:\/\/www.noticiasradioreflejos.com.ar\/2021\/\",\"name\":\"Noticias Radio Reflejos\",\"description\":\"Las noticias de mi comarca\",\"potentialAction\":[{\"@type\":\"SearchAction\",\"target\":{\"@type\":\"EntryPoint\",\"urlTemplate\":\"https:\/\/www.noticiasradioreflejos.com.ar\/2021\/?s={search_term_string}\"},\"query-input\":{\"@type\":\"PropertyValueSpecification\",\"valueRequired\":true,\"valueName\":\"search_term_string\"}}],\"inLanguage\":\"es\"},{\"@type\":\"Person\",\"@id\":\"https:\/\/www.noticiasradioreflejos.com.ar\/2021\/#\/schema\/person\/ad82545263dcc5ec0996818884fd5fb1\",\"name\":\"Arnaldo Botto\",\"image\":{\"@type\":\"ImageObject\",\"inLanguage\":\"es\",\"@id\":\"https:\/\/www.noticiasradioreflejos.com.ar\/2021\/#\/schema\/person\/image\/\",\"url\":\"https:\/\/secure.gravatar.com\/avatar\/55cb5e37c1efa326397366e6974cb338056df65cb50e7d64d1cf314e87504837?s=96&d=mm&r=g\",\"contentUrl\":\"https:\/\/secure.gravatar.com\/avatar\/55cb5e37c1efa326397366e6974cb338056df65cb50e7d64d1cf314e87504837?s=96&d=mm&r=g\",\"caption\":\"Arnaldo Botto\"},\"url\":\"https:\/\/www.noticiasradioreflejos.com.ar\/2021\/author\/arnaldo\/\"}]}<\/script>\n<!-- \/ Yoast SEO plugin. -->","yoast_head_json":{"title":"Contin\u00faan los rastrillajes en busca de Facundo y se aguardan resultado de pericias. - Noticias Radio Reflejos","robots":{"index":"index","follow":"follow","max-snippet":"max-snippet:-1","max-image-preview":"max-image-preview:large","max-video-preview":"max-video-preview:-1"},"canonical":"https:\/\/www.noticiasradioreflejos.com.ar\/2021\/continuan-los-rastrillajes-en-busca-de-facundo-y-se-aguardan-resultado-de-pericias\/","og_locale":"es_ES","og_type":"article","og_title":"Contin\u00faan los rastrillajes en busca de Facundo y se aguardan resultado de pericias. - Noticias Radio Reflejos","og_description":"La Fiscal\u00eda Federal de Bah\u00eda Blanca, que investiga la desaparici\u00f3n forzada de Facundo Astudillo Castro, el joven de 22 a\u00f1os que fue visto por \u00faltima vez el 30 de abril cuando se fue de la localidad de Pedro Luro, inform\u00f3 hoy que continuar\u00e1n los rastrillajes, detall\u00f3 las pericias y diligencias que se realizan y pidi\u00f3 [&hellip;]","og_url":"https:\/\/www.noticiasradioreflejos.com.ar\/2021\/continuan-los-rastrillajes-en-busca-de-facundo-y-se-aguardan-resultado-de-pericias\/","og_site_name":"Noticias Radio Reflejos","article_published_time":"2020-07-20T13:36:26+00:00","og_image":[{"width":300,"height":200,"url":"https:\/\/www.noticiasradioreflejos.com.ar\/2021\/wp-content\/uploads\/2021\/07\/logosol300x200.png","type":"image\/png"}],"author":"Arnaldo Botto","twitter_card":"summary_large_image","schema":{"@context":"https:\/\/schema.org","@graph":[{"@type":"WebPage","@id":"https:\/\/www.noticiasradioreflejos.com.ar\/2021\/continuan-los-rastrillajes-en-busca-de-facundo-y-se-aguardan-resultado-de-pericias\/","url":"https:\/\/www.noticiasradioreflejos.com.ar\/2021\/continuan-los-rastrillajes-en-busca-de-facundo-y-se-aguardan-resultado-de-pericias\/","name":"Contin\u00faan los rastrillajes en busca de Facundo y se aguardan resultado de pericias. - Noticias Radio Reflejos","isPartOf":{"@id":"https:\/\/www.noticiasradioreflejos.com.ar\/2021\/#website"},"datePublished":"2020-07-20T13:36:26+00:00","author":{"@id":"https:\/\/www.noticiasradioreflejos.com.ar\/2021\/#\/schema\/person\/ad82545263dcc5ec0996818884fd5fb1"},"breadcrumb":{"@id":"https:\/\/www.noticiasradioreflejos.com.ar\/2021\/continuan-los-rastrillajes-en-busca-de-facundo-y-se-aguardan-resultado-de-pericias\/#breadcrumb"},"inLanguage":"es","potentialAction":[{"@type":"ReadAction","target":["https:\/\/www.noticiasradioreflejos.com.ar\/2021\/continuan-los-rastrillajes-en-busca-de-facundo-y-se-aguardan-resultado-de-pericias\/"]}]},{"@type":"BreadcrumbList","@id":"https:\/\/www.noticiasradioreflejos.com.ar\/2021\/continuan-los-rastrillajes-en-busca-de-facundo-y-se-aguardan-resultado-de-pericias\/#breadcrumb","itemListElement":[{"@type":"ListItem","position":1,"name":"Portada","item":"https:\/\/www.noticiasradioreflejos.com.ar\/2021\/"},{"@type":"ListItem","position":2,"name":"Contin\u00faan los rastrillajes en busca de Facundo y se aguardan resultado de pericias."}]},{"@type":"WebSite","@id":"https:\/\/www.noticiasradioreflejos.com.ar\/2021\/#website","url":"https:\/\/www.noticiasradioreflejos.com.ar\/2021\/","name":"Noticias Radio Reflejos","description":"Las noticias de mi comarca","potentialAction":[{"@type":"SearchAction","target":{"@type":"EntryPoint","urlTemplate":"https:\/\/www.noticiasradioreflejos.com.ar\/2021\/?s={search_term_string}"},"query-input":{"@type":"PropertyValueSpecification","valueRequired":true,"valueName":"search_term_string"}}],"inLanguage":"es"},{"@type":"Person","@id":"https:\/\/www.noticiasradioreflejos.com.ar\/2021\/#\/schema\/person\/ad82545263dcc5ec0996818884fd5fb1","name":"Arnaldo Botto","image":{"@type":"ImageObject","inLanguage":"es","@id":"https:\/\/www.noticiasradioreflejos.com.ar\/2021\/#\/schema\/person\/image\/","url":"https:\/\/secure.gravatar.com\/avatar\/55cb5e37c1efa326397366e6974cb338056df65cb50e7d64d1cf314e87504837?s=96&d=mm&r=g","contentUrl":"https:\/\/secure.gravatar.com\/avatar\/55cb5e37c1efa326397366e6974cb338056df65cb50e7d64d1cf314e87504837?s=96&d=mm&r=g","caption":"Arnaldo Botto"},"url":"https:\/\/www.noticiasradioreflejos.com.ar\/2021\/author\/arnaldo\/"}]}},"_links":{"self":[{"href":"https:\/\/www.noticiasradioreflejos.com.ar\/2021\/wp-json\/wp\/v2\/posts\/44612","targetHints":{"allow":["GET"]}}],"collection":[{"href":"https:\/\/www.noticiasradioreflejos.com.ar\/2021\/wp-json\/wp\/v2\/posts"}],"about":[{"href":"https:\/\/www.noticiasradioreflejos.com.ar\/2021\/wp-json\/wp\/v2\/types\/post"}],"author":[{"embeddable":true,"href":"https:\/\/www.noticiasradioreflejos.com.ar\/2021\/wp-json\/wp\/v2\/users\/3"}],"replies":[{"embeddable":true,"href":"https:\/\/www.noticiasradioreflejos.com.ar\/2021\/wp-json\/wp\/v2\/comments?post=44612"}],"version-history":[{"count":0,"href":"https:\/\/www.noticiasradioreflejos.com.ar\/2021\/wp-json\/wp\/v2\/posts\/44612\/revisions"}],"wp:attachment":[{"href":"https:\/\/www.noticiasradioreflejos.com.ar\/2021\/wp-json\/wp\/v2\/media?parent=44612"}],"wp:term":[{"taxonomy":"category","embeddable":true,"href":"https:\/\/www.noticiasradioreflejos.com.ar\/2021\/wp-json\/wp\/v2\/categories?post=44612"},{"taxonomy":"post_tag","embeddable":true,"href":"https:\/\/www.noticiasradioreflejos.com.ar\/2021\/wp-json\/wp\/v2\/tags?post=44612"}],"curies":[{"name":"wp","href":"https:\/\/api.w.org\/{rel}","templated":true}]}}