{"id":44608,"date":"2020-07-20T09:08:19","date_gmt":"2020-07-20T12:08:19","guid":{"rendered":"http:\/\/www.noticiasradioreflejos.com.ar\/noticias\/?p=44608"},"modified":"2020-07-20T09:08:19","modified_gmt":"2020-07-20T12:08:19","slug":"volco-un-camionero-en-puan-que-llevaba-a-su-familia-escondida-su-pareja-perdio-el-embarazo","status":"publish","type":"post","link":"https:\/\/www.noticiasradioreflejos.com.ar\/2021\/volco-un-camionero-en-puan-que-llevaba-a-su-familia-escondida-su-pareja-perdio-el-embarazo\/","title":{"rendered":"Volc\u00f3 un camionero en Pu\u00e1n que llevaba a su familia escondida: su pareja perdi\u00f3 el embarazo."},"content":{"rendered":"<p><a title=\"camion-sanchez-2\" href=\"http:\/\/live.staticflickr.com\/65535\/50132617718_ca3c45daba_s.jpg\" rel=\"\"><img loading=\"lazy\" decoding=\"async\" class=\"alignleft\" style=\"float: left;\" title=\"camion-sanchez-2\" src=\"http:\/\/live.staticflickr.com\/65535\/50132617718_ca3c45daba_z.jpg\" alt=\"camion-sanchez-2\" width=\"453\" height=\"640\" \/><\/a>Se conocieron detalles de lo que parec\u00eda un simple siniestro vial en el acceso a Pu\u00e1n y se convirti\u00f3 en una historia con detalles tr\u00e1gicos.<!--more--><\/p>\n<p>La informaci\u00f3n que se conoci\u00f3 el s\u00e1bado acerca del\u00a0<strong>vuelco de un camionero<\/strong>\u00a0que intentaba realizar una descarga en la localidad de Pu\u00e1n pareci\u00f3 en un primer momento un incidente de tr\u00e1nsito menor. Sin embargo, con el correr de las horas se conocieron detalles escalofriantes de lo ocurrido en la ma\u00f1ana de ayer.<\/p>\n<p>Seg\u00fan informaron desde FM Radiante de Pu\u00e1n, el conductor no solo iba con su pareja en el veh\u00edculo, sino que llevaba a toda su familia escondida en el habit\u00e1culo del veh\u00edculo.<\/p>\n<p>Lo tr\u00e1gico del hecho es que una de las mujeres que iba en el veh\u00edculo, presuntamente pareja del camionero olavarriense, perdi\u00f3 su embarazo a causa de los golpes, seg\u00fan confirmaron desde el Hospital de Pig\u00fc\u00e9 a donde fue trasladada.<\/p>\n<p>Un parte de prensa emanado de la comisar\u00eda local inform\u00f3 que ayer s\u00e1bado, cerca del mediod\u00eda, la polic\u00eda tuvo que intervenir cuando un cami\u00f3n volc\u00f3 en el interior de un corral\u00f3n de venta de materiales de construcci\u00f3n ubicado en calle Necochea, entre Maldonado y Palacios de Puan.<\/p>\n<p>Cuando los uniformados realizaban un patrullaje preventivo, advirtieron que en el interior del comercio se hab\u00eda producido un accidente protagonizado por un Volkswagen modelo 17.280 L.R., dominio AC356TK, y acoplado marca Hermann modelo Vuelco Trasero SVT.3E.83 2+1, dominio AC900WR blanco. El hecho \u2013sobre el cual no se dieron m\u00e1s detalles- sucedi\u00f3 mientras el rodado de gran porte descargaba arena en el interior del corral\u00f3n de materiales S\u00e1nchez.<\/p>\n","protected":false},"excerpt":{"rendered":"<p>Se conocieron detalles de lo que parec\u00eda un simple siniestro vial en el acceso a Pu\u00e1n y se convirti\u00f3 en una historia con detalles tr\u00e1gicos.<\/p>\n","protected":false},"author":3,"featured_media":0,"comment_status":"closed","ping_status":"open","sticky":false,"template":"","format":"standard","meta":{"footnotes":""},"categories":[29],"tags":[],"class_list":["post-44608","post","type-post","status-publish","format-standard","hentry","category-policiales"],"yoast_head":"<!-- This site is optimized with the Yoast SEO plugin v25.9 - https:\/\/yoast.com\/wordpress\/plugins\/seo\/ -->\n<title>Volc\u00f3 un camionero en Pu\u00e1n que llevaba a su familia escondida: su pareja perdi\u00f3 el embarazo. - Noticias Radio Reflejos<\/title>\n<meta name=\"robots\" content=\"index, follow, max-snippet:-1, max-image-preview:large, max-video-preview:-1\" \/>\n<link rel=\"canonical\" href=\"https:\/\/www.noticiasradioreflejos.com.ar\/2021\/volco-un-camionero-en-puan-que-llevaba-a-su-familia-escondida-su-pareja-perdio-el-embarazo\/\" \/>\n<meta property=\"og:locale\" content=\"es_ES\" \/>\n<meta property=\"og:type\" content=\"article\" \/>\n<meta property=\"og:title\" content=\"Volc\u00f3 un camionero en Pu\u00e1n que llevaba a su familia escondida: su pareja perdi\u00f3 el embarazo. - Noticias Radio Reflejos\" \/>\n<meta property=\"og:description\" content=\"Se conocieron detalles de lo que parec\u00eda un simple siniestro vial en el acceso a Pu\u00e1n y se convirti\u00f3 en una historia con detalles tr\u00e1gicos.\" \/>\n<meta property=\"og:url\" content=\"https:\/\/www.noticiasradioreflejos.com.ar\/2021\/volco-un-camionero-en-puan-que-llevaba-a-su-familia-escondida-su-pareja-perdio-el-embarazo\/\" \/>\n<meta property=\"og:site_name\" content=\"Noticias Radio Reflejos\" \/>\n<meta property=\"article:published_time\" content=\"2020-07-20T12:08:19+00:00\" \/>\n<meta property=\"og:image\" content=\"http:\/\/live.staticflickr.com\/65535\/50132617718_ca3c45daba_z.jpg\" \/>\n<meta name=\"author\" content=\"Arnaldo Botto\" \/>\n<meta name=\"twitter:card\" content=\"summary_large_image\" \/>\n<script type=\"application\/ld+json\" class=\"yoast-schema-graph\">{\"@context\":\"https:\/\/schema.org\",\"@graph\":[{\"@type\":\"WebPage\",\"@id\":\"https:\/\/www.noticiasradioreflejos.com.ar\/2021\/volco-un-camionero-en-puan-que-llevaba-a-su-familia-escondida-su-pareja-perdio-el-embarazo\/\",\"url\":\"https:\/\/www.noticiasradioreflejos.com.ar\/2021\/volco-un-camionero-en-puan-que-llevaba-a-su-familia-escondida-su-pareja-perdio-el-embarazo\/\",\"name\":\"Volc\u00f3 un camionero en Pu\u00e1n que llevaba a su familia escondida: su pareja perdi\u00f3 el embarazo. - Noticias Radio Reflejos\",\"isPartOf\":{\"@id\":\"https:\/\/www.noticiasradioreflejos.com.ar\/2021\/#website\"},\"primaryImageOfPage\":{\"@id\":\"https:\/\/www.noticiasradioreflejos.com.ar\/2021\/volco-un-camionero-en-puan-que-llevaba-a-su-familia-escondida-su-pareja-perdio-el-embarazo\/#primaryimage\"},\"image\":{\"@id\":\"https:\/\/www.noticiasradioreflejos.com.ar\/2021\/volco-un-camionero-en-puan-que-llevaba-a-su-familia-escondida-su-pareja-perdio-el-embarazo\/#primaryimage\"},\"thumbnailUrl\":\"http:\/\/live.staticflickr.com\/65535\/50132617718_ca3c45daba_z.jpg\",\"datePublished\":\"2020-07-20T12:08:19+00:00\",\"author\":{\"@id\":\"https:\/\/www.noticiasradioreflejos.com.ar\/2021\/#\/schema\/person\/ad82545263dcc5ec0996818884fd5fb1\"},\"breadcrumb\":{\"@id\":\"https:\/\/www.noticiasradioreflejos.com.ar\/2021\/volco-un-camionero-en-puan-que-llevaba-a-su-familia-escondida-su-pareja-perdio-el-embarazo\/#breadcrumb\"},\"inLanguage\":\"es\",\"potentialAction\":[{\"@type\":\"ReadAction\",\"target\":[\"https:\/\/www.noticiasradioreflejos.com.ar\/2021\/volco-un-camionero-en-puan-que-llevaba-a-su-familia-escondida-su-pareja-perdio-el-embarazo\/\"]}]},{\"@type\":\"ImageObject\",\"inLanguage\":\"es\",\"@id\":\"https:\/\/www.noticiasradioreflejos.com.ar\/2021\/volco-un-camionero-en-puan-que-llevaba-a-su-familia-escondida-su-pareja-perdio-el-embarazo\/#primaryimage\",\"url\":\"http:\/\/live.staticflickr.com\/65535\/50132617718_ca3c45daba_z.jpg\",\"contentUrl\":\"http:\/\/live.staticflickr.com\/65535\/50132617718_ca3c45daba_z.jpg\"},{\"@type\":\"BreadcrumbList\",\"@id\":\"https:\/\/www.noticiasradioreflejos.com.ar\/2021\/volco-un-camionero-en-puan-que-llevaba-a-su-familia-escondida-su-pareja-perdio-el-embarazo\/#breadcrumb\",\"itemListElement\":[{\"@type\":\"ListItem\",\"position\":1,\"name\":\"Portada\",\"item\":\"https:\/\/www.noticiasradioreflejos.com.ar\/2021\/\"},{\"@type\":\"ListItem\",\"position\":2,\"name\":\"Volc\u00f3 un camionero en Pu\u00e1n que llevaba a su familia escondida: su pareja perdi\u00f3 el embarazo.\"}]},{\"@type\":\"WebSite\",\"@id\":\"https:\/\/www.noticiasradioreflejos.com.ar\/2021\/#website\",\"url\":\"https:\/\/www.noticiasradioreflejos.com.ar\/2021\/\",\"name\":\"Noticias Radio Reflejos\",\"description\":\"Las noticias de mi comarca\",\"potentialAction\":[{\"@type\":\"SearchAction\",\"target\":{\"@type\":\"EntryPoint\",\"urlTemplate\":\"https:\/\/www.noticiasradioreflejos.com.ar\/2021\/?s={search_term_string}\"},\"query-input\":{\"@type\":\"PropertyValueSpecification\",\"valueRequired\":true,\"valueName\":\"search_term_string\"}}],\"inLanguage\":\"es\"},{\"@type\":\"Person\",\"@id\":\"https:\/\/www.noticiasradioreflejos.com.ar\/2021\/#\/schema\/person\/ad82545263dcc5ec0996818884fd5fb1\",\"name\":\"Arnaldo Botto\",\"image\":{\"@type\":\"ImageObject\",\"inLanguage\":\"es\",\"@id\":\"https:\/\/www.noticiasradioreflejos.com.ar\/2021\/#\/schema\/person\/image\/\",\"url\":\"https:\/\/secure.gravatar.com\/avatar\/55cb5e37c1efa326397366e6974cb338056df65cb50e7d64d1cf314e87504837?s=96&d=mm&r=g\",\"contentUrl\":\"https:\/\/secure.gravatar.com\/avatar\/55cb5e37c1efa326397366e6974cb338056df65cb50e7d64d1cf314e87504837?s=96&d=mm&r=g\",\"caption\":\"Arnaldo Botto\"},\"url\":\"https:\/\/www.noticiasradioreflejos.com.ar\/2021\/author\/arnaldo\/\"}]}<\/script>\n<!-- \/ Yoast SEO plugin. -->","yoast_head_json":{"title":"Volc\u00f3 un camionero en Pu\u00e1n que llevaba a su familia escondida: su pareja perdi\u00f3 el embarazo. - Noticias Radio Reflejos","robots":{"index":"index","follow":"follow","max-snippet":"max-snippet:-1","max-image-preview":"max-image-preview:large","max-video-preview":"max-video-preview:-1"},"canonical":"https:\/\/www.noticiasradioreflejos.com.ar\/2021\/volco-un-camionero-en-puan-que-llevaba-a-su-familia-escondida-su-pareja-perdio-el-embarazo\/","og_locale":"es_ES","og_type":"article","og_title":"Volc\u00f3 un camionero en Pu\u00e1n que llevaba a su familia escondida: su pareja perdi\u00f3 el embarazo. - Noticias Radio Reflejos","og_description":"Se conocieron detalles de lo que parec\u00eda un simple siniestro vial en el acceso a Pu\u00e1n y se convirti\u00f3 en una historia con detalles tr\u00e1gicos.","og_url":"https:\/\/www.noticiasradioreflejos.com.ar\/2021\/volco-un-camionero-en-puan-que-llevaba-a-su-familia-escondida-su-pareja-perdio-el-embarazo\/","og_site_name":"Noticias Radio Reflejos","article_published_time":"2020-07-20T12:08:19+00:00","og_image":[{"url":"http:\/\/live.staticflickr.com\/65535\/50132617718_ca3c45daba_z.jpg","type":"","width":"","height":""}],"author":"Arnaldo Botto","twitter_card":"summary_large_image","schema":{"@context":"https:\/\/schema.org","@graph":[{"@type":"WebPage","@id":"https:\/\/www.noticiasradioreflejos.com.ar\/2021\/volco-un-camionero-en-puan-que-llevaba-a-su-familia-escondida-su-pareja-perdio-el-embarazo\/","url":"https:\/\/www.noticiasradioreflejos.com.ar\/2021\/volco-un-camionero-en-puan-que-llevaba-a-su-familia-escondida-su-pareja-perdio-el-embarazo\/","name":"Volc\u00f3 un camionero en Pu\u00e1n que llevaba a su familia escondida: su pareja perdi\u00f3 el embarazo. - Noticias Radio Reflejos","isPartOf":{"@id":"https:\/\/www.noticiasradioreflejos.com.ar\/2021\/#website"},"primaryImageOfPage":{"@id":"https:\/\/www.noticiasradioreflejos.com.ar\/2021\/volco-un-camionero-en-puan-que-llevaba-a-su-familia-escondida-su-pareja-perdio-el-embarazo\/#primaryimage"},"image":{"@id":"https:\/\/www.noticiasradioreflejos.com.ar\/2021\/volco-un-camionero-en-puan-que-llevaba-a-su-familia-escondida-su-pareja-perdio-el-embarazo\/#primaryimage"},"thumbnailUrl":"http:\/\/live.staticflickr.com\/65535\/50132617718_ca3c45daba_z.jpg","datePublished":"2020-07-20T12:08:19+00:00","author":{"@id":"https:\/\/www.noticiasradioreflejos.com.ar\/2021\/#\/schema\/person\/ad82545263dcc5ec0996818884fd5fb1"},"breadcrumb":{"@id":"https:\/\/www.noticiasradioreflejos.com.ar\/2021\/volco-un-camionero-en-puan-que-llevaba-a-su-familia-escondida-su-pareja-perdio-el-embarazo\/#breadcrumb"},"inLanguage":"es","potentialAction":[{"@type":"ReadAction","target":["https:\/\/www.noticiasradioreflejos.com.ar\/2021\/volco-un-camionero-en-puan-que-llevaba-a-su-familia-escondida-su-pareja-perdio-el-embarazo\/"]}]},{"@type":"ImageObject","inLanguage":"es","@id":"https:\/\/www.noticiasradioreflejos.com.ar\/2021\/volco-un-camionero-en-puan-que-llevaba-a-su-familia-escondida-su-pareja-perdio-el-embarazo\/#primaryimage","url":"http:\/\/live.staticflickr.com\/65535\/50132617718_ca3c45daba_z.jpg","contentUrl":"http:\/\/live.staticflickr.com\/65535\/50132617718_ca3c45daba_z.jpg"},{"@type":"BreadcrumbList","@id":"https:\/\/www.noticiasradioreflejos.com.ar\/2021\/volco-un-camionero-en-puan-que-llevaba-a-su-familia-escondida-su-pareja-perdio-el-embarazo\/#breadcrumb","itemListElement":[{"@type":"ListItem","position":1,"name":"Portada","item":"https:\/\/www.noticiasradioreflejos.com.ar\/2021\/"},{"@type":"ListItem","position":2,"name":"Volc\u00f3 un camionero en Pu\u00e1n que llevaba a su familia escondida: su pareja perdi\u00f3 el embarazo."}]},{"@type":"WebSite","@id":"https:\/\/www.noticiasradioreflejos.com.ar\/2021\/#website","url":"https:\/\/www.noticiasradioreflejos.com.ar\/2021\/","name":"Noticias Radio Reflejos","description":"Las noticias de mi comarca","potentialAction":[{"@type":"SearchAction","target":{"@type":"EntryPoint","urlTemplate":"https:\/\/www.noticiasradioreflejos.com.ar\/2021\/?s={search_term_string}"},"query-input":{"@type":"PropertyValueSpecification","valueRequired":true,"valueName":"search_term_string"}}],"inLanguage":"es"},{"@type":"Person","@id":"https:\/\/www.noticiasradioreflejos.com.ar\/2021\/#\/schema\/person\/ad82545263dcc5ec0996818884fd5fb1","name":"Arnaldo Botto","image":{"@type":"ImageObject","inLanguage":"es","@id":"https:\/\/www.noticiasradioreflejos.com.ar\/2021\/#\/schema\/person\/image\/","url":"https:\/\/secure.gravatar.com\/avatar\/55cb5e37c1efa326397366e6974cb338056df65cb50e7d64d1cf314e87504837?s=96&d=mm&r=g","contentUrl":"https:\/\/secure.gravatar.com\/avatar\/55cb5e37c1efa326397366e6974cb338056df65cb50e7d64d1cf314e87504837?s=96&d=mm&r=g","caption":"Arnaldo Botto"},"url":"https:\/\/www.noticiasradioreflejos.com.ar\/2021\/author\/arnaldo\/"}]}},"_links":{"self":[{"href":"https:\/\/www.noticiasradioreflejos.com.ar\/2021\/wp-json\/wp\/v2\/posts\/44608","targetHints":{"allow":["GET"]}}],"collection":[{"href":"https:\/\/www.noticiasradioreflejos.com.ar\/2021\/wp-json\/wp\/v2\/posts"}],"about":[{"href":"https:\/\/www.noticiasradioreflejos.com.ar\/2021\/wp-json\/wp\/v2\/types\/post"}],"author":[{"embeddable":true,"href":"https:\/\/www.noticiasradioreflejos.com.ar\/2021\/wp-json\/wp\/v2\/users\/3"}],"replies":[{"embeddable":true,"href":"https:\/\/www.noticiasradioreflejos.com.ar\/2021\/wp-json\/wp\/v2\/comments?post=44608"}],"version-history":[{"count":0,"href":"https:\/\/www.noticiasradioreflejos.com.ar\/2021\/wp-json\/wp\/v2\/posts\/44608\/revisions"}],"wp:attachment":[{"href":"https:\/\/www.noticiasradioreflejos.com.ar\/2021\/wp-json\/wp\/v2\/media?parent=44608"}],"wp:term":[{"taxonomy":"category","embeddable":true,"href":"https:\/\/www.noticiasradioreflejos.com.ar\/2021\/wp-json\/wp\/v2\/categories?post=44608"},{"taxonomy":"post_tag","embeddable":true,"href":"https:\/\/www.noticiasradioreflejos.com.ar\/2021\/wp-json\/wp\/v2\/tags?post=44608"}],"curies":[{"name":"wp","href":"https:\/\/api.w.org\/{rel}","templated":true}]}}