{"id":44558,"date":"2020-07-18T09:59:05","date_gmt":"2020-07-18T12:59:05","guid":{"rendered":"http:\/\/www.noticiasradioreflejos.com.ar\/noticias\/?p=44558"},"modified":"2020-07-18T09:59:05","modified_gmt":"2020-07-18T12:59:05","slug":"cuales-son-las-actividades-que-comenzaran-a-habilitarse-desde-el-lunes-en-la-provincia-de-buenos-aires","status":"publish","type":"post","link":"https:\/\/www.noticiasradioreflejos.com.ar\/2021\/cuales-son-las-actividades-que-comenzaran-a-habilitarse-desde-el-lunes-en-la-provincia-de-buenos-aires\/","title":{"rendered":"Cu\u00e1les son las actividades que comenzar\u00e1n a habilitarse desde el lunes en la provincia de Buenos Aires"},"content":{"rendered":"<p>Carlos Bianco, jefe de Gabinete bonaerense, detall\u00f3 c\u00f3mo seguir\u00e1 la cuarentena en el Conurbano. \u00abNo llegamos a ninguna nueva normalidad\u00bb, expres\u00f3 el funcionario<!--more--><\/p>\n<header class=\"header | col widescreen-12 desktop-12 tablet-12 width_full\">\n<div class=\"article-header font_tertiary\">\u00a0Al t\u00e9rmino de la conferencia de prensa del jefe de Gobierno porte\u00f1o,\u00a0<b>Horacio Rodr\u00edguez Larreta<\/b>, quien\u00a0<a href=\"https:\/\/www.infobae.com\/politica\/2020\/07\/17\/como-seran-las-seis-etapas-de-apertura-de-la-cuarentena-en-la-ciudad-de-buenos-aires\/\" target=\"_blank\" rel=\"noopener\">anunci\u00f3 la puesta en marcha de un plan gradual de reactivaci\u00f3n de actividades para la nueva fase de la cuarentena<\/a>, el jefe de Gabinete de la provincia de Buenos Aires,\u00a0<b>Carlos Bianco<\/b>, detall\u00f3\u00a0<mark class=\"hl_yellow\"><b>cu\u00e1les ser\u00e1n las actividades que se habilitar\u00e1n durante las pr\u00f3ximas semanas en el Conurbano.<\/b><\/mark><\/div>\n<\/header>\n<article class=\"article | col widescreen-8 desktop-8 tablet-12 width_full\">\n<p class=\"font_tertiary paragraph\">\u201c<mark class=\"hl_yellow\"><b>No llegamos a ninguna nueva normalidad. No existe ning\u00fan tratamiento cient\u00edficamente que pueda validar el problema.<\/b><\/mark>\u00a0Estamos muy lejos de cualquier efecto reba\u00f1o. El \u00fanico tratamiento, como ya hemos explicado muchas veces, es el aislamiento. Tenemos que seguir con ese tratamiento en aquellos lugares en donde hay mayor circulaci\u00f3n del virus\u201d, sostuvo Bianco previo a detallar las nuevas excepciones.<\/p>\n<p class=\"font_tertiary paragraph\">Los 35 distritos del \u00c1rea Metropolitana de Buenos Aires que est\u00e1n en aislamiento van a tener nuevas actividades m\u00e1s escalonadas. Las industrias manufactureras podr\u00e1n volver a funcionar con transporte de los trabajadores a cargo de las empresas.\u00a0<mark class=\"hl_yellow\"><b>\u201cA partir del lunes abren las f\u00e1bricas, con los protocolos y el transporte propio\u201d<\/b><\/mark>, espec\u00edfico Bianco.<\/p>\n<p class=\"font_tertiary paragraph\">Bianco sostuvo que \u201cel\u00a0<b>mi\u00e9rcoles 22 abrir\u00e1n los comercios de cercan\u00eda<\/b>. La venta al por menor en general, con todos los protocolos y el distanciamiento en la fila, la desinfecci\u00f3n&#8230;\u00a0<b>Ser\u00e1n los textiles, prendas de vestir, calzado y juguetes. Tambi\u00e9n agencias de juego de loter\u00eda y los servicios de comidas y bebidas para el retiro en el local\u201d.<\/b><\/p>\n<p class=\"font_tertiary paragraph\">\u201cA partir del<b>\u00a0lunes 27<\/b>\u00a0se van a estar habilitando servicios de distintas \u00edndole:<b>\u00a0mudanzas, servicios inmobiliarios y martilleros, servicios jur\u00eddicos, notariales, de contadur\u00eda y auditor\u00eda. Profesionales de la salud, servicios de mantenimiento de hogares, arquitectura e ingenier\u00eda, kinesiolog\u00eda, nutricionistas, peluquer\u00eda y est\u00e9tica<\/b>\u201d, indic\u00f3 Bianco, quien estuvo acompa\u00f1ado por\u00a0<b>Daniel Goll\u00e1n<\/b>, ministro de Salud de la Provincia.<\/p>\n<p><a class=\"link | color_inherit display_inline_block width_full margin_vertical_5px visual__video\"><picture class=\"font_tertiary visual__image\"><source srcset=\"https:\/\/www.infobae.com\/new-resizer\/TF2fhjiEa7BhMipVQHZOEqRCvBU=\/768x432\/filters:format(jpg):quality(85)\/cloudfront-us-east-1.images.arcpublishing.com\/infobae\/VWXC5NAUMJCHVLYQQGPS6SVXTE.jpg 1200w\" type=\"image\/jpg\" \/><source srcset=\"https:\/\/www.infobae.com\/new-resizer\/TF2fhjiEa7BhMipVQHZOEqRCvBU=\/768x432\/filters:format(jpg):quality(85)\/cloudfront-us-east-1.images.arcpublishing.com\/infobae\/VWXC5NAUMJCHVLYQQGPS6SVXTE.jpg 992w\" type=\"image\/jpg\" \/><source srcset=\"https:\/\/www.infobae.com\/new-resizer\/TF2fhjiEa7BhMipVQHZOEqRCvBU=\/768x432\/filters:format(jpg):quality(85)\/cloudfront-us-east-1.images.arcpublishing.com\/infobae\/VWXC5NAUMJCHVLYQQGPS6SVXTE.jpg 768w\" type=\"image\/jpg\" \/><source srcset=\"https:\/\/www.infobae.com\/new-resizer\/c4mF7j_0N0t_m3JC_WFoiRL9IAo=\/420x236\/filters:format(jpg):quality(85)\/cloudfront-us-east-1.images.arcpublishing.com\/infobae\/VWXC5NAUMJCHVLYQQGPS6SVXTE.jpg 420w\" type=\"image\/jpg\" \/><img loading=\"lazy\" decoding=\"async\" src=\"https:\/\/www.infobae.com\/new-resizer\/c4mF7j_0N0t_m3JC_WFoiRL9IAo=\/420x236\/filters:format(jpg):quality(85)\/\/cloudfront-us-east-1.images.arcpublishing.com\/infobae\/VWXC5NAUMJCHVLYQQGPS6SVXTE.jpg\" alt=\"Carlos Biano, jefe de Gabinete de la Provincia, y Daniel Goll\u00e1n, ministro de Salud provincial\" width=\"1920\" height=\"1080\" \/>Carlos Biano, jefe de Gabinete de la Provincia, y Daniel Goll\u00e1n, ministro de Salud provincial<\/picture><\/a><\/p>\n<p class=\"font_tertiary paragraph\">Aquellos distritos que est\u00e1n en\u00a0<b>Fase 4 tendr\u00e1n permitido el servicio dom\u00e9stico, la obra privada de construcci\u00f3n, comercios de cercan\u00eda, ventas de comidas, bebidas y textiles con ingreso al local y salidas de esparcimiento.<\/b>\u00a0\u201cEsto es una novedad porque lo permit\u00edamos en Fase 5 y ahora lo podr\u00e1n hacer en Fase 4\u2033, dijo Bianco.<\/p>\n<p class=\"font_tertiary paragraph\">\u201cPara los que est\u00e9n en<b>\u00a0Fase 5: actividades culturales (transmisi\u00f3n remota y grabaci\u00f3n de shows), actividades deportivas al aire libre, actividades recreativas con distanciamiento social, actividades sociales de hasta 10 personas con distanciamiento y gimnasios<\/b>\u201d, detall\u00f3 el funcionario.<\/p>\n<p class=\"font_tertiary paragraph\">Tambi\u00e9n remarc\u00f3 que\u00a0<mark class=\"hl_yellow\"><b>el turismo continuar\u00e1 prohibido en toda la Provincia y que el transporte p\u00fablico ser\u00e1 \u00fanicamente para los trabajadores esenciales.<\/b><\/mark><\/p>\n<p><a class=\"link | color_inherit display_inline_block width_full margin_vertical_5px visual__video\"><picture class=\"font_tertiary visual__image\"><source srcset=\"https:\/\/www.infobae.com\/new-resizer\/brkBWs9tB15H7u90JY1OdQS3GBs=\/768x768\/filters:format(jpg):quality(85)\/cloudfront-us-east-1.images.arcpublishing.com\/infobae\/D6YMDK6CINEBPBFYCTVOHXJ3X4.jpg 1200w\" type=\"image\/jpg\" \/><source srcset=\"https:\/\/www.infobae.com\/new-resizer\/brkBWs9tB15H7u90JY1OdQS3GBs=\/768x768\/filters:format(jpg):quality(85)\/cloudfront-us-east-1.images.arcpublishing.com\/infobae\/D6YMDK6CINEBPBFYCTVOHXJ3X4.jpg 992w\" type=\"image\/jpg\" \/><source srcset=\"https:\/\/www.infobae.com\/new-resizer\/brkBWs9tB15H7u90JY1OdQS3GBs=\/768x768\/filters:format(jpg):quality(85)\/cloudfront-us-east-1.images.arcpublishing.com\/infobae\/D6YMDK6CINEBPBFYCTVOHXJ3X4.jpg 768w\" type=\"image\/jpg\" \/><source srcset=\"https:\/\/www.infobae.com\/new-resizer\/5R9fJvE2su9TJsffZX0IZ2WXsig=\/420x420\/filters:format(jpg):quality(85)\/cloudfront-us-east-1.images.arcpublishing.com\/infobae\/D6YMDK6CINEBPBFYCTVOHXJ3X4.jpg 420w\" type=\"image\/jpg\" \/><img loading=\"lazy\" decoding=\"async\" src=\"https:\/\/www.infobae.com\/new-resizer\/5R9fJvE2su9TJsffZX0IZ2WXsig=\/420x420\/filters:format(jpg):quality(85)\/\/cloudfront-us-east-1.images.arcpublishing.com\/infobae\/D6YMDK6CINEBPBFYCTVOHXJ3X4.jpg\" alt=\"infobae-image\" width=\"1920\" height=\"2105\" \/><\/picture><\/a><a class=\"link | color_inherit display_inline_block width_full margin_vertical_5px visual__video\"><picture class=\"font_tertiary visual__image\"><source srcset=\"https:\/\/www.infobae.com\/new-resizer\/o-cfcoSsLw5pFoCmVXfhh_aiChE=\/768x768\/filters:format(jpg):quality(85)\/cloudfront-us-east-1.images.arcpublishing.com\/infobae\/7XEMNTXKIJDPRIYZ23UBYP4ZEY.jpg 1200w\" type=\"image\/jpg\" \/><source srcset=\"https:\/\/www.infobae.com\/new-resizer\/o-cfcoSsLw5pFoCmVXfhh_aiChE=\/768x768\/filters:format(jpg):quality(85)\/cloudfront-us-east-1.images.arcpublishing.com\/infobae\/7XEMNTXKIJDPRIYZ23UBYP4ZEY.jpg 992w\" type=\"image\/jpg\" \/><source srcset=\"https:\/\/www.infobae.com\/new-resizer\/o-cfcoSsLw5pFoCmVXfhh_aiChE=\/768x768\/filters:format(jpg):quality(85)\/cloudfront-us-east-1.images.arcpublishing.com\/infobae\/7XEMNTXKIJDPRIYZ23UBYP4ZEY.jpg 768w\" type=\"image\/jpg\" \/><source srcset=\"https:\/\/www.infobae.com\/new-resizer\/KrdCgbws38CRI92TJTEsvyvttgE=\/420x420\/filters:format(jpg):quality(85)\/cloudfront-us-east-1.images.arcpublishing.com\/infobae\/7XEMNTXKIJDPRIYZ23UBYP4ZEY.jpg 420w\" type=\"image\/jpg\" \/><img loading=\"lazy\" decoding=\"async\" src=\"https:\/\/www.infobae.com\/new-resizer\/KrdCgbws38CRI92TJTEsvyvttgE=\/420x420\/filters:format(jpg):quality(85)\/\/cloudfront-us-east-1.images.arcpublishing.com\/infobae\/7XEMNTXKIJDPRIYZ23UBYP4ZEY.jpg\" alt=\"infobae-image\" width=\"1920\" height=\"2091\" \/><\/picture><\/a><a class=\"link | color_inherit display_inline_block width_full margin_vertical_5px visual__video\"><picture class=\"font_tertiary visual__image\"><source srcset=\"https:\/\/www.infobae.com\/new-resizer\/C8kHIUWVgFMsn16gcpOC0eUZOHU=\/768x768\/filters:format(jpg):quality(85)\/cloudfront-us-east-1.images.arcpublishing.com\/infobae\/XYKLU7HPJNHJ3HMMEZBNMVF4UU.jpg 1200w\" type=\"image\/jpg\" \/><source srcset=\"https:\/\/www.infobae.com\/new-resizer\/C8kHIUWVgFMsn16gcpOC0eUZOHU=\/768x768\/filters:format(jpg):quality(85)\/cloudfront-us-east-1.images.arcpublishing.com\/infobae\/XYKLU7HPJNHJ3HMMEZBNMVF4UU.jpg 992w\" type=\"image\/jpg\" \/><source srcset=\"https:\/\/www.infobae.com\/new-resizer\/C8kHIUWVgFMsn16gcpOC0eUZOHU=\/768x768\/filters:format(jpg):quality(85)\/cloudfront-us-east-1.images.arcpublishing.com\/infobae\/XYKLU7HPJNHJ3HMMEZBNMVF4UU.jpg 768w\" type=\"image\/jpg\" \/><source srcset=\"https:\/\/www.infobae.com\/new-resizer\/gZ7gUicFCaPdk_n5XrmlMNdgV0Y=\/420x420\/filters:format(jpg):quality(85)\/cloudfront-us-east-1.images.arcpublishing.com\/infobae\/XYKLU7HPJNHJ3HMMEZBNMVF4UU.jpg 420w\" type=\"image\/jpg\" \/><img loading=\"lazy\" decoding=\"async\" src=\"https:\/\/www.infobae.com\/new-resizer\/gZ7gUicFCaPdk_n5XrmlMNdgV0Y=\/420x420\/filters:format(jpg):quality(85)\/\/cloudfront-us-east-1.images.arcpublishing.com\/infobae\/XYKLU7HPJNHJ3HMMEZBNMVF4UU.jpg\" alt=\"infobae-image\" width=\"1920\" height=\"2070\" \/><\/picture><\/a><\/p>\n<p class=\"font_tertiary paragraph\">\u201c<b>Pasamos a una etapa de cuarentena intermitente.<\/b>\u00a0Quiero hacer \u00e9nfasis en la intermitencia. No es que ahora se permiten actividades y se liberan servicios para siempre. Es una etapa m\u00e1s, de prueba, para ver qu\u00e9 sucede\u201d, remarc\u00f3 Bianco.<\/p>\n<p class=\"font_tertiary paragraph\">Y agreg\u00f3: \u201c<mark class=\"hl_yellow\"><b>Las actividades permitidas en Fase 3 se aprobar\u00e1n por paquete y ser\u00e1n los intendentes municipales quienes implementar\u00e1n esas actividades en esos distritos.<\/b><\/mark>\u00a0Tambi\u00e9n pueden no habilitar esas actividades. Los distritos que est\u00e9n en Fase 5 debieron tener menos de 10 casos por cada 100 mil habitantes. Y en Fase 4 van a quedar los que tengan m\u00e1s de 10 casos por cada 100 mil habitantes\u201d.<\/p>\n<p class=\"font_tertiary paragraph\">Previo a los anuncios de Bianco, Goll\u00e1n puso sobre la mesa los n\u00fameros del sistema de Salud bonaerense. \u201cEl 1\u00b0 de julio comenz\u00f3 una etapa que culmin\u00f3 hoy, con los anuncios del presidente\u00a0<b>Alberto Fern\u00e1ndez<\/b>, y cuyo principal objetivo -lo dijimos claramente y lo repetimos una y otra vez- era conseguir que la curva de crecimientos de casos y su repercusi\u00f3n en el sistema sanitario no se desmadrara. Y que pudi\u00e9ramos contenerlos desde el sistema sanitario\u201d, dijo el ministro.<\/p>\n<p><a class=\"link | color_inherit display_inline_block width_full margin_vertical_5px visual__video\"><picture class=\"font_tertiary visual__image\"><source srcset=\"https:\/\/www.infobae.com\/new-resizer\/s0rcoXyll_b4coxRBbDhmJbD4sI=\/768x432\/filters:format(jpg):quality(85)\/cloudfront-us-east-1.images.arcpublishing.com\/infobae\/D4BWODKYI5ABFFMWHZR7EEJKV4.jpg 1200w\" type=\"image\/jpg\" \/><source srcset=\"https:\/\/www.infobae.com\/new-resizer\/s0rcoXyll_b4coxRBbDhmJbD4sI=\/768x432\/filters:format(jpg):quality(85)\/cloudfront-us-east-1.images.arcpublishing.com\/infobae\/D4BWODKYI5ABFFMWHZR7EEJKV4.jpg 992w\" type=\"image\/jpg\" \/><source srcset=\"https:\/\/www.infobae.com\/new-resizer\/s0rcoXyll_b4coxRBbDhmJbD4sI=\/768x432\/filters:format(jpg):quality(85)\/cloudfront-us-east-1.images.arcpublishing.com\/infobae\/D4BWODKYI5ABFFMWHZR7EEJKV4.jpg 768w\" type=\"image\/jpg\" \/><source srcset=\"https:\/\/www.infobae.com\/new-resizer\/0U27eksFxEfe4NQw-qwtI3NFI88=\/420x236\/filters:format(jpg):quality(85)\/cloudfront-us-east-1.images.arcpublishing.com\/infobae\/D4BWODKYI5ABFFMWHZR7EEJKV4.jpg 420w\" type=\"image\/jpg\" \/><img loading=\"lazy\" decoding=\"async\" src=\"https:\/\/www.infobae.com\/new-resizer\/0U27eksFxEfe4NQw-qwtI3NFI88=\/420x236\/filters:format(jpg):quality(85)\/\/cloudfront-us-east-1.images.arcpublishing.com\/infobae\/D4BWODKYI5ABFFMWHZR7EEJKV4.jpg\" alt=\"Axel Kicillof, gobernador de la Provincia, acompa\u00f1\u00f3 al presidente Alberto Fern\u00e1ndez en el anuncio de la extensi\u00f3n de la cuarentena junto a Horacio Rodr\u00edguez Larreta\" width=\"1920\" height=\"1080\" \/>Axel Kicillof, gobernador de la Provincia, acompa\u00f1\u00f3 al presidente Alberto Fern\u00e1ndez en el anuncio de la extensi\u00f3n de la cuarentena junto a Horacio Rodr\u00edguez Larreta<\/picture><\/a><\/p>\n<p class=\"font_tertiary paragraph\">\u201cVamos a hacer un peque\u00f1o racconto de c\u00f3mo trabajamos en estos 15 d\u00edas.\u00a0<b>En t\u00e9rminos de testeos: hemos pasado de 6 a 32 centros.\u00a0<\/b>Las maquinas, los equipos, el personal, en algunos lugares eran preexistentes y en otros hubo que hacerlos nuevos, para poder hacer una mayor cantidad de testeos posibles. Ah\u00ed hab\u00eda una tensi\u00f3n, un cuello de botella, con que a veces faltaba equipamiento. Y aunque uno pod\u00eda adquirirlos no pod\u00edan usarlo el personal capacitado, cont\u00f3 Goll\u00e1n.<\/p>\n<p class=\"font_tertiary paragraph\">\u201cEso nos llev\u00f3 a tener, desde el 6 de abril, 234.035 testeos de PCR y que estemos en un promedio de 5.500, que<mark class=\"hl_yellow\"><b>\u00a0vamos a seguir ampliando con el objetivo de llegar a 7 u 8 mil testeos por d\u00eda<\/b><\/mark>\u201d, remarc\u00f3.<\/p>\n<p class=\"font_tertiary paragraph\">El funcionario enumer\u00f3 que se compraron m\u00e1s de 28 millones de barbijos, 23 millones de guantes, casi 1.2 millones de m\u00e1scaras y m\u00e1s de 21 millones de camisolines, botas y overoles.\u00a0<mark class=\"hl_yellow\"><b>\u201cHa sido un esfuerzo enorme y en este momento tenemos en stock para proveer a nuestros trabajadores de salud de ac\u00e1 a noviembre\u201d<\/b><\/mark>, indic\u00f3 Goll\u00e1n.<\/p>\n<p class=\"font_tertiary paragraph\">\u201cTodas las proyecciones que hac\u00edamos al 1\u00b0 de junio se basaban en utilizaci\u00f3n de camas de terapia intensiva y en la cantidad de d\u00edas de ocupaci\u00f3n.\u00a0<b>Observamos que baj\u00f3 el porcentaje de personas que se enferman y necesitan camas de terapia intensiva.<\/b>\u00a0Nos permite recalcular los tiempos que tenemos para el colapso o la saturaci\u00f3n del sistema\u201d, complet\u00f3 el funcionario.<\/p>\n<p class=\"font_tertiary paragraph\"><strong>Fuente Infobae<\/strong><\/p>\n<\/article>\n","protected":false},"excerpt":{"rendered":"<p>Carlos Bianco, jefe de Gabinete bonaerense, detall\u00f3 c\u00f3mo seguir\u00e1 la cuarentena en el Conurbano. \u00abNo llegamos a ninguna nueva normalidad\u00bb, expres\u00f3 el funcionario<\/p>\n","protected":false},"author":3,"featured_media":0,"comment_status":"closed","ping_status":"open","sticky":false,"template":"","format":"standard","meta":{"footnotes":""},"categories":[24],"tags":[],"class_list":["post-44558","post","type-post","status-publish","format-standard","hentry","category-politica"],"yoast_head":"<!-- This site is optimized with the Yoast SEO plugin v25.9 - https:\/\/yoast.com\/wordpress\/plugins\/seo\/ -->\n<title>Cu\u00e1les son las actividades que comenzar\u00e1n a habilitarse desde el lunes en la provincia de Buenos Aires - Noticias Radio Reflejos<\/title>\n<meta name=\"robots\" content=\"index, follow, max-snippet:-1, max-image-preview:large, max-video-preview:-1\" \/>\n<link rel=\"canonical\" href=\"https:\/\/www.noticiasradioreflejos.com.ar\/2021\/cuales-son-las-actividades-que-comenzaran-a-habilitarse-desde-el-lunes-en-la-provincia-de-buenos-aires\/\" \/>\n<meta property=\"og:locale\" content=\"es_ES\" \/>\n<meta property=\"og:type\" content=\"article\" \/>\n<meta property=\"og:title\" content=\"Cu\u00e1les son las actividades que comenzar\u00e1n a habilitarse desde el lunes en la provincia de Buenos Aires - Noticias Radio Reflejos\" \/>\n<meta property=\"og:description\" content=\"Carlos Bianco, jefe de Gabinete bonaerense, detall\u00f3 c\u00f3mo seguir\u00e1 la cuarentena en el Conurbano. \u00abNo llegamos a ninguna nueva normalidad\u00bb, expres\u00f3 el funcionario\" \/>\n<meta property=\"og:url\" content=\"https:\/\/www.noticiasradioreflejos.com.ar\/2021\/cuales-son-las-actividades-que-comenzaran-a-habilitarse-desde-el-lunes-en-la-provincia-de-buenos-aires\/\" \/>\n<meta property=\"og:site_name\" content=\"Noticias Radio Reflejos\" \/>\n<meta property=\"article:published_time\" content=\"2020-07-18T12:59:05+00:00\" \/>\n<meta property=\"og:image\" content=\"https:\/\/www.infobae.com\/new-resizer\/c4mF7j_0N0t_m3JC_WFoiRL9IAo=\/420x236\/filters:format(jpg):quality(85)\/\/cloudfront-us-east-1.images.arcpublishing.com\/infobae\/VWXC5NAUMJCHVLYQQGPS6SVXTE.jpg\" \/>\n<meta name=\"author\" content=\"Arnaldo Botto\" \/>\n<meta name=\"twitter:card\" content=\"summary_large_image\" \/>\n<script type=\"application\/ld+json\" class=\"yoast-schema-graph\">{\"@context\":\"https:\/\/schema.org\",\"@graph\":[{\"@type\":\"WebPage\",\"@id\":\"https:\/\/www.noticiasradioreflejos.com.ar\/2021\/cuales-son-las-actividades-que-comenzaran-a-habilitarse-desde-el-lunes-en-la-provincia-de-buenos-aires\/\",\"url\":\"https:\/\/www.noticiasradioreflejos.com.ar\/2021\/cuales-son-las-actividades-que-comenzaran-a-habilitarse-desde-el-lunes-en-la-provincia-de-buenos-aires\/\",\"name\":\"Cu\u00e1les son las actividades que comenzar\u00e1n a habilitarse desde el lunes en la provincia de Buenos Aires - Noticias Radio Reflejos\",\"isPartOf\":{\"@id\":\"https:\/\/www.noticiasradioreflejos.com.ar\/2021\/#website\"},\"primaryImageOfPage\":{\"@id\":\"https:\/\/www.noticiasradioreflejos.com.ar\/2021\/cuales-son-las-actividades-que-comenzaran-a-habilitarse-desde-el-lunes-en-la-provincia-de-buenos-aires\/#primaryimage\"},\"image\":{\"@id\":\"https:\/\/www.noticiasradioreflejos.com.ar\/2021\/cuales-son-las-actividades-que-comenzaran-a-habilitarse-desde-el-lunes-en-la-provincia-de-buenos-aires\/#primaryimage\"},\"thumbnailUrl\":\"https:\/\/www.infobae.com\/new-resizer\/c4mF7j_0N0t_m3JC_WFoiRL9IAo=\/420x236\/filters:format(jpg):quality(85)\/\/cloudfront-us-east-1.images.arcpublishing.com\/infobae\/VWXC5NAUMJCHVLYQQGPS6SVXTE.jpg\",\"datePublished\":\"2020-07-18T12:59:05+00:00\",\"author\":{\"@id\":\"https:\/\/www.noticiasradioreflejos.com.ar\/2021\/#\/schema\/person\/ad82545263dcc5ec0996818884fd5fb1\"},\"breadcrumb\":{\"@id\":\"https:\/\/www.noticiasradioreflejos.com.ar\/2021\/cuales-son-las-actividades-que-comenzaran-a-habilitarse-desde-el-lunes-en-la-provincia-de-buenos-aires\/#breadcrumb\"},\"inLanguage\":\"es\",\"potentialAction\":[{\"@type\":\"ReadAction\",\"target\":[\"https:\/\/www.noticiasradioreflejos.com.ar\/2021\/cuales-son-las-actividades-que-comenzaran-a-habilitarse-desde-el-lunes-en-la-provincia-de-buenos-aires\/\"]}]},{\"@type\":\"ImageObject\",\"inLanguage\":\"es\",\"@id\":\"https:\/\/www.noticiasradioreflejos.com.ar\/2021\/cuales-son-las-actividades-que-comenzaran-a-habilitarse-desde-el-lunes-en-la-provincia-de-buenos-aires\/#primaryimage\",\"url\":\"https:\/\/www.infobae.com\/new-resizer\/c4mF7j_0N0t_m3JC_WFoiRL9IAo=\/420x236\/filters:format(jpg):quality(85)\/\/cloudfront-us-east-1.images.arcpublishing.com\/infobae\/VWXC5NAUMJCHVLYQQGPS6SVXTE.jpg\",\"contentUrl\":\"https:\/\/www.infobae.com\/new-resizer\/c4mF7j_0N0t_m3JC_WFoiRL9IAo=\/420x236\/filters:format(jpg):quality(85)\/\/cloudfront-us-east-1.images.arcpublishing.com\/infobae\/VWXC5NAUMJCHVLYQQGPS6SVXTE.jpg\"},{\"@type\":\"BreadcrumbList\",\"@id\":\"https:\/\/www.noticiasradioreflejos.com.ar\/2021\/cuales-son-las-actividades-que-comenzaran-a-habilitarse-desde-el-lunes-en-la-provincia-de-buenos-aires\/#breadcrumb\",\"itemListElement\":[{\"@type\":\"ListItem\",\"position\":1,\"name\":\"Portada\",\"item\":\"https:\/\/www.noticiasradioreflejos.com.ar\/2021\/\"},{\"@type\":\"ListItem\",\"position\":2,\"name\":\"Cu\u00e1les son las actividades que comenzar\u00e1n a habilitarse desde el lunes en la provincia de Buenos Aires\"}]},{\"@type\":\"WebSite\",\"@id\":\"https:\/\/www.noticiasradioreflejos.com.ar\/2021\/#website\",\"url\":\"https:\/\/www.noticiasradioreflejos.com.ar\/2021\/\",\"name\":\"Noticias Radio Reflejos\",\"description\":\"Las noticias de mi comarca\",\"potentialAction\":[{\"@type\":\"SearchAction\",\"target\":{\"@type\":\"EntryPoint\",\"urlTemplate\":\"https:\/\/www.noticiasradioreflejos.com.ar\/2021\/?s={search_term_string}\"},\"query-input\":{\"@type\":\"PropertyValueSpecification\",\"valueRequired\":true,\"valueName\":\"search_term_string\"}}],\"inLanguage\":\"es\"},{\"@type\":\"Person\",\"@id\":\"https:\/\/www.noticiasradioreflejos.com.ar\/2021\/#\/schema\/person\/ad82545263dcc5ec0996818884fd5fb1\",\"name\":\"Arnaldo Botto\",\"image\":{\"@type\":\"ImageObject\",\"inLanguage\":\"es\",\"@id\":\"https:\/\/www.noticiasradioreflejos.com.ar\/2021\/#\/schema\/person\/image\/\",\"url\":\"https:\/\/secure.gravatar.com\/avatar\/55cb5e37c1efa326397366e6974cb338056df65cb50e7d64d1cf314e87504837?s=96&d=mm&r=g\",\"contentUrl\":\"https:\/\/secure.gravatar.com\/avatar\/55cb5e37c1efa326397366e6974cb338056df65cb50e7d64d1cf314e87504837?s=96&d=mm&r=g\",\"caption\":\"Arnaldo Botto\"},\"url\":\"https:\/\/www.noticiasradioreflejos.com.ar\/2021\/author\/arnaldo\/\"}]}<\/script>\n<!-- \/ Yoast SEO plugin. -->","yoast_head_json":{"title":"Cu\u00e1les son las actividades que comenzar\u00e1n a habilitarse desde el lunes en la provincia de Buenos Aires - Noticias Radio Reflejos","robots":{"index":"index","follow":"follow","max-snippet":"max-snippet:-1","max-image-preview":"max-image-preview:large","max-video-preview":"max-video-preview:-1"},"canonical":"https:\/\/www.noticiasradioreflejos.com.ar\/2021\/cuales-son-las-actividades-que-comenzaran-a-habilitarse-desde-el-lunes-en-la-provincia-de-buenos-aires\/","og_locale":"es_ES","og_type":"article","og_title":"Cu\u00e1les son las actividades que comenzar\u00e1n a habilitarse desde el lunes en la provincia de Buenos Aires - Noticias Radio Reflejos","og_description":"Carlos Bianco, jefe de Gabinete bonaerense, detall\u00f3 c\u00f3mo seguir\u00e1 la cuarentena en el Conurbano. \u00abNo llegamos a ninguna nueva normalidad\u00bb, expres\u00f3 el funcionario","og_url":"https:\/\/www.noticiasradioreflejos.com.ar\/2021\/cuales-son-las-actividades-que-comenzaran-a-habilitarse-desde-el-lunes-en-la-provincia-de-buenos-aires\/","og_site_name":"Noticias Radio Reflejos","article_published_time":"2020-07-18T12:59:05+00:00","og_image":[{"url":"https:\/\/www.infobae.com\/new-resizer\/c4mF7j_0N0t_m3JC_WFoiRL9IAo=\/420x236\/filters:format(jpg):quality(85)\/\/cloudfront-us-east-1.images.arcpublishing.com\/infobae\/VWXC5NAUMJCHVLYQQGPS6SVXTE.jpg","type":"","width":"","height":""}],"author":"Arnaldo Botto","twitter_card":"summary_large_image","schema":{"@context":"https:\/\/schema.org","@graph":[{"@type":"WebPage","@id":"https:\/\/www.noticiasradioreflejos.com.ar\/2021\/cuales-son-las-actividades-que-comenzaran-a-habilitarse-desde-el-lunes-en-la-provincia-de-buenos-aires\/","url":"https:\/\/www.noticiasradioreflejos.com.ar\/2021\/cuales-son-las-actividades-que-comenzaran-a-habilitarse-desde-el-lunes-en-la-provincia-de-buenos-aires\/","name":"Cu\u00e1les son las actividades que comenzar\u00e1n a habilitarse desde el lunes en la provincia de Buenos Aires - Noticias Radio Reflejos","isPartOf":{"@id":"https:\/\/www.noticiasradioreflejos.com.ar\/2021\/#website"},"primaryImageOfPage":{"@id":"https:\/\/www.noticiasradioreflejos.com.ar\/2021\/cuales-son-las-actividades-que-comenzaran-a-habilitarse-desde-el-lunes-en-la-provincia-de-buenos-aires\/#primaryimage"},"image":{"@id":"https:\/\/www.noticiasradioreflejos.com.ar\/2021\/cuales-son-las-actividades-que-comenzaran-a-habilitarse-desde-el-lunes-en-la-provincia-de-buenos-aires\/#primaryimage"},"thumbnailUrl":"https:\/\/www.infobae.com\/new-resizer\/c4mF7j_0N0t_m3JC_WFoiRL9IAo=\/420x236\/filters:format(jpg):quality(85)\/\/cloudfront-us-east-1.images.arcpublishing.com\/infobae\/VWXC5NAUMJCHVLYQQGPS6SVXTE.jpg","datePublished":"2020-07-18T12:59:05+00:00","author":{"@id":"https:\/\/www.noticiasradioreflejos.com.ar\/2021\/#\/schema\/person\/ad82545263dcc5ec0996818884fd5fb1"},"breadcrumb":{"@id":"https:\/\/www.noticiasradioreflejos.com.ar\/2021\/cuales-son-las-actividades-que-comenzaran-a-habilitarse-desde-el-lunes-en-la-provincia-de-buenos-aires\/#breadcrumb"},"inLanguage":"es","potentialAction":[{"@type":"ReadAction","target":["https:\/\/www.noticiasradioreflejos.com.ar\/2021\/cuales-son-las-actividades-que-comenzaran-a-habilitarse-desde-el-lunes-en-la-provincia-de-buenos-aires\/"]}]},{"@type":"ImageObject","inLanguage":"es","@id":"https:\/\/www.noticiasradioreflejos.com.ar\/2021\/cuales-son-las-actividades-que-comenzaran-a-habilitarse-desde-el-lunes-en-la-provincia-de-buenos-aires\/#primaryimage","url":"https:\/\/www.infobae.com\/new-resizer\/c4mF7j_0N0t_m3JC_WFoiRL9IAo=\/420x236\/filters:format(jpg):quality(85)\/\/cloudfront-us-east-1.images.arcpublishing.com\/infobae\/VWXC5NAUMJCHVLYQQGPS6SVXTE.jpg","contentUrl":"https:\/\/www.infobae.com\/new-resizer\/c4mF7j_0N0t_m3JC_WFoiRL9IAo=\/420x236\/filters:format(jpg):quality(85)\/\/cloudfront-us-east-1.images.arcpublishing.com\/infobae\/VWXC5NAUMJCHVLYQQGPS6SVXTE.jpg"},{"@type":"BreadcrumbList","@id":"https:\/\/www.noticiasradioreflejos.com.ar\/2021\/cuales-son-las-actividades-que-comenzaran-a-habilitarse-desde-el-lunes-en-la-provincia-de-buenos-aires\/#breadcrumb","itemListElement":[{"@type":"ListItem","position":1,"name":"Portada","item":"https:\/\/www.noticiasradioreflejos.com.ar\/2021\/"},{"@type":"ListItem","position":2,"name":"Cu\u00e1les son las actividades que comenzar\u00e1n a habilitarse desde el lunes en la provincia de Buenos Aires"}]},{"@type":"WebSite","@id":"https:\/\/www.noticiasradioreflejos.com.ar\/2021\/#website","url":"https:\/\/www.noticiasradioreflejos.com.ar\/2021\/","name":"Noticias Radio Reflejos","description":"Las noticias de mi comarca","potentialAction":[{"@type":"SearchAction","target":{"@type":"EntryPoint","urlTemplate":"https:\/\/www.noticiasradioreflejos.com.ar\/2021\/?s={search_term_string}"},"query-input":{"@type":"PropertyValueSpecification","valueRequired":true,"valueName":"search_term_string"}}],"inLanguage":"es"},{"@type":"Person","@id":"https:\/\/www.noticiasradioreflejos.com.ar\/2021\/#\/schema\/person\/ad82545263dcc5ec0996818884fd5fb1","name":"Arnaldo Botto","image":{"@type":"ImageObject","inLanguage":"es","@id":"https:\/\/www.noticiasradioreflejos.com.ar\/2021\/#\/schema\/person\/image\/","url":"https:\/\/secure.gravatar.com\/avatar\/55cb5e37c1efa326397366e6974cb338056df65cb50e7d64d1cf314e87504837?s=96&d=mm&r=g","contentUrl":"https:\/\/secure.gravatar.com\/avatar\/55cb5e37c1efa326397366e6974cb338056df65cb50e7d64d1cf314e87504837?s=96&d=mm&r=g","caption":"Arnaldo Botto"},"url":"https:\/\/www.noticiasradioreflejos.com.ar\/2021\/author\/arnaldo\/"}]}},"_links":{"self":[{"href":"https:\/\/www.noticiasradioreflejos.com.ar\/2021\/wp-json\/wp\/v2\/posts\/44558","targetHints":{"allow":["GET"]}}],"collection":[{"href":"https:\/\/www.noticiasradioreflejos.com.ar\/2021\/wp-json\/wp\/v2\/posts"}],"about":[{"href":"https:\/\/www.noticiasradioreflejos.com.ar\/2021\/wp-json\/wp\/v2\/types\/post"}],"author":[{"embeddable":true,"href":"https:\/\/www.noticiasradioreflejos.com.ar\/2021\/wp-json\/wp\/v2\/users\/3"}],"replies":[{"embeddable":true,"href":"https:\/\/www.noticiasradioreflejos.com.ar\/2021\/wp-json\/wp\/v2\/comments?post=44558"}],"version-history":[{"count":0,"href":"https:\/\/www.noticiasradioreflejos.com.ar\/2021\/wp-json\/wp\/v2\/posts\/44558\/revisions"}],"wp:attachment":[{"href":"https:\/\/www.noticiasradioreflejos.com.ar\/2021\/wp-json\/wp\/v2\/media?parent=44558"}],"wp:term":[{"taxonomy":"category","embeddable":true,"href":"https:\/\/www.noticiasradioreflejos.com.ar\/2021\/wp-json\/wp\/v2\/categories?post=44558"},{"taxonomy":"post_tag","embeddable":true,"href":"https:\/\/www.noticiasradioreflejos.com.ar\/2021\/wp-json\/wp\/v2\/tags?post=44558"}],"curies":[{"name":"wp","href":"https:\/\/api.w.org\/{rel}","templated":true}]}}