{"id":44556,"date":"2020-07-18T09:50:08","date_gmt":"2020-07-18T12:50:08","guid":{"rendered":"http:\/\/www.noticiasradioreflejos.com.ar\/noticias\/?p=44556"},"modified":"2020-07-18T09:50:08","modified_gmt":"2020-07-18T12:50:08","slug":"la-madre-de-facundo-astudillo-pidio-a-la-ministra-frederic-gente-de-su-confianza-para-investigar","status":"publish","type":"post","link":"https:\/\/www.noticiasradioreflejos.com.ar\/2021\/la-madre-de-facundo-astudillo-pidio-a-la-ministra-frederic-gente-de-su-confianza-para-investigar\/","title":{"rendered":"La madre de Facundo Astudillo pidi\u00f3 a la ministra Frederic \u00abgente de su confianza\u00bb para investigar."},"content":{"rendered":"<p>La madre de Facundo Astudillo Castro, el joven buscado desde el 30 de abril tras salir de la localidad bonaerense de Pedro Luro, pidi\u00f3 esta noche a la ministra de Seguridad, Sabina Frederic, que traslade a Bah\u00eda Blanca a \u00abgente de su confianza\u201d para investigar el caso, como as\u00ed tambi\u00e9n que \u201cdesplace a la Polic\u00eda Federal y al fiscal\u201d que se encargan de la pesquisa.<!--more--><br \/>\n\u201cDesde el d\u00eda lunes estoy sufriendo noticias falsas que salen del expediente, que supuestamente est\u00e1 reservado\u201d, afirm\u00f3 esta noche Cristina Castro, quien le pidi\u00f3 a Frederic que, \u201csi quiere cumplir con lo que le exige la ONU, traiga a Bah\u00eda Blanca gente de su confianza y desplace a la Polic\u00eda Federal y al fiscal Ulpiano Mart\u00ednez\u201d.<\/p>\n<p>\u00abDeber\u00edan estar investigando y no lo est\u00e1n haciendo se\u00f1ores. Por favor. Basta ya. Basta\u00bb, suplic\u00f3.<\/p>\n<p>\u00abDeber\u00edan investigar y no lo hacen, investigan hip\u00f3tesis contrarias a las que sostenemos nosotros y en realidad informan a ciertos medios que se enteran de todas las pericias antes que nosotros, la familia, la querella y no tiene que ser as\u00ed\u00bb, expres\u00f3 Castro en un video difundido a trav\u00e9s de las redes sociales.<\/p>\n<p>La mujer, quien vive en Pedro Luro, en el distrito de Villarino, dijo tambi\u00e9n que \u00aba los fiscales ac\u00e1 en el sur se les ha olvidado lo que es el secreto de sumario, se filtra la informaci\u00f3n, Polic\u00eda Federal, el se\u00f1or Ulpiano Mart\u00ednez tienen que ser desplazados\u00bb.<\/p>\n<p>\u201cSe\u00f1ora Frederic, si me quiere escuchar por favor ponga cartas en el asunto, esto no puede seguir. Estoy cansada de luchar contra un sistema corrupto. Gracias\u201d, concluy\u00f3 la madre del joven desaparecido.<\/p>\n","protected":false},"excerpt":{"rendered":"<p>La madre de Facundo Astudillo Castro, el joven buscado desde el 30 de abril tras salir de la localidad bonaerense de Pedro Luro, pidi\u00f3 esta noche a la ministra de Seguridad, Sabina Frederic, que traslade a Bah\u00eda Blanca a \u00abgente de su confianza\u201d para investigar el caso, como as\u00ed tambi\u00e9n que \u201cdesplace a la Polic\u00eda [&hellip;]<\/p>\n","protected":false},"author":3,"featured_media":0,"comment_status":"closed","ping_status":"open","sticky":false,"template":"","format":"standard","meta":{"footnotes":""},"categories":[29],"tags":[],"class_list":["post-44556","post","type-post","status-publish","format-standard","hentry","category-policiales"],"yoast_head":"<!-- This site is optimized with the Yoast SEO plugin v25.9 - https:\/\/yoast.com\/wordpress\/plugins\/seo\/ -->\n<title>La madre de Facundo Astudillo pidi\u00f3 a la ministra Frederic &quot;gente de su confianza&quot; para investigar. - Noticias Radio Reflejos<\/title>\n<meta name=\"robots\" content=\"index, follow, max-snippet:-1, max-image-preview:large, max-video-preview:-1\" \/>\n<link rel=\"canonical\" href=\"https:\/\/www.noticiasradioreflejos.com.ar\/2021\/la-madre-de-facundo-astudillo-pidio-a-la-ministra-frederic-gente-de-su-confianza-para-investigar\/\" \/>\n<meta property=\"og:locale\" content=\"es_ES\" \/>\n<meta property=\"og:type\" content=\"article\" \/>\n<meta property=\"og:title\" content=\"La madre de Facundo Astudillo pidi\u00f3 a la ministra Frederic &quot;gente de su confianza&quot; para investigar. - Noticias Radio Reflejos\" \/>\n<meta property=\"og:description\" content=\"La madre de Facundo Astudillo Castro, el joven buscado desde el 30 de abril tras salir de la localidad bonaerense de Pedro Luro, pidi\u00f3 esta noche a la ministra de Seguridad, Sabina Frederic, que traslade a Bah\u00eda Blanca a \u00abgente de su confianza\u201d para investigar el caso, como as\u00ed tambi\u00e9n que \u201cdesplace a la Polic\u00eda [&hellip;]\" \/>\n<meta property=\"og:url\" content=\"https:\/\/www.noticiasradioreflejos.com.ar\/2021\/la-madre-de-facundo-astudillo-pidio-a-la-ministra-frederic-gente-de-su-confianza-para-investigar\/\" \/>\n<meta property=\"og:site_name\" content=\"Noticias Radio Reflejos\" \/>\n<meta property=\"article:published_time\" content=\"2020-07-18T12:50:08+00:00\" \/>\n<meta property=\"og:image\" content=\"https:\/\/www.noticiasradioreflejos.com.ar\/2021\/wp-content\/uploads\/2021\/07\/logosol300x200.png\" \/>\n\t<meta property=\"og:image:width\" content=\"300\" \/>\n\t<meta property=\"og:image:height\" content=\"200\" \/>\n\t<meta property=\"og:image:type\" content=\"image\/png\" \/>\n<meta name=\"author\" content=\"Arnaldo Botto\" \/>\n<meta name=\"twitter:card\" content=\"summary_large_image\" \/>\n<script type=\"application\/ld+json\" class=\"yoast-schema-graph\">{\"@context\":\"https:\/\/schema.org\",\"@graph\":[{\"@type\":\"WebPage\",\"@id\":\"https:\/\/www.noticiasradioreflejos.com.ar\/2021\/la-madre-de-facundo-astudillo-pidio-a-la-ministra-frederic-gente-de-su-confianza-para-investigar\/\",\"url\":\"https:\/\/www.noticiasradioreflejos.com.ar\/2021\/la-madre-de-facundo-astudillo-pidio-a-la-ministra-frederic-gente-de-su-confianza-para-investigar\/\",\"name\":\"La madre de Facundo Astudillo pidi\u00f3 a la ministra Frederic \\\"gente de su confianza\\\" para investigar. - Noticias Radio Reflejos\",\"isPartOf\":{\"@id\":\"https:\/\/www.noticiasradioreflejos.com.ar\/2021\/#website\"},\"datePublished\":\"2020-07-18T12:50:08+00:00\",\"author\":{\"@id\":\"https:\/\/www.noticiasradioreflejos.com.ar\/2021\/#\/schema\/person\/ad82545263dcc5ec0996818884fd5fb1\"},\"breadcrumb\":{\"@id\":\"https:\/\/www.noticiasradioreflejos.com.ar\/2021\/la-madre-de-facundo-astudillo-pidio-a-la-ministra-frederic-gente-de-su-confianza-para-investigar\/#breadcrumb\"},\"inLanguage\":\"es\",\"potentialAction\":[{\"@type\":\"ReadAction\",\"target\":[\"https:\/\/www.noticiasradioreflejos.com.ar\/2021\/la-madre-de-facundo-astudillo-pidio-a-la-ministra-frederic-gente-de-su-confianza-para-investigar\/\"]}]},{\"@type\":\"BreadcrumbList\",\"@id\":\"https:\/\/www.noticiasradioreflejos.com.ar\/2021\/la-madre-de-facundo-astudillo-pidio-a-la-ministra-frederic-gente-de-su-confianza-para-investigar\/#breadcrumb\",\"itemListElement\":[{\"@type\":\"ListItem\",\"position\":1,\"name\":\"Portada\",\"item\":\"https:\/\/www.noticiasradioreflejos.com.ar\/2021\/\"},{\"@type\":\"ListItem\",\"position\":2,\"name\":\"La madre de Facundo Astudillo pidi\u00f3 a la ministra Frederic \u00abgente de su confianza\u00bb para investigar.\"}]},{\"@type\":\"WebSite\",\"@id\":\"https:\/\/www.noticiasradioreflejos.com.ar\/2021\/#website\",\"url\":\"https:\/\/www.noticiasradioreflejos.com.ar\/2021\/\",\"name\":\"Noticias Radio Reflejos\",\"description\":\"Las noticias de mi comarca\",\"potentialAction\":[{\"@type\":\"SearchAction\",\"target\":{\"@type\":\"EntryPoint\",\"urlTemplate\":\"https:\/\/www.noticiasradioreflejos.com.ar\/2021\/?s={search_term_string}\"},\"query-input\":{\"@type\":\"PropertyValueSpecification\",\"valueRequired\":true,\"valueName\":\"search_term_string\"}}],\"inLanguage\":\"es\"},{\"@type\":\"Person\",\"@id\":\"https:\/\/www.noticiasradioreflejos.com.ar\/2021\/#\/schema\/person\/ad82545263dcc5ec0996818884fd5fb1\",\"name\":\"Arnaldo Botto\",\"image\":{\"@type\":\"ImageObject\",\"inLanguage\":\"es\",\"@id\":\"https:\/\/www.noticiasradioreflejos.com.ar\/2021\/#\/schema\/person\/image\/\",\"url\":\"https:\/\/secure.gravatar.com\/avatar\/55cb5e37c1efa326397366e6974cb338056df65cb50e7d64d1cf314e87504837?s=96&d=mm&r=g\",\"contentUrl\":\"https:\/\/secure.gravatar.com\/avatar\/55cb5e37c1efa326397366e6974cb338056df65cb50e7d64d1cf314e87504837?s=96&d=mm&r=g\",\"caption\":\"Arnaldo Botto\"},\"url\":\"https:\/\/www.noticiasradioreflejos.com.ar\/2021\/author\/arnaldo\/\"}]}<\/script>\n<!-- \/ Yoast SEO plugin. -->","yoast_head_json":{"title":"La madre de Facundo Astudillo pidi\u00f3 a la ministra Frederic \"gente de su confianza\" para investigar. - Noticias Radio Reflejos","robots":{"index":"index","follow":"follow","max-snippet":"max-snippet:-1","max-image-preview":"max-image-preview:large","max-video-preview":"max-video-preview:-1"},"canonical":"https:\/\/www.noticiasradioreflejos.com.ar\/2021\/la-madre-de-facundo-astudillo-pidio-a-la-ministra-frederic-gente-de-su-confianza-para-investigar\/","og_locale":"es_ES","og_type":"article","og_title":"La madre de Facundo Astudillo pidi\u00f3 a la ministra Frederic \"gente de su confianza\" para investigar. - Noticias Radio Reflejos","og_description":"La madre de Facundo Astudillo Castro, el joven buscado desde el 30 de abril tras salir de la localidad bonaerense de Pedro Luro, pidi\u00f3 esta noche a la ministra de Seguridad, Sabina Frederic, que traslade a Bah\u00eda Blanca a \u00abgente de su confianza\u201d para investigar el caso, como as\u00ed tambi\u00e9n que \u201cdesplace a la Polic\u00eda [&hellip;]","og_url":"https:\/\/www.noticiasradioreflejos.com.ar\/2021\/la-madre-de-facundo-astudillo-pidio-a-la-ministra-frederic-gente-de-su-confianza-para-investigar\/","og_site_name":"Noticias Radio Reflejos","article_published_time":"2020-07-18T12:50:08+00:00","og_image":[{"width":300,"height":200,"url":"https:\/\/www.noticiasradioreflejos.com.ar\/2021\/wp-content\/uploads\/2021\/07\/logosol300x200.png","type":"image\/png"}],"author":"Arnaldo Botto","twitter_card":"summary_large_image","schema":{"@context":"https:\/\/schema.org","@graph":[{"@type":"WebPage","@id":"https:\/\/www.noticiasradioreflejos.com.ar\/2021\/la-madre-de-facundo-astudillo-pidio-a-la-ministra-frederic-gente-de-su-confianza-para-investigar\/","url":"https:\/\/www.noticiasradioreflejos.com.ar\/2021\/la-madre-de-facundo-astudillo-pidio-a-la-ministra-frederic-gente-de-su-confianza-para-investigar\/","name":"La madre de Facundo Astudillo pidi\u00f3 a la ministra Frederic \"gente de su confianza\" para investigar. - Noticias Radio Reflejos","isPartOf":{"@id":"https:\/\/www.noticiasradioreflejos.com.ar\/2021\/#website"},"datePublished":"2020-07-18T12:50:08+00:00","author":{"@id":"https:\/\/www.noticiasradioreflejos.com.ar\/2021\/#\/schema\/person\/ad82545263dcc5ec0996818884fd5fb1"},"breadcrumb":{"@id":"https:\/\/www.noticiasradioreflejos.com.ar\/2021\/la-madre-de-facundo-astudillo-pidio-a-la-ministra-frederic-gente-de-su-confianza-para-investigar\/#breadcrumb"},"inLanguage":"es","potentialAction":[{"@type":"ReadAction","target":["https:\/\/www.noticiasradioreflejos.com.ar\/2021\/la-madre-de-facundo-astudillo-pidio-a-la-ministra-frederic-gente-de-su-confianza-para-investigar\/"]}]},{"@type":"BreadcrumbList","@id":"https:\/\/www.noticiasradioreflejos.com.ar\/2021\/la-madre-de-facundo-astudillo-pidio-a-la-ministra-frederic-gente-de-su-confianza-para-investigar\/#breadcrumb","itemListElement":[{"@type":"ListItem","position":1,"name":"Portada","item":"https:\/\/www.noticiasradioreflejos.com.ar\/2021\/"},{"@type":"ListItem","position":2,"name":"La madre de Facundo Astudillo pidi\u00f3 a la ministra Frederic \u00abgente de su confianza\u00bb para investigar."}]},{"@type":"WebSite","@id":"https:\/\/www.noticiasradioreflejos.com.ar\/2021\/#website","url":"https:\/\/www.noticiasradioreflejos.com.ar\/2021\/","name":"Noticias Radio Reflejos","description":"Las noticias de mi comarca","potentialAction":[{"@type":"SearchAction","target":{"@type":"EntryPoint","urlTemplate":"https:\/\/www.noticiasradioreflejos.com.ar\/2021\/?s={search_term_string}"},"query-input":{"@type":"PropertyValueSpecification","valueRequired":true,"valueName":"search_term_string"}}],"inLanguage":"es"},{"@type":"Person","@id":"https:\/\/www.noticiasradioreflejos.com.ar\/2021\/#\/schema\/person\/ad82545263dcc5ec0996818884fd5fb1","name":"Arnaldo Botto","image":{"@type":"ImageObject","inLanguage":"es","@id":"https:\/\/www.noticiasradioreflejos.com.ar\/2021\/#\/schema\/person\/image\/","url":"https:\/\/secure.gravatar.com\/avatar\/55cb5e37c1efa326397366e6974cb338056df65cb50e7d64d1cf314e87504837?s=96&d=mm&r=g","contentUrl":"https:\/\/secure.gravatar.com\/avatar\/55cb5e37c1efa326397366e6974cb338056df65cb50e7d64d1cf314e87504837?s=96&d=mm&r=g","caption":"Arnaldo Botto"},"url":"https:\/\/www.noticiasradioreflejos.com.ar\/2021\/author\/arnaldo\/"}]}},"_links":{"self":[{"href":"https:\/\/www.noticiasradioreflejos.com.ar\/2021\/wp-json\/wp\/v2\/posts\/44556","targetHints":{"allow":["GET"]}}],"collection":[{"href":"https:\/\/www.noticiasradioreflejos.com.ar\/2021\/wp-json\/wp\/v2\/posts"}],"about":[{"href":"https:\/\/www.noticiasradioreflejos.com.ar\/2021\/wp-json\/wp\/v2\/types\/post"}],"author":[{"embeddable":true,"href":"https:\/\/www.noticiasradioreflejos.com.ar\/2021\/wp-json\/wp\/v2\/users\/3"}],"replies":[{"embeddable":true,"href":"https:\/\/www.noticiasradioreflejos.com.ar\/2021\/wp-json\/wp\/v2\/comments?post=44556"}],"version-history":[{"count":0,"href":"https:\/\/www.noticiasradioreflejos.com.ar\/2021\/wp-json\/wp\/v2\/posts\/44556\/revisions"}],"wp:attachment":[{"href":"https:\/\/www.noticiasradioreflejos.com.ar\/2021\/wp-json\/wp\/v2\/media?parent=44556"}],"wp:term":[{"taxonomy":"category","embeddable":true,"href":"https:\/\/www.noticiasradioreflejos.com.ar\/2021\/wp-json\/wp\/v2\/categories?post=44556"},{"taxonomy":"post_tag","embeddable":true,"href":"https:\/\/www.noticiasradioreflejos.com.ar\/2021\/wp-json\/wp\/v2\/tags?post=44556"}],"curies":[{"name":"wp","href":"https:\/\/api.w.org\/{rel}","templated":true}]}}