{"id":44513,"date":"2020-07-17T09:44:27","date_gmt":"2020-07-17T12:44:27","guid":{"rendered":"http:\/\/www.noticiasradioreflejos.com.ar\/noticias\/?p=44513"},"modified":"2020-07-17T09:44:27","modified_gmt":"2020-07-17T12:44:27","slug":"provincia-y-municipios-inician-confeccion-de-un-catalogo-turistico-y-cultural","status":"publish","type":"post","link":"https:\/\/www.noticiasradioreflejos.com.ar\/2021\/provincia-y-municipios-inician-confeccion-de-un-catalogo-turistico-y-cultural\/","title":{"rendered":"Provincia y municipios inician confecci\u00f3n de un cat\u00e1logo tur\u00edstico y cultural"},"content":{"rendered":"<p>Unos 400 funcionarios municipales de turismo y de cultura participaron esta semana distintas reuniones virtuales con los subsecretarios de esas \u00e1reas del Ministerio de la Producci\u00f3n de la provincia de Buenos Aires, con el objetivo de avanzar en la confecci\u00f3n de un cat\u00e1logo de establecimientos tur\u00edsticos y culturales.<!--more--><br \/>\nSeg\u00fan se inform\u00f3 en un comunicado, la propuesta es \u00abque cada municipio vaya cargando los espacios culturales y puntos tur\u00edsticos que posean al cat\u00e1logo, con el que se desarrollar\u00e1 un coeficiente para la distribuci\u00f3n del dinero del Fondo Municipal para la Cultura y el Turismo\u00bb.<\/p>\n<p>Ese fondo de 300 millones de pesos, anunciado por el gobernador Axel Kicillof el pasado 6 de julio, se otorgar\u00e1 a trav\u00e9s de las comunas para reactivar los emprendimientos culturales y tur\u00edsticos de los 135 municipios bonaerenses.<\/p>\n<p>Cada jurisdicci\u00f3n ser\u00e1 responsable de administrar y direccionar los recursos que reciban, se precis\u00f3 en el comunicado.<\/p>\n<p>As\u00ed, esta semana se realizaron las rondas de consultas con todos los distritos, divididos en siete grupos o polos tur\u00edsticos coordinados por los tres subsecretarios de cultura y de turismo de la provincia.<\/p>\n<p>Se precis\u00f3 que los funcionarios provinciales que participaron de los distintos encuentros v\u00eda internet fueron Ianina Bak, de Turismo; Lorena Riesgo, de Promoci\u00f3n Sociocultural; Nicol\u00e1s Wainszelbaum, de Industrias Creativas e Innovaci\u00f3n Cultural y Ezequiel Grimson, de Pol\u00edticas Culturales<\/p>\n","protected":false},"excerpt":{"rendered":"<p>Unos 400 funcionarios municipales de turismo y de cultura participaron esta semana distintas reuniones virtuales con los subsecretarios de esas \u00e1reas del Ministerio de la Producci\u00f3n de la provincia de Buenos Aires, con el objetivo de avanzar en la confecci\u00f3n de un cat\u00e1logo de establecimientos tur\u00edsticos y culturales.<\/p>\n","protected":false},"author":3,"featured_media":0,"comment_status":"closed","ping_status":"open","sticky":false,"template":"","format":"standard","meta":{"footnotes":""},"categories":[33],"tags":[],"class_list":["post-44513","post","type-post","status-publish","format-standard","hentry","category-turismo"],"yoast_head":"<!-- This site is optimized with the Yoast SEO plugin v25.9 - https:\/\/yoast.com\/wordpress\/plugins\/seo\/ -->\n<title>Provincia y municipios inician confecci\u00f3n de un cat\u00e1logo tur\u00edstico y cultural - Noticias Radio Reflejos<\/title>\n<meta name=\"robots\" content=\"index, follow, max-snippet:-1, max-image-preview:large, max-video-preview:-1\" \/>\n<link rel=\"canonical\" href=\"https:\/\/www.noticiasradioreflejos.com.ar\/2021\/provincia-y-municipios-inician-confeccion-de-un-catalogo-turistico-y-cultural\/\" \/>\n<meta property=\"og:locale\" content=\"es_ES\" \/>\n<meta property=\"og:type\" content=\"article\" \/>\n<meta property=\"og:title\" content=\"Provincia y municipios inician confecci\u00f3n de un cat\u00e1logo tur\u00edstico y cultural - Noticias Radio Reflejos\" \/>\n<meta property=\"og:description\" content=\"Unos 400 funcionarios municipales de turismo y de cultura participaron esta semana distintas reuniones virtuales con los subsecretarios de esas \u00e1reas del Ministerio de la Producci\u00f3n de la provincia de Buenos Aires, con el objetivo de avanzar en la confecci\u00f3n de un cat\u00e1logo de establecimientos tur\u00edsticos y culturales.\" \/>\n<meta property=\"og:url\" content=\"https:\/\/www.noticiasradioreflejos.com.ar\/2021\/provincia-y-municipios-inician-confeccion-de-un-catalogo-turistico-y-cultural\/\" \/>\n<meta property=\"og:site_name\" content=\"Noticias Radio Reflejos\" \/>\n<meta property=\"article:published_time\" content=\"2020-07-17T12:44:27+00:00\" \/>\n<meta property=\"og:image\" content=\"https:\/\/www.noticiasradioreflejos.com.ar\/2021\/wp-content\/uploads\/2021\/07\/logosol300x200.png\" \/>\n\t<meta property=\"og:image:width\" content=\"300\" \/>\n\t<meta property=\"og:image:height\" content=\"200\" \/>\n\t<meta property=\"og:image:type\" content=\"image\/png\" \/>\n<meta name=\"author\" content=\"Arnaldo Botto\" \/>\n<meta name=\"twitter:card\" content=\"summary_large_image\" \/>\n<script type=\"application\/ld+json\" class=\"yoast-schema-graph\">{\"@context\":\"https:\/\/schema.org\",\"@graph\":[{\"@type\":\"WebPage\",\"@id\":\"https:\/\/www.noticiasradioreflejos.com.ar\/2021\/provincia-y-municipios-inician-confeccion-de-un-catalogo-turistico-y-cultural\/\",\"url\":\"https:\/\/www.noticiasradioreflejos.com.ar\/2021\/provincia-y-municipios-inician-confeccion-de-un-catalogo-turistico-y-cultural\/\",\"name\":\"Provincia y municipios inician confecci\u00f3n de un cat\u00e1logo tur\u00edstico y cultural - Noticias Radio Reflejos\",\"isPartOf\":{\"@id\":\"https:\/\/www.noticiasradioreflejos.com.ar\/2021\/#website\"},\"datePublished\":\"2020-07-17T12:44:27+00:00\",\"author\":{\"@id\":\"https:\/\/www.noticiasradioreflejos.com.ar\/2021\/#\/schema\/person\/ad82545263dcc5ec0996818884fd5fb1\"},\"breadcrumb\":{\"@id\":\"https:\/\/www.noticiasradioreflejos.com.ar\/2021\/provincia-y-municipios-inician-confeccion-de-un-catalogo-turistico-y-cultural\/#breadcrumb\"},\"inLanguage\":\"es\",\"potentialAction\":[{\"@type\":\"ReadAction\",\"target\":[\"https:\/\/www.noticiasradioreflejos.com.ar\/2021\/provincia-y-municipios-inician-confeccion-de-un-catalogo-turistico-y-cultural\/\"]}]},{\"@type\":\"BreadcrumbList\",\"@id\":\"https:\/\/www.noticiasradioreflejos.com.ar\/2021\/provincia-y-municipios-inician-confeccion-de-un-catalogo-turistico-y-cultural\/#breadcrumb\",\"itemListElement\":[{\"@type\":\"ListItem\",\"position\":1,\"name\":\"Portada\",\"item\":\"https:\/\/www.noticiasradioreflejos.com.ar\/2021\/\"},{\"@type\":\"ListItem\",\"position\":2,\"name\":\"Provincia y municipios inician confecci\u00f3n de un cat\u00e1logo tur\u00edstico y cultural\"}]},{\"@type\":\"WebSite\",\"@id\":\"https:\/\/www.noticiasradioreflejos.com.ar\/2021\/#website\",\"url\":\"https:\/\/www.noticiasradioreflejos.com.ar\/2021\/\",\"name\":\"Noticias Radio Reflejos\",\"description\":\"Las noticias de mi comarca\",\"potentialAction\":[{\"@type\":\"SearchAction\",\"target\":{\"@type\":\"EntryPoint\",\"urlTemplate\":\"https:\/\/www.noticiasradioreflejos.com.ar\/2021\/?s={search_term_string}\"},\"query-input\":{\"@type\":\"PropertyValueSpecification\",\"valueRequired\":true,\"valueName\":\"search_term_string\"}}],\"inLanguage\":\"es\"},{\"@type\":\"Person\",\"@id\":\"https:\/\/www.noticiasradioreflejos.com.ar\/2021\/#\/schema\/person\/ad82545263dcc5ec0996818884fd5fb1\",\"name\":\"Arnaldo Botto\",\"image\":{\"@type\":\"ImageObject\",\"inLanguage\":\"es\",\"@id\":\"https:\/\/www.noticiasradioreflejos.com.ar\/2021\/#\/schema\/person\/image\/\",\"url\":\"https:\/\/secure.gravatar.com\/avatar\/55cb5e37c1efa326397366e6974cb338056df65cb50e7d64d1cf314e87504837?s=96&d=mm&r=g\",\"contentUrl\":\"https:\/\/secure.gravatar.com\/avatar\/55cb5e37c1efa326397366e6974cb338056df65cb50e7d64d1cf314e87504837?s=96&d=mm&r=g\",\"caption\":\"Arnaldo Botto\"},\"url\":\"https:\/\/www.noticiasradioreflejos.com.ar\/2021\/author\/arnaldo\/\"}]}<\/script>\n<!-- \/ Yoast SEO plugin. -->","yoast_head_json":{"title":"Provincia y municipios inician confecci\u00f3n de un cat\u00e1logo tur\u00edstico y cultural - Noticias Radio Reflejos","robots":{"index":"index","follow":"follow","max-snippet":"max-snippet:-1","max-image-preview":"max-image-preview:large","max-video-preview":"max-video-preview:-1"},"canonical":"https:\/\/www.noticiasradioreflejos.com.ar\/2021\/provincia-y-municipios-inician-confeccion-de-un-catalogo-turistico-y-cultural\/","og_locale":"es_ES","og_type":"article","og_title":"Provincia y municipios inician confecci\u00f3n de un cat\u00e1logo tur\u00edstico y cultural - Noticias Radio Reflejos","og_description":"Unos 400 funcionarios municipales de turismo y de cultura participaron esta semana distintas reuniones virtuales con los subsecretarios de esas \u00e1reas del Ministerio de la Producci\u00f3n de la provincia de Buenos Aires, con el objetivo de avanzar en la confecci\u00f3n de un cat\u00e1logo de establecimientos tur\u00edsticos y culturales.","og_url":"https:\/\/www.noticiasradioreflejos.com.ar\/2021\/provincia-y-municipios-inician-confeccion-de-un-catalogo-turistico-y-cultural\/","og_site_name":"Noticias Radio Reflejos","article_published_time":"2020-07-17T12:44:27+00:00","og_image":[{"width":300,"height":200,"url":"https:\/\/www.noticiasradioreflejos.com.ar\/2021\/wp-content\/uploads\/2021\/07\/logosol300x200.png","type":"image\/png"}],"author":"Arnaldo Botto","twitter_card":"summary_large_image","schema":{"@context":"https:\/\/schema.org","@graph":[{"@type":"WebPage","@id":"https:\/\/www.noticiasradioreflejos.com.ar\/2021\/provincia-y-municipios-inician-confeccion-de-un-catalogo-turistico-y-cultural\/","url":"https:\/\/www.noticiasradioreflejos.com.ar\/2021\/provincia-y-municipios-inician-confeccion-de-un-catalogo-turistico-y-cultural\/","name":"Provincia y municipios inician confecci\u00f3n de un cat\u00e1logo tur\u00edstico y cultural - Noticias Radio Reflejos","isPartOf":{"@id":"https:\/\/www.noticiasradioreflejos.com.ar\/2021\/#website"},"datePublished":"2020-07-17T12:44:27+00:00","author":{"@id":"https:\/\/www.noticiasradioreflejos.com.ar\/2021\/#\/schema\/person\/ad82545263dcc5ec0996818884fd5fb1"},"breadcrumb":{"@id":"https:\/\/www.noticiasradioreflejos.com.ar\/2021\/provincia-y-municipios-inician-confeccion-de-un-catalogo-turistico-y-cultural\/#breadcrumb"},"inLanguage":"es","potentialAction":[{"@type":"ReadAction","target":["https:\/\/www.noticiasradioreflejos.com.ar\/2021\/provincia-y-municipios-inician-confeccion-de-un-catalogo-turistico-y-cultural\/"]}]},{"@type":"BreadcrumbList","@id":"https:\/\/www.noticiasradioreflejos.com.ar\/2021\/provincia-y-municipios-inician-confeccion-de-un-catalogo-turistico-y-cultural\/#breadcrumb","itemListElement":[{"@type":"ListItem","position":1,"name":"Portada","item":"https:\/\/www.noticiasradioreflejos.com.ar\/2021\/"},{"@type":"ListItem","position":2,"name":"Provincia y municipios inician confecci\u00f3n de un cat\u00e1logo tur\u00edstico y cultural"}]},{"@type":"WebSite","@id":"https:\/\/www.noticiasradioreflejos.com.ar\/2021\/#website","url":"https:\/\/www.noticiasradioreflejos.com.ar\/2021\/","name":"Noticias Radio Reflejos","description":"Las noticias de mi comarca","potentialAction":[{"@type":"SearchAction","target":{"@type":"EntryPoint","urlTemplate":"https:\/\/www.noticiasradioreflejos.com.ar\/2021\/?s={search_term_string}"},"query-input":{"@type":"PropertyValueSpecification","valueRequired":true,"valueName":"search_term_string"}}],"inLanguage":"es"},{"@type":"Person","@id":"https:\/\/www.noticiasradioreflejos.com.ar\/2021\/#\/schema\/person\/ad82545263dcc5ec0996818884fd5fb1","name":"Arnaldo Botto","image":{"@type":"ImageObject","inLanguage":"es","@id":"https:\/\/www.noticiasradioreflejos.com.ar\/2021\/#\/schema\/person\/image\/","url":"https:\/\/secure.gravatar.com\/avatar\/55cb5e37c1efa326397366e6974cb338056df65cb50e7d64d1cf314e87504837?s=96&d=mm&r=g","contentUrl":"https:\/\/secure.gravatar.com\/avatar\/55cb5e37c1efa326397366e6974cb338056df65cb50e7d64d1cf314e87504837?s=96&d=mm&r=g","caption":"Arnaldo Botto"},"url":"https:\/\/www.noticiasradioreflejos.com.ar\/2021\/author\/arnaldo\/"}]}},"_links":{"self":[{"href":"https:\/\/www.noticiasradioreflejos.com.ar\/2021\/wp-json\/wp\/v2\/posts\/44513","targetHints":{"allow":["GET"]}}],"collection":[{"href":"https:\/\/www.noticiasradioreflejos.com.ar\/2021\/wp-json\/wp\/v2\/posts"}],"about":[{"href":"https:\/\/www.noticiasradioreflejos.com.ar\/2021\/wp-json\/wp\/v2\/types\/post"}],"author":[{"embeddable":true,"href":"https:\/\/www.noticiasradioreflejos.com.ar\/2021\/wp-json\/wp\/v2\/users\/3"}],"replies":[{"embeddable":true,"href":"https:\/\/www.noticiasradioreflejos.com.ar\/2021\/wp-json\/wp\/v2\/comments?post=44513"}],"version-history":[{"count":0,"href":"https:\/\/www.noticiasradioreflejos.com.ar\/2021\/wp-json\/wp\/v2\/posts\/44513\/revisions"}],"wp:attachment":[{"href":"https:\/\/www.noticiasradioreflejos.com.ar\/2021\/wp-json\/wp\/v2\/media?parent=44513"}],"wp:term":[{"taxonomy":"category","embeddable":true,"href":"https:\/\/www.noticiasradioreflejos.com.ar\/2021\/wp-json\/wp\/v2\/categories?post=44513"},{"taxonomy":"post_tag","embeddable":true,"href":"https:\/\/www.noticiasradioreflejos.com.ar\/2021\/wp-json\/wp\/v2\/tags?post=44513"}],"curies":[{"name":"wp","href":"https:\/\/api.w.org\/{rel}","templated":true}]}}