{"id":44507,"date":"2020-07-17T08:44:45","date_gmt":"2020-07-17T11:44:45","guid":{"rendered":"http:\/\/www.noticiasradioreflejos.com.ar\/noticias\/?p=44507"},"modified":"2020-07-17T08:44:45","modified_gmt":"2020-07-17T11:44:45","slug":"para-baradel-no-estan-dadas-las-condiciones-para-la-vuelta-a-la-escuela-en-territorio-bonaerense","status":"publish","type":"post","link":"https:\/\/www.noticiasradioreflejos.com.ar\/2021\/para-baradel-no-estan-dadas-las-condiciones-para-la-vuelta-a-la-escuela-en-territorio-bonaerense\/","title":{"rendered":"Para Baradel, \u00abno est\u00e1n dadas las condiciones para la vuelta a la escuela\u00bb en territorio bonaerense"},"content":{"rendered":"<p>El secretario general del Sindicato \u00danico de Trabajadores de la Educaci\u00f3n (Suteba), Roberto Baradel, afirm\u00f3 que \u00abhoy no est\u00e1n las condiciones para la vuelta a la escuela\u00bb y sostuvo que \u00aba\u00fan no est\u00e1n elaborados\u00bb los protocolos para volver a clases en los municipios bonaerenses.<!--more--><br \/>\nEn declaraciones formuladas a radio El Destape Radio, el dirigente gremial se\u00f1al\u00f3 que la prioridad a la hora de decidir el modo de retorno a las clases presenciales debe ser \u00abcuidar la salud de los chicos y de los docentes\u00bb.<\/p>\n<p>\u00abUno puede decir que hay municipios que no tienen circulaci\u00f3n del virus, pero puede haber situaciones como la que se dio en Navarro, donde con una sola persona puso en riesgo a 180\u00bb, grafic\u00f3.<\/p>\n<p>\u00abPrimero hay que ver c\u00f3mo est\u00e1 la situaci\u00f3n sanitaria y epidemiol\u00f3gica. La segunda cuesti\u00f3n a tener en cuenta es si las escuelas est\u00e1n en condiciones con respecto a la infraestructura y espacios\u00bb, dijo el dirigente gremial y puntualiz\u00f3 que, \u00abdebido al deterioro de muchos a\u00f1os, hay establecimientos que no tienen los espacios necesarios\u00bb.<\/p>\n<p>Baradel indic\u00f3 que el gobernador bonaerense, Axel Kicillof, \u00abimplement\u00f3 el inicio del programa Escuelas a las Obras, que en algunos casos se terminaron, en otros se est\u00e1 reparando y en otros se paraliz\u00f3 por el tema de la pandemia\u00bb.<\/p>\n<p>\u00abEst\u00e1n haciendo un esfuerzo muy grande para que se lleve adelante, pero producto del coronavirus muchos de esos trabajos se retrasaron\u00bb, indic\u00f3 el referente de Suteba.<\/p>\n<p>A la vez, el titular de Suteba analiz\u00f3 que \u00abla presencialidad no va a ser como la conocimos sino muy focalizada\u00bb y pidi\u00f3 \u00abprestar especial atenci\u00f3n a los chicos que perdieron v\u00ednculo con la escuela y, fundamentalmente, a los que est\u00e1n terminando ciclos\u00bb.<\/p>\n","protected":false},"excerpt":{"rendered":"<p>El secretario general del Sindicato \u00danico de Trabajadores de la Educaci\u00f3n (Suteba), Roberto Baradel, afirm\u00f3 que \u00abhoy no est\u00e1n las condiciones para la vuelta a la escuela\u00bb y sostuvo que \u00aba\u00fan no est\u00e1n elaborados\u00bb los protocolos para volver a clases en los municipios bonaerenses.<\/p>\n","protected":false},"author":3,"featured_media":0,"comment_status":"closed","ping_status":"open","sticky":false,"template":"","format":"standard","meta":{"footnotes":""},"categories":[34],"tags":[],"class_list":["post-44507","post","type-post","status-publish","format-standard","hentry","category-educacion"],"yoast_head":"<!-- This site is optimized with the Yoast SEO plugin v25.9 - https:\/\/yoast.com\/wordpress\/plugins\/seo\/ -->\n<title>Para Baradel, &quot;no est\u00e1n dadas las condiciones para la vuelta a la escuela&quot; en territorio bonaerense - Noticias Radio Reflejos<\/title>\n<meta name=\"robots\" content=\"index, follow, max-snippet:-1, max-image-preview:large, max-video-preview:-1\" \/>\n<link rel=\"canonical\" href=\"https:\/\/www.noticiasradioreflejos.com.ar\/2021\/para-baradel-no-estan-dadas-las-condiciones-para-la-vuelta-a-la-escuela-en-territorio-bonaerense\/\" \/>\n<meta property=\"og:locale\" content=\"es_ES\" \/>\n<meta property=\"og:type\" content=\"article\" \/>\n<meta property=\"og:title\" content=\"Para Baradel, &quot;no est\u00e1n dadas las condiciones para la vuelta a la escuela&quot; en territorio bonaerense - Noticias Radio Reflejos\" \/>\n<meta property=\"og:description\" content=\"El secretario general del Sindicato \u00danico de Trabajadores de la Educaci\u00f3n (Suteba), Roberto Baradel, afirm\u00f3 que \u00abhoy no est\u00e1n las condiciones para la vuelta a la escuela\u00bb y sostuvo que \u00aba\u00fan no est\u00e1n elaborados\u00bb los protocolos para volver a clases en los municipios bonaerenses.\" \/>\n<meta property=\"og:url\" content=\"https:\/\/www.noticiasradioreflejos.com.ar\/2021\/para-baradel-no-estan-dadas-las-condiciones-para-la-vuelta-a-la-escuela-en-territorio-bonaerense\/\" \/>\n<meta property=\"og:site_name\" content=\"Noticias Radio Reflejos\" \/>\n<meta property=\"article:published_time\" content=\"2020-07-17T11:44:45+00:00\" \/>\n<meta property=\"og:image\" content=\"https:\/\/www.noticiasradioreflejos.com.ar\/2021\/wp-content\/uploads\/2021\/07\/logosol300x200.png\" \/>\n\t<meta property=\"og:image:width\" content=\"300\" \/>\n\t<meta property=\"og:image:height\" content=\"200\" \/>\n\t<meta property=\"og:image:type\" content=\"image\/png\" \/>\n<meta name=\"author\" content=\"Arnaldo Botto\" \/>\n<meta name=\"twitter:card\" content=\"summary_large_image\" \/>\n<script type=\"application\/ld+json\" class=\"yoast-schema-graph\">{\"@context\":\"https:\/\/schema.org\",\"@graph\":[{\"@type\":\"WebPage\",\"@id\":\"https:\/\/www.noticiasradioreflejos.com.ar\/2021\/para-baradel-no-estan-dadas-las-condiciones-para-la-vuelta-a-la-escuela-en-territorio-bonaerense\/\",\"url\":\"https:\/\/www.noticiasradioreflejos.com.ar\/2021\/para-baradel-no-estan-dadas-las-condiciones-para-la-vuelta-a-la-escuela-en-territorio-bonaerense\/\",\"name\":\"Para Baradel, \\\"no est\u00e1n dadas las condiciones para la vuelta a la escuela\\\" en territorio bonaerense - Noticias Radio Reflejos\",\"isPartOf\":{\"@id\":\"https:\/\/www.noticiasradioreflejos.com.ar\/2021\/#website\"},\"datePublished\":\"2020-07-17T11:44:45+00:00\",\"author\":{\"@id\":\"https:\/\/www.noticiasradioreflejos.com.ar\/2021\/#\/schema\/person\/ad82545263dcc5ec0996818884fd5fb1\"},\"breadcrumb\":{\"@id\":\"https:\/\/www.noticiasradioreflejos.com.ar\/2021\/para-baradel-no-estan-dadas-las-condiciones-para-la-vuelta-a-la-escuela-en-territorio-bonaerense\/#breadcrumb\"},\"inLanguage\":\"es\",\"potentialAction\":[{\"@type\":\"ReadAction\",\"target\":[\"https:\/\/www.noticiasradioreflejos.com.ar\/2021\/para-baradel-no-estan-dadas-las-condiciones-para-la-vuelta-a-la-escuela-en-territorio-bonaerense\/\"]}]},{\"@type\":\"BreadcrumbList\",\"@id\":\"https:\/\/www.noticiasradioreflejos.com.ar\/2021\/para-baradel-no-estan-dadas-las-condiciones-para-la-vuelta-a-la-escuela-en-territorio-bonaerense\/#breadcrumb\",\"itemListElement\":[{\"@type\":\"ListItem\",\"position\":1,\"name\":\"Portada\",\"item\":\"https:\/\/www.noticiasradioreflejos.com.ar\/2021\/\"},{\"@type\":\"ListItem\",\"position\":2,\"name\":\"Para Baradel, \u00abno est\u00e1n dadas las condiciones para la vuelta a la escuela\u00bb en territorio bonaerense\"}]},{\"@type\":\"WebSite\",\"@id\":\"https:\/\/www.noticiasradioreflejos.com.ar\/2021\/#website\",\"url\":\"https:\/\/www.noticiasradioreflejos.com.ar\/2021\/\",\"name\":\"Noticias Radio Reflejos\",\"description\":\"Las noticias de mi comarca\",\"potentialAction\":[{\"@type\":\"SearchAction\",\"target\":{\"@type\":\"EntryPoint\",\"urlTemplate\":\"https:\/\/www.noticiasradioreflejos.com.ar\/2021\/?s={search_term_string}\"},\"query-input\":{\"@type\":\"PropertyValueSpecification\",\"valueRequired\":true,\"valueName\":\"search_term_string\"}}],\"inLanguage\":\"es\"},{\"@type\":\"Person\",\"@id\":\"https:\/\/www.noticiasradioreflejos.com.ar\/2021\/#\/schema\/person\/ad82545263dcc5ec0996818884fd5fb1\",\"name\":\"Arnaldo Botto\",\"image\":{\"@type\":\"ImageObject\",\"inLanguage\":\"es\",\"@id\":\"https:\/\/www.noticiasradioreflejos.com.ar\/2021\/#\/schema\/person\/image\/\",\"url\":\"https:\/\/secure.gravatar.com\/avatar\/55cb5e37c1efa326397366e6974cb338056df65cb50e7d64d1cf314e87504837?s=96&d=mm&r=g\",\"contentUrl\":\"https:\/\/secure.gravatar.com\/avatar\/55cb5e37c1efa326397366e6974cb338056df65cb50e7d64d1cf314e87504837?s=96&d=mm&r=g\",\"caption\":\"Arnaldo Botto\"},\"url\":\"https:\/\/www.noticiasradioreflejos.com.ar\/2021\/author\/arnaldo\/\"}]}<\/script>\n<!-- \/ Yoast SEO plugin. -->","yoast_head_json":{"title":"Para Baradel, \"no est\u00e1n dadas las condiciones para la vuelta a la escuela\" en territorio bonaerense - Noticias Radio Reflejos","robots":{"index":"index","follow":"follow","max-snippet":"max-snippet:-1","max-image-preview":"max-image-preview:large","max-video-preview":"max-video-preview:-1"},"canonical":"https:\/\/www.noticiasradioreflejos.com.ar\/2021\/para-baradel-no-estan-dadas-las-condiciones-para-la-vuelta-a-la-escuela-en-territorio-bonaerense\/","og_locale":"es_ES","og_type":"article","og_title":"Para Baradel, \"no est\u00e1n dadas las condiciones para la vuelta a la escuela\" en territorio bonaerense - Noticias Radio Reflejos","og_description":"El secretario general del Sindicato \u00danico de Trabajadores de la Educaci\u00f3n (Suteba), Roberto Baradel, afirm\u00f3 que \u00abhoy no est\u00e1n las condiciones para la vuelta a la escuela\u00bb y sostuvo que \u00aba\u00fan no est\u00e1n elaborados\u00bb los protocolos para volver a clases en los municipios bonaerenses.","og_url":"https:\/\/www.noticiasradioreflejos.com.ar\/2021\/para-baradel-no-estan-dadas-las-condiciones-para-la-vuelta-a-la-escuela-en-territorio-bonaerense\/","og_site_name":"Noticias Radio Reflejos","article_published_time":"2020-07-17T11:44:45+00:00","og_image":[{"width":300,"height":200,"url":"https:\/\/www.noticiasradioreflejos.com.ar\/2021\/wp-content\/uploads\/2021\/07\/logosol300x200.png","type":"image\/png"}],"author":"Arnaldo Botto","twitter_card":"summary_large_image","schema":{"@context":"https:\/\/schema.org","@graph":[{"@type":"WebPage","@id":"https:\/\/www.noticiasradioreflejos.com.ar\/2021\/para-baradel-no-estan-dadas-las-condiciones-para-la-vuelta-a-la-escuela-en-territorio-bonaerense\/","url":"https:\/\/www.noticiasradioreflejos.com.ar\/2021\/para-baradel-no-estan-dadas-las-condiciones-para-la-vuelta-a-la-escuela-en-territorio-bonaerense\/","name":"Para Baradel, \"no est\u00e1n dadas las condiciones para la vuelta a la escuela\" en territorio bonaerense - Noticias Radio Reflejos","isPartOf":{"@id":"https:\/\/www.noticiasradioreflejos.com.ar\/2021\/#website"},"datePublished":"2020-07-17T11:44:45+00:00","author":{"@id":"https:\/\/www.noticiasradioreflejos.com.ar\/2021\/#\/schema\/person\/ad82545263dcc5ec0996818884fd5fb1"},"breadcrumb":{"@id":"https:\/\/www.noticiasradioreflejos.com.ar\/2021\/para-baradel-no-estan-dadas-las-condiciones-para-la-vuelta-a-la-escuela-en-territorio-bonaerense\/#breadcrumb"},"inLanguage":"es","potentialAction":[{"@type":"ReadAction","target":["https:\/\/www.noticiasradioreflejos.com.ar\/2021\/para-baradel-no-estan-dadas-las-condiciones-para-la-vuelta-a-la-escuela-en-territorio-bonaerense\/"]}]},{"@type":"BreadcrumbList","@id":"https:\/\/www.noticiasradioreflejos.com.ar\/2021\/para-baradel-no-estan-dadas-las-condiciones-para-la-vuelta-a-la-escuela-en-territorio-bonaerense\/#breadcrumb","itemListElement":[{"@type":"ListItem","position":1,"name":"Portada","item":"https:\/\/www.noticiasradioreflejos.com.ar\/2021\/"},{"@type":"ListItem","position":2,"name":"Para Baradel, \u00abno est\u00e1n dadas las condiciones para la vuelta a la escuela\u00bb en territorio bonaerense"}]},{"@type":"WebSite","@id":"https:\/\/www.noticiasradioreflejos.com.ar\/2021\/#website","url":"https:\/\/www.noticiasradioreflejos.com.ar\/2021\/","name":"Noticias Radio Reflejos","description":"Las noticias de mi comarca","potentialAction":[{"@type":"SearchAction","target":{"@type":"EntryPoint","urlTemplate":"https:\/\/www.noticiasradioreflejos.com.ar\/2021\/?s={search_term_string}"},"query-input":{"@type":"PropertyValueSpecification","valueRequired":true,"valueName":"search_term_string"}}],"inLanguage":"es"},{"@type":"Person","@id":"https:\/\/www.noticiasradioreflejos.com.ar\/2021\/#\/schema\/person\/ad82545263dcc5ec0996818884fd5fb1","name":"Arnaldo Botto","image":{"@type":"ImageObject","inLanguage":"es","@id":"https:\/\/www.noticiasradioreflejos.com.ar\/2021\/#\/schema\/person\/image\/","url":"https:\/\/secure.gravatar.com\/avatar\/55cb5e37c1efa326397366e6974cb338056df65cb50e7d64d1cf314e87504837?s=96&d=mm&r=g","contentUrl":"https:\/\/secure.gravatar.com\/avatar\/55cb5e37c1efa326397366e6974cb338056df65cb50e7d64d1cf314e87504837?s=96&d=mm&r=g","caption":"Arnaldo Botto"},"url":"https:\/\/www.noticiasradioreflejos.com.ar\/2021\/author\/arnaldo\/"}]}},"_links":{"self":[{"href":"https:\/\/www.noticiasradioreflejos.com.ar\/2021\/wp-json\/wp\/v2\/posts\/44507","targetHints":{"allow":["GET"]}}],"collection":[{"href":"https:\/\/www.noticiasradioreflejos.com.ar\/2021\/wp-json\/wp\/v2\/posts"}],"about":[{"href":"https:\/\/www.noticiasradioreflejos.com.ar\/2021\/wp-json\/wp\/v2\/types\/post"}],"author":[{"embeddable":true,"href":"https:\/\/www.noticiasradioreflejos.com.ar\/2021\/wp-json\/wp\/v2\/users\/3"}],"replies":[{"embeddable":true,"href":"https:\/\/www.noticiasradioreflejos.com.ar\/2021\/wp-json\/wp\/v2\/comments?post=44507"}],"version-history":[{"count":0,"href":"https:\/\/www.noticiasradioreflejos.com.ar\/2021\/wp-json\/wp\/v2\/posts\/44507\/revisions"}],"wp:attachment":[{"href":"https:\/\/www.noticiasradioreflejos.com.ar\/2021\/wp-json\/wp\/v2\/media?parent=44507"}],"wp:term":[{"taxonomy":"category","embeddable":true,"href":"https:\/\/www.noticiasradioreflejos.com.ar\/2021\/wp-json\/wp\/v2\/categories?post=44507"},{"taxonomy":"post_tag","embeddable":true,"href":"https:\/\/www.noticiasradioreflejos.com.ar\/2021\/wp-json\/wp\/v2\/tags?post=44507"}],"curies":[{"name":"wp","href":"https:\/\/api.w.org\/{rel}","templated":true}]}}