{"id":44471,"date":"2020-07-16T08:41:43","date_gmt":"2020-07-16T11:41:43","guid":{"rendered":"http:\/\/www.noticiasradioreflejos.com.ar\/noticias\/?p=44471"},"modified":"2020-07-16T08:41:43","modified_gmt":"2020-07-16T11:41:43","slug":"intendente-de-bolivar-puso-a-disposicion-el-sistema-sanitario-del-distrito-para-probar-una-vacuna","status":"publish","type":"post","link":"https:\/\/www.noticiasradioreflejos.com.ar\/2021\/intendente-de-bolivar-puso-a-disposicion-el-sistema-sanitario-del-distrito-para-probar-una-vacuna\/","title":{"rendered":"Intendente de Bol\u00edvar puso a disposici\u00f3n el sistema sanitario del distrito para probar una vacuna"},"content":{"rendered":"<p>El intendente del municipio bonaerense de Bol\u00edvar, Marcos Pisano, puso a disposici\u00f3n del presidente Alberto Fern\u00e1ndez y del gobernador Axel Kicillof el sistema sanitario de su distrito para realizar pruebas de una de las vacunas contra el coronavirus que preparan las compa\u00f1\u00edas farmac\u00e9uticas Pfizer Inc. y BioNTech SE, informaron desde la comuna.<!--more--><br \/>\nEsas empresas eligieron a la Argentina como el \u00fanico pa\u00eds de la regi\u00f3n donde se llevar\u00e1 a cabo una de las fases de prueba para una posible vacuna contra la Covid-19, un anuncio que celebr\u00f3 el pasado viernes Fern\u00e1ndez.<\/p>\n<p>Desde el municipio de Bol\u00edvar explicaron que, tras esa noticia, desde la Secretar\u00eda de Salud local se pusieron en contacto con las autoridades sanitarias de Naci\u00f3n y Provincia \u00abcon el fin de poner a disposici\u00f3n el sistema sanitario local para que se implementen las pruebas\u00bb.<\/p>\n<p>\u00abEntendemos que el distrito se mantuvo sin casos hasta el d\u00eda 108 de la cuarentena y hasta el momento s\u00f3lo cuenta con tres casos positivos de Covid-19 y se pudo detectar el caso 0, con lo cual est\u00e1 controlada la propagaci\u00f3n del virus en el partido\u00bb, apuntaron.<\/p>\n<p>La de Pfizer Inc. y BioNTech SE es una de las doce vacunas que est\u00e1n siendo probadas en seres humanos (fase cl\u00ednica) alrededor del mundo seg\u00fan los registros de la Organizaci\u00f3n Mundial de la Salud (OMS).<\/p>\n<p>El investigador principal del estudio que se realizar\u00e1 a partir de agosto en la Argentina de la vacuna contra el coronavirus es Fernando Polack, m\u00e9dico pediatra infect\u00f3logo y director de la Fundaci\u00f3n Infant.<\/p>\n","protected":false},"excerpt":{"rendered":"<p>El intendente del municipio bonaerense de Bol\u00edvar, Marcos Pisano, puso a disposici\u00f3n del presidente Alberto Fern\u00e1ndez y del gobernador Axel Kicillof el sistema sanitario de su distrito para realizar pruebas de una de las vacunas contra el coronavirus que preparan las compa\u00f1\u00edas farmac\u00e9uticas Pfizer Inc. y BioNTech SE, informaron desde la comuna.<\/p>\n","protected":false},"author":3,"featured_media":0,"comment_status":"closed","ping_status":"open","sticky":false,"template":"","format":"standard","meta":{"footnotes":""},"categories":[30],"tags":[],"class_list":["post-44471","post","type-post","status-publish","format-standard","hentry","category-salud"],"yoast_head":"<!-- This site is optimized with the Yoast SEO plugin v25.9 - https:\/\/yoast.com\/wordpress\/plugins\/seo\/ -->\n<title>Intendente de Bol\u00edvar puso a disposici\u00f3n el sistema sanitario del distrito para probar una vacuna - Noticias Radio Reflejos<\/title>\n<meta name=\"robots\" content=\"index, follow, max-snippet:-1, max-image-preview:large, max-video-preview:-1\" \/>\n<link rel=\"canonical\" href=\"https:\/\/www.noticiasradioreflejos.com.ar\/2021\/intendente-de-bolivar-puso-a-disposicion-el-sistema-sanitario-del-distrito-para-probar-una-vacuna\/\" \/>\n<meta property=\"og:locale\" content=\"es_ES\" \/>\n<meta property=\"og:type\" content=\"article\" \/>\n<meta property=\"og:title\" content=\"Intendente de Bol\u00edvar puso a disposici\u00f3n el sistema sanitario del distrito para probar una vacuna - Noticias Radio Reflejos\" \/>\n<meta property=\"og:description\" content=\"El intendente del municipio bonaerense de Bol\u00edvar, Marcos Pisano, puso a disposici\u00f3n del presidente Alberto Fern\u00e1ndez y del gobernador Axel Kicillof el sistema sanitario de su distrito para realizar pruebas de una de las vacunas contra el coronavirus que preparan las compa\u00f1\u00edas farmac\u00e9uticas Pfizer Inc. y BioNTech SE, informaron desde la comuna.\" \/>\n<meta property=\"og:url\" content=\"https:\/\/www.noticiasradioreflejos.com.ar\/2021\/intendente-de-bolivar-puso-a-disposicion-el-sistema-sanitario-del-distrito-para-probar-una-vacuna\/\" \/>\n<meta property=\"og:site_name\" content=\"Noticias Radio Reflejos\" \/>\n<meta property=\"article:published_time\" content=\"2020-07-16T11:41:43+00:00\" \/>\n<meta property=\"og:image\" content=\"https:\/\/www.noticiasradioreflejos.com.ar\/2021\/wp-content\/uploads\/2021\/07\/logosol300x200.png\" \/>\n\t<meta property=\"og:image:width\" content=\"300\" \/>\n\t<meta property=\"og:image:height\" content=\"200\" \/>\n\t<meta property=\"og:image:type\" content=\"image\/png\" \/>\n<meta name=\"author\" content=\"Arnaldo Botto\" \/>\n<meta name=\"twitter:card\" content=\"summary_large_image\" \/>\n<script type=\"application\/ld+json\" class=\"yoast-schema-graph\">{\"@context\":\"https:\/\/schema.org\",\"@graph\":[{\"@type\":\"WebPage\",\"@id\":\"https:\/\/www.noticiasradioreflejos.com.ar\/2021\/intendente-de-bolivar-puso-a-disposicion-el-sistema-sanitario-del-distrito-para-probar-una-vacuna\/\",\"url\":\"https:\/\/www.noticiasradioreflejos.com.ar\/2021\/intendente-de-bolivar-puso-a-disposicion-el-sistema-sanitario-del-distrito-para-probar-una-vacuna\/\",\"name\":\"Intendente de Bol\u00edvar puso a disposici\u00f3n el sistema sanitario del distrito para probar una vacuna - Noticias Radio Reflejos\",\"isPartOf\":{\"@id\":\"https:\/\/www.noticiasradioreflejos.com.ar\/2021\/#website\"},\"datePublished\":\"2020-07-16T11:41:43+00:00\",\"author\":{\"@id\":\"https:\/\/www.noticiasradioreflejos.com.ar\/2021\/#\/schema\/person\/ad82545263dcc5ec0996818884fd5fb1\"},\"breadcrumb\":{\"@id\":\"https:\/\/www.noticiasradioreflejos.com.ar\/2021\/intendente-de-bolivar-puso-a-disposicion-el-sistema-sanitario-del-distrito-para-probar-una-vacuna\/#breadcrumb\"},\"inLanguage\":\"es\",\"potentialAction\":[{\"@type\":\"ReadAction\",\"target\":[\"https:\/\/www.noticiasradioreflejos.com.ar\/2021\/intendente-de-bolivar-puso-a-disposicion-el-sistema-sanitario-del-distrito-para-probar-una-vacuna\/\"]}]},{\"@type\":\"BreadcrumbList\",\"@id\":\"https:\/\/www.noticiasradioreflejos.com.ar\/2021\/intendente-de-bolivar-puso-a-disposicion-el-sistema-sanitario-del-distrito-para-probar-una-vacuna\/#breadcrumb\",\"itemListElement\":[{\"@type\":\"ListItem\",\"position\":1,\"name\":\"Portada\",\"item\":\"https:\/\/www.noticiasradioreflejos.com.ar\/2021\/\"},{\"@type\":\"ListItem\",\"position\":2,\"name\":\"Intendente de Bol\u00edvar puso a disposici\u00f3n el sistema sanitario del distrito para probar una vacuna\"}]},{\"@type\":\"WebSite\",\"@id\":\"https:\/\/www.noticiasradioreflejos.com.ar\/2021\/#website\",\"url\":\"https:\/\/www.noticiasradioreflejos.com.ar\/2021\/\",\"name\":\"Noticias Radio Reflejos\",\"description\":\"Las noticias de mi comarca\",\"potentialAction\":[{\"@type\":\"SearchAction\",\"target\":{\"@type\":\"EntryPoint\",\"urlTemplate\":\"https:\/\/www.noticiasradioreflejos.com.ar\/2021\/?s={search_term_string}\"},\"query-input\":{\"@type\":\"PropertyValueSpecification\",\"valueRequired\":true,\"valueName\":\"search_term_string\"}}],\"inLanguage\":\"es\"},{\"@type\":\"Person\",\"@id\":\"https:\/\/www.noticiasradioreflejos.com.ar\/2021\/#\/schema\/person\/ad82545263dcc5ec0996818884fd5fb1\",\"name\":\"Arnaldo Botto\",\"image\":{\"@type\":\"ImageObject\",\"inLanguage\":\"es\",\"@id\":\"https:\/\/www.noticiasradioreflejos.com.ar\/2021\/#\/schema\/person\/image\/\",\"url\":\"https:\/\/secure.gravatar.com\/avatar\/55cb5e37c1efa326397366e6974cb338056df65cb50e7d64d1cf314e87504837?s=96&d=mm&r=g\",\"contentUrl\":\"https:\/\/secure.gravatar.com\/avatar\/55cb5e37c1efa326397366e6974cb338056df65cb50e7d64d1cf314e87504837?s=96&d=mm&r=g\",\"caption\":\"Arnaldo Botto\"},\"url\":\"https:\/\/www.noticiasradioreflejos.com.ar\/2021\/author\/arnaldo\/\"}]}<\/script>\n<!-- \/ Yoast SEO plugin. -->","yoast_head_json":{"title":"Intendente de Bol\u00edvar puso a disposici\u00f3n el sistema sanitario del distrito para probar una vacuna - Noticias Radio Reflejos","robots":{"index":"index","follow":"follow","max-snippet":"max-snippet:-1","max-image-preview":"max-image-preview:large","max-video-preview":"max-video-preview:-1"},"canonical":"https:\/\/www.noticiasradioreflejos.com.ar\/2021\/intendente-de-bolivar-puso-a-disposicion-el-sistema-sanitario-del-distrito-para-probar-una-vacuna\/","og_locale":"es_ES","og_type":"article","og_title":"Intendente de Bol\u00edvar puso a disposici\u00f3n el sistema sanitario del distrito para probar una vacuna - Noticias Radio Reflejos","og_description":"El intendente del municipio bonaerense de Bol\u00edvar, Marcos Pisano, puso a disposici\u00f3n del presidente Alberto Fern\u00e1ndez y del gobernador Axel Kicillof el sistema sanitario de su distrito para realizar pruebas de una de las vacunas contra el coronavirus que preparan las compa\u00f1\u00edas farmac\u00e9uticas Pfizer Inc. y BioNTech SE, informaron desde la comuna.","og_url":"https:\/\/www.noticiasradioreflejos.com.ar\/2021\/intendente-de-bolivar-puso-a-disposicion-el-sistema-sanitario-del-distrito-para-probar-una-vacuna\/","og_site_name":"Noticias Radio Reflejos","article_published_time":"2020-07-16T11:41:43+00:00","og_image":[{"width":300,"height":200,"url":"https:\/\/www.noticiasradioreflejos.com.ar\/2021\/wp-content\/uploads\/2021\/07\/logosol300x200.png","type":"image\/png"}],"author":"Arnaldo Botto","twitter_card":"summary_large_image","schema":{"@context":"https:\/\/schema.org","@graph":[{"@type":"WebPage","@id":"https:\/\/www.noticiasradioreflejos.com.ar\/2021\/intendente-de-bolivar-puso-a-disposicion-el-sistema-sanitario-del-distrito-para-probar-una-vacuna\/","url":"https:\/\/www.noticiasradioreflejos.com.ar\/2021\/intendente-de-bolivar-puso-a-disposicion-el-sistema-sanitario-del-distrito-para-probar-una-vacuna\/","name":"Intendente de Bol\u00edvar puso a disposici\u00f3n el sistema sanitario del distrito para probar una vacuna - Noticias Radio Reflejos","isPartOf":{"@id":"https:\/\/www.noticiasradioreflejos.com.ar\/2021\/#website"},"datePublished":"2020-07-16T11:41:43+00:00","author":{"@id":"https:\/\/www.noticiasradioreflejos.com.ar\/2021\/#\/schema\/person\/ad82545263dcc5ec0996818884fd5fb1"},"breadcrumb":{"@id":"https:\/\/www.noticiasradioreflejos.com.ar\/2021\/intendente-de-bolivar-puso-a-disposicion-el-sistema-sanitario-del-distrito-para-probar-una-vacuna\/#breadcrumb"},"inLanguage":"es","potentialAction":[{"@type":"ReadAction","target":["https:\/\/www.noticiasradioreflejos.com.ar\/2021\/intendente-de-bolivar-puso-a-disposicion-el-sistema-sanitario-del-distrito-para-probar-una-vacuna\/"]}]},{"@type":"BreadcrumbList","@id":"https:\/\/www.noticiasradioreflejos.com.ar\/2021\/intendente-de-bolivar-puso-a-disposicion-el-sistema-sanitario-del-distrito-para-probar-una-vacuna\/#breadcrumb","itemListElement":[{"@type":"ListItem","position":1,"name":"Portada","item":"https:\/\/www.noticiasradioreflejos.com.ar\/2021\/"},{"@type":"ListItem","position":2,"name":"Intendente de Bol\u00edvar puso a disposici\u00f3n el sistema sanitario del distrito para probar una vacuna"}]},{"@type":"WebSite","@id":"https:\/\/www.noticiasradioreflejos.com.ar\/2021\/#website","url":"https:\/\/www.noticiasradioreflejos.com.ar\/2021\/","name":"Noticias Radio Reflejos","description":"Las noticias de mi comarca","potentialAction":[{"@type":"SearchAction","target":{"@type":"EntryPoint","urlTemplate":"https:\/\/www.noticiasradioreflejos.com.ar\/2021\/?s={search_term_string}"},"query-input":{"@type":"PropertyValueSpecification","valueRequired":true,"valueName":"search_term_string"}}],"inLanguage":"es"},{"@type":"Person","@id":"https:\/\/www.noticiasradioreflejos.com.ar\/2021\/#\/schema\/person\/ad82545263dcc5ec0996818884fd5fb1","name":"Arnaldo Botto","image":{"@type":"ImageObject","inLanguage":"es","@id":"https:\/\/www.noticiasradioreflejos.com.ar\/2021\/#\/schema\/person\/image\/","url":"https:\/\/secure.gravatar.com\/avatar\/55cb5e37c1efa326397366e6974cb338056df65cb50e7d64d1cf314e87504837?s=96&d=mm&r=g","contentUrl":"https:\/\/secure.gravatar.com\/avatar\/55cb5e37c1efa326397366e6974cb338056df65cb50e7d64d1cf314e87504837?s=96&d=mm&r=g","caption":"Arnaldo Botto"},"url":"https:\/\/www.noticiasradioreflejos.com.ar\/2021\/author\/arnaldo\/"}]}},"_links":{"self":[{"href":"https:\/\/www.noticiasradioreflejos.com.ar\/2021\/wp-json\/wp\/v2\/posts\/44471","targetHints":{"allow":["GET"]}}],"collection":[{"href":"https:\/\/www.noticiasradioreflejos.com.ar\/2021\/wp-json\/wp\/v2\/posts"}],"about":[{"href":"https:\/\/www.noticiasradioreflejos.com.ar\/2021\/wp-json\/wp\/v2\/types\/post"}],"author":[{"embeddable":true,"href":"https:\/\/www.noticiasradioreflejos.com.ar\/2021\/wp-json\/wp\/v2\/users\/3"}],"replies":[{"embeddable":true,"href":"https:\/\/www.noticiasradioreflejos.com.ar\/2021\/wp-json\/wp\/v2\/comments?post=44471"}],"version-history":[{"count":0,"href":"https:\/\/www.noticiasradioreflejos.com.ar\/2021\/wp-json\/wp\/v2\/posts\/44471\/revisions"}],"wp:attachment":[{"href":"https:\/\/www.noticiasradioreflejos.com.ar\/2021\/wp-json\/wp\/v2\/media?parent=44471"}],"wp:term":[{"taxonomy":"category","embeddable":true,"href":"https:\/\/www.noticiasradioreflejos.com.ar\/2021\/wp-json\/wp\/v2\/categories?post=44471"},{"taxonomy":"post_tag","embeddable":true,"href":"https:\/\/www.noticiasradioreflejos.com.ar\/2021\/wp-json\/wp\/v2\/tags?post=44471"}],"curies":[{"name":"wp","href":"https:\/\/api.w.org\/{rel}","templated":true}]}}