{"id":44466,"date":"2020-07-16T08:16:14","date_gmt":"2020-07-16T11:16:14","guid":{"rendered":"http:\/\/www.noticiasradioreflejos.com.ar\/noticias\/?p=44466"},"modified":"2020-07-16T08:16:14","modified_gmt":"2020-07-16T11:16:14","slug":"hacer-conocer-y-pedir-un-favor","status":"publish","type":"post","link":"https:\/\/www.noticiasradioreflejos.com.ar\/2021\/hacer-conocer-y-pedir-un-favor\/","title":{"rendered":"\u00abHacer conocer y pedir un favor\u00bb"},"content":{"rendered":"<p><strong>Carta de lectores del Dr. Mario Bruzzone:<\/strong><\/p>\n<p>A mis hermanos de la Iglesia Cat\u00f3lica, pero en forma muy especial, a todos aquellos que en forma absolutamente voluntaria, asumieron la responsabilidad del cuidado del Pueblo de Dios, tanto sea en mi querida Argentina, como tambi\u00e9n en cualquier otro lugar de nuestro convulsionado y castigado planeta.<!--more--><\/p>\n<p>Ante todo debo decirles, que al redactar estas l\u00edneas finales, mi alma se encuentra colmada de dos sentimientos. Por un lado ira, bronca, y por el otro un profundo dolor.<br \/>\nBronca, mucha bronca, porque me resulta imposible \u201cdigerir\u201d, el silencio guardado por tantos \u201cimportantes responsables\u201d del pueblo de Dios, a los que les envi\u00e9 mis libros y mensajes.<br \/>\nY tambi\u00e9n dolor \u2014inmenso dolor\u2014 por la misma raz\u00f3n, ya que el desencanto que llena mi alma es realmente demasiado grande, pues me parece mentira que exista entre ellos<\/p>\n<p>TAN POCA FE, y tambi\u00e9n tanta indiferencia, ya que contin\u00faan transitando por la vida sin hacer pr\u00e1cticamente nada para mejorar la mala situaci\u00f3n por la que atraviesa el sufrido pueblo de Dios, pese a que para advertir eso \u00faltimo basta con mirar a nuestro alrededor, y tambi\u00e9n con observar por algunos minutos la televisi\u00f3n, con las crudas im\u00e1genes que se proyectan y muestran a tantos seres humanos que en nuestro pa\u00eds, y en todo el mundo, viven en condiciones deplorables. Pero no es s\u00f3lo con respecto a ese enorme segmento empobrecido de la humanidad donde es f\u00e1cil ver esa actitud de apat\u00eda, sino que tambi\u00e9n es posible observarla con relaci\u00f3n a un n\u00famero de personas mucho m\u00e1s grande a\u00fan, los que pese a tener un est\u00e1ndar de vida econ\u00f3micamente mejor, igual transitan por la vida con una superficialidad y desorientaci\u00f3n que es llamativa y desoladora, por lo que parece que hoy, tal vez m\u00e1s que nunca, resuenan en forma atronadora aquellas palabras del Evangelio que dicen que andan como ovejas sin pastor.<\/p>\n<p>Pero antes de exponer lo fundamental de este \u00faltimo mensaje, les dir\u00e9 que obviamente no puedo saber, y ni siquiera tratar de imaginar, qu\u00e9 cantidad de mensajes reciben, pero tengo mis muy serias dudas con respecto a cu\u00e1ntas de esas comunicaciones puedan poseer un contenido parecido a lo que yo les he transmitido.<br \/>\nPor tal motivo s\u00f3lo les queda optar por una de estas posibilidades: a) o bien pensar que yo soy un \u201cloquito\u201d cualquiera (y para asegurarse de eso \u2014o descartarlo\u2014 deber\u00e1n ponderar bien los argumentos que he vertido en mis mensajes y libros) y b) de no ser as\u00ed, resultar\u00e1 evidente que todo esto sucede por otra raz\u00f3n, y que en ese caso tiene gran importancia. Y por si puede resultarles de utilidad, para que mediten al respecto, les aseguro que yo no siento \u2014y jam\u00e1s he sentido\u2014 placer alguno en hacer lo que hago, y no s\u00f3lo eso, sino que por hacerlo he dejado de lado muchas cosas a lo largo de mi vida, en especial el obtener m\u00e1s dinero ejerciendo mi profesi\u00f3n, tal vez afectos, y alguna otra cosa que no viene al caso mencionar ahora, y que adem\u00e1s nunca he podido sentirme tranquilo en la vida, todo lo contrario, pero a\u00fan as\u00ed lo hice, y contin\u00fao haci\u00e9ndolo, ya que siempre he sentido la imperiosa necesidad de transmitir las ideas que \u201csurgen\u201d en mi mente, e insistir reiteradamente en las mismas, a\u00fan cuando desconozco por completo el motivo por el cual me ocurri\u00f3 eso.<\/p>\n<p>Y por todo eso, cumpliendo con lo que considero un verdadero e ineludible deber de conciencia, me veo en la obligaci\u00f3n de hacerles llegar este que ser\u00e1 \u2014ante vuestro lamentable silencio\u2014 mi \u00faltimo mensaje, y les dir\u00e9 que no tuve que esforzarme mucho para elegir las palabras m\u00e1s adecuadas para hacerlo, ya que me limitar\u00e9 a utilizar unas que, de forma muy elocuente, sirven para explicar la situaci\u00f3n por la que atraviesa mi alma y un enorme segmento de la humanidad, y que fueron dichas, y escritas, hace ya miles de a\u00f1os.<br \/>\nPues as\u00ed dice el Se\u00f1or, Dios de Israel, a los pastores que pastorean a mi pueblo: Ustedes dispersaron mis ovejas, las expulsaron, no hicieron cuenta de ellas; pues yo les tomar\u00e9 cuentas de sus malas acciones -or\u00e1culo del Se\u00f1or- (Jer. 23,2)<br \/>\nPrimero, echaron a los hombres, luego expulsaron a los j\u00f3venes, y ahora est\u00e1n ahuyentando a las mujeres.<br \/>\n\u00bfC\u00f3mo es posible que no se comprenda \u2014de una buena vez por todas\u2014 que de muy poco sirve el pretender realizar \u201cgrandes rezos\u201d, a\u00fan cuando al hac\u00e9rselos se utilicen ornamentos especiales, se sacudan incensarios, se imposte la voz, se entonen bonitos cantos y otras cosas por el estilo.<br \/>\n\u00bfSe piensa, acaso, que por hac\u00e9rselos se tiene fe?<\/p>\n<p>Y no vayan a pensar \u2014y mucho menos decir\u2014 que yo propongo dejar de rezar. Nada de eso. Nada m\u00e1s alejado de mi pensamiento. Creo que hay que incrementar nuestras oraciones, incluso, si lo desean, o lo consideran necesario, con todos los ornamentos e incensarios que quieran.<br \/>\nPero no tengo duda alguna de que se las debe hacer, no como si fuese lo \u00fanico y ni siquiera lo m\u00e1s importante, sino como el resultado de una verdadera vida y acci\u00f3n cristiana. Es decir, que deben ser algo as\u00ed como \u201cla frutilla o la cereza del postre\u201d, como algo que debe \u201ccoronar\u201d el fondant, o el recubrimiento de una torta, pero es evidente que lo fundamental es que exista una torta, y en la actualidad, en esa pretendida \u201ctorta\u201d, cuando se le \u201cintroduce\u201d el cuchillo para cortarla pr\u00e1cticamente no se encuentra nada. Mejor dicho, y para que nadie afirme que exagero, dir\u00e9 que se encuentra muy poco, s\u00f3lo escasas migajas.<br \/>\n\u00bfAcaso existe alguien que pueda pensar, que es suficiente con afirmar que se desea \u00abuna Iglesia pobre, para los pobres\u00bb, a\u00fan cuando esas palabras arranquen muchos aplausos? \u00bfPuede alguien asumir que eso sirva para algo, si no se realiza ninguna acci\u00f3n concreta para lograrlo?<br \/>\nSi Jes\u00fas dijo que para seguirlo hay que vender todo, y darlo a los pobres, y si tambi\u00e9n afirm\u00f3 que como recibieron gratuitamente hay que dar gratuitamente, \u00bfc\u00f3mo es posible obtener bienes como resultado de ese seguimiento?<br \/>\nEs verdad \u2014no es necesario que me lo recuerden\u2014 que Jes\u00fas dijo adem\u00e1s, que quienes dejasen sus bienes para seguirlo recibir\u00edan muchos m\u00e1s. Sin duda es as\u00ed. Pero tambi\u00e9n es cierto que jam\u00e1s afirm\u00f3, que esos nuevos bienes recibidos ser\u00edan para ser utilizados en exclusividad por sus seguidores m\u00e1s \u201cdirectos\u201d.<br \/>\nPor eso, si hubiese alguien que pretenda acallar su conciencia\u2014 o quedar bien\u2014 diciendo que no posee elemento alguno a t\u00edtulo personal, pero que a lo largo de su vida disfruta de muchos bienes \u2014y lo reitero, ya que es lo m\u00e1s grave al respecto, utiliza los mismos en exclusividad, o comparti\u00e9ndolos s\u00f3lo con un reducido grupo\u2013 no les parece que cabe perfectamente el cuestionamiento: \u00bfQui\u00e9n dijo que la riqueza comunitaria es m\u00e1s justificable que la riqueza personal?<\/p>\n<p>Pues as\u00ed dice el Se\u00f1or, Dios de Israel, a los pastores que pastorean a mi pueblo: Ustedes dispersaron mis ovejas, las expulsaron, no hicieron cuenta de ellas; pues yo les tomar\u00e9 cuentas de sus malas acciones -or\u00e1culo del Se\u00f1or- (Jer. 23,2)<br \/>\nPrimero, echaron a los hombres, luego expulsaron a los j\u00f3venes, y ahora est\u00e1n ahuyentando a las mujeres.<br \/>\nPues as\u00ed dice el Se\u00f1or, Dios de Israel, a los pastores que pastorean a mi pueblo: Ustedes dispersaron mis ovejas, las expulsaron, no hicieron cuenta de ellas; pues yo les tomar\u00e9 cuentas de sus malas acciones -or\u00e1culo del Se\u00f1or- (Jer. 23,2)<br \/>\nY para que nadie se enga\u00f1e, o, lo que ser\u00eda peor a\u00fan, que conscientemente falte a la verdad, diciendo que en realidad no son tantos los bienes que se posee, bastar\u00e1 con que mencione s\u00f3lo unos \u201cpocos\u201d para desvirtuar semejante afirmaci\u00f3n, cosa que puedo hacer con tranquilidad, ya que son los que conozco personalmente, por la sencilla raz\u00f3n de que est\u00e1n donde yo vivo, en el Distrito de Tornquist, de la Provincia de Buenos Aires.<br \/>\nA la vuelta de mi casa hay un gran terreno cuyo valor es tal, que con su venta alcanzar\u00eda para comprar \u201cunas cuantas\u201d hect\u00e1reas de campo, lugar donde podr\u00edan vivir \u2014en comunidad de vivencias y bienes\u2014 muchas familias. Y algo similar es posible decir del que rodea la capilla de Villa La Arcadia, y exactamente lo mismo se puede afirmar de otro extenso inmueble, que est\u00e1 en esa misma Villa, a la vera del r\u00edo Sauce Grande, y de los que existen en Villa Ventana y en Saldungaray, o de las fracciones de campo que hay, tanto sea en la zona rural que rodea a mi pueblo como cerca de la ciudad de Tornquist, y tal vez otros que posiblemente existan y que escapan a mi conocimiento, o de los que se encuentran en todo el territorio de nuestra patria. Y ni hablar de los que se posee a lo largo y ancho de todo el mundo.<\/p>\n<p>Y por supuesto, que nadie intente desvirtuar esa breve enumeraci\u00f3n, diciendo algo as\u00ed como, \u00ablo que sucede es que \u201cese\u201d bien corresponde a tal o cual obispado, y \u201caquel otro\u201d a tal o cual congregaci\u00f3n\u00bb, ya que, sea de a quienes puedan corresponderles desde el punto de vista \u201cjur\u00eddico\u201d, es obvio que todos los bienes se encuentra dentro del mismo \u201cpatrimonio\u201d, al menos ante los ojos de la humanidad, y estoy seguro que tambi\u00e9n de los de Dios.<br \/>\nPues as\u00ed dice el Se\u00f1or, Dios de Israel, a los pastores que pastorean a mi pueblo: Ustedes dispersaron mis ovejas, las expulsaron, no hicieron cuenta de ellas; pues yo les tomar\u00e9 cuentas de sus malas acciones -or\u00e1culo del Se\u00f1or- (Jer. 23,2)<br \/>\nPrimero, echaron a los hombres, luego expulsaron a los j\u00f3venes, y ahora est\u00e1n ahuyentando a las mujeres.<br \/>\nY si se piensa \u2014o lo que es peor a\u00fan, se dice\u2014 que el problema no es ese sino que falta fe, y que no se hacen todas las oraciones necesarias, y que no es posible efectuar ning\u00fan cambio ya que Jes\u00fas anunci\u00f3 que planteaba sus dudas con respecto a si encontrar\u00eda fe en su regreso, yo me pregunto, y les pregunto, \u00bfsi lo que se hace actualmente est\u00e1 bien, si eso es lo que Dios desea, c\u00f3mo es posible que los resultados que se obtienen son tan escasos? \u00bfAcaso no fue Jes\u00fas quien dijo tambi\u00e9n por sus frutos los conocer\u00e9is?<br \/>\nY me parece evidente que los que est\u00e1 obteniendo el catolicismo, est\u00e1n muy alejados de lo que podr\u00edamos calificar como \u201cbuenos\u201d.<br \/>\nPor eso insisto nuevamente.<\/p>\n<p>Si sabemos perfectamente que Jes\u00fas transit\u00f3 su vida terrenal, compartiendo vivencias y bienes con sus disc\u00edpulos. Si reconocemos que aquellos que vivieron m\u00e1s tiempo con \u00c9l, y que por ende tuvieron mejores oportunidades que el resto de sus contempor\u00e1neos para conocer, y lo que es m\u00e1s importante a\u00fan, comprender con m\u00e1s profundidad su pensamiento \u2014su madre y sus \u201chermanos\u201d\u2014 luego de la resurrecci\u00f3n del Se\u00f1or igualmente practicaron con todos los disc\u00edpulos ese mismo estilo de vida. Y si tenemos referencias de que, como m\u00ednimo, es probable que la mayor parte de los primeros cristianos, al menos durante los 2\/3 primeros siglos de nuestra era, vivieron de la misma forma. Si todos ellos vivieron as\u00ed, y si desde siempre se viene asegurado que el cristiano debe imitar a Jes\u00fas, \u00bfc\u00f3mo es posible que no se detengan a reflexionar, en c\u00f3mo instrumentar ese nuevo estilo vida que practicaba Jes\u00fas, mediante el cual, cualquiera que lo desee \u2014insisto, CUALQUIERA, sin que deba efectuar votos de ninguna naturaleza\u2014 pueda optar por vivir as\u00ed, siendo suficiente con que acepte someterse a las reglas de trabajo y convivencia que all\u00ed se establezcan?<\/p>\n<p>Y tratando de llevar algo m\u00e1s a la mente para meditar al respecto, dir\u00e9 que conviene recordar, que cuando el \u00c1ngel de Dios libera a los ap\u00f3stoles de la c\u00e1rcel les dice que vayan al templo y ense\u00f1en a todo el pueblo \u2014no cuestiones de doctrina, y mucho menos acerca de cumplir rituales, u otras cosas por el estilo\u2014 sino simplemente sobre esa nueva vida (Hech. 5,20), y es obvio adem\u00e1s, que pretender \u201cespiritualizar\u201d demasiado esa idea es realmente pueril, o lo que ser\u00eda peor a\u00fan, mal intencionado, ya que no puede ser considerado algo simplemente espiritual, et\u00e9reo, m\u00edstico, sobrenatural, o como deseen llamarlo, dado que es evidente que los romanos no ejecutaban a nadie por cuestiones de ese tipo, sino que lo hac\u00edan cuando se alteraba de cualquier forma el orden que ellos establec\u00edan, o tem\u00edan que se llegase a producir alguna perturbaci\u00f3n.<br \/>\nPor supuesto descarto tambi\u00e9n, que alguien pueda pensar \u2014o lo que ser\u00eda peor a\u00fan, decir\u2014 que si tengo ese pensamiento debo ser yo quien intente encontrar un grupo de personas dispuestos a vivir de esa forma, es decir, organizar personalmente un emprendimiento de ese tipo para que, si llegase a concretarlo, y floreciera, de esa forma demostrar\u00eda que es el verdadero deseo de Dios.<\/p>\n<p>Y lo descarto, no s\u00f3lo por cuanto ya he mencionado algunas cosas al respecto en dos de los libros que les envi\u00e9 (en la introducci\u00f3n del titulado \u201cPor qu\u00e9 mataron a Jes\u00fas\u201d, y en el art\u00edculo \u201cAn\u00e1lisis del Silencio\u201d, del libro \u201cIglesia sin Estado Vaticano\u201d) sino tambi\u00e9n, por cuanto no puedo creer que se desconozca el clar\u00edsimo pasaje del Libro de los Hechos de los Ap\u00f3stoles, que menciona que todos pon\u00edan sus bienes a disposici\u00f3n de los ap\u00f3stoles, y que luego se distribu\u00eda (no los distribu\u00edan ellos, sino que la hac\u00eda la Eccles\u00eda, la Asamblea, la Comunidad) para que nadie pasase necesidades (Hech. 4,32.37), motivo por el cual, el afirmar eso ser\u00eda directamente una verdadera canallada.<br \/>\nMuchas veces me he interrogado a m\u00ed mismo \u2014y le he preguntado al Se\u00f1or\u2014 cu\u00e1l puede ser el motivo que los lleve a mantener esa postura negativa, rechazando de plano el analizar la forma en que resulte posible implementar concretamente, ese nuevo estilo de vida que vino a mostrar Jes\u00fas.<br \/>\nY \u2014sinceramente se los digo, ya que me duele much\u00edsimo que as\u00ed sea\u2014 la \u00fanica alternativa que le encuentro a esa inc\u00f3gnita es que LES FALTA FE, y lo digo de esa forma ya que me parece que \u00fanicamente puede generar esa negativa, el temor a que si se organizasen comunidades que fuesen autosuficientes para lo elemental de la vida \u2014la comida y el vestido\u2014 ser\u00edan muchos los \u201cseguidores directos intermedios\u201d con los que \u201ccuentan\u201d ahora que se ir\u00edan a vivir all\u00ed, dado que ellos tambi\u00e9n podr\u00edan participar, y con absoluta tranquilidad, de ese estilo de vida\u2014tal vez sin tantos lujos, y teniendo que \u201cagarrar la pala\u201d como todo el mundo, eso no lo discuto, pero tendr\u00edan cabida como cualquiera\u2014 motivo por el cual temen perder la obediencia casi absoluta de los mismos con la que cuentan en la actualidad, y con la que, limit\u00e1ndose a ser meros \u201csuministradores de sacramentos, y cumplidores de ritos\u201d, viven una realidad que, aun cuando no sea \u201ctan\u201d c\u00f3moda, al menos les proporciona una tranquilidad muy grande, pero que no obstante eso existe un gran n\u00famero de ellos a los que tampoco los convence del todo la forma en la que viven, cosa esta \u00faltima que los m\u00e1s \u201cresponsables\u201d del cuidado del Pueblo de Dios conocen perfectamente.<\/p>\n<p>Ruego al Esp\u00edritu se apiade de nosotros, y derrame un poco de fe en mi querida Iglesia.<br \/>\nCordiales saludos<\/p>\n<p><strong>MARANA THA<\/strong><\/p>\n<p><strong>Mario Enrique Bruzzone<\/strong><\/p>\n<p>D.N.I. n\u00ba 5.502.542 \u2013 Von Bulow s\/n\u00ba &#8211; Sierra de La Ventana (Pcia. Bs. As.)<br \/>\nTel. 291 4022397<\/p>\n<p><strong>PD.<\/strong> Finalizar\u00e9 con un breve aporte al aspecto de los rezos.<br \/>\n\u00bfNo creen que ser\u00eda conveniente dedicarle m\u00e1s atenci\u00f3n en las oraciones al Esp\u00edrito Santo? Y digo eso, ya que pr\u00e1cticamente en todas las oraciones no se lo tiene demasiado en cuenta, y eso sucede, pese a que sabemos perfectamente que es quien tiene m\u00e1s \u201cparticipaci\u00f3n\u201d con respecto a la humanidad en este per\u00edodo de la historia en el que vivimos. Asimismo, y dicho sea de paso, \u00bfno creen que en el tercer misterio glorioso se deber\u00eda meditar, la venida del Esp\u00edritu sobre la Virgen y los disc\u00edpulos, y no sobre los ap\u00f3stoles como se lo menciona ahora al rezar el rosario? Y les dir\u00e9 que me parece que corresponder\u00eda hacerlo de esa forma, al menos si nos atenemos a lo que dice el Libro de los Hechos de los Ap\u00f3stoles, ya que all\u00ed no se hace referencia alguna a que el Esp\u00edritu se derramase \u00daNICAMENTE sobre los ap\u00f3stoles, \u00bfno?<\/p>\n<p style=\"font-weight: 400;\">\n","protected":false},"excerpt":{"rendered":"<p>Carta de lectores del Dr. Mario Bruzzone: A mis hermanos de la Iglesia Cat\u00f3lica, pero en forma muy especial, a todos aquellos que en forma absolutamente voluntaria, asumieron la responsabilidad del cuidado del Pueblo de Dios, tanto sea en mi querida Argentina, como tambi\u00e9n en cualquier otro lugar de nuestro convulsionado y castigado planeta.<\/p>\n","protected":false},"author":3,"featured_media":0,"comment_status":"closed","ping_status":"open","sticky":false,"template":"","format":"standard","meta":{"footnotes":""},"categories":[26],"tags":[],"class_list":["post-44466","post","type-post","status-publish","format-standard","hentry","category-sociedad"],"yoast_head":"<!-- This site is optimized with the Yoast SEO plugin v25.9 - https:\/\/yoast.com\/wordpress\/plugins\/seo\/ -->\n<title>&quot;Hacer conocer y pedir un favor&quot; - Noticias Radio Reflejos<\/title>\n<meta name=\"robots\" content=\"index, follow, max-snippet:-1, max-image-preview:large, max-video-preview:-1\" \/>\n<link rel=\"canonical\" href=\"https:\/\/www.noticiasradioreflejos.com.ar\/2021\/hacer-conocer-y-pedir-un-favor\/\" \/>\n<meta property=\"og:locale\" content=\"es_ES\" \/>\n<meta property=\"og:type\" content=\"article\" \/>\n<meta property=\"og:title\" content=\"&quot;Hacer conocer y pedir un favor&quot; - Noticias Radio Reflejos\" \/>\n<meta property=\"og:description\" content=\"Carta de lectores del Dr. Mario Bruzzone: A mis hermanos de la Iglesia Cat\u00f3lica, pero en forma muy especial, a todos aquellos que en forma absolutamente voluntaria, asumieron la responsabilidad del cuidado del Pueblo de Dios, tanto sea en mi querida Argentina, como tambi\u00e9n en cualquier otro lugar de nuestro convulsionado y castigado planeta.\" \/>\n<meta property=\"og:url\" content=\"https:\/\/www.noticiasradioreflejos.com.ar\/2021\/hacer-conocer-y-pedir-un-favor\/\" \/>\n<meta property=\"og:site_name\" content=\"Noticias Radio Reflejos\" \/>\n<meta property=\"article:published_time\" content=\"2020-07-16T11:16:14+00:00\" \/>\n<meta property=\"og:image\" content=\"https:\/\/www.noticiasradioreflejos.com.ar\/2021\/wp-content\/uploads\/2021\/07\/logosol300x200.png\" \/>\n\t<meta property=\"og:image:width\" content=\"300\" \/>\n\t<meta property=\"og:image:height\" content=\"200\" \/>\n\t<meta property=\"og:image:type\" content=\"image\/png\" \/>\n<meta name=\"author\" content=\"Arnaldo Botto\" \/>\n<meta name=\"twitter:card\" content=\"summary_large_image\" \/>\n<script type=\"application\/ld+json\" class=\"yoast-schema-graph\">{\"@context\":\"https:\/\/schema.org\",\"@graph\":[{\"@type\":\"WebPage\",\"@id\":\"https:\/\/www.noticiasradioreflejos.com.ar\/2021\/hacer-conocer-y-pedir-un-favor\/\",\"url\":\"https:\/\/www.noticiasradioreflejos.com.ar\/2021\/hacer-conocer-y-pedir-un-favor\/\",\"name\":\"\\\"Hacer conocer y pedir un favor\\\" - Noticias Radio Reflejos\",\"isPartOf\":{\"@id\":\"https:\/\/www.noticiasradioreflejos.com.ar\/2021\/#website\"},\"datePublished\":\"2020-07-16T11:16:14+00:00\",\"author\":{\"@id\":\"https:\/\/www.noticiasradioreflejos.com.ar\/2021\/#\/schema\/person\/ad82545263dcc5ec0996818884fd5fb1\"},\"breadcrumb\":{\"@id\":\"https:\/\/www.noticiasradioreflejos.com.ar\/2021\/hacer-conocer-y-pedir-un-favor\/#breadcrumb\"},\"inLanguage\":\"es\",\"potentialAction\":[{\"@type\":\"ReadAction\",\"target\":[\"https:\/\/www.noticiasradioreflejos.com.ar\/2021\/hacer-conocer-y-pedir-un-favor\/\"]}]},{\"@type\":\"BreadcrumbList\",\"@id\":\"https:\/\/www.noticiasradioreflejos.com.ar\/2021\/hacer-conocer-y-pedir-un-favor\/#breadcrumb\",\"itemListElement\":[{\"@type\":\"ListItem\",\"position\":1,\"name\":\"Portada\",\"item\":\"https:\/\/www.noticiasradioreflejos.com.ar\/2021\/\"},{\"@type\":\"ListItem\",\"position\":2,\"name\":\"\u00abHacer conocer y pedir un favor\u00bb\"}]},{\"@type\":\"WebSite\",\"@id\":\"https:\/\/www.noticiasradioreflejos.com.ar\/2021\/#website\",\"url\":\"https:\/\/www.noticiasradioreflejos.com.ar\/2021\/\",\"name\":\"Noticias Radio Reflejos\",\"description\":\"Las noticias de mi comarca\",\"potentialAction\":[{\"@type\":\"SearchAction\",\"target\":{\"@type\":\"EntryPoint\",\"urlTemplate\":\"https:\/\/www.noticiasradioreflejos.com.ar\/2021\/?s={search_term_string}\"},\"query-input\":{\"@type\":\"PropertyValueSpecification\",\"valueRequired\":true,\"valueName\":\"search_term_string\"}}],\"inLanguage\":\"es\"},{\"@type\":\"Person\",\"@id\":\"https:\/\/www.noticiasradioreflejos.com.ar\/2021\/#\/schema\/person\/ad82545263dcc5ec0996818884fd5fb1\",\"name\":\"Arnaldo Botto\",\"image\":{\"@type\":\"ImageObject\",\"inLanguage\":\"es\",\"@id\":\"https:\/\/www.noticiasradioreflejos.com.ar\/2021\/#\/schema\/person\/image\/\",\"url\":\"https:\/\/secure.gravatar.com\/avatar\/55cb5e37c1efa326397366e6974cb338056df65cb50e7d64d1cf314e87504837?s=96&d=mm&r=g\",\"contentUrl\":\"https:\/\/secure.gravatar.com\/avatar\/55cb5e37c1efa326397366e6974cb338056df65cb50e7d64d1cf314e87504837?s=96&d=mm&r=g\",\"caption\":\"Arnaldo Botto\"},\"url\":\"https:\/\/www.noticiasradioreflejos.com.ar\/2021\/author\/arnaldo\/\"}]}<\/script>\n<!-- \/ Yoast SEO plugin. -->","yoast_head_json":{"title":"\"Hacer conocer y pedir un favor\" - Noticias Radio Reflejos","robots":{"index":"index","follow":"follow","max-snippet":"max-snippet:-1","max-image-preview":"max-image-preview:large","max-video-preview":"max-video-preview:-1"},"canonical":"https:\/\/www.noticiasradioreflejos.com.ar\/2021\/hacer-conocer-y-pedir-un-favor\/","og_locale":"es_ES","og_type":"article","og_title":"\"Hacer conocer y pedir un favor\" - Noticias Radio Reflejos","og_description":"Carta de lectores del Dr. Mario Bruzzone: A mis hermanos de la Iglesia Cat\u00f3lica, pero en forma muy especial, a todos aquellos que en forma absolutamente voluntaria, asumieron la responsabilidad del cuidado del Pueblo de Dios, tanto sea en mi querida Argentina, como tambi\u00e9n en cualquier otro lugar de nuestro convulsionado y castigado planeta.","og_url":"https:\/\/www.noticiasradioreflejos.com.ar\/2021\/hacer-conocer-y-pedir-un-favor\/","og_site_name":"Noticias Radio Reflejos","article_published_time":"2020-07-16T11:16:14+00:00","og_image":[{"width":300,"height":200,"url":"https:\/\/www.noticiasradioreflejos.com.ar\/2021\/wp-content\/uploads\/2021\/07\/logosol300x200.png","type":"image\/png"}],"author":"Arnaldo Botto","twitter_card":"summary_large_image","schema":{"@context":"https:\/\/schema.org","@graph":[{"@type":"WebPage","@id":"https:\/\/www.noticiasradioreflejos.com.ar\/2021\/hacer-conocer-y-pedir-un-favor\/","url":"https:\/\/www.noticiasradioreflejos.com.ar\/2021\/hacer-conocer-y-pedir-un-favor\/","name":"\"Hacer conocer y pedir un favor\" - Noticias Radio Reflejos","isPartOf":{"@id":"https:\/\/www.noticiasradioreflejos.com.ar\/2021\/#website"},"datePublished":"2020-07-16T11:16:14+00:00","author":{"@id":"https:\/\/www.noticiasradioreflejos.com.ar\/2021\/#\/schema\/person\/ad82545263dcc5ec0996818884fd5fb1"},"breadcrumb":{"@id":"https:\/\/www.noticiasradioreflejos.com.ar\/2021\/hacer-conocer-y-pedir-un-favor\/#breadcrumb"},"inLanguage":"es","potentialAction":[{"@type":"ReadAction","target":["https:\/\/www.noticiasradioreflejos.com.ar\/2021\/hacer-conocer-y-pedir-un-favor\/"]}]},{"@type":"BreadcrumbList","@id":"https:\/\/www.noticiasradioreflejos.com.ar\/2021\/hacer-conocer-y-pedir-un-favor\/#breadcrumb","itemListElement":[{"@type":"ListItem","position":1,"name":"Portada","item":"https:\/\/www.noticiasradioreflejos.com.ar\/2021\/"},{"@type":"ListItem","position":2,"name":"\u00abHacer conocer y pedir un favor\u00bb"}]},{"@type":"WebSite","@id":"https:\/\/www.noticiasradioreflejos.com.ar\/2021\/#website","url":"https:\/\/www.noticiasradioreflejos.com.ar\/2021\/","name":"Noticias Radio Reflejos","description":"Las noticias de mi comarca","potentialAction":[{"@type":"SearchAction","target":{"@type":"EntryPoint","urlTemplate":"https:\/\/www.noticiasradioreflejos.com.ar\/2021\/?s={search_term_string}"},"query-input":{"@type":"PropertyValueSpecification","valueRequired":true,"valueName":"search_term_string"}}],"inLanguage":"es"},{"@type":"Person","@id":"https:\/\/www.noticiasradioreflejos.com.ar\/2021\/#\/schema\/person\/ad82545263dcc5ec0996818884fd5fb1","name":"Arnaldo Botto","image":{"@type":"ImageObject","inLanguage":"es","@id":"https:\/\/www.noticiasradioreflejos.com.ar\/2021\/#\/schema\/person\/image\/","url":"https:\/\/secure.gravatar.com\/avatar\/55cb5e37c1efa326397366e6974cb338056df65cb50e7d64d1cf314e87504837?s=96&d=mm&r=g","contentUrl":"https:\/\/secure.gravatar.com\/avatar\/55cb5e37c1efa326397366e6974cb338056df65cb50e7d64d1cf314e87504837?s=96&d=mm&r=g","caption":"Arnaldo Botto"},"url":"https:\/\/www.noticiasradioreflejos.com.ar\/2021\/author\/arnaldo\/"}]}},"_links":{"self":[{"href":"https:\/\/www.noticiasradioreflejos.com.ar\/2021\/wp-json\/wp\/v2\/posts\/44466","targetHints":{"allow":["GET"]}}],"collection":[{"href":"https:\/\/www.noticiasradioreflejos.com.ar\/2021\/wp-json\/wp\/v2\/posts"}],"about":[{"href":"https:\/\/www.noticiasradioreflejos.com.ar\/2021\/wp-json\/wp\/v2\/types\/post"}],"author":[{"embeddable":true,"href":"https:\/\/www.noticiasradioreflejos.com.ar\/2021\/wp-json\/wp\/v2\/users\/3"}],"replies":[{"embeddable":true,"href":"https:\/\/www.noticiasradioreflejos.com.ar\/2021\/wp-json\/wp\/v2\/comments?post=44466"}],"version-history":[{"count":0,"href":"https:\/\/www.noticiasradioreflejos.com.ar\/2021\/wp-json\/wp\/v2\/posts\/44466\/revisions"}],"wp:attachment":[{"href":"https:\/\/www.noticiasradioreflejos.com.ar\/2021\/wp-json\/wp\/v2\/media?parent=44466"}],"wp:term":[{"taxonomy":"category","embeddable":true,"href":"https:\/\/www.noticiasradioreflejos.com.ar\/2021\/wp-json\/wp\/v2\/categories?post=44466"},{"taxonomy":"post_tag","embeddable":true,"href":"https:\/\/www.noticiasradioreflejos.com.ar\/2021\/wp-json\/wp\/v2\/tags?post=44466"}],"curies":[{"name":"wp","href":"https:\/\/api.w.org\/{rel}","templated":true}]}}