{"id":44459,"date":"2020-07-16T08:02:17","date_gmt":"2020-07-16T11:02:17","guid":{"rendered":"http:\/\/www.noticiasradioreflejos.com.ar\/noticias\/?p=44459"},"modified":"2020-07-16T08:02:17","modified_gmt":"2020-07-16T11:02:17","slug":"reapertura-al-turismo-en-tornquist","status":"publish","type":"post","link":"https:\/\/www.noticiasradioreflejos.com.ar\/2021\/reapertura-al-turismo-en-tornquist\/","title":{"rendered":"REAPERTURA AL TURISMO EN TORNQUIST!!"},"content":{"rendered":"<p><strong> Carta de lectores de Nicolas Peralta:<\/strong><br \/>\nEspero que leas y si est\u00e1s de acuerdo compart\u00ed la nota.<br \/>\nY SI NO EST\u00c1S DE ACUERDO ESPERO NO RECIBIR AGRAVIOS DE NADIE.<!--more--><\/p>\n<p>*Con el fin de hacer un movimiento de la econom\u00eda, el intendente DECIDE (\u00e9l y unos cuantos caba\u00f1eros) reabrir las puertas de nuestro distrito para el turismo, sin el permiso de la Provincia. Se cree que se beneficiar\u00edan alojamientos y alrededor de 100 familias del distrito que trabajan directamente de ello y que ponen en riesgo a LOS MAS DE 20.000 habitantes que somos en el distrito.<\/p>\n<p>*Tengo mucha gente conocida y que esta noticia los beneficia, y me pone contento por ellos, y no es mi intenci\u00f3n que se molesten conmigo, pero miremos varios puntos de esto que est\u00e1 a punto de suceder:<\/p>\n<p>&#8211; Estamos en el peor momento de la pandemia en la Argentina, con m\u00e1s casos y picos diarios con 4200 nuevos contagiados y 84 muertos hoy (16\/7\/2020).<br \/>\n&#8211; Estamos rodeados de distritos con COVID-19 y con Bah\u00eda Blanca con transmisi\u00f3n comunitaria dando picos 19 contagiados hoy (16\/7\/2020) y hace dos dias est\u00e1n en FASE 3.<br \/>\n&#8211; Vivimos en un distrito que hicimos las cosas bien y por eso estamos en FASE 5.<br \/>\n\u2014 Olavarria, se relaj\u00f3 y miren en que situaci\u00f3n est\u00e1 ahora.<br \/>\n&#8211; Tornquist cuenta con 4 (cuatro) RESPIRADORES.<\/p>\n<p>* Y as\u00ed puedo seguir enumerando miles de cosas, falencias a nivel local, los \u00abAMIGOS DE..\u00bb que entraron desde distritos con transmisi\u00f3n comunitario, los que dicen que entraron por coimear a los controles (cosas que no hay forma de comprobar, pero es lo que dicen \u00ablos de afuera\u00bb), decisiones como \u00e9stas que lo toman s\u00f3lo unos cuantos con poder en el distrito y no les importa m\u00e1s que llenarse los bolsillos.<br \/>\nEsos mismos hoy ya le dijeron a sus empleados que no van a tener francos y que los tienen blanqueados por medio d\u00eda, que les pagaron el 50% de sus sueldos en lo que va la cuarentena y otros que ni siquiera miraron si ten\u00edan para comer sus empleados, etc , etc, etc.<\/p>\n<p>POR ESTO Y MUCHAS COSAS M\u00c1S DIGO:<br \/>\n\u00abNO AL TURISMO EN EL DISTRITO DE TORNQUIST\u00bb<br \/>\nPero s\u00e9 que van hacer lo que quieren, la plata manda.<\/p>\n<p>ME ALEGRO por todas esas personas que van a tener un respiro econ\u00f3mico y entiendo que hay q comer, pero cu\u00eddense much\u00edsimo por favor y hagan cumplir los protocolos a raja tablas (exijan saber con qui\u00e9nes tratan en sus trabajos y exijan a sus jefes todo, SON TRABAJADORES DE ALTO RIESGO A PARTIR DE AHORA).<br \/>\nPara \u00abLOS GRANDES CABA\u00d1EROS\u00bb lograron su cometido, espero que si llega el virus respondan por todos y principalmente velen por la seguridad de sus empleados.<\/p>\n<p>Soy s\u00f3lo un ciudadano que no vive directamente del turismo (como much\u00edsimas personas del distrito) y creo que se est\u00e1n apresurados en todo esto.<br \/>\nPor favor cu\u00eddense y cuidemos a todos.<br \/>\nESTAMOS EN FASE 5 GRACIAS A TODOS LOS CIUDADANOS DEL DISTRITO, NO POR ARTE DE MAGIA.<\/p>\n<p>Los saludo a todos y ojal\u00e1 sigamos sin casos en el Distrito por mucho tiempo m\u00e1s!<\/p>\n<p><strong>NICOL\u00c1S PERALTA Saldungaray, Tornquist, Bs As.<\/strong><\/p>\n","protected":false},"excerpt":{"rendered":"<p>Carta de lectores de Nicolas Peralta: Espero que leas y si est\u00e1s de acuerdo compart\u00ed la nota. Y SI NO EST\u00c1S DE ACUERDO ESPERO NO RECIBIR AGRAVIOS DE NADIE.<\/p>\n","protected":false},"author":3,"featured_media":0,"comment_status":"closed","ping_status":"open","sticky":false,"template":"","format":"standard","meta":{"footnotes":""},"categories":[26],"tags":[],"class_list":["post-44459","post","type-post","status-publish","format-standard","hentry","category-sociedad"],"yoast_head":"<!-- This site is optimized with the Yoast SEO plugin v25.9 - https:\/\/yoast.com\/wordpress\/plugins\/seo\/ -->\n<title>REAPERTURA AL TURISMO EN TORNQUIST!! - Noticias Radio Reflejos<\/title>\n<meta name=\"robots\" content=\"index, follow, max-snippet:-1, max-image-preview:large, max-video-preview:-1\" \/>\n<link rel=\"canonical\" href=\"https:\/\/www.noticiasradioreflejos.com.ar\/2021\/reapertura-al-turismo-en-tornquist\/\" \/>\n<meta property=\"og:locale\" content=\"es_ES\" \/>\n<meta property=\"og:type\" content=\"article\" \/>\n<meta property=\"og:title\" content=\"REAPERTURA AL TURISMO EN TORNQUIST!! - Noticias Radio Reflejos\" \/>\n<meta property=\"og:description\" content=\"Carta de lectores de Nicolas Peralta: Espero que leas y si est\u00e1s de acuerdo compart\u00ed la nota. Y SI NO EST\u00c1S DE ACUERDO ESPERO NO RECIBIR AGRAVIOS DE NADIE.\" \/>\n<meta property=\"og:url\" content=\"https:\/\/www.noticiasradioreflejos.com.ar\/2021\/reapertura-al-turismo-en-tornquist\/\" \/>\n<meta property=\"og:site_name\" content=\"Noticias Radio Reflejos\" \/>\n<meta property=\"article:published_time\" content=\"2020-07-16T11:02:17+00:00\" \/>\n<meta property=\"og:image\" content=\"https:\/\/www.noticiasradioreflejos.com.ar\/2021\/wp-content\/uploads\/2018\/04\/carta_lector_1.jpg\" \/>\n\t<meta property=\"og:image:width\" content=\"935\" \/>\n\t<meta property=\"og:image:height\" content=\"595\" \/>\n\t<meta property=\"og:image:type\" content=\"image\/jpeg\" \/>\n<meta name=\"author\" content=\"Arnaldo Botto\" \/>\n<meta name=\"twitter:card\" content=\"summary_large_image\" \/>\n<script type=\"application\/ld+json\" class=\"yoast-schema-graph\">{\"@context\":\"https:\/\/schema.org\",\"@graph\":[{\"@type\":\"WebPage\",\"@id\":\"https:\/\/www.noticiasradioreflejos.com.ar\/2021\/reapertura-al-turismo-en-tornquist\/\",\"url\":\"https:\/\/www.noticiasradioreflejos.com.ar\/2021\/reapertura-al-turismo-en-tornquist\/\",\"name\":\"REAPERTURA AL TURISMO EN TORNQUIST!! - Noticias Radio Reflejos\",\"isPartOf\":{\"@id\":\"https:\/\/www.noticiasradioreflejos.com.ar\/2021\/#website\"},\"datePublished\":\"2020-07-16T11:02:17+00:00\",\"author\":{\"@id\":\"https:\/\/www.noticiasradioreflejos.com.ar\/2021\/#\/schema\/person\/ad82545263dcc5ec0996818884fd5fb1\"},\"breadcrumb\":{\"@id\":\"https:\/\/www.noticiasradioreflejos.com.ar\/2021\/reapertura-al-turismo-en-tornquist\/#breadcrumb\"},\"inLanguage\":\"es\",\"potentialAction\":[{\"@type\":\"ReadAction\",\"target\":[\"https:\/\/www.noticiasradioreflejos.com.ar\/2021\/reapertura-al-turismo-en-tornquist\/\"]}]},{\"@type\":\"BreadcrumbList\",\"@id\":\"https:\/\/www.noticiasradioreflejos.com.ar\/2021\/reapertura-al-turismo-en-tornquist\/#breadcrumb\",\"itemListElement\":[{\"@type\":\"ListItem\",\"position\":1,\"name\":\"Portada\",\"item\":\"https:\/\/www.noticiasradioreflejos.com.ar\/2021\/\"},{\"@type\":\"ListItem\",\"position\":2,\"name\":\"REAPERTURA AL TURISMO EN TORNQUIST!!\"}]},{\"@type\":\"WebSite\",\"@id\":\"https:\/\/www.noticiasradioreflejos.com.ar\/2021\/#website\",\"url\":\"https:\/\/www.noticiasradioreflejos.com.ar\/2021\/\",\"name\":\"Noticias Radio Reflejos\",\"description\":\"Las noticias de mi comarca\",\"potentialAction\":[{\"@type\":\"SearchAction\",\"target\":{\"@type\":\"EntryPoint\",\"urlTemplate\":\"https:\/\/www.noticiasradioreflejos.com.ar\/2021\/?s={search_term_string}\"},\"query-input\":{\"@type\":\"PropertyValueSpecification\",\"valueRequired\":true,\"valueName\":\"search_term_string\"}}],\"inLanguage\":\"es\"},{\"@type\":\"Person\",\"@id\":\"https:\/\/www.noticiasradioreflejos.com.ar\/2021\/#\/schema\/person\/ad82545263dcc5ec0996818884fd5fb1\",\"name\":\"Arnaldo Botto\",\"image\":{\"@type\":\"ImageObject\",\"inLanguage\":\"es\",\"@id\":\"https:\/\/www.noticiasradioreflejos.com.ar\/2021\/#\/schema\/person\/image\/\",\"url\":\"https:\/\/secure.gravatar.com\/avatar\/55cb5e37c1efa326397366e6974cb338056df65cb50e7d64d1cf314e87504837?s=96&d=mm&r=g\",\"contentUrl\":\"https:\/\/secure.gravatar.com\/avatar\/55cb5e37c1efa326397366e6974cb338056df65cb50e7d64d1cf314e87504837?s=96&d=mm&r=g\",\"caption\":\"Arnaldo Botto\"},\"url\":\"https:\/\/www.noticiasradioreflejos.com.ar\/2021\/author\/arnaldo\/\"}]}<\/script>\n<!-- \/ Yoast SEO plugin. -->","yoast_head_json":{"title":"REAPERTURA AL TURISMO EN TORNQUIST!! - Noticias Radio Reflejos","robots":{"index":"index","follow":"follow","max-snippet":"max-snippet:-1","max-image-preview":"max-image-preview:large","max-video-preview":"max-video-preview:-1"},"canonical":"https:\/\/www.noticiasradioreflejos.com.ar\/2021\/reapertura-al-turismo-en-tornquist\/","og_locale":"es_ES","og_type":"article","og_title":"REAPERTURA AL TURISMO EN TORNQUIST!! - Noticias Radio Reflejos","og_description":"Carta de lectores de Nicolas Peralta: Espero que leas y si est\u00e1s de acuerdo compart\u00ed la nota. Y SI NO EST\u00c1S DE ACUERDO ESPERO NO RECIBIR AGRAVIOS DE NADIE.","og_url":"https:\/\/www.noticiasradioreflejos.com.ar\/2021\/reapertura-al-turismo-en-tornquist\/","og_site_name":"Noticias Radio Reflejos","article_published_time":"2020-07-16T11:02:17+00:00","og_image":[{"width":935,"height":595,"url":"https:\/\/www.noticiasradioreflejos.com.ar\/2021\/wp-content\/uploads\/2018\/04\/carta_lector_1.jpg","type":"image\/jpeg"}],"author":"Arnaldo Botto","twitter_card":"summary_large_image","schema":{"@context":"https:\/\/schema.org","@graph":[{"@type":"WebPage","@id":"https:\/\/www.noticiasradioreflejos.com.ar\/2021\/reapertura-al-turismo-en-tornquist\/","url":"https:\/\/www.noticiasradioreflejos.com.ar\/2021\/reapertura-al-turismo-en-tornquist\/","name":"REAPERTURA AL TURISMO EN TORNQUIST!! - Noticias Radio Reflejos","isPartOf":{"@id":"https:\/\/www.noticiasradioreflejos.com.ar\/2021\/#website"},"datePublished":"2020-07-16T11:02:17+00:00","author":{"@id":"https:\/\/www.noticiasradioreflejos.com.ar\/2021\/#\/schema\/person\/ad82545263dcc5ec0996818884fd5fb1"},"breadcrumb":{"@id":"https:\/\/www.noticiasradioreflejos.com.ar\/2021\/reapertura-al-turismo-en-tornquist\/#breadcrumb"},"inLanguage":"es","potentialAction":[{"@type":"ReadAction","target":["https:\/\/www.noticiasradioreflejos.com.ar\/2021\/reapertura-al-turismo-en-tornquist\/"]}]},{"@type":"BreadcrumbList","@id":"https:\/\/www.noticiasradioreflejos.com.ar\/2021\/reapertura-al-turismo-en-tornquist\/#breadcrumb","itemListElement":[{"@type":"ListItem","position":1,"name":"Portada","item":"https:\/\/www.noticiasradioreflejos.com.ar\/2021\/"},{"@type":"ListItem","position":2,"name":"REAPERTURA AL TURISMO EN TORNQUIST!!"}]},{"@type":"WebSite","@id":"https:\/\/www.noticiasradioreflejos.com.ar\/2021\/#website","url":"https:\/\/www.noticiasradioreflejos.com.ar\/2021\/","name":"Noticias Radio Reflejos","description":"Las noticias de mi comarca","potentialAction":[{"@type":"SearchAction","target":{"@type":"EntryPoint","urlTemplate":"https:\/\/www.noticiasradioreflejos.com.ar\/2021\/?s={search_term_string}"},"query-input":{"@type":"PropertyValueSpecification","valueRequired":true,"valueName":"search_term_string"}}],"inLanguage":"es"},{"@type":"Person","@id":"https:\/\/www.noticiasradioreflejos.com.ar\/2021\/#\/schema\/person\/ad82545263dcc5ec0996818884fd5fb1","name":"Arnaldo Botto","image":{"@type":"ImageObject","inLanguage":"es","@id":"https:\/\/www.noticiasradioreflejos.com.ar\/2021\/#\/schema\/person\/image\/","url":"https:\/\/secure.gravatar.com\/avatar\/55cb5e37c1efa326397366e6974cb338056df65cb50e7d64d1cf314e87504837?s=96&d=mm&r=g","contentUrl":"https:\/\/secure.gravatar.com\/avatar\/55cb5e37c1efa326397366e6974cb338056df65cb50e7d64d1cf314e87504837?s=96&d=mm&r=g","caption":"Arnaldo Botto"},"url":"https:\/\/www.noticiasradioreflejos.com.ar\/2021\/author\/arnaldo\/"}]}},"_links":{"self":[{"href":"https:\/\/www.noticiasradioreflejos.com.ar\/2021\/wp-json\/wp\/v2\/posts\/44459","targetHints":{"allow":["GET"]}}],"collection":[{"href":"https:\/\/www.noticiasradioreflejos.com.ar\/2021\/wp-json\/wp\/v2\/posts"}],"about":[{"href":"https:\/\/www.noticiasradioreflejos.com.ar\/2021\/wp-json\/wp\/v2\/types\/post"}],"author":[{"embeddable":true,"href":"https:\/\/www.noticiasradioreflejos.com.ar\/2021\/wp-json\/wp\/v2\/users\/3"}],"replies":[{"embeddable":true,"href":"https:\/\/www.noticiasradioreflejos.com.ar\/2021\/wp-json\/wp\/v2\/comments?post=44459"}],"version-history":[{"count":0,"href":"https:\/\/www.noticiasradioreflejos.com.ar\/2021\/wp-json\/wp\/v2\/posts\/44459\/revisions"}],"wp:attachment":[{"href":"https:\/\/www.noticiasradioreflejos.com.ar\/2021\/wp-json\/wp\/v2\/media?parent=44459"}],"wp:term":[{"taxonomy":"category","embeddable":true,"href":"https:\/\/www.noticiasradioreflejos.com.ar\/2021\/wp-json\/wp\/v2\/categories?post=44459"},{"taxonomy":"post_tag","embeddable":true,"href":"https:\/\/www.noticiasradioreflejos.com.ar\/2021\/wp-json\/wp\/v2\/tags?post=44459"}],"curies":[{"name":"wp","href":"https:\/\/api.w.org\/{rel}","templated":true}]}}