{"id":44449,"date":"2020-07-15T17:56:27","date_gmt":"2020-07-15T20:56:27","guid":{"rendered":"http:\/\/www.noticiasradioreflejos.com.ar\/noticias\/?p=44449"},"modified":"2020-07-15T17:56:27","modified_gmt":"2020-07-15T20:56:27","slug":"cmmt-invita-a-participar-de-encuentro","status":"publish","type":"post","link":"https:\/\/www.noticiasradioreflejos.com.ar\/2021\/cmmt-invita-a-participar-de-encuentro\/","title":{"rendered":"CMMT invita a participar de encuentro."},"content":{"rendered":"<p>El Consejo Municipal de las Mujeres de Tornquist (CMMT) te invita a participar de este encuentro, el cuarto del ciclo de conversaciones que tienen objetivo la conformaci\u00f3n de una Red de Promotorxs de Derechos con Perspectiva de G\u00e9neros, pues el rol de lxs promotorxs es clave en la articulaci\u00f3n y el acompa\u00f1amiento de diversas situaciones de vulneraciones de derechos.<!--more--><\/p>\n<p>En esta ocasi\u00f3n nos acompa\u00f1ar\u00e1 Silvina Perugino, Directora Provincial de Situaciones de Alto Riesgo y Casos Cr\u00edticos de las Violencias por Razones de G\u00e9nero del Ministerio de las Mujeres, Pol\u00edticas de G\u00e9nero y Diversidad Sexual de la Provincia de Buenos Aires.<\/p>\n<p>Para participar del encuentro te invitamos a seguirnos en las redes sociales IG: @cmmujerestornquist &#8211; Facebook: Consejo Municipal de las Mujeres Tornquist y dejarnos tus datos en el siguiente link: https:\/\/forms.gle\/7CE2eFrLbh32dN7e8<\/p>\n<p>\u00a1TE ESPERAMOS EL JUEVES 16\/7 A LAS 19!<\/p>\n<p>La actividad es abierta y gratuita.<\/p>\n<p><a title=\"image\" href=\"http:\/\/live.staticflickr.com\/65535\/50116966846_4db9f7c411_s.jpg\" rel=\"\"><img loading=\"lazy\" decoding=\"async\" class=\"aligncenter\" title=\"image\" src=\"http:\/\/live.staticflickr.com\/65535\/50116966846_4db9f7c411_c.jpg\" alt=\"image\" width=\"800\" height=\"671\" \/><\/a><\/p>\n","protected":false},"excerpt":{"rendered":"<p>El Consejo Municipal de las Mujeres de Tornquist (CMMT) te invita a participar de este encuentro, el cuarto del ciclo de conversaciones que tienen objetivo la conformaci\u00f3n de una Red de Promotorxs de Derechos con Perspectiva de G\u00e9neros, pues el rol de lxs promotorxs es clave en la articulaci\u00f3n y el acompa\u00f1amiento de diversas situaciones [&hellip;]<\/p>\n","protected":false},"author":3,"featured_media":0,"comment_status":"closed","ping_status":"open","sticky":false,"template":"","format":"standard","meta":{"footnotes":""},"categories":[24],"tags":[],"class_list":["post-44449","post","type-post","status-publish","format-standard","hentry","category-politica"],"yoast_head":"<!-- This site is optimized with the Yoast SEO plugin v25.9 - https:\/\/yoast.com\/wordpress\/plugins\/seo\/ -->\n<title>CMMT invita a participar de encuentro. - Noticias Radio Reflejos<\/title>\n<meta name=\"robots\" content=\"index, follow, max-snippet:-1, max-image-preview:large, max-video-preview:-1\" \/>\n<link rel=\"canonical\" href=\"https:\/\/www.noticiasradioreflejos.com.ar\/2021\/cmmt-invita-a-participar-de-encuentro\/\" \/>\n<meta property=\"og:locale\" content=\"es_ES\" \/>\n<meta property=\"og:type\" content=\"article\" \/>\n<meta property=\"og:title\" content=\"CMMT invita a participar de encuentro. - Noticias Radio Reflejos\" \/>\n<meta property=\"og:description\" content=\"El Consejo Municipal de las Mujeres de Tornquist (CMMT) te invita a participar de este encuentro, el cuarto del ciclo de conversaciones que tienen objetivo la conformaci\u00f3n de una Red de Promotorxs de Derechos con Perspectiva de G\u00e9neros, pues el rol de lxs promotorxs es clave en la articulaci\u00f3n y el acompa\u00f1amiento de diversas situaciones [&hellip;]\" \/>\n<meta property=\"og:url\" content=\"https:\/\/www.noticiasradioreflejos.com.ar\/2021\/cmmt-invita-a-participar-de-encuentro\/\" \/>\n<meta property=\"og:site_name\" content=\"Noticias Radio Reflejos\" \/>\n<meta property=\"article:published_time\" content=\"2020-07-15T20:56:27+00:00\" \/>\n<meta property=\"og:image\" content=\"http:\/\/live.staticflickr.com\/65535\/50116966846_4db9f7c411_c.jpg\" \/>\n<meta name=\"author\" content=\"Arnaldo Botto\" \/>\n<meta name=\"twitter:card\" content=\"summary_large_image\" \/>\n<script type=\"application\/ld+json\" class=\"yoast-schema-graph\">{\"@context\":\"https:\/\/schema.org\",\"@graph\":[{\"@type\":\"WebPage\",\"@id\":\"https:\/\/www.noticiasradioreflejos.com.ar\/2021\/cmmt-invita-a-participar-de-encuentro\/\",\"url\":\"https:\/\/www.noticiasradioreflejos.com.ar\/2021\/cmmt-invita-a-participar-de-encuentro\/\",\"name\":\"CMMT invita a participar de encuentro. - Noticias Radio Reflejos\",\"isPartOf\":{\"@id\":\"https:\/\/www.noticiasradioreflejos.com.ar\/2021\/#website\"},\"primaryImageOfPage\":{\"@id\":\"https:\/\/www.noticiasradioreflejos.com.ar\/2021\/cmmt-invita-a-participar-de-encuentro\/#primaryimage\"},\"image\":{\"@id\":\"https:\/\/www.noticiasradioreflejos.com.ar\/2021\/cmmt-invita-a-participar-de-encuentro\/#primaryimage\"},\"thumbnailUrl\":\"http:\/\/live.staticflickr.com\/65535\/50116966846_4db9f7c411_c.jpg\",\"datePublished\":\"2020-07-15T20:56:27+00:00\",\"author\":{\"@id\":\"https:\/\/www.noticiasradioreflejos.com.ar\/2021\/#\/schema\/person\/ad82545263dcc5ec0996818884fd5fb1\"},\"breadcrumb\":{\"@id\":\"https:\/\/www.noticiasradioreflejos.com.ar\/2021\/cmmt-invita-a-participar-de-encuentro\/#breadcrumb\"},\"inLanguage\":\"es\",\"potentialAction\":[{\"@type\":\"ReadAction\",\"target\":[\"https:\/\/www.noticiasradioreflejos.com.ar\/2021\/cmmt-invita-a-participar-de-encuentro\/\"]}]},{\"@type\":\"ImageObject\",\"inLanguage\":\"es\",\"@id\":\"https:\/\/www.noticiasradioreflejos.com.ar\/2021\/cmmt-invita-a-participar-de-encuentro\/#primaryimage\",\"url\":\"http:\/\/live.staticflickr.com\/65535\/50116966846_4db9f7c411_c.jpg\",\"contentUrl\":\"http:\/\/live.staticflickr.com\/65535\/50116966846_4db9f7c411_c.jpg\"},{\"@type\":\"BreadcrumbList\",\"@id\":\"https:\/\/www.noticiasradioreflejos.com.ar\/2021\/cmmt-invita-a-participar-de-encuentro\/#breadcrumb\",\"itemListElement\":[{\"@type\":\"ListItem\",\"position\":1,\"name\":\"Portada\",\"item\":\"https:\/\/www.noticiasradioreflejos.com.ar\/2021\/\"},{\"@type\":\"ListItem\",\"position\":2,\"name\":\"CMMT invita a participar de encuentro.\"}]},{\"@type\":\"WebSite\",\"@id\":\"https:\/\/www.noticiasradioreflejos.com.ar\/2021\/#website\",\"url\":\"https:\/\/www.noticiasradioreflejos.com.ar\/2021\/\",\"name\":\"Noticias Radio Reflejos\",\"description\":\"Las noticias de mi comarca\",\"potentialAction\":[{\"@type\":\"SearchAction\",\"target\":{\"@type\":\"EntryPoint\",\"urlTemplate\":\"https:\/\/www.noticiasradioreflejos.com.ar\/2021\/?s={search_term_string}\"},\"query-input\":{\"@type\":\"PropertyValueSpecification\",\"valueRequired\":true,\"valueName\":\"search_term_string\"}}],\"inLanguage\":\"es\"},{\"@type\":\"Person\",\"@id\":\"https:\/\/www.noticiasradioreflejos.com.ar\/2021\/#\/schema\/person\/ad82545263dcc5ec0996818884fd5fb1\",\"name\":\"Arnaldo Botto\",\"image\":{\"@type\":\"ImageObject\",\"inLanguage\":\"es\",\"@id\":\"https:\/\/www.noticiasradioreflejos.com.ar\/2021\/#\/schema\/person\/image\/\",\"url\":\"https:\/\/secure.gravatar.com\/avatar\/55cb5e37c1efa326397366e6974cb338056df65cb50e7d64d1cf314e87504837?s=96&d=mm&r=g\",\"contentUrl\":\"https:\/\/secure.gravatar.com\/avatar\/55cb5e37c1efa326397366e6974cb338056df65cb50e7d64d1cf314e87504837?s=96&d=mm&r=g\",\"caption\":\"Arnaldo Botto\"},\"url\":\"https:\/\/www.noticiasradioreflejos.com.ar\/2021\/author\/arnaldo\/\"}]}<\/script>\n<!-- \/ Yoast SEO plugin. -->","yoast_head_json":{"title":"CMMT invita a participar de encuentro. - Noticias Radio Reflejos","robots":{"index":"index","follow":"follow","max-snippet":"max-snippet:-1","max-image-preview":"max-image-preview:large","max-video-preview":"max-video-preview:-1"},"canonical":"https:\/\/www.noticiasradioreflejos.com.ar\/2021\/cmmt-invita-a-participar-de-encuentro\/","og_locale":"es_ES","og_type":"article","og_title":"CMMT invita a participar de encuentro. - Noticias Radio Reflejos","og_description":"El Consejo Municipal de las Mujeres de Tornquist (CMMT) te invita a participar de este encuentro, el cuarto del ciclo de conversaciones que tienen objetivo la conformaci\u00f3n de una Red de Promotorxs de Derechos con Perspectiva de G\u00e9neros, pues el rol de lxs promotorxs es clave en la articulaci\u00f3n y el acompa\u00f1amiento de diversas situaciones [&hellip;]","og_url":"https:\/\/www.noticiasradioreflejos.com.ar\/2021\/cmmt-invita-a-participar-de-encuentro\/","og_site_name":"Noticias Radio Reflejos","article_published_time":"2020-07-15T20:56:27+00:00","og_image":[{"url":"http:\/\/live.staticflickr.com\/65535\/50116966846_4db9f7c411_c.jpg","type":"","width":"","height":""}],"author":"Arnaldo Botto","twitter_card":"summary_large_image","schema":{"@context":"https:\/\/schema.org","@graph":[{"@type":"WebPage","@id":"https:\/\/www.noticiasradioreflejos.com.ar\/2021\/cmmt-invita-a-participar-de-encuentro\/","url":"https:\/\/www.noticiasradioreflejos.com.ar\/2021\/cmmt-invita-a-participar-de-encuentro\/","name":"CMMT invita a participar de encuentro. - Noticias Radio Reflejos","isPartOf":{"@id":"https:\/\/www.noticiasradioreflejos.com.ar\/2021\/#website"},"primaryImageOfPage":{"@id":"https:\/\/www.noticiasradioreflejos.com.ar\/2021\/cmmt-invita-a-participar-de-encuentro\/#primaryimage"},"image":{"@id":"https:\/\/www.noticiasradioreflejos.com.ar\/2021\/cmmt-invita-a-participar-de-encuentro\/#primaryimage"},"thumbnailUrl":"http:\/\/live.staticflickr.com\/65535\/50116966846_4db9f7c411_c.jpg","datePublished":"2020-07-15T20:56:27+00:00","author":{"@id":"https:\/\/www.noticiasradioreflejos.com.ar\/2021\/#\/schema\/person\/ad82545263dcc5ec0996818884fd5fb1"},"breadcrumb":{"@id":"https:\/\/www.noticiasradioreflejos.com.ar\/2021\/cmmt-invita-a-participar-de-encuentro\/#breadcrumb"},"inLanguage":"es","potentialAction":[{"@type":"ReadAction","target":["https:\/\/www.noticiasradioreflejos.com.ar\/2021\/cmmt-invita-a-participar-de-encuentro\/"]}]},{"@type":"ImageObject","inLanguage":"es","@id":"https:\/\/www.noticiasradioreflejos.com.ar\/2021\/cmmt-invita-a-participar-de-encuentro\/#primaryimage","url":"http:\/\/live.staticflickr.com\/65535\/50116966846_4db9f7c411_c.jpg","contentUrl":"http:\/\/live.staticflickr.com\/65535\/50116966846_4db9f7c411_c.jpg"},{"@type":"BreadcrumbList","@id":"https:\/\/www.noticiasradioreflejos.com.ar\/2021\/cmmt-invita-a-participar-de-encuentro\/#breadcrumb","itemListElement":[{"@type":"ListItem","position":1,"name":"Portada","item":"https:\/\/www.noticiasradioreflejos.com.ar\/2021\/"},{"@type":"ListItem","position":2,"name":"CMMT invita a participar de encuentro."}]},{"@type":"WebSite","@id":"https:\/\/www.noticiasradioreflejos.com.ar\/2021\/#website","url":"https:\/\/www.noticiasradioreflejos.com.ar\/2021\/","name":"Noticias Radio Reflejos","description":"Las noticias de mi comarca","potentialAction":[{"@type":"SearchAction","target":{"@type":"EntryPoint","urlTemplate":"https:\/\/www.noticiasradioreflejos.com.ar\/2021\/?s={search_term_string}"},"query-input":{"@type":"PropertyValueSpecification","valueRequired":true,"valueName":"search_term_string"}}],"inLanguage":"es"},{"@type":"Person","@id":"https:\/\/www.noticiasradioreflejos.com.ar\/2021\/#\/schema\/person\/ad82545263dcc5ec0996818884fd5fb1","name":"Arnaldo Botto","image":{"@type":"ImageObject","inLanguage":"es","@id":"https:\/\/www.noticiasradioreflejos.com.ar\/2021\/#\/schema\/person\/image\/","url":"https:\/\/secure.gravatar.com\/avatar\/55cb5e37c1efa326397366e6974cb338056df65cb50e7d64d1cf314e87504837?s=96&d=mm&r=g","contentUrl":"https:\/\/secure.gravatar.com\/avatar\/55cb5e37c1efa326397366e6974cb338056df65cb50e7d64d1cf314e87504837?s=96&d=mm&r=g","caption":"Arnaldo Botto"},"url":"https:\/\/www.noticiasradioreflejos.com.ar\/2021\/author\/arnaldo\/"}]}},"_links":{"self":[{"href":"https:\/\/www.noticiasradioreflejos.com.ar\/2021\/wp-json\/wp\/v2\/posts\/44449","targetHints":{"allow":["GET"]}}],"collection":[{"href":"https:\/\/www.noticiasradioreflejos.com.ar\/2021\/wp-json\/wp\/v2\/posts"}],"about":[{"href":"https:\/\/www.noticiasradioreflejos.com.ar\/2021\/wp-json\/wp\/v2\/types\/post"}],"author":[{"embeddable":true,"href":"https:\/\/www.noticiasradioreflejos.com.ar\/2021\/wp-json\/wp\/v2\/users\/3"}],"replies":[{"embeddable":true,"href":"https:\/\/www.noticiasradioreflejos.com.ar\/2021\/wp-json\/wp\/v2\/comments?post=44449"}],"version-history":[{"count":0,"href":"https:\/\/www.noticiasradioreflejos.com.ar\/2021\/wp-json\/wp\/v2\/posts\/44449\/revisions"}],"wp:attachment":[{"href":"https:\/\/www.noticiasradioreflejos.com.ar\/2021\/wp-json\/wp\/v2\/media?parent=44449"}],"wp:term":[{"taxonomy":"category","embeddable":true,"href":"https:\/\/www.noticiasradioreflejos.com.ar\/2021\/wp-json\/wp\/v2\/categories?post=44449"},{"taxonomy":"post_tag","embeddable":true,"href":"https:\/\/www.noticiasradioreflejos.com.ar\/2021\/wp-json\/wp\/v2\/tags?post=44449"}],"curies":[{"name":"wp","href":"https:\/\/api.w.org\/{rel}","templated":true}]}}