{"id":44440,"date":"2020-07-15T18:27:16","date_gmt":"2020-07-15T21:27:16","guid":{"rendered":"http:\/\/www.noticiasradioreflejos.com.ar\/noticias\/?p=44440"},"modified":"2020-07-15T18:27:16","modified_gmt":"2020-07-15T21:27:16","slug":"decidimos-reactivar-el-turismo-para-darle-una-mano-ya-que-viene-muy-golpeado-sergio-bordoni","status":"publish","type":"post","link":"https:\/\/www.noticiasradioreflejos.com.ar\/2021\/decidimos-reactivar-el-turismo-para-darle-una-mano-ya-que-viene-muy-golpeado-sergio-bordoni\/","title":{"rendered":"\u00abDecidimos reactivar el turismo para darle una mano, ya que viene muy golpeado\u00bb. Sergio Bordoni"},"content":{"rendered":"<p>Esta ma\u00f1ana entrevistamos al intendente Sergio Bordoni para aclarar algunas dudas de la poblaci\u00f3n y que nos ilustre la situaci\u00f3n actual de nuestro distrito en fase 5. Nos explica c\u00f3mo se implementar\u00e1 la nueva medida para reactivar el turismo en nuestra comarca, habla del posible retorno a clases, nos cuenta c\u00f3mo se prepara el municipio para recibir al COVID y nos cuenta c\u00f3mo se sigue con los proyectos p\u00fablicos en \u00e9poca de cuarentena.<!--more--><\/p>\n<p>A partir de la posible reapertura del turismo a distritos en fase 5, Sergio explic\u00f3: \u00abEsperamos a ver c\u00f3mo evolucionaba el tema de la pandemia en nuestro distrito, y, al no ver casos positivos, decidimos reactivar el turismo para darle una mano, ya que viene muy golpeado\u00bb. Adem\u00e1s, nos coment\u00f3 que, al abrir Su\u00e1rez el turismo, Villa la Arcadia recibi\u00f3 visitantes de su propio distrito. A partir de los resultados del partido vecino, el municipio decidi\u00f3 probar en hacer lo mismo en nuestra comarca. \u00abNo vamos a actuar por decreto, pero tenemos la misma autorizaci\u00f3n que la que tiene Coronel Su\u00e1rez\u00bb aclar\u00f3 el intendente.<\/p>\n<p>Al comunicarse esta nueva medida a la comunidad, muchos oyentes de la radio expresaron sus preocupaciones con respecto a los posibles contagios en hoteles o complejos de caba\u00f1as, a lo que Sergio respondi\u00f3: \u00abSi existiera un caso en alg\u00fan complejo, se deber\u00eda hacer lo mismo que si hubiera un contagiado en una casa. Se a\u00edsla a la persona, hacer la red de contacto y se cerrar\u00eda el complejo\u00bb. A lo que se resalta que, adem\u00e1s de cumplir con los protocolos correspondientes, cada lugar que reciba turistas y visitantes, ya sea durante el d\u00eda o los aloje, debe llevar un control detallado de cada persona que ingresa y deja el lugar. \u00abEs un trabajo importante, pero no queda otra\u00bb afirm\u00f3.<\/p>\n<p>Cuando le preguntamos sobre el decreto lanzado \u00faltimamente sobre el poder volver a las clases presenciales en distintas provincias, Bordoni opin\u00f3: \u00abMe parece muy positivo que si est\u00e1n evaluando retomar las clases en las provincias donde no hay casos, hagan lo mismo con las zonas libres del virus. Si se retoman las clases en Tornquist, deber\u00e1 ser con protocolos de seguridad, pero tenemos que empezar a mover a las localidades. Esto no puede seguir mucho tiempo m\u00e1s\u00bb.<\/p>\n<p>\u00abSi alguien controlaba y hac\u00eda las cosas bien, era el intendente de Saavedra. Pero los contagios surgieron desde los efectivos policiales que fueron enviados a trabajar al AMBA y volvieron contagiados, no le podemos echar toda la culpa al intendente, hay cosas que se te pueden escapar como a cualquier ser humano. Nosotros tuvimos la suerte de que el polic\u00eda que fue no vino contagiado\u00bb comparti\u00f3 Sergio su punto de vista con respecto al contagio y la cantidad de aislados en el partido de Saavedra. Tambi\u00e9n explic\u00f3 que, en nuestro caso, hay muchos especialistas m\u00e9dicos que vienen desde Bah\u00eda Blanca a atender a muchos pacientes, \u00abtenemos dos opciones, o traer a los 7 especialistas bahienses, o hacer que m\u00e1s de 100 personas tengan que viajar a Bah\u00eda para ser atendidos por diferentes falencias\u00bb.<\/p>\n<p>En relaci\u00f3n a los controles, el intendente sentenci\u00f3: \u00abLos ciudadanos deben acompa\u00f1ar los controles con el uso de protocolos. Si no hacemos bien las cosas, esto va a estar complicado durante mucho tiempo\u00bb. Bordoni en la nota explica que, en caso de aparecer alg\u00fan contagiado de coronavirus, no hay necesidad de retroceder a las fases anteriores porque los casos sospechosos siempre se a\u00edslan. Pero esto s\u00f3lo funcionar\u00eda si toda la comunidad acciona teniendo en cuenta los protocolos de seguridad y prevenci\u00f3n correspondientes.<\/p>\n<p>\u00abComo todos los intendentes, dejamos de viajar a La Plata y a Buenos Aires por la pandemia. Tenemos reuniones por Zoom para gestionar desde el sill\u00f3n de cada municipio. Quiero ser cauto con las novedades para esperar a oficializarlas. Estamos trabajando muy bien y esperemos que cuando podamos concretar alg\u00fan proyecto, pueda darlo a conocer. Es mucho m\u00e1s f\u00e1cil trabajar con esta gesti\u00f3n que con la anterior\u00bb expres\u00f3 sobre el final de la nota cuando le preguntamos sobre c\u00f3mo seguir a partir del bloqueo de actividades debido a la cuarentena obligatoria y preventiva.<\/p>\n<p>Nota completa a continuaci\u00f3n:<br \/>\n<iframe loading=\"lazy\" src=\"https:\/\/w.soundcloud.com\/player\/?url=https%3A\/\/api.soundcloud.com\/tracks\/858395983&amp;color=%23ff5500&amp;auto_play=false&amp;hide_related=false&amp;show_comments=true&amp;show_user=true&amp;show_reposts=false&amp;show_teaser=true\" width=\"100%\" height=\"166\" frameborder=\"no\" scrolling=\"no\"><\/iframe><\/p>\n<div style=\"font-size: 10px; color: #cccccc; line-break: anywhere; word-break: normal; overflow: hidden; white-space: nowrap; text-overflow: ellipsis; font-family: Interstate,Lucida Grande,Lucida Sans Unicode,Lucida Sans,Garuda,Verdana,Tahoma,sans-serif; font-weight: 100;\"><a style=\"color: #cccccc; text-decoration: none;\" title=\"fmreflejos 103.7\" href=\"https:\/\/soundcloud.com\/fmreflejos-103-7\" target=\"_blank\" rel=\"noopener\">fmreflejos 103.7<\/a> \u00b7 <a style=\"color: #cccccc; text-decoration: none;\" title=\"Nota Sergio Bordoni\" href=\"https:\/\/soundcloud.com\/fmreflejos-103-7\/nota-sergio-bordoni-5\" target=\"_blank\" rel=\"noopener\">Nota Sergio Bordoni<\/a><\/div>\n","protected":false},"excerpt":{"rendered":"<p>Esta ma\u00f1ana entrevistamos al intendente Sergio Bordoni para aclarar algunas dudas de la poblaci\u00f3n y que nos ilustre la situaci\u00f3n actual de nuestro distrito en fase 5. Nos explica c\u00f3mo se implementar\u00e1 la nueva medida para reactivar el turismo en nuestra comarca, habla del posible retorno a clases, nos cuenta c\u00f3mo se prepara el municipio [&hellip;]<\/p>\n","protected":false},"author":3,"featured_media":34404,"comment_status":"closed","ping_status":"open","sticky":false,"template":"","format":"standard","meta":{"footnotes":""},"categories":[33],"tags":[],"class_list":["post-44440","post","type-post","status-publish","format-standard","has-post-thumbnail","hentry","category-turismo"],"yoast_head":"<!-- This site is optimized with the Yoast SEO plugin v25.9 - https:\/\/yoast.com\/wordpress\/plugins\/seo\/ -->\n<title>&quot;Decidimos reactivar el turismo para darle una mano, ya que viene muy golpeado&quot;. Sergio Bordoni - Noticias Radio Reflejos<\/title>\n<meta name=\"robots\" content=\"index, follow, max-snippet:-1, max-image-preview:large, max-video-preview:-1\" \/>\n<link rel=\"canonical\" href=\"https:\/\/www.noticiasradioreflejos.com.ar\/2021\/decidimos-reactivar-el-turismo-para-darle-una-mano-ya-que-viene-muy-golpeado-sergio-bordoni\/\" \/>\n<meta property=\"og:locale\" content=\"es_ES\" \/>\n<meta property=\"og:type\" content=\"article\" \/>\n<meta property=\"og:title\" content=\"&quot;Decidimos reactivar el turismo para darle una mano, ya que viene muy golpeado&quot;. Sergio Bordoni - Noticias Radio Reflejos\" \/>\n<meta property=\"og:description\" content=\"Esta ma\u00f1ana entrevistamos al intendente Sergio Bordoni para aclarar algunas dudas de la poblaci\u00f3n y que nos ilustre la situaci\u00f3n actual de nuestro distrito en fase 5. Nos explica c\u00f3mo se implementar\u00e1 la nueva medida para reactivar el turismo en nuestra comarca, habla del posible retorno a clases, nos cuenta c\u00f3mo se prepara el municipio [&hellip;]\" \/>\n<meta property=\"og:url\" content=\"https:\/\/www.noticiasradioreflejos.com.ar\/2021\/decidimos-reactivar-el-turismo-para-darle-una-mano-ya-que-viene-muy-golpeado-sergio-bordoni\/\" \/>\n<meta property=\"og:site_name\" content=\"Noticias Radio Reflejos\" \/>\n<meta property=\"article:published_time\" content=\"2020-07-15T21:27:16+00:00\" \/>\n<meta property=\"og:image\" content=\"https:\/\/www.noticiasradioreflejos.com.ar\/2021\/wp-content\/uploads\/2019\/09\/Mi-ruta-Lucrecia-Diel-scaled.jpg\" \/>\n\t<meta property=\"og:image:width\" content=\"2560\" \/>\n\t<meta property=\"og:image:height\" content=\"1706\" \/>\n\t<meta property=\"og:image:type\" content=\"image\/jpeg\" \/>\n<meta name=\"author\" content=\"Arnaldo Botto\" \/>\n<meta name=\"twitter:card\" content=\"summary_large_image\" \/>\n<script type=\"application\/ld+json\" class=\"yoast-schema-graph\">{\"@context\":\"https:\/\/schema.org\",\"@graph\":[{\"@type\":\"WebPage\",\"@id\":\"https:\/\/www.noticiasradioreflejos.com.ar\/2021\/decidimos-reactivar-el-turismo-para-darle-una-mano-ya-que-viene-muy-golpeado-sergio-bordoni\/\",\"url\":\"https:\/\/www.noticiasradioreflejos.com.ar\/2021\/decidimos-reactivar-el-turismo-para-darle-una-mano-ya-que-viene-muy-golpeado-sergio-bordoni\/\",\"name\":\"\\\"Decidimos reactivar el turismo para darle una mano, ya que viene muy golpeado\\\". Sergio Bordoni - Noticias Radio Reflejos\",\"isPartOf\":{\"@id\":\"https:\/\/www.noticiasradioreflejos.com.ar\/2021\/#website\"},\"primaryImageOfPage\":{\"@id\":\"https:\/\/www.noticiasradioreflejos.com.ar\/2021\/decidimos-reactivar-el-turismo-para-darle-una-mano-ya-que-viene-muy-golpeado-sergio-bordoni\/#primaryimage\"},\"image\":{\"@id\":\"https:\/\/www.noticiasradioreflejos.com.ar\/2021\/decidimos-reactivar-el-turismo-para-darle-una-mano-ya-que-viene-muy-golpeado-sergio-bordoni\/#primaryimage\"},\"thumbnailUrl\":\"https:\/\/www.noticiasradioreflejos.com.ar\/2021\/wp-content\/uploads\/2019\/09\/Mi-ruta-Lucrecia-Diel-scaled.jpg\",\"datePublished\":\"2020-07-15T21:27:16+00:00\",\"author\":{\"@id\":\"https:\/\/www.noticiasradioreflejos.com.ar\/2021\/#\/schema\/person\/ad82545263dcc5ec0996818884fd5fb1\"},\"breadcrumb\":{\"@id\":\"https:\/\/www.noticiasradioreflejos.com.ar\/2021\/decidimos-reactivar-el-turismo-para-darle-una-mano-ya-que-viene-muy-golpeado-sergio-bordoni\/#breadcrumb\"},\"inLanguage\":\"es\",\"potentialAction\":[{\"@type\":\"ReadAction\",\"target\":[\"https:\/\/www.noticiasradioreflejos.com.ar\/2021\/decidimos-reactivar-el-turismo-para-darle-una-mano-ya-que-viene-muy-golpeado-sergio-bordoni\/\"]}]},{\"@type\":\"ImageObject\",\"inLanguage\":\"es\",\"@id\":\"https:\/\/www.noticiasradioreflejos.com.ar\/2021\/decidimos-reactivar-el-turismo-para-darle-una-mano-ya-que-viene-muy-golpeado-sergio-bordoni\/#primaryimage\",\"url\":\"https:\/\/www.noticiasradioreflejos.com.ar\/2021\/wp-content\/uploads\/2019\/09\/Mi-ruta-Lucrecia-Diel-scaled.jpg\",\"contentUrl\":\"https:\/\/www.noticiasradioreflejos.com.ar\/2021\/wp-content\/uploads\/2019\/09\/Mi-ruta-Lucrecia-Diel-scaled.jpg\",\"width\":2560,\"height\":1706},{\"@type\":\"BreadcrumbList\",\"@id\":\"https:\/\/www.noticiasradioreflejos.com.ar\/2021\/decidimos-reactivar-el-turismo-para-darle-una-mano-ya-que-viene-muy-golpeado-sergio-bordoni\/#breadcrumb\",\"itemListElement\":[{\"@type\":\"ListItem\",\"position\":1,\"name\":\"Portada\",\"item\":\"https:\/\/www.noticiasradioreflejos.com.ar\/2021\/\"},{\"@type\":\"ListItem\",\"position\":2,\"name\":\"\u00abDecidimos reactivar el turismo para darle una mano, ya que viene muy golpeado\u00bb. Sergio Bordoni\"}]},{\"@type\":\"WebSite\",\"@id\":\"https:\/\/www.noticiasradioreflejos.com.ar\/2021\/#website\",\"url\":\"https:\/\/www.noticiasradioreflejos.com.ar\/2021\/\",\"name\":\"Noticias Radio Reflejos\",\"description\":\"Las noticias de mi comarca\",\"potentialAction\":[{\"@type\":\"SearchAction\",\"target\":{\"@type\":\"EntryPoint\",\"urlTemplate\":\"https:\/\/www.noticiasradioreflejos.com.ar\/2021\/?s={search_term_string}\"},\"query-input\":{\"@type\":\"PropertyValueSpecification\",\"valueRequired\":true,\"valueName\":\"search_term_string\"}}],\"inLanguage\":\"es\"},{\"@type\":\"Person\",\"@id\":\"https:\/\/www.noticiasradioreflejos.com.ar\/2021\/#\/schema\/person\/ad82545263dcc5ec0996818884fd5fb1\",\"name\":\"Arnaldo Botto\",\"image\":{\"@type\":\"ImageObject\",\"inLanguage\":\"es\",\"@id\":\"https:\/\/www.noticiasradioreflejos.com.ar\/2021\/#\/schema\/person\/image\/\",\"url\":\"https:\/\/secure.gravatar.com\/avatar\/55cb5e37c1efa326397366e6974cb338056df65cb50e7d64d1cf314e87504837?s=96&d=mm&r=g\",\"contentUrl\":\"https:\/\/secure.gravatar.com\/avatar\/55cb5e37c1efa326397366e6974cb338056df65cb50e7d64d1cf314e87504837?s=96&d=mm&r=g\",\"caption\":\"Arnaldo Botto\"},\"url\":\"https:\/\/www.noticiasradioreflejos.com.ar\/2021\/author\/arnaldo\/\"}]}<\/script>\n<!-- \/ Yoast SEO plugin. -->","yoast_head_json":{"title":"\"Decidimos reactivar el turismo para darle una mano, ya que viene muy golpeado\". Sergio Bordoni - Noticias Radio Reflejos","robots":{"index":"index","follow":"follow","max-snippet":"max-snippet:-1","max-image-preview":"max-image-preview:large","max-video-preview":"max-video-preview:-1"},"canonical":"https:\/\/www.noticiasradioreflejos.com.ar\/2021\/decidimos-reactivar-el-turismo-para-darle-una-mano-ya-que-viene-muy-golpeado-sergio-bordoni\/","og_locale":"es_ES","og_type":"article","og_title":"\"Decidimos reactivar el turismo para darle una mano, ya que viene muy golpeado\". Sergio Bordoni - Noticias Radio Reflejos","og_description":"Esta ma\u00f1ana entrevistamos al intendente Sergio Bordoni para aclarar algunas dudas de la poblaci\u00f3n y que nos ilustre la situaci\u00f3n actual de nuestro distrito en fase 5. Nos explica c\u00f3mo se implementar\u00e1 la nueva medida para reactivar el turismo en nuestra comarca, habla del posible retorno a clases, nos cuenta c\u00f3mo se prepara el municipio [&hellip;]","og_url":"https:\/\/www.noticiasradioreflejos.com.ar\/2021\/decidimos-reactivar-el-turismo-para-darle-una-mano-ya-que-viene-muy-golpeado-sergio-bordoni\/","og_site_name":"Noticias Radio Reflejos","article_published_time":"2020-07-15T21:27:16+00:00","og_image":[{"width":2560,"height":1706,"url":"https:\/\/www.noticiasradioreflejos.com.ar\/2021\/wp-content\/uploads\/2019\/09\/Mi-ruta-Lucrecia-Diel-scaled.jpg","type":"image\/jpeg"}],"author":"Arnaldo Botto","twitter_card":"summary_large_image","schema":{"@context":"https:\/\/schema.org","@graph":[{"@type":"WebPage","@id":"https:\/\/www.noticiasradioreflejos.com.ar\/2021\/decidimos-reactivar-el-turismo-para-darle-una-mano-ya-que-viene-muy-golpeado-sergio-bordoni\/","url":"https:\/\/www.noticiasradioreflejos.com.ar\/2021\/decidimos-reactivar-el-turismo-para-darle-una-mano-ya-que-viene-muy-golpeado-sergio-bordoni\/","name":"\"Decidimos reactivar el turismo para darle una mano, ya que viene muy golpeado\". Sergio Bordoni - Noticias Radio Reflejos","isPartOf":{"@id":"https:\/\/www.noticiasradioreflejos.com.ar\/2021\/#website"},"primaryImageOfPage":{"@id":"https:\/\/www.noticiasradioreflejos.com.ar\/2021\/decidimos-reactivar-el-turismo-para-darle-una-mano-ya-que-viene-muy-golpeado-sergio-bordoni\/#primaryimage"},"image":{"@id":"https:\/\/www.noticiasradioreflejos.com.ar\/2021\/decidimos-reactivar-el-turismo-para-darle-una-mano-ya-que-viene-muy-golpeado-sergio-bordoni\/#primaryimage"},"thumbnailUrl":"https:\/\/www.noticiasradioreflejos.com.ar\/2021\/wp-content\/uploads\/2019\/09\/Mi-ruta-Lucrecia-Diel-scaled.jpg","datePublished":"2020-07-15T21:27:16+00:00","author":{"@id":"https:\/\/www.noticiasradioreflejos.com.ar\/2021\/#\/schema\/person\/ad82545263dcc5ec0996818884fd5fb1"},"breadcrumb":{"@id":"https:\/\/www.noticiasradioreflejos.com.ar\/2021\/decidimos-reactivar-el-turismo-para-darle-una-mano-ya-que-viene-muy-golpeado-sergio-bordoni\/#breadcrumb"},"inLanguage":"es","potentialAction":[{"@type":"ReadAction","target":["https:\/\/www.noticiasradioreflejos.com.ar\/2021\/decidimos-reactivar-el-turismo-para-darle-una-mano-ya-que-viene-muy-golpeado-sergio-bordoni\/"]}]},{"@type":"ImageObject","inLanguage":"es","@id":"https:\/\/www.noticiasradioreflejos.com.ar\/2021\/decidimos-reactivar-el-turismo-para-darle-una-mano-ya-que-viene-muy-golpeado-sergio-bordoni\/#primaryimage","url":"https:\/\/www.noticiasradioreflejos.com.ar\/2021\/wp-content\/uploads\/2019\/09\/Mi-ruta-Lucrecia-Diel-scaled.jpg","contentUrl":"https:\/\/www.noticiasradioreflejos.com.ar\/2021\/wp-content\/uploads\/2019\/09\/Mi-ruta-Lucrecia-Diel-scaled.jpg","width":2560,"height":1706},{"@type":"BreadcrumbList","@id":"https:\/\/www.noticiasradioreflejos.com.ar\/2021\/decidimos-reactivar-el-turismo-para-darle-una-mano-ya-que-viene-muy-golpeado-sergio-bordoni\/#breadcrumb","itemListElement":[{"@type":"ListItem","position":1,"name":"Portada","item":"https:\/\/www.noticiasradioreflejos.com.ar\/2021\/"},{"@type":"ListItem","position":2,"name":"\u00abDecidimos reactivar el turismo para darle una mano, ya que viene muy golpeado\u00bb. Sergio Bordoni"}]},{"@type":"WebSite","@id":"https:\/\/www.noticiasradioreflejos.com.ar\/2021\/#website","url":"https:\/\/www.noticiasradioreflejos.com.ar\/2021\/","name":"Noticias Radio Reflejos","description":"Las noticias de mi comarca","potentialAction":[{"@type":"SearchAction","target":{"@type":"EntryPoint","urlTemplate":"https:\/\/www.noticiasradioreflejos.com.ar\/2021\/?s={search_term_string}"},"query-input":{"@type":"PropertyValueSpecification","valueRequired":true,"valueName":"search_term_string"}}],"inLanguage":"es"},{"@type":"Person","@id":"https:\/\/www.noticiasradioreflejos.com.ar\/2021\/#\/schema\/person\/ad82545263dcc5ec0996818884fd5fb1","name":"Arnaldo Botto","image":{"@type":"ImageObject","inLanguage":"es","@id":"https:\/\/www.noticiasradioreflejos.com.ar\/2021\/#\/schema\/person\/image\/","url":"https:\/\/secure.gravatar.com\/avatar\/55cb5e37c1efa326397366e6974cb338056df65cb50e7d64d1cf314e87504837?s=96&d=mm&r=g","contentUrl":"https:\/\/secure.gravatar.com\/avatar\/55cb5e37c1efa326397366e6974cb338056df65cb50e7d64d1cf314e87504837?s=96&d=mm&r=g","caption":"Arnaldo Botto"},"url":"https:\/\/www.noticiasradioreflejos.com.ar\/2021\/author\/arnaldo\/"}]}},"_links":{"self":[{"href":"https:\/\/www.noticiasradioreflejos.com.ar\/2021\/wp-json\/wp\/v2\/posts\/44440","targetHints":{"allow":["GET"]}}],"collection":[{"href":"https:\/\/www.noticiasradioreflejos.com.ar\/2021\/wp-json\/wp\/v2\/posts"}],"about":[{"href":"https:\/\/www.noticiasradioreflejos.com.ar\/2021\/wp-json\/wp\/v2\/types\/post"}],"author":[{"embeddable":true,"href":"https:\/\/www.noticiasradioreflejos.com.ar\/2021\/wp-json\/wp\/v2\/users\/3"}],"replies":[{"embeddable":true,"href":"https:\/\/www.noticiasradioreflejos.com.ar\/2021\/wp-json\/wp\/v2\/comments?post=44440"}],"version-history":[{"count":0,"href":"https:\/\/www.noticiasradioreflejos.com.ar\/2021\/wp-json\/wp\/v2\/posts\/44440\/revisions"}],"wp:featuredmedia":[{"embeddable":true,"href":"https:\/\/www.noticiasradioreflejos.com.ar\/2021\/wp-json\/wp\/v2\/media\/34404"}],"wp:attachment":[{"href":"https:\/\/www.noticiasradioreflejos.com.ar\/2021\/wp-json\/wp\/v2\/media?parent=44440"}],"wp:term":[{"taxonomy":"category","embeddable":true,"href":"https:\/\/www.noticiasradioreflejos.com.ar\/2021\/wp-json\/wp\/v2\/categories?post=44440"},{"taxonomy":"post_tag","embeddable":true,"href":"https:\/\/www.noticiasradioreflejos.com.ar\/2021\/wp-json\/wp\/v2\/tags?post=44440"}],"curies":[{"name":"wp","href":"https:\/\/api.w.org\/{rel}","templated":true}]}}