{"id":44436,"date":"2020-07-15T12:30:08","date_gmt":"2020-07-15T15:30:08","guid":{"rendered":"http:\/\/www.noticiasradioreflejos.com.ar\/noticias\/?p=44436"},"modified":"2020-07-15T12:30:08","modified_gmt":"2020-07-15T15:30:08","slug":"calendario-turistico-virtual-en-la-provincia-de-buenos-aires","status":"publish","type":"post","link":"https:\/\/www.noticiasradioreflejos.com.ar\/2021\/calendario-turistico-virtual-en-la-provincia-de-buenos-aires\/","title":{"rendered":"Calendario Tur\u00edstico Virtual en la Provincia de Buenos Aires."},"content":{"rendered":"<p>El pr\u00f3ximo fin de semana la provincia de Buenos Aires ofrecer\u00e1 diversas actividades organizadas por los municipios en plataformas digitales. Marcos Paz invitar\u00e1 a los usuarios a descubrir la cocina pace\u00f1a a trav\u00e9s de las recetas locales. Carmen de Areco, por su parte, realizar\u00e1 la fiesta patronal en honor a Nuestra Se\u00f1ora del Carmen, mientras que Berisso continuar\u00e1 con la celebraci\u00f3n de la Fiesta del Vino de la Costa. Adem\u00e1s Chascom\u00fas, Azul, Tornquist y Lobos propondr\u00e1n visitas guiadas virtuales por sitios y lugares tradicionales.<br \/>\n<!--more--><\/p>\n<p>EVENTOS GASTRON\u00d3MICOS<\/p>\n<p>MARCOS PAZ<br \/>\nMarcos Paz Cocina<br \/>\nFecha y horario: Jueves 16 de julio a las 13:00.<br \/>\nDescripci\u00f3n: La edici\u00f3n virtual de \u201cMarcos Paz Cocina\u201d invita a las vecinas y vecinos a preparar recetas con materias primas de producci\u00f3n local para fomentar su consumo.<br \/>\nOrganiza: Municipalidad de Marcos Paz a trav\u00e9s de la Subsecretar\u00eda de Turismo y Recreaci\u00f3n.<br \/>\nAcceso: Gratuito. Para participar del programa se deber\u00e1 enviar un mail a<br \/>\nfiestaspopulares@marcospaz.gov.ar<br \/>\nPlataforma: Transmisi\u00f3n v\u00eda TV P\u00fablica local y el canal de RSO de Marcos Paz. Tambi\u00e9n a trav\u00e9s del Facebook oficial https:\/\/www.facebook.com\/municipiomarcospaz<\/p>\n<p>FIESTAS POPULARES<br \/>\nCARMEN DE ARECO<br \/>\nFiestas patronales en honor a la Virgen del Carmen<\/p>\n<p>Fecha y horario: Jueves 16 de julio desde las 00:00 y durante todo el d\u00eda.<br \/>\nDescripci\u00f3n: La celebraci\u00f3n de la fiesta patronal de Carmen de Areco, en honor a Nuestra Se\u00f1ora del Carmen, madre de la ciudad, propone participar de diversos actos religiosos que se llevar\u00e1n a cabo de manera remota. Seg\u00fan cuenta la tradici\u00f3n oral, la virgen defendi\u00f3 el fuerte ante el avance de los indios. Se puede consultar la programaci\u00f3n completa en: https:\/\/www.facebook.com\/parroquiacarmendeareco.<\/p>\n<p>Organiza: Parroquia Nuestra Sra. del Carmen y la Municipalidad de Carmen de Areco.<br \/>\nAcceso: Gratuito, sin inscripci\u00f3n previa.<\/p>\n<p>Plataforma: Transmisi\u00f3n en vivo v\u00eda Instagram y Facebook de Turismo @carmendearecoturismo y Facebook de la parroquia https:\/\/www.facebook.com\/parroquiacarmendeareco<\/p>\n<p>BERISSO<br \/>\n17\u00ba Fiesta del Vino de la Costa<br \/>\nFecha y horario: Hasta el domingo 19 de julio. Consultar grilla de horarios.<br \/>\nDescripci\u00f3n: El evento cuenta con una gran variedad de actividades, que van desde un taller de elaboraci\u00f3n de vino a conversatorios y proyecci\u00f3n de documentales. Adem\u00e1s, los visitantes podr\u00e1n acceder a un mapa interactivo que les permitir\u00e1 conocer la variedad de productos que se pueden adquirir de manera online.<br \/>\nOrganiza: La Municipalidad de Berisso, a trav\u00e9s de la Secretar\u00eda de Producci\u00f3n, la cooperativa del Vino de la Costa y la Universidad Nacional de La Plata a trav\u00e9s de las Facultades de Ciencias Exactas, Ciencias Agrarias y Forestales y Trabajo Social.<br \/>\nAcceso: Gratuito, sin inscripci\u00f3n previa.<br \/>\nPlataforma: Sitio oficial del municipio www.berisso.gob.ar\/fiestadelvino.<\/p>\n<p>VISITAS GUIADAS VIRTUALES<br \/>\nTORNQUIST<br \/>\nExcursi\u00f3n virtual al Club Hotel de la Ventana<br \/>\nFecha y hora: Viernes 17 de julio a las 19:00.<br \/>\nDescripci\u00f3n: La visita guiada virtual nos llevar\u00e1 a recorrer la historia del Club Hotel de la Ventana, inaugurado el 11 de noviembre de 1911. Fue el primer Hotel Casino de Sudam\u00e9rica con servicios de cancha de tenis, golf, capilla y un tren de trocha angosta. Su esplendor dur\u00f3 s\u00f3lo tres a\u00f1os, pero su riqueza hist\u00f3rica lo ha convertido en uno de los sitios m\u00e1s visitados por los turistas. El recorrido online se repetir\u00e1 los d\u00edas 24 y 31 de julio.<br \/>\nOrganiza: Tierra Ventana con el apoyo de la Secretar\u00eda de Turismo de la Municipalidad de Tornquist.<br \/>\nAcceso: Evento arancelado con un costo de $250. Inscripci\u00f3n en Tierra Ventana Whatsapp<br \/>\n291-509-4696<br \/>\nPlataformas: Se transmitir\u00e1 v\u00eda zoom.<\/p>\n<p>LOBOS<br \/>\nConoc\u00e9 Lobos desde casa (cap\u00edtulo 3)<br \/>\nFecha y hora: S\u00e1bado 18 de julio a las 16:00.<br \/>\nDescripci\u00f3n: El nuevo cap\u00edtulo de visitas que propone la Municipalidad de Lobos, alienta a pasear de manera virtual por la localidad y, en esta ocasi\u00f3n, plantea un recorrido por el Paseo Tur\u00edstico Av. Alem surgido luego de la llegada del tren e invita a conocer las miles de historias que pasaron por una de las arterias m\u00e1s importantes de la ciudad. Los cap\u00edtulos anteriores se encuentran en: https:\/\/www.youtube.com\/channel\/UCH2_X0lst59qnbw8LyRxnsg<br \/>\nOrganiza: La Direcci\u00f3n de Turismo de Lobos.<br \/>\nAcceso: Gratuito, sin inscripci\u00f3n previa.<br \/>\nPlataformas: Transmisi\u00f3n a trav\u00e9s de Facebook https:\/\/www.facebook.com\/lobos.turismo<\/p>\n<p>AZUL<br \/>\nRecorriendo Azul: Visita virtual al parque municipal Domingo Faustino Sarmiento.<br \/>\nFecha y horario: Domingo 19 de julio a las 17:00.<br \/>\nDescripci\u00f3n: La propuesta virtual es un recorrido por el parque municipal fundado el 12 de octubre de 1918 y dise\u00f1ado por el azule\u00f1o \u00c1ngel Sala. Este escenario, en donde el agua y la naturaleza se convierten en los principales elementos paisaj\u00edsticos, est\u00e1 ubicado a orillas del arroyo Azul y es el pulm\u00f3n verde m\u00e1s importante de la ciudad. Uno de sus principales atractivos es su portada, obra del reconocido arquitecto Francisco Salamone.<br \/>\nOrganiza: La Municipalidad de Azul.<br \/>\nAcceso: Gratuito, con inscripci\u00f3n previa. Los interesados deber\u00e1n solicitar su pase al correo electr\u00f3nico azulesturismo@gmail.com.<br \/>\nPlataforma: Se trasmitir\u00e1 en vivo a trav\u00e9s de redes sociales y del canal de YouTube del \u00e1rea de Turismo.<\/p>\n<p>CHASCOM\u00daS<br \/>\nVisita guiada virtual por la V\u00eda L\u00e1ctea<br \/>\nFecha y horario: Viernes 17 de julio a las 18:00.<br \/>\nDescripci\u00f3n: El encuentro virtual propone hacer un recorrido a trav\u00e9s de la galaxia para observar los cuerpos celestes que componen nuestro cielo. El invierno se presenta como el mejor momento para mirar la V\u00eda L\u00e1ctea y conocer e informarse sobre el universo.<br \/>\nOrganiza: Secretar\u00eda de Turismo de la municipalidad Chascom\u00fas.<br \/>\nAcceso: Gratuito, sin inscripci\u00f3n previa.<br \/>\nPlataforma: Transmisi\u00f3n en vivo por Facebook Live https:\/\/www.facebook.com\/chascomustur\/<\/p>\n<p>Entre Rieles<br \/>\nFecha y horario: Martes 21 de julio a las 18:00.<br \/>\nDescripci\u00f3n: El recorrido virtual nos contar\u00e1 la historia sobre la llegada del ferrocarril a Chascom\u00fas, por qu\u00e9 se convirti\u00f3 en Punta de Rieles durante casi 10 a\u00f1os, y c\u00f3mo fue el desarrollo y el progreso de un pueblo pampeano alrededor del ferrocarril del sud.<br \/>\nOrganiza: Secretar\u00eda de Turismo de la Municipalidad Chascom\u00fas.<br \/>\nAcceso: Gratuito, sin inscripci\u00f3n previa.<br \/>\nPlataforma: Transmisi\u00f3n en vivo por Facebook Live https:\/\/www.facebook.com\/chascomustur\/<br \/>\nPod\u00e9s encontrar el calendario completo de eventos y actividades en nuestra p\u00e1gina web: https:\/\/buenosaires.tur.ar\/Fiestas y Eventos<\/p>\n","protected":false},"excerpt":{"rendered":"<p>El pr\u00f3ximo fin de semana la provincia de Buenos Aires ofrecer\u00e1 diversas actividades organizadas por los municipios en plataformas digitales. Marcos Paz invitar\u00e1 a los usuarios a descubrir la cocina pace\u00f1a a trav\u00e9s de las recetas locales. Carmen de Areco, por su parte, realizar\u00e1 la fiesta patronal en honor a Nuestra Se\u00f1ora del Carmen, mientras [&hellip;]<\/p>\n","protected":false},"author":3,"featured_media":4811,"comment_status":"closed","ping_status":"open","sticky":false,"template":"","format":"standard","meta":{"footnotes":""},"categories":[33],"tags":[],"class_list":["post-44436","post","type-post","status-publish","format-standard","has-post-thumbnail","hentry","category-turismo"],"yoast_head":"<!-- This site is optimized with the Yoast SEO plugin v25.9 - https:\/\/yoast.com\/wordpress\/plugins\/seo\/ -->\n<title>Calendario Tur\u00edstico Virtual en la Provincia de Buenos Aires. - Noticias Radio Reflejos<\/title>\n<meta name=\"robots\" content=\"index, follow, max-snippet:-1, max-image-preview:large, max-video-preview:-1\" \/>\n<link rel=\"canonical\" href=\"https:\/\/www.noticiasradioreflejos.com.ar\/2021\/calendario-turistico-virtual-en-la-provincia-de-buenos-aires\/\" \/>\n<meta property=\"og:locale\" content=\"es_ES\" \/>\n<meta property=\"og:type\" content=\"article\" \/>\n<meta property=\"og:title\" content=\"Calendario Tur\u00edstico Virtual en la Provincia de Buenos Aires. - Noticias Radio Reflejos\" \/>\n<meta property=\"og:description\" content=\"El pr\u00f3ximo fin de semana la provincia de Buenos Aires ofrecer\u00e1 diversas actividades organizadas por los municipios en plataformas digitales. Marcos Paz invitar\u00e1 a los usuarios a descubrir la cocina pace\u00f1a a trav\u00e9s de las recetas locales. Carmen de Areco, por su parte, realizar\u00e1 la fiesta patronal en honor a Nuestra Se\u00f1ora del Carmen, mientras [&hellip;]\" \/>\n<meta property=\"og:url\" content=\"https:\/\/www.noticiasradioreflejos.com.ar\/2021\/calendario-turistico-virtual-en-la-provincia-de-buenos-aires\/\" \/>\n<meta property=\"og:site_name\" content=\"Noticias Radio Reflejos\" \/>\n<meta property=\"article:published_time\" content=\"2020-07-15T15:30:08+00:00\" \/>\n<meta property=\"og:image\" content=\"https:\/\/www.noticiasradioreflejos.com.ar\/2021\/wp-content\/uploads\/2016\/12\/hotel-sierra.jpg\" \/>\n\t<meta property=\"og:image:width\" content=\"855\" \/>\n\t<meta property=\"og:image:height\" content=\"514\" \/>\n\t<meta property=\"og:image:type\" content=\"image\/jpeg\" \/>\n<meta name=\"author\" content=\"Arnaldo Botto\" \/>\n<meta name=\"twitter:card\" content=\"summary_large_image\" \/>\n<script type=\"application\/ld+json\" class=\"yoast-schema-graph\">{\"@context\":\"https:\/\/schema.org\",\"@graph\":[{\"@type\":\"WebPage\",\"@id\":\"https:\/\/www.noticiasradioreflejos.com.ar\/2021\/calendario-turistico-virtual-en-la-provincia-de-buenos-aires\/\",\"url\":\"https:\/\/www.noticiasradioreflejos.com.ar\/2021\/calendario-turistico-virtual-en-la-provincia-de-buenos-aires\/\",\"name\":\"Calendario Tur\u00edstico Virtual en la Provincia de Buenos Aires. - Noticias Radio Reflejos\",\"isPartOf\":{\"@id\":\"https:\/\/www.noticiasradioreflejos.com.ar\/2021\/#website\"},\"primaryImageOfPage\":{\"@id\":\"https:\/\/www.noticiasradioreflejos.com.ar\/2021\/calendario-turistico-virtual-en-la-provincia-de-buenos-aires\/#primaryimage\"},\"image\":{\"@id\":\"https:\/\/www.noticiasradioreflejos.com.ar\/2021\/calendario-turistico-virtual-en-la-provincia-de-buenos-aires\/#primaryimage\"},\"thumbnailUrl\":\"https:\/\/www.noticiasradioreflejos.com.ar\/2021\/wp-content\/uploads\/2016\/12\/hotel-sierra.jpg\",\"datePublished\":\"2020-07-15T15:30:08+00:00\",\"author\":{\"@id\":\"https:\/\/www.noticiasradioreflejos.com.ar\/2021\/#\/schema\/person\/ad82545263dcc5ec0996818884fd5fb1\"},\"breadcrumb\":{\"@id\":\"https:\/\/www.noticiasradioreflejos.com.ar\/2021\/calendario-turistico-virtual-en-la-provincia-de-buenos-aires\/#breadcrumb\"},\"inLanguage\":\"es\",\"potentialAction\":[{\"@type\":\"ReadAction\",\"target\":[\"https:\/\/www.noticiasradioreflejos.com.ar\/2021\/calendario-turistico-virtual-en-la-provincia-de-buenos-aires\/\"]}]},{\"@type\":\"ImageObject\",\"inLanguage\":\"es\",\"@id\":\"https:\/\/www.noticiasradioreflejos.com.ar\/2021\/calendario-turistico-virtual-en-la-provincia-de-buenos-aires\/#primaryimage\",\"url\":\"https:\/\/www.noticiasradioreflejos.com.ar\/2021\/wp-content\/uploads\/2016\/12\/hotel-sierra.jpg\",\"contentUrl\":\"https:\/\/www.noticiasradioreflejos.com.ar\/2021\/wp-content\/uploads\/2016\/12\/hotel-sierra.jpg\",\"width\":855,\"height\":514},{\"@type\":\"BreadcrumbList\",\"@id\":\"https:\/\/www.noticiasradioreflejos.com.ar\/2021\/calendario-turistico-virtual-en-la-provincia-de-buenos-aires\/#breadcrumb\",\"itemListElement\":[{\"@type\":\"ListItem\",\"position\":1,\"name\":\"Portada\",\"item\":\"https:\/\/www.noticiasradioreflejos.com.ar\/2021\/\"},{\"@type\":\"ListItem\",\"position\":2,\"name\":\"Calendario Tur\u00edstico Virtual en la Provincia de Buenos Aires.\"}]},{\"@type\":\"WebSite\",\"@id\":\"https:\/\/www.noticiasradioreflejos.com.ar\/2021\/#website\",\"url\":\"https:\/\/www.noticiasradioreflejos.com.ar\/2021\/\",\"name\":\"Noticias Radio Reflejos\",\"description\":\"Las noticias de mi comarca\",\"potentialAction\":[{\"@type\":\"SearchAction\",\"target\":{\"@type\":\"EntryPoint\",\"urlTemplate\":\"https:\/\/www.noticiasradioreflejos.com.ar\/2021\/?s={search_term_string}\"},\"query-input\":{\"@type\":\"PropertyValueSpecification\",\"valueRequired\":true,\"valueName\":\"search_term_string\"}}],\"inLanguage\":\"es\"},{\"@type\":\"Person\",\"@id\":\"https:\/\/www.noticiasradioreflejos.com.ar\/2021\/#\/schema\/person\/ad82545263dcc5ec0996818884fd5fb1\",\"name\":\"Arnaldo Botto\",\"image\":{\"@type\":\"ImageObject\",\"inLanguage\":\"es\",\"@id\":\"https:\/\/www.noticiasradioreflejos.com.ar\/2021\/#\/schema\/person\/image\/\",\"url\":\"https:\/\/secure.gravatar.com\/avatar\/55cb5e37c1efa326397366e6974cb338056df65cb50e7d64d1cf314e87504837?s=96&d=mm&r=g\",\"contentUrl\":\"https:\/\/secure.gravatar.com\/avatar\/55cb5e37c1efa326397366e6974cb338056df65cb50e7d64d1cf314e87504837?s=96&d=mm&r=g\",\"caption\":\"Arnaldo Botto\"},\"url\":\"https:\/\/www.noticiasradioreflejos.com.ar\/2021\/author\/arnaldo\/\"}]}<\/script>\n<!-- \/ Yoast SEO plugin. -->","yoast_head_json":{"title":"Calendario Tur\u00edstico Virtual en la Provincia de Buenos Aires. - Noticias Radio Reflejos","robots":{"index":"index","follow":"follow","max-snippet":"max-snippet:-1","max-image-preview":"max-image-preview:large","max-video-preview":"max-video-preview:-1"},"canonical":"https:\/\/www.noticiasradioreflejos.com.ar\/2021\/calendario-turistico-virtual-en-la-provincia-de-buenos-aires\/","og_locale":"es_ES","og_type":"article","og_title":"Calendario Tur\u00edstico Virtual en la Provincia de Buenos Aires. - Noticias Radio Reflejos","og_description":"El pr\u00f3ximo fin de semana la provincia de Buenos Aires ofrecer\u00e1 diversas actividades organizadas por los municipios en plataformas digitales. Marcos Paz invitar\u00e1 a los usuarios a descubrir la cocina pace\u00f1a a trav\u00e9s de las recetas locales. Carmen de Areco, por su parte, realizar\u00e1 la fiesta patronal en honor a Nuestra Se\u00f1ora del Carmen, mientras [&hellip;]","og_url":"https:\/\/www.noticiasradioreflejos.com.ar\/2021\/calendario-turistico-virtual-en-la-provincia-de-buenos-aires\/","og_site_name":"Noticias Radio Reflejos","article_published_time":"2020-07-15T15:30:08+00:00","og_image":[{"width":855,"height":514,"url":"https:\/\/www.noticiasradioreflejos.com.ar\/2021\/wp-content\/uploads\/2016\/12\/hotel-sierra.jpg","type":"image\/jpeg"}],"author":"Arnaldo Botto","twitter_card":"summary_large_image","schema":{"@context":"https:\/\/schema.org","@graph":[{"@type":"WebPage","@id":"https:\/\/www.noticiasradioreflejos.com.ar\/2021\/calendario-turistico-virtual-en-la-provincia-de-buenos-aires\/","url":"https:\/\/www.noticiasradioreflejos.com.ar\/2021\/calendario-turistico-virtual-en-la-provincia-de-buenos-aires\/","name":"Calendario Tur\u00edstico Virtual en la Provincia de Buenos Aires. - Noticias Radio Reflejos","isPartOf":{"@id":"https:\/\/www.noticiasradioreflejos.com.ar\/2021\/#website"},"primaryImageOfPage":{"@id":"https:\/\/www.noticiasradioreflejos.com.ar\/2021\/calendario-turistico-virtual-en-la-provincia-de-buenos-aires\/#primaryimage"},"image":{"@id":"https:\/\/www.noticiasradioreflejos.com.ar\/2021\/calendario-turistico-virtual-en-la-provincia-de-buenos-aires\/#primaryimage"},"thumbnailUrl":"https:\/\/www.noticiasradioreflejos.com.ar\/2021\/wp-content\/uploads\/2016\/12\/hotel-sierra.jpg","datePublished":"2020-07-15T15:30:08+00:00","author":{"@id":"https:\/\/www.noticiasradioreflejos.com.ar\/2021\/#\/schema\/person\/ad82545263dcc5ec0996818884fd5fb1"},"breadcrumb":{"@id":"https:\/\/www.noticiasradioreflejos.com.ar\/2021\/calendario-turistico-virtual-en-la-provincia-de-buenos-aires\/#breadcrumb"},"inLanguage":"es","potentialAction":[{"@type":"ReadAction","target":["https:\/\/www.noticiasradioreflejos.com.ar\/2021\/calendario-turistico-virtual-en-la-provincia-de-buenos-aires\/"]}]},{"@type":"ImageObject","inLanguage":"es","@id":"https:\/\/www.noticiasradioreflejos.com.ar\/2021\/calendario-turistico-virtual-en-la-provincia-de-buenos-aires\/#primaryimage","url":"https:\/\/www.noticiasradioreflejos.com.ar\/2021\/wp-content\/uploads\/2016\/12\/hotel-sierra.jpg","contentUrl":"https:\/\/www.noticiasradioreflejos.com.ar\/2021\/wp-content\/uploads\/2016\/12\/hotel-sierra.jpg","width":855,"height":514},{"@type":"BreadcrumbList","@id":"https:\/\/www.noticiasradioreflejos.com.ar\/2021\/calendario-turistico-virtual-en-la-provincia-de-buenos-aires\/#breadcrumb","itemListElement":[{"@type":"ListItem","position":1,"name":"Portada","item":"https:\/\/www.noticiasradioreflejos.com.ar\/2021\/"},{"@type":"ListItem","position":2,"name":"Calendario Tur\u00edstico Virtual en la Provincia de Buenos Aires."}]},{"@type":"WebSite","@id":"https:\/\/www.noticiasradioreflejos.com.ar\/2021\/#website","url":"https:\/\/www.noticiasradioreflejos.com.ar\/2021\/","name":"Noticias Radio Reflejos","description":"Las noticias de mi comarca","potentialAction":[{"@type":"SearchAction","target":{"@type":"EntryPoint","urlTemplate":"https:\/\/www.noticiasradioreflejos.com.ar\/2021\/?s={search_term_string}"},"query-input":{"@type":"PropertyValueSpecification","valueRequired":true,"valueName":"search_term_string"}}],"inLanguage":"es"},{"@type":"Person","@id":"https:\/\/www.noticiasradioreflejos.com.ar\/2021\/#\/schema\/person\/ad82545263dcc5ec0996818884fd5fb1","name":"Arnaldo Botto","image":{"@type":"ImageObject","inLanguage":"es","@id":"https:\/\/www.noticiasradioreflejos.com.ar\/2021\/#\/schema\/person\/image\/","url":"https:\/\/secure.gravatar.com\/avatar\/55cb5e37c1efa326397366e6974cb338056df65cb50e7d64d1cf314e87504837?s=96&d=mm&r=g","contentUrl":"https:\/\/secure.gravatar.com\/avatar\/55cb5e37c1efa326397366e6974cb338056df65cb50e7d64d1cf314e87504837?s=96&d=mm&r=g","caption":"Arnaldo Botto"},"url":"https:\/\/www.noticiasradioreflejos.com.ar\/2021\/author\/arnaldo\/"}]}},"_links":{"self":[{"href":"https:\/\/www.noticiasradioreflejos.com.ar\/2021\/wp-json\/wp\/v2\/posts\/44436","targetHints":{"allow":["GET"]}}],"collection":[{"href":"https:\/\/www.noticiasradioreflejos.com.ar\/2021\/wp-json\/wp\/v2\/posts"}],"about":[{"href":"https:\/\/www.noticiasradioreflejos.com.ar\/2021\/wp-json\/wp\/v2\/types\/post"}],"author":[{"embeddable":true,"href":"https:\/\/www.noticiasradioreflejos.com.ar\/2021\/wp-json\/wp\/v2\/users\/3"}],"replies":[{"embeddable":true,"href":"https:\/\/www.noticiasradioreflejos.com.ar\/2021\/wp-json\/wp\/v2\/comments?post=44436"}],"version-history":[{"count":0,"href":"https:\/\/www.noticiasradioreflejos.com.ar\/2021\/wp-json\/wp\/v2\/posts\/44436\/revisions"}],"wp:featuredmedia":[{"embeddable":true,"href":"https:\/\/www.noticiasradioreflejos.com.ar\/2021\/wp-json\/wp\/v2\/media\/4811"}],"wp:attachment":[{"href":"https:\/\/www.noticiasradioreflejos.com.ar\/2021\/wp-json\/wp\/v2\/media?parent=44436"}],"wp:term":[{"taxonomy":"category","embeddable":true,"href":"https:\/\/www.noticiasradioreflejos.com.ar\/2021\/wp-json\/wp\/v2\/categories?post=44436"},{"taxonomy":"post_tag","embeddable":true,"href":"https:\/\/www.noticiasradioreflejos.com.ar\/2021\/wp-json\/wp\/v2\/tags?post=44436"}],"curies":[{"name":"wp","href":"https:\/\/api.w.org\/{rel}","templated":true}]}}