{"id":44430,"date":"2020-07-15T10:13:37","date_gmt":"2020-07-15T13:13:37","guid":{"rendered":"http:\/\/www.noticiasradioreflejos.com.ar\/noticias\/?p=44430"},"modified":"2020-07-15T10:13:37","modified_gmt":"2020-07-15T13:13:37","slug":"por-segundo-dia-consecutivo-las-fuerzas-federales-buscan-a-facundo-astudillo-castro","status":"publish","type":"post","link":"https:\/\/www.noticiasradioreflejos.com.ar\/2021\/por-segundo-dia-consecutivo-las-fuerzas-federales-buscan-a-facundo-astudillo-castro\/","title":{"rendered":"Por segundo d\u00eda consecutivo las fuerzas federales buscan a Facundo Astudillo Castro."},"content":{"rendered":"<p>Las fuerzas federales de seguridad realizan hoy, por segundo d\u00eda consecutivo, rastrillajes en el distrito de Villarino, en el sur bonaerense, en busca de Facundo Astudillo Castro, el joven de 22 a\u00f1os que fue visto por \u00faltima vez el 30 de abril pasado cuando sali\u00f3 de la localidad de Pedro Luro, informaron hoy fuentes policiales.<!--more--><br \/>\nLos operativos son llevados a cabo por efectivos de la Polic\u00eda Federal Argentina (PFA) de las delegaciones de Bah\u00eda Blanca, Mar del Plata, Azul y Dolores, adem\u00e1s de personal de la Superintendencia Federal de Bomberos, de la Divisi\u00f3n Canes y de Tecnolog\u00edas de Informaci\u00f3n y Comunicaciones, entre otras reparticiones de la fuerza.<\/p>\n<p>Tambi\u00e9n participan efectivos de la Prefectura Naval Argentina y Gendarmer\u00eda Nacional.<\/p>\n<p>Fuentes policiales informaron que tras las b\u00fasqueda de ayer, esta ma\u00f1ana se reanudaron las tareas, que abarcar\u00e1n sectores de las zonas comprendidas por Pedro Luro, Mayor Buratovich y aleda\u00f1as.<\/p>\n<p>Ayer los rastrillajes se llevaron a cabo desde el puesto fitozanitario ubicado sobre la ruta 3 hacia el sector de la ruta 22, como as\u00ed tambi\u00e9n en Teniente Origone, agregaron los voceros<\/p>\n<p>El joven fue visto por \u00faltima vez el 30 de abril pasado, tras salir de su casa en la localidad de Pedro Luro hacia la ciudad de Bah\u00eda Blanca para ir a visitar a su novia.<\/p>\n<p>Mientras caminaba por una ruta, fue detenido por polic\u00edas de la subcomisar\u00eda de Mayor Buratovich porque estaba violando el aislamiento social, preventivo y obligatorio dispuesto por el coronavirus, a pesar de lo cual -seg\u00fan dijeron- lo dejaron seguir su camino.<\/p>\n<p>Inicialmente se inici\u00f3 una causa por averiguaci\u00f3n de paradero ante la Justicia ordinaria hasta que familiares y organizaciones de derechos humanos insistieron en la posible vinculaci\u00f3n policial en el hecho, que pas\u00f3 a ser investigado por la Justicia federal bajo la car\u00e1tula de desaparici\u00f3n forzada.<\/p>\n","protected":false},"excerpt":{"rendered":"<p>Las fuerzas federales de seguridad realizan hoy, por segundo d\u00eda consecutivo, rastrillajes en el distrito de Villarino, en el sur bonaerense, en busca de Facundo Astudillo Castro, el joven de 22 a\u00f1os que fue visto por \u00faltima vez el 30 de abril pasado cuando sali\u00f3 de la localidad de Pedro Luro, informaron hoy fuentes policiales.<\/p>\n","protected":false},"author":3,"featured_media":0,"comment_status":"closed","ping_status":"open","sticky":false,"template":"","format":"standard","meta":{"footnotes":""},"categories":[29],"tags":[],"class_list":["post-44430","post","type-post","status-publish","format-standard","hentry","category-policiales"],"yoast_head":"<!-- This site is optimized with the Yoast SEO plugin v25.9 - https:\/\/yoast.com\/wordpress\/plugins\/seo\/ -->\n<title>Por segundo d\u00eda consecutivo las fuerzas federales buscan a Facundo Astudillo Castro. - Noticias Radio Reflejos<\/title>\n<meta name=\"robots\" content=\"index, follow, max-snippet:-1, max-image-preview:large, max-video-preview:-1\" \/>\n<link rel=\"canonical\" href=\"https:\/\/www.noticiasradioreflejos.com.ar\/2021\/por-segundo-dia-consecutivo-las-fuerzas-federales-buscan-a-facundo-astudillo-castro\/\" \/>\n<meta property=\"og:locale\" content=\"es_ES\" \/>\n<meta property=\"og:type\" content=\"article\" \/>\n<meta property=\"og:title\" content=\"Por segundo d\u00eda consecutivo las fuerzas federales buscan a Facundo Astudillo Castro. - Noticias Radio Reflejos\" \/>\n<meta property=\"og:description\" content=\"Las fuerzas federales de seguridad realizan hoy, por segundo d\u00eda consecutivo, rastrillajes en el distrito de Villarino, en el sur bonaerense, en busca de Facundo Astudillo Castro, el joven de 22 a\u00f1os que fue visto por \u00faltima vez el 30 de abril pasado cuando sali\u00f3 de la localidad de Pedro Luro, informaron hoy fuentes policiales.\" \/>\n<meta property=\"og:url\" content=\"https:\/\/www.noticiasradioreflejos.com.ar\/2021\/por-segundo-dia-consecutivo-las-fuerzas-federales-buscan-a-facundo-astudillo-castro\/\" \/>\n<meta property=\"og:site_name\" content=\"Noticias Radio Reflejos\" \/>\n<meta property=\"article:published_time\" content=\"2020-07-15T13:13:37+00:00\" \/>\n<meta property=\"og:image\" content=\"https:\/\/www.noticiasradioreflejos.com.ar\/2021\/wp-content\/uploads\/2021\/07\/logosol300x200.png\" \/>\n\t<meta property=\"og:image:width\" content=\"300\" \/>\n\t<meta property=\"og:image:height\" content=\"200\" \/>\n\t<meta property=\"og:image:type\" content=\"image\/png\" \/>\n<meta name=\"author\" content=\"Arnaldo Botto\" \/>\n<meta name=\"twitter:card\" content=\"summary_large_image\" \/>\n<script type=\"application\/ld+json\" class=\"yoast-schema-graph\">{\"@context\":\"https:\/\/schema.org\",\"@graph\":[{\"@type\":\"WebPage\",\"@id\":\"https:\/\/www.noticiasradioreflejos.com.ar\/2021\/por-segundo-dia-consecutivo-las-fuerzas-federales-buscan-a-facundo-astudillo-castro\/\",\"url\":\"https:\/\/www.noticiasradioreflejos.com.ar\/2021\/por-segundo-dia-consecutivo-las-fuerzas-federales-buscan-a-facundo-astudillo-castro\/\",\"name\":\"Por segundo d\u00eda consecutivo las fuerzas federales buscan a Facundo Astudillo Castro. - Noticias Radio Reflejos\",\"isPartOf\":{\"@id\":\"https:\/\/www.noticiasradioreflejos.com.ar\/2021\/#website\"},\"datePublished\":\"2020-07-15T13:13:37+00:00\",\"author\":{\"@id\":\"https:\/\/www.noticiasradioreflejos.com.ar\/2021\/#\/schema\/person\/ad82545263dcc5ec0996818884fd5fb1\"},\"breadcrumb\":{\"@id\":\"https:\/\/www.noticiasradioreflejos.com.ar\/2021\/por-segundo-dia-consecutivo-las-fuerzas-federales-buscan-a-facundo-astudillo-castro\/#breadcrumb\"},\"inLanguage\":\"es\",\"potentialAction\":[{\"@type\":\"ReadAction\",\"target\":[\"https:\/\/www.noticiasradioreflejos.com.ar\/2021\/por-segundo-dia-consecutivo-las-fuerzas-federales-buscan-a-facundo-astudillo-castro\/\"]}]},{\"@type\":\"BreadcrumbList\",\"@id\":\"https:\/\/www.noticiasradioreflejos.com.ar\/2021\/por-segundo-dia-consecutivo-las-fuerzas-federales-buscan-a-facundo-astudillo-castro\/#breadcrumb\",\"itemListElement\":[{\"@type\":\"ListItem\",\"position\":1,\"name\":\"Portada\",\"item\":\"https:\/\/www.noticiasradioreflejos.com.ar\/2021\/\"},{\"@type\":\"ListItem\",\"position\":2,\"name\":\"Por segundo d\u00eda consecutivo las fuerzas federales buscan a Facundo Astudillo Castro.\"}]},{\"@type\":\"WebSite\",\"@id\":\"https:\/\/www.noticiasradioreflejos.com.ar\/2021\/#website\",\"url\":\"https:\/\/www.noticiasradioreflejos.com.ar\/2021\/\",\"name\":\"Noticias Radio Reflejos\",\"description\":\"Las noticias de mi comarca\",\"potentialAction\":[{\"@type\":\"SearchAction\",\"target\":{\"@type\":\"EntryPoint\",\"urlTemplate\":\"https:\/\/www.noticiasradioreflejos.com.ar\/2021\/?s={search_term_string}\"},\"query-input\":{\"@type\":\"PropertyValueSpecification\",\"valueRequired\":true,\"valueName\":\"search_term_string\"}}],\"inLanguage\":\"es\"},{\"@type\":\"Person\",\"@id\":\"https:\/\/www.noticiasradioreflejos.com.ar\/2021\/#\/schema\/person\/ad82545263dcc5ec0996818884fd5fb1\",\"name\":\"Arnaldo Botto\",\"image\":{\"@type\":\"ImageObject\",\"inLanguage\":\"es\",\"@id\":\"https:\/\/www.noticiasradioreflejos.com.ar\/2021\/#\/schema\/person\/image\/\",\"url\":\"https:\/\/secure.gravatar.com\/avatar\/55cb5e37c1efa326397366e6974cb338056df65cb50e7d64d1cf314e87504837?s=96&d=mm&r=g\",\"contentUrl\":\"https:\/\/secure.gravatar.com\/avatar\/55cb5e37c1efa326397366e6974cb338056df65cb50e7d64d1cf314e87504837?s=96&d=mm&r=g\",\"caption\":\"Arnaldo Botto\"},\"url\":\"https:\/\/www.noticiasradioreflejos.com.ar\/2021\/author\/arnaldo\/\"}]}<\/script>\n<!-- \/ Yoast SEO plugin. -->","yoast_head_json":{"title":"Por segundo d\u00eda consecutivo las fuerzas federales buscan a Facundo Astudillo Castro. - Noticias Radio Reflejos","robots":{"index":"index","follow":"follow","max-snippet":"max-snippet:-1","max-image-preview":"max-image-preview:large","max-video-preview":"max-video-preview:-1"},"canonical":"https:\/\/www.noticiasradioreflejos.com.ar\/2021\/por-segundo-dia-consecutivo-las-fuerzas-federales-buscan-a-facundo-astudillo-castro\/","og_locale":"es_ES","og_type":"article","og_title":"Por segundo d\u00eda consecutivo las fuerzas federales buscan a Facundo Astudillo Castro. - Noticias Radio Reflejos","og_description":"Las fuerzas federales de seguridad realizan hoy, por segundo d\u00eda consecutivo, rastrillajes en el distrito de Villarino, en el sur bonaerense, en busca de Facundo Astudillo Castro, el joven de 22 a\u00f1os que fue visto por \u00faltima vez el 30 de abril pasado cuando sali\u00f3 de la localidad de Pedro Luro, informaron hoy fuentes policiales.","og_url":"https:\/\/www.noticiasradioreflejos.com.ar\/2021\/por-segundo-dia-consecutivo-las-fuerzas-federales-buscan-a-facundo-astudillo-castro\/","og_site_name":"Noticias Radio Reflejos","article_published_time":"2020-07-15T13:13:37+00:00","og_image":[{"width":300,"height":200,"url":"https:\/\/www.noticiasradioreflejos.com.ar\/2021\/wp-content\/uploads\/2021\/07\/logosol300x200.png","type":"image\/png"}],"author":"Arnaldo Botto","twitter_card":"summary_large_image","schema":{"@context":"https:\/\/schema.org","@graph":[{"@type":"WebPage","@id":"https:\/\/www.noticiasradioreflejos.com.ar\/2021\/por-segundo-dia-consecutivo-las-fuerzas-federales-buscan-a-facundo-astudillo-castro\/","url":"https:\/\/www.noticiasradioreflejos.com.ar\/2021\/por-segundo-dia-consecutivo-las-fuerzas-federales-buscan-a-facundo-astudillo-castro\/","name":"Por segundo d\u00eda consecutivo las fuerzas federales buscan a Facundo Astudillo Castro. - Noticias Radio Reflejos","isPartOf":{"@id":"https:\/\/www.noticiasradioreflejos.com.ar\/2021\/#website"},"datePublished":"2020-07-15T13:13:37+00:00","author":{"@id":"https:\/\/www.noticiasradioreflejos.com.ar\/2021\/#\/schema\/person\/ad82545263dcc5ec0996818884fd5fb1"},"breadcrumb":{"@id":"https:\/\/www.noticiasradioreflejos.com.ar\/2021\/por-segundo-dia-consecutivo-las-fuerzas-federales-buscan-a-facundo-astudillo-castro\/#breadcrumb"},"inLanguage":"es","potentialAction":[{"@type":"ReadAction","target":["https:\/\/www.noticiasradioreflejos.com.ar\/2021\/por-segundo-dia-consecutivo-las-fuerzas-federales-buscan-a-facundo-astudillo-castro\/"]}]},{"@type":"BreadcrumbList","@id":"https:\/\/www.noticiasradioreflejos.com.ar\/2021\/por-segundo-dia-consecutivo-las-fuerzas-federales-buscan-a-facundo-astudillo-castro\/#breadcrumb","itemListElement":[{"@type":"ListItem","position":1,"name":"Portada","item":"https:\/\/www.noticiasradioreflejos.com.ar\/2021\/"},{"@type":"ListItem","position":2,"name":"Por segundo d\u00eda consecutivo las fuerzas federales buscan a Facundo Astudillo Castro."}]},{"@type":"WebSite","@id":"https:\/\/www.noticiasradioreflejos.com.ar\/2021\/#website","url":"https:\/\/www.noticiasradioreflejos.com.ar\/2021\/","name":"Noticias Radio Reflejos","description":"Las noticias de mi comarca","potentialAction":[{"@type":"SearchAction","target":{"@type":"EntryPoint","urlTemplate":"https:\/\/www.noticiasradioreflejos.com.ar\/2021\/?s={search_term_string}"},"query-input":{"@type":"PropertyValueSpecification","valueRequired":true,"valueName":"search_term_string"}}],"inLanguage":"es"},{"@type":"Person","@id":"https:\/\/www.noticiasradioreflejos.com.ar\/2021\/#\/schema\/person\/ad82545263dcc5ec0996818884fd5fb1","name":"Arnaldo Botto","image":{"@type":"ImageObject","inLanguage":"es","@id":"https:\/\/www.noticiasradioreflejos.com.ar\/2021\/#\/schema\/person\/image\/","url":"https:\/\/secure.gravatar.com\/avatar\/55cb5e37c1efa326397366e6974cb338056df65cb50e7d64d1cf314e87504837?s=96&d=mm&r=g","contentUrl":"https:\/\/secure.gravatar.com\/avatar\/55cb5e37c1efa326397366e6974cb338056df65cb50e7d64d1cf314e87504837?s=96&d=mm&r=g","caption":"Arnaldo Botto"},"url":"https:\/\/www.noticiasradioreflejos.com.ar\/2021\/author\/arnaldo\/"}]}},"_links":{"self":[{"href":"https:\/\/www.noticiasradioreflejos.com.ar\/2021\/wp-json\/wp\/v2\/posts\/44430","targetHints":{"allow":["GET"]}}],"collection":[{"href":"https:\/\/www.noticiasradioreflejos.com.ar\/2021\/wp-json\/wp\/v2\/posts"}],"about":[{"href":"https:\/\/www.noticiasradioreflejos.com.ar\/2021\/wp-json\/wp\/v2\/types\/post"}],"author":[{"embeddable":true,"href":"https:\/\/www.noticiasradioreflejos.com.ar\/2021\/wp-json\/wp\/v2\/users\/3"}],"replies":[{"embeddable":true,"href":"https:\/\/www.noticiasradioreflejos.com.ar\/2021\/wp-json\/wp\/v2\/comments?post=44430"}],"version-history":[{"count":0,"href":"https:\/\/www.noticiasradioreflejos.com.ar\/2021\/wp-json\/wp\/v2\/posts\/44430\/revisions"}],"wp:attachment":[{"href":"https:\/\/www.noticiasradioreflejos.com.ar\/2021\/wp-json\/wp\/v2\/media?parent=44430"}],"wp:term":[{"taxonomy":"category","embeddable":true,"href":"https:\/\/www.noticiasradioreflejos.com.ar\/2021\/wp-json\/wp\/v2\/categories?post=44430"},{"taxonomy":"post_tag","embeddable":true,"href":"https:\/\/www.noticiasradioreflejos.com.ar\/2021\/wp-json\/wp\/v2\/tags?post=44430"}],"curies":[{"name":"wp","href":"https:\/\/api.w.org\/{rel}","templated":true}]}}