{"id":44419,"date":"2020-07-15T08:14:49","date_gmt":"2020-07-15T11:14:49","guid":{"rendered":"http:\/\/www.noticiasradioreflejos.com.ar\/noticias\/?p=44419"},"modified":"2020-07-15T08:14:49","modified_gmt":"2020-07-15T11:14:49","slug":"el-presidente-se-reune-con-rodriguez-larreta-y-kicillof-para-definir-como-sigue-el-aislamiento","status":"publish","type":"post","link":"https:\/\/www.noticiasradioreflejos.com.ar\/2021\/el-presidente-se-reune-con-rodriguez-larreta-y-kicillof-para-definir-como-sigue-el-aislamiento\/","title":{"rendered":"El Presidente se re\u00fane con Rodr\u00edguez Larreta y Kicillof para definir c\u00f3mo sigue el aislamiento"},"content":{"rendered":"<p>El presidente Alberto Fern\u00e1ndez recibir\u00e1 hoy en la residencia de Olivos al jefe de Gobierno porte\u00f1o, Horacio Rodr\u00edguez Larreta; y el gobernador bonaerense, Axel Kicillof, para definir c\u00f3mo continuar\u00e1 el aislamiento social, preventivo y obligatorio por el coronavirus luego del pr\u00f3ximo viernes, cuando finaliza la actual fase estricta que rige en el \u00c1rea Metropolitana de Buenos Aires (AMBA) desde el 1 de julio.<!--more--><br \/>\nEl encuentro del Presidente con Kicillof y Rodr\u00edguez Larreta est\u00e1 previsto para las 19, seg\u00fan indicaron a T\u00e9lam fuentes oficiales.<\/p>\n<p>Anoche, en declaraciones a Cr\u00f3nica TV, el jefe de Gabinete, Santiago Cafiero confirm\u00f3 el encuentro en el que se \u00abterminar\u00e1 de evaluar cu\u00e1les son las pol\u00edticas que se van a llevar adelante\u00bb a partir del viernes, cuando finaliza la fase m\u00e1s estrica.<\/p>\n<p>Durante toda la jornada de ayer, funcionarios de los Gobiernos porte\u00f1o y bonaerense mantuvieron reuniones para avanzar en la coordinaci\u00f3n de medidas y definir c\u00f3mo continuar\u00e1 el aislamiento social.<\/p>\n<p>Los jefes de Gabinete bonaerense y porte\u00f1o, Carlos Bianco y Felipe Miguel, respectivamente, tuvieron un encuentro al mediod\u00eda en la ciudad de La Plata, tras el acuerdo alcanzado el lunes por Kicillof y Rodr\u00edguez Larreta para decidir \u00abcoordinadamente\u00bb entre ambas administraciones la forma en que continuar\u00e1 en el AMBA la cuarentena.<\/p>\n<p>En una entrevista con T\u00e9lam, Kicillof dijo ayer que las medidas en el AMBA a partir del s\u00e1bado \u00abno van a ser id\u00e9nticas\u00bb a las de la Ciudad, pero ratific\u00f3 que \u00abla decisi\u00f3n es coordinarlas porque no es sostenible que de un lado de la General Paz se abra todo y del otro lado nada\u00bb.<\/p>\n<p>En una reuni\u00f3n que mantuvo m\u00e1s tarde por videoconferencia con los 35 intendentes del distrito comprendidos en el AMBA, Kicillof consider\u00f3 que fueron un \u00ab\u00e9xito\u00bb las medidas m\u00e1s restrictivas, por lo que espera que eso \u00abse vea reflejado en los pr\u00f3ximos d\u00edas con la reducci\u00f3n en la velocidad del crecimiento de los casos\u00bb.<br \/>\nImprimir Descargar Copiar Volver<\/p>\n","protected":false},"excerpt":{"rendered":"<p>El presidente Alberto Fern\u00e1ndez recibir\u00e1 hoy en la residencia de Olivos al jefe de Gobierno porte\u00f1o, Horacio Rodr\u00edguez Larreta; y el gobernador bonaerense, Axel Kicillof, para definir c\u00f3mo continuar\u00e1 el aislamiento social, preventivo y obligatorio por el coronavirus luego del pr\u00f3ximo viernes, cuando finaliza la actual fase estricta que rige en el \u00c1rea Metropolitana de [&hellip;]<\/p>\n","protected":false},"author":3,"featured_media":0,"comment_status":"closed","ping_status":"open","sticky":false,"template":"","format":"standard","meta":{"footnotes":""},"categories":[24],"tags":[],"class_list":["post-44419","post","type-post","status-publish","format-standard","hentry","category-politica"],"yoast_head":"<!-- This site is optimized with the Yoast SEO plugin v25.9 - https:\/\/yoast.com\/wordpress\/plugins\/seo\/ -->\n<title>El Presidente se re\u00fane con Rodr\u00edguez Larreta y Kicillof para definir c\u00f3mo sigue el aislamiento - Noticias Radio Reflejos<\/title>\n<meta name=\"robots\" content=\"index, follow, max-snippet:-1, max-image-preview:large, max-video-preview:-1\" \/>\n<link rel=\"canonical\" href=\"https:\/\/www.noticiasradioreflejos.com.ar\/2021\/el-presidente-se-reune-con-rodriguez-larreta-y-kicillof-para-definir-como-sigue-el-aislamiento\/\" \/>\n<meta property=\"og:locale\" content=\"es_ES\" \/>\n<meta property=\"og:type\" content=\"article\" \/>\n<meta property=\"og:title\" content=\"El Presidente se re\u00fane con Rodr\u00edguez Larreta y Kicillof para definir c\u00f3mo sigue el aislamiento - Noticias Radio Reflejos\" \/>\n<meta property=\"og:description\" content=\"El presidente Alberto Fern\u00e1ndez recibir\u00e1 hoy en la residencia de Olivos al jefe de Gobierno porte\u00f1o, Horacio Rodr\u00edguez Larreta; y el gobernador bonaerense, Axel Kicillof, para definir c\u00f3mo continuar\u00e1 el aislamiento social, preventivo y obligatorio por el coronavirus luego del pr\u00f3ximo viernes, cuando finaliza la actual fase estricta que rige en el \u00c1rea Metropolitana de [&hellip;]\" \/>\n<meta property=\"og:url\" content=\"https:\/\/www.noticiasradioreflejos.com.ar\/2021\/el-presidente-se-reune-con-rodriguez-larreta-y-kicillof-para-definir-como-sigue-el-aislamiento\/\" \/>\n<meta property=\"og:site_name\" content=\"Noticias Radio Reflejos\" \/>\n<meta property=\"article:published_time\" content=\"2020-07-15T11:14:49+00:00\" \/>\n<meta property=\"og:image\" content=\"https:\/\/www.noticiasradioreflejos.com.ar\/2021\/wp-content\/uploads\/2021\/07\/logosol300x200.png\" \/>\n\t<meta property=\"og:image:width\" content=\"300\" \/>\n\t<meta property=\"og:image:height\" content=\"200\" \/>\n\t<meta property=\"og:image:type\" content=\"image\/png\" \/>\n<meta name=\"author\" content=\"Arnaldo Botto\" \/>\n<meta name=\"twitter:card\" content=\"summary_large_image\" \/>\n<script type=\"application\/ld+json\" class=\"yoast-schema-graph\">{\"@context\":\"https:\/\/schema.org\",\"@graph\":[{\"@type\":\"WebPage\",\"@id\":\"https:\/\/www.noticiasradioreflejos.com.ar\/2021\/el-presidente-se-reune-con-rodriguez-larreta-y-kicillof-para-definir-como-sigue-el-aislamiento\/\",\"url\":\"https:\/\/www.noticiasradioreflejos.com.ar\/2021\/el-presidente-se-reune-con-rodriguez-larreta-y-kicillof-para-definir-como-sigue-el-aislamiento\/\",\"name\":\"El Presidente se re\u00fane con Rodr\u00edguez Larreta y Kicillof para definir c\u00f3mo sigue el aislamiento - Noticias Radio Reflejos\",\"isPartOf\":{\"@id\":\"https:\/\/www.noticiasradioreflejos.com.ar\/2021\/#website\"},\"datePublished\":\"2020-07-15T11:14:49+00:00\",\"author\":{\"@id\":\"https:\/\/www.noticiasradioreflejos.com.ar\/2021\/#\/schema\/person\/ad82545263dcc5ec0996818884fd5fb1\"},\"breadcrumb\":{\"@id\":\"https:\/\/www.noticiasradioreflejos.com.ar\/2021\/el-presidente-se-reune-con-rodriguez-larreta-y-kicillof-para-definir-como-sigue-el-aislamiento\/#breadcrumb\"},\"inLanguage\":\"es\",\"potentialAction\":[{\"@type\":\"ReadAction\",\"target\":[\"https:\/\/www.noticiasradioreflejos.com.ar\/2021\/el-presidente-se-reune-con-rodriguez-larreta-y-kicillof-para-definir-como-sigue-el-aislamiento\/\"]}]},{\"@type\":\"BreadcrumbList\",\"@id\":\"https:\/\/www.noticiasradioreflejos.com.ar\/2021\/el-presidente-se-reune-con-rodriguez-larreta-y-kicillof-para-definir-como-sigue-el-aislamiento\/#breadcrumb\",\"itemListElement\":[{\"@type\":\"ListItem\",\"position\":1,\"name\":\"Portada\",\"item\":\"https:\/\/www.noticiasradioreflejos.com.ar\/2021\/\"},{\"@type\":\"ListItem\",\"position\":2,\"name\":\"El Presidente se re\u00fane con Rodr\u00edguez Larreta y Kicillof para definir c\u00f3mo sigue el aislamiento\"}]},{\"@type\":\"WebSite\",\"@id\":\"https:\/\/www.noticiasradioreflejos.com.ar\/2021\/#website\",\"url\":\"https:\/\/www.noticiasradioreflejos.com.ar\/2021\/\",\"name\":\"Noticias Radio Reflejos\",\"description\":\"Las noticias de mi comarca\",\"potentialAction\":[{\"@type\":\"SearchAction\",\"target\":{\"@type\":\"EntryPoint\",\"urlTemplate\":\"https:\/\/www.noticiasradioreflejos.com.ar\/2021\/?s={search_term_string}\"},\"query-input\":{\"@type\":\"PropertyValueSpecification\",\"valueRequired\":true,\"valueName\":\"search_term_string\"}}],\"inLanguage\":\"es\"},{\"@type\":\"Person\",\"@id\":\"https:\/\/www.noticiasradioreflejos.com.ar\/2021\/#\/schema\/person\/ad82545263dcc5ec0996818884fd5fb1\",\"name\":\"Arnaldo Botto\",\"image\":{\"@type\":\"ImageObject\",\"inLanguage\":\"es\",\"@id\":\"https:\/\/www.noticiasradioreflejos.com.ar\/2021\/#\/schema\/person\/image\/\",\"url\":\"https:\/\/secure.gravatar.com\/avatar\/55cb5e37c1efa326397366e6974cb338056df65cb50e7d64d1cf314e87504837?s=96&d=mm&r=g\",\"contentUrl\":\"https:\/\/secure.gravatar.com\/avatar\/55cb5e37c1efa326397366e6974cb338056df65cb50e7d64d1cf314e87504837?s=96&d=mm&r=g\",\"caption\":\"Arnaldo Botto\"},\"url\":\"https:\/\/www.noticiasradioreflejos.com.ar\/2021\/author\/arnaldo\/\"}]}<\/script>\n<!-- \/ Yoast SEO plugin. -->","yoast_head_json":{"title":"El Presidente se re\u00fane con Rodr\u00edguez Larreta y Kicillof para definir c\u00f3mo sigue el aislamiento - Noticias Radio Reflejos","robots":{"index":"index","follow":"follow","max-snippet":"max-snippet:-1","max-image-preview":"max-image-preview:large","max-video-preview":"max-video-preview:-1"},"canonical":"https:\/\/www.noticiasradioreflejos.com.ar\/2021\/el-presidente-se-reune-con-rodriguez-larreta-y-kicillof-para-definir-como-sigue-el-aislamiento\/","og_locale":"es_ES","og_type":"article","og_title":"El Presidente se re\u00fane con Rodr\u00edguez Larreta y Kicillof para definir c\u00f3mo sigue el aislamiento - Noticias Radio Reflejos","og_description":"El presidente Alberto Fern\u00e1ndez recibir\u00e1 hoy en la residencia de Olivos al jefe de Gobierno porte\u00f1o, Horacio Rodr\u00edguez Larreta; y el gobernador bonaerense, Axel Kicillof, para definir c\u00f3mo continuar\u00e1 el aislamiento social, preventivo y obligatorio por el coronavirus luego del pr\u00f3ximo viernes, cuando finaliza la actual fase estricta que rige en el \u00c1rea Metropolitana de [&hellip;]","og_url":"https:\/\/www.noticiasradioreflejos.com.ar\/2021\/el-presidente-se-reune-con-rodriguez-larreta-y-kicillof-para-definir-como-sigue-el-aislamiento\/","og_site_name":"Noticias Radio Reflejos","article_published_time":"2020-07-15T11:14:49+00:00","og_image":[{"width":300,"height":200,"url":"https:\/\/www.noticiasradioreflejos.com.ar\/2021\/wp-content\/uploads\/2021\/07\/logosol300x200.png","type":"image\/png"}],"author":"Arnaldo Botto","twitter_card":"summary_large_image","schema":{"@context":"https:\/\/schema.org","@graph":[{"@type":"WebPage","@id":"https:\/\/www.noticiasradioreflejos.com.ar\/2021\/el-presidente-se-reune-con-rodriguez-larreta-y-kicillof-para-definir-como-sigue-el-aislamiento\/","url":"https:\/\/www.noticiasradioreflejos.com.ar\/2021\/el-presidente-se-reune-con-rodriguez-larreta-y-kicillof-para-definir-como-sigue-el-aislamiento\/","name":"El Presidente se re\u00fane con Rodr\u00edguez Larreta y Kicillof para definir c\u00f3mo sigue el aislamiento - Noticias Radio Reflejos","isPartOf":{"@id":"https:\/\/www.noticiasradioreflejos.com.ar\/2021\/#website"},"datePublished":"2020-07-15T11:14:49+00:00","author":{"@id":"https:\/\/www.noticiasradioreflejos.com.ar\/2021\/#\/schema\/person\/ad82545263dcc5ec0996818884fd5fb1"},"breadcrumb":{"@id":"https:\/\/www.noticiasradioreflejos.com.ar\/2021\/el-presidente-se-reune-con-rodriguez-larreta-y-kicillof-para-definir-como-sigue-el-aislamiento\/#breadcrumb"},"inLanguage":"es","potentialAction":[{"@type":"ReadAction","target":["https:\/\/www.noticiasradioreflejos.com.ar\/2021\/el-presidente-se-reune-con-rodriguez-larreta-y-kicillof-para-definir-como-sigue-el-aislamiento\/"]}]},{"@type":"BreadcrumbList","@id":"https:\/\/www.noticiasradioreflejos.com.ar\/2021\/el-presidente-se-reune-con-rodriguez-larreta-y-kicillof-para-definir-como-sigue-el-aislamiento\/#breadcrumb","itemListElement":[{"@type":"ListItem","position":1,"name":"Portada","item":"https:\/\/www.noticiasradioreflejos.com.ar\/2021\/"},{"@type":"ListItem","position":2,"name":"El Presidente se re\u00fane con Rodr\u00edguez Larreta y Kicillof para definir c\u00f3mo sigue el aislamiento"}]},{"@type":"WebSite","@id":"https:\/\/www.noticiasradioreflejos.com.ar\/2021\/#website","url":"https:\/\/www.noticiasradioreflejos.com.ar\/2021\/","name":"Noticias Radio Reflejos","description":"Las noticias de mi comarca","potentialAction":[{"@type":"SearchAction","target":{"@type":"EntryPoint","urlTemplate":"https:\/\/www.noticiasradioreflejos.com.ar\/2021\/?s={search_term_string}"},"query-input":{"@type":"PropertyValueSpecification","valueRequired":true,"valueName":"search_term_string"}}],"inLanguage":"es"},{"@type":"Person","@id":"https:\/\/www.noticiasradioreflejos.com.ar\/2021\/#\/schema\/person\/ad82545263dcc5ec0996818884fd5fb1","name":"Arnaldo Botto","image":{"@type":"ImageObject","inLanguage":"es","@id":"https:\/\/www.noticiasradioreflejos.com.ar\/2021\/#\/schema\/person\/image\/","url":"https:\/\/secure.gravatar.com\/avatar\/55cb5e37c1efa326397366e6974cb338056df65cb50e7d64d1cf314e87504837?s=96&d=mm&r=g","contentUrl":"https:\/\/secure.gravatar.com\/avatar\/55cb5e37c1efa326397366e6974cb338056df65cb50e7d64d1cf314e87504837?s=96&d=mm&r=g","caption":"Arnaldo Botto"},"url":"https:\/\/www.noticiasradioreflejos.com.ar\/2021\/author\/arnaldo\/"}]}},"_links":{"self":[{"href":"https:\/\/www.noticiasradioreflejos.com.ar\/2021\/wp-json\/wp\/v2\/posts\/44419","targetHints":{"allow":["GET"]}}],"collection":[{"href":"https:\/\/www.noticiasradioreflejos.com.ar\/2021\/wp-json\/wp\/v2\/posts"}],"about":[{"href":"https:\/\/www.noticiasradioreflejos.com.ar\/2021\/wp-json\/wp\/v2\/types\/post"}],"author":[{"embeddable":true,"href":"https:\/\/www.noticiasradioreflejos.com.ar\/2021\/wp-json\/wp\/v2\/users\/3"}],"replies":[{"embeddable":true,"href":"https:\/\/www.noticiasradioreflejos.com.ar\/2021\/wp-json\/wp\/v2\/comments?post=44419"}],"version-history":[{"count":0,"href":"https:\/\/www.noticiasradioreflejos.com.ar\/2021\/wp-json\/wp\/v2\/posts\/44419\/revisions"}],"wp:attachment":[{"href":"https:\/\/www.noticiasradioreflejos.com.ar\/2021\/wp-json\/wp\/v2\/media?parent=44419"}],"wp:term":[{"taxonomy":"category","embeddable":true,"href":"https:\/\/www.noticiasradioreflejos.com.ar\/2021\/wp-json\/wp\/v2\/categories?post=44419"},{"taxonomy":"post_tag","embeddable":true,"href":"https:\/\/www.noticiasradioreflejos.com.ar\/2021\/wp-json\/wp\/v2\/tags?post=44419"}],"curies":[{"name":"wp","href":"https:\/\/api.w.org\/{rel}","templated":true}]}}