{"id":44408,"date":"2020-07-14T19:44:27","date_gmt":"2020-07-14T22:44:27","guid":{"rendered":"http:\/\/www.noticiasradioreflejos.com.ar\/noticias\/?p=44408"},"modified":"2020-07-14T19:44:27","modified_gmt":"2020-07-14T22:44:27","slug":"el-hospital-municipal-cuenta-con-un-nuevo-ecografo","status":"publish","type":"post","link":"https:\/\/www.noticiasradioreflejos.com.ar\/2021\/el-hospital-municipal-cuenta-con-un-nuevo-ecografo\/","title":{"rendered":"El Hospital Municipal cuenta con un nuevo ec\u00f3grafo ."},"content":{"rendered":"<p>Hoy por la ma\u00f1ana, se concret\u00f3 la llegada del tan ansiado ec\u00f3grafo para el Hospital Municipal Dr. Alberto Castro. <!--more--><\/p>\n<p><a href=\"http:\/\/live.staticflickr.com\/65535\/50112957453_d2c0e792da_s.jpg\" title=\"2020-07-14_07-38-03\" rel=\"\"><img loading=\"lazy\" decoding=\"async\" src=\"http:\/\/live.staticflickr.com\/65535\/50112957453_d2c0e792da_c.jpg\" width=\"600\" height=\"800\" alt=\"2020-07-14_07-38-03\" title=\"2020-07-14_07-38-03\" class=\"aligncenter\"><\/a><br \/>\nEl intendente municipal, Sergio Bordoni recibi\u00f3 junto al Secretario de Salud Miguel Pagnotta, la nueva aparatolog\u00eda, que permitir\u00e1 al nosocomio local, contar con un ec\u00f3grafo propio. Para entregarlo se hizo presente Jorge Moyano, de Rotary Club Bah\u00eda Blanca y Carlos Sekeresch de Grupo IB.<br \/>\nLa adquisici\u00f3n de esta nueva tecnolog\u00eda fue factible gracias a un convenio firmado por Tornquist Municipio, junto a Rotary Club, a trav\u00e9s del cual se estableci\u00f3 que el gobierno local abonar\u00eda un 30% del valor del mismo, y la entidad bahiense completar\u00eda el porcentaje faltante.<br \/>\nCon el nuevo ec\u00f3grafo, el sector adquiere un aparatolog\u00eda de mayor complejidad que permitir\u00e1 perfeccionar sus servicios para los vecinos del distrito. Adem\u00e1s se permitir\u00e1 realizar un control de todo tipo de enfermedades y patolog\u00edas, obteniendo un diagn\u00f3stico temprano, generando un tratamiento acorde en tiempo y forma, y por sobre todo un monitoreo constante de pacientes con enfermedades preexistentes.<br \/>\nEstuvieron presentes el Secretario de Gobierno y Seguridad Ezequiel Gabella, y la Subsecretar\u00eda Administrativa Noelia Baier. <\/p>\n","protected":false},"excerpt":{"rendered":"<p>Hoy por la ma\u00f1ana, se concret\u00f3 la llegada del tan ansiado ec\u00f3grafo para el Hospital Municipal Dr. Alberto Castro.<\/p>\n","protected":false},"author":3,"featured_media":0,"comment_status":"closed","ping_status":"open","sticky":false,"template":"","format":"standard","meta":{"footnotes":""},"categories":[28],"tags":[],"class_list":["post-44408","post","type-post","status-publish","format-standard","hentry","category-municipales"],"yoast_head":"<!-- This site is optimized with the Yoast SEO plugin v25.9 - https:\/\/yoast.com\/wordpress\/plugins\/seo\/ -->\n<title>El Hospital Municipal cuenta con un nuevo ec\u00f3grafo . - Noticias Radio Reflejos<\/title>\n<meta name=\"robots\" content=\"index, follow, max-snippet:-1, max-image-preview:large, max-video-preview:-1\" \/>\n<link rel=\"canonical\" href=\"https:\/\/www.noticiasradioreflejos.com.ar\/2021\/el-hospital-municipal-cuenta-con-un-nuevo-ecografo\/\" \/>\n<meta property=\"og:locale\" content=\"es_ES\" \/>\n<meta property=\"og:type\" content=\"article\" \/>\n<meta property=\"og:title\" content=\"El Hospital Municipal cuenta con un nuevo ec\u00f3grafo . - Noticias Radio Reflejos\" \/>\n<meta property=\"og:description\" content=\"Hoy por la ma\u00f1ana, se concret\u00f3 la llegada del tan ansiado ec\u00f3grafo para el Hospital Municipal Dr. Alberto Castro.\" \/>\n<meta property=\"og:url\" content=\"https:\/\/www.noticiasradioreflejos.com.ar\/2021\/el-hospital-municipal-cuenta-con-un-nuevo-ecografo\/\" \/>\n<meta property=\"og:site_name\" content=\"Noticias Radio Reflejos\" \/>\n<meta property=\"article:published_time\" content=\"2020-07-14T22:44:27+00:00\" \/>\n<meta property=\"og:image\" content=\"http:\/\/live.staticflickr.com\/65535\/50112957453_d2c0e792da_c.jpg\" \/>\n<meta name=\"author\" content=\"Arnaldo Botto\" \/>\n<meta name=\"twitter:card\" content=\"summary_large_image\" \/>\n<script type=\"application\/ld+json\" class=\"yoast-schema-graph\">{\"@context\":\"https:\/\/schema.org\",\"@graph\":[{\"@type\":\"WebPage\",\"@id\":\"https:\/\/www.noticiasradioreflejos.com.ar\/2021\/el-hospital-municipal-cuenta-con-un-nuevo-ecografo\/\",\"url\":\"https:\/\/www.noticiasradioreflejos.com.ar\/2021\/el-hospital-municipal-cuenta-con-un-nuevo-ecografo\/\",\"name\":\"El Hospital Municipal cuenta con un nuevo ec\u00f3grafo . - Noticias Radio Reflejos\",\"isPartOf\":{\"@id\":\"https:\/\/www.noticiasradioreflejos.com.ar\/2021\/#website\"},\"primaryImageOfPage\":{\"@id\":\"https:\/\/www.noticiasradioreflejos.com.ar\/2021\/el-hospital-municipal-cuenta-con-un-nuevo-ecografo\/#primaryimage\"},\"image\":{\"@id\":\"https:\/\/www.noticiasradioreflejos.com.ar\/2021\/el-hospital-municipal-cuenta-con-un-nuevo-ecografo\/#primaryimage\"},\"thumbnailUrl\":\"http:\/\/live.staticflickr.com\/65535\/50112957453_d2c0e792da_c.jpg\",\"datePublished\":\"2020-07-14T22:44:27+00:00\",\"author\":{\"@id\":\"https:\/\/www.noticiasradioreflejos.com.ar\/2021\/#\/schema\/person\/ad82545263dcc5ec0996818884fd5fb1\"},\"breadcrumb\":{\"@id\":\"https:\/\/www.noticiasradioreflejos.com.ar\/2021\/el-hospital-municipal-cuenta-con-un-nuevo-ecografo\/#breadcrumb\"},\"inLanguage\":\"es\",\"potentialAction\":[{\"@type\":\"ReadAction\",\"target\":[\"https:\/\/www.noticiasradioreflejos.com.ar\/2021\/el-hospital-municipal-cuenta-con-un-nuevo-ecografo\/\"]}]},{\"@type\":\"ImageObject\",\"inLanguage\":\"es\",\"@id\":\"https:\/\/www.noticiasradioreflejos.com.ar\/2021\/el-hospital-municipal-cuenta-con-un-nuevo-ecografo\/#primaryimage\",\"url\":\"http:\/\/live.staticflickr.com\/65535\/50112957453_d2c0e792da_c.jpg\",\"contentUrl\":\"http:\/\/live.staticflickr.com\/65535\/50112957453_d2c0e792da_c.jpg\"},{\"@type\":\"BreadcrumbList\",\"@id\":\"https:\/\/www.noticiasradioreflejos.com.ar\/2021\/el-hospital-municipal-cuenta-con-un-nuevo-ecografo\/#breadcrumb\",\"itemListElement\":[{\"@type\":\"ListItem\",\"position\":1,\"name\":\"Portada\",\"item\":\"https:\/\/www.noticiasradioreflejos.com.ar\/2021\/\"},{\"@type\":\"ListItem\",\"position\":2,\"name\":\"El Hospital Municipal cuenta con un nuevo ec\u00f3grafo .\"}]},{\"@type\":\"WebSite\",\"@id\":\"https:\/\/www.noticiasradioreflejos.com.ar\/2021\/#website\",\"url\":\"https:\/\/www.noticiasradioreflejos.com.ar\/2021\/\",\"name\":\"Noticias Radio Reflejos\",\"description\":\"Las noticias de mi comarca\",\"potentialAction\":[{\"@type\":\"SearchAction\",\"target\":{\"@type\":\"EntryPoint\",\"urlTemplate\":\"https:\/\/www.noticiasradioreflejos.com.ar\/2021\/?s={search_term_string}\"},\"query-input\":{\"@type\":\"PropertyValueSpecification\",\"valueRequired\":true,\"valueName\":\"search_term_string\"}}],\"inLanguage\":\"es\"},{\"@type\":\"Person\",\"@id\":\"https:\/\/www.noticiasradioreflejos.com.ar\/2021\/#\/schema\/person\/ad82545263dcc5ec0996818884fd5fb1\",\"name\":\"Arnaldo Botto\",\"image\":{\"@type\":\"ImageObject\",\"inLanguage\":\"es\",\"@id\":\"https:\/\/www.noticiasradioreflejos.com.ar\/2021\/#\/schema\/person\/image\/\",\"url\":\"https:\/\/secure.gravatar.com\/avatar\/55cb5e37c1efa326397366e6974cb338056df65cb50e7d64d1cf314e87504837?s=96&d=mm&r=g\",\"contentUrl\":\"https:\/\/secure.gravatar.com\/avatar\/55cb5e37c1efa326397366e6974cb338056df65cb50e7d64d1cf314e87504837?s=96&d=mm&r=g\",\"caption\":\"Arnaldo Botto\"},\"url\":\"https:\/\/www.noticiasradioreflejos.com.ar\/2021\/author\/arnaldo\/\"}]}<\/script>\n<!-- \/ Yoast SEO plugin. -->","yoast_head_json":{"title":"El Hospital Municipal cuenta con un nuevo ec\u00f3grafo . - Noticias Radio Reflejos","robots":{"index":"index","follow":"follow","max-snippet":"max-snippet:-1","max-image-preview":"max-image-preview:large","max-video-preview":"max-video-preview:-1"},"canonical":"https:\/\/www.noticiasradioreflejos.com.ar\/2021\/el-hospital-municipal-cuenta-con-un-nuevo-ecografo\/","og_locale":"es_ES","og_type":"article","og_title":"El Hospital Municipal cuenta con un nuevo ec\u00f3grafo . - Noticias Radio Reflejos","og_description":"Hoy por la ma\u00f1ana, se concret\u00f3 la llegada del tan ansiado ec\u00f3grafo para el Hospital Municipal Dr. Alberto Castro.","og_url":"https:\/\/www.noticiasradioreflejos.com.ar\/2021\/el-hospital-municipal-cuenta-con-un-nuevo-ecografo\/","og_site_name":"Noticias Radio Reflejos","article_published_time":"2020-07-14T22:44:27+00:00","og_image":[{"url":"http:\/\/live.staticflickr.com\/65535\/50112957453_d2c0e792da_c.jpg","type":"","width":"","height":""}],"author":"Arnaldo Botto","twitter_card":"summary_large_image","schema":{"@context":"https:\/\/schema.org","@graph":[{"@type":"WebPage","@id":"https:\/\/www.noticiasradioreflejos.com.ar\/2021\/el-hospital-municipal-cuenta-con-un-nuevo-ecografo\/","url":"https:\/\/www.noticiasradioreflejos.com.ar\/2021\/el-hospital-municipal-cuenta-con-un-nuevo-ecografo\/","name":"El Hospital Municipal cuenta con un nuevo ec\u00f3grafo . - Noticias Radio Reflejos","isPartOf":{"@id":"https:\/\/www.noticiasradioreflejos.com.ar\/2021\/#website"},"primaryImageOfPage":{"@id":"https:\/\/www.noticiasradioreflejos.com.ar\/2021\/el-hospital-municipal-cuenta-con-un-nuevo-ecografo\/#primaryimage"},"image":{"@id":"https:\/\/www.noticiasradioreflejos.com.ar\/2021\/el-hospital-municipal-cuenta-con-un-nuevo-ecografo\/#primaryimage"},"thumbnailUrl":"http:\/\/live.staticflickr.com\/65535\/50112957453_d2c0e792da_c.jpg","datePublished":"2020-07-14T22:44:27+00:00","author":{"@id":"https:\/\/www.noticiasradioreflejos.com.ar\/2021\/#\/schema\/person\/ad82545263dcc5ec0996818884fd5fb1"},"breadcrumb":{"@id":"https:\/\/www.noticiasradioreflejos.com.ar\/2021\/el-hospital-municipal-cuenta-con-un-nuevo-ecografo\/#breadcrumb"},"inLanguage":"es","potentialAction":[{"@type":"ReadAction","target":["https:\/\/www.noticiasradioreflejos.com.ar\/2021\/el-hospital-municipal-cuenta-con-un-nuevo-ecografo\/"]}]},{"@type":"ImageObject","inLanguage":"es","@id":"https:\/\/www.noticiasradioreflejos.com.ar\/2021\/el-hospital-municipal-cuenta-con-un-nuevo-ecografo\/#primaryimage","url":"http:\/\/live.staticflickr.com\/65535\/50112957453_d2c0e792da_c.jpg","contentUrl":"http:\/\/live.staticflickr.com\/65535\/50112957453_d2c0e792da_c.jpg"},{"@type":"BreadcrumbList","@id":"https:\/\/www.noticiasradioreflejos.com.ar\/2021\/el-hospital-municipal-cuenta-con-un-nuevo-ecografo\/#breadcrumb","itemListElement":[{"@type":"ListItem","position":1,"name":"Portada","item":"https:\/\/www.noticiasradioreflejos.com.ar\/2021\/"},{"@type":"ListItem","position":2,"name":"El Hospital Municipal cuenta con un nuevo ec\u00f3grafo ."}]},{"@type":"WebSite","@id":"https:\/\/www.noticiasradioreflejos.com.ar\/2021\/#website","url":"https:\/\/www.noticiasradioreflejos.com.ar\/2021\/","name":"Noticias Radio Reflejos","description":"Las noticias de mi comarca","potentialAction":[{"@type":"SearchAction","target":{"@type":"EntryPoint","urlTemplate":"https:\/\/www.noticiasradioreflejos.com.ar\/2021\/?s={search_term_string}"},"query-input":{"@type":"PropertyValueSpecification","valueRequired":true,"valueName":"search_term_string"}}],"inLanguage":"es"},{"@type":"Person","@id":"https:\/\/www.noticiasradioreflejos.com.ar\/2021\/#\/schema\/person\/ad82545263dcc5ec0996818884fd5fb1","name":"Arnaldo Botto","image":{"@type":"ImageObject","inLanguage":"es","@id":"https:\/\/www.noticiasradioreflejos.com.ar\/2021\/#\/schema\/person\/image\/","url":"https:\/\/secure.gravatar.com\/avatar\/55cb5e37c1efa326397366e6974cb338056df65cb50e7d64d1cf314e87504837?s=96&d=mm&r=g","contentUrl":"https:\/\/secure.gravatar.com\/avatar\/55cb5e37c1efa326397366e6974cb338056df65cb50e7d64d1cf314e87504837?s=96&d=mm&r=g","caption":"Arnaldo Botto"},"url":"https:\/\/www.noticiasradioreflejos.com.ar\/2021\/author\/arnaldo\/"}]}},"_links":{"self":[{"href":"https:\/\/www.noticiasradioreflejos.com.ar\/2021\/wp-json\/wp\/v2\/posts\/44408","targetHints":{"allow":["GET"]}}],"collection":[{"href":"https:\/\/www.noticiasradioreflejos.com.ar\/2021\/wp-json\/wp\/v2\/posts"}],"about":[{"href":"https:\/\/www.noticiasradioreflejos.com.ar\/2021\/wp-json\/wp\/v2\/types\/post"}],"author":[{"embeddable":true,"href":"https:\/\/www.noticiasradioreflejos.com.ar\/2021\/wp-json\/wp\/v2\/users\/3"}],"replies":[{"embeddable":true,"href":"https:\/\/www.noticiasradioreflejos.com.ar\/2021\/wp-json\/wp\/v2\/comments?post=44408"}],"version-history":[{"count":0,"href":"https:\/\/www.noticiasradioreflejos.com.ar\/2021\/wp-json\/wp\/v2\/posts\/44408\/revisions"}],"wp:attachment":[{"href":"https:\/\/www.noticiasradioreflejos.com.ar\/2021\/wp-json\/wp\/v2\/media?parent=44408"}],"wp:term":[{"taxonomy":"category","embeddable":true,"href":"https:\/\/www.noticiasradioreflejos.com.ar\/2021\/wp-json\/wp\/v2\/categories?post=44408"},{"taxonomy":"post_tag","embeddable":true,"href":"https:\/\/www.noticiasradioreflejos.com.ar\/2021\/wp-json\/wp\/v2\/tags?post=44408"}],"curies":[{"name":"wp","href":"https:\/\/api.w.org\/{rel}","templated":true}]}}