{"id":44405,"date":"2020-07-14T13:16:29","date_gmt":"2020-07-14T16:16:29","guid":{"rendered":"http:\/\/www.noticiasradioreflejos.com.ar\/noticias\/?p=44405"},"modified":"2020-07-14T13:16:29","modified_gmt":"2020-07-14T16:16:29","slug":"hallaron-sin-vida-en-el-arroyo-tapalque-al-camionero-desaparecido-en-olavarria","status":"publish","type":"post","link":"https:\/\/www.noticiasradioreflejos.com.ar\/2021\/hallaron-sin-vida-en-el-arroyo-tapalque-al-camionero-desaparecido-en-olavarria\/","title":{"rendered":"Hallaron sin vida en el arroyo Tapalqu\u00e9 al camionero desaparecido en Olavarria."},"content":{"rendered":"<p>Este lunes, en los primeros minutos de la tarde, <strong>Pedro Osvaldo Aguirre<\/strong> de 54 a\u00f1os fue hallado sin vida en el arroyo Tapalqu\u00e9 a la altura de la calle Giovanelli debajo del puente colgante. La triste noticia fue confirmada por El Popular y las causas de la muerte son materia investigativa.<!--more--><br \/>\nDurante el fin de semana, autoridades policiales, de Defensa Civil, de Bomberos Voluntarios y de la Justicia participaron de la b\u00fasqueda en el arroyo Tapalqu\u00e9, en inmediaciones del Parque Sur, adem\u00e1s se realizaron rastrillajes a pie en la zona.<\/p>\n<p>Finalmente, el cuerpo fue hallado sin vida en el arroyo. La familia se encuentra en el lugar acompa\u00f1ada por el intendente Ezequiel Galli quien acudi\u00f3 al lugar despu\u00e9s del llamado de confirmaci\u00f3n. En la causa interviene el doctor Lucas Moyano, fiscal subrogante de la Unidad Funcional de Instrucci\u00f3n N\u00ba 4 de Olavarr\u00eda, quien se encuentra trabajando en el lugar.<\/p>\n","protected":false},"excerpt":{"rendered":"<p>Este lunes, en los primeros minutos de la tarde, Pedro Osvaldo Aguirre de 54 a\u00f1os fue hallado sin vida en el arroyo Tapalqu\u00e9 a la altura de la calle Giovanelli debajo del puente colgante. La triste noticia fue confirmada por El Popular y las causas de la muerte son materia investigativa.<\/p>\n","protected":false},"author":3,"featured_media":0,"comment_status":"closed","ping_status":"open","sticky":false,"template":"","format":"standard","meta":{"footnotes":""},"categories":[29],"tags":[],"class_list":["post-44405","post","type-post","status-publish","format-standard","hentry","category-policiales"],"yoast_head":"<!-- This site is optimized with the Yoast SEO plugin v25.9 - https:\/\/yoast.com\/wordpress\/plugins\/seo\/ -->\n<title>Hallaron sin vida en el arroyo Tapalqu\u00e9 al camionero desaparecido en Olavarria. - Noticias Radio Reflejos<\/title>\n<meta name=\"robots\" content=\"index, follow, max-snippet:-1, max-image-preview:large, max-video-preview:-1\" \/>\n<link rel=\"canonical\" href=\"https:\/\/www.noticiasradioreflejos.com.ar\/2021\/hallaron-sin-vida-en-el-arroyo-tapalque-al-camionero-desaparecido-en-olavarria\/\" \/>\n<meta property=\"og:locale\" content=\"es_ES\" \/>\n<meta property=\"og:type\" content=\"article\" \/>\n<meta property=\"og:title\" content=\"Hallaron sin vida en el arroyo Tapalqu\u00e9 al camionero desaparecido en Olavarria. - Noticias Radio Reflejos\" \/>\n<meta property=\"og:description\" content=\"Este lunes, en los primeros minutos de la tarde, Pedro Osvaldo Aguirre de 54 a\u00f1os fue hallado sin vida en el arroyo Tapalqu\u00e9 a la altura de la calle Giovanelli debajo del puente colgante. La triste noticia fue confirmada por El Popular y las causas de la muerte son materia investigativa.\" \/>\n<meta property=\"og:url\" content=\"https:\/\/www.noticiasradioreflejos.com.ar\/2021\/hallaron-sin-vida-en-el-arroyo-tapalque-al-camionero-desaparecido-en-olavarria\/\" \/>\n<meta property=\"og:site_name\" content=\"Noticias Radio Reflejos\" \/>\n<meta property=\"article:published_time\" content=\"2020-07-14T16:16:29+00:00\" \/>\n<meta property=\"og:image\" content=\"https:\/\/www.noticiasradioreflejos.com.ar\/2021\/wp-content\/uploads\/2021\/07\/logosol300x200.png\" \/>\n\t<meta property=\"og:image:width\" content=\"300\" \/>\n\t<meta property=\"og:image:height\" content=\"200\" \/>\n\t<meta property=\"og:image:type\" content=\"image\/png\" \/>\n<meta name=\"author\" content=\"Arnaldo Botto\" \/>\n<meta name=\"twitter:card\" content=\"summary_large_image\" \/>\n<script type=\"application\/ld+json\" class=\"yoast-schema-graph\">{\"@context\":\"https:\/\/schema.org\",\"@graph\":[{\"@type\":\"WebPage\",\"@id\":\"https:\/\/www.noticiasradioreflejos.com.ar\/2021\/hallaron-sin-vida-en-el-arroyo-tapalque-al-camionero-desaparecido-en-olavarria\/\",\"url\":\"https:\/\/www.noticiasradioreflejos.com.ar\/2021\/hallaron-sin-vida-en-el-arroyo-tapalque-al-camionero-desaparecido-en-olavarria\/\",\"name\":\"Hallaron sin vida en el arroyo Tapalqu\u00e9 al camionero desaparecido en Olavarria. - Noticias Radio Reflejos\",\"isPartOf\":{\"@id\":\"https:\/\/www.noticiasradioreflejos.com.ar\/2021\/#website\"},\"datePublished\":\"2020-07-14T16:16:29+00:00\",\"author\":{\"@id\":\"https:\/\/www.noticiasradioreflejos.com.ar\/2021\/#\/schema\/person\/ad82545263dcc5ec0996818884fd5fb1\"},\"breadcrumb\":{\"@id\":\"https:\/\/www.noticiasradioreflejos.com.ar\/2021\/hallaron-sin-vida-en-el-arroyo-tapalque-al-camionero-desaparecido-en-olavarria\/#breadcrumb\"},\"inLanguage\":\"es\",\"potentialAction\":[{\"@type\":\"ReadAction\",\"target\":[\"https:\/\/www.noticiasradioreflejos.com.ar\/2021\/hallaron-sin-vida-en-el-arroyo-tapalque-al-camionero-desaparecido-en-olavarria\/\"]}]},{\"@type\":\"BreadcrumbList\",\"@id\":\"https:\/\/www.noticiasradioreflejos.com.ar\/2021\/hallaron-sin-vida-en-el-arroyo-tapalque-al-camionero-desaparecido-en-olavarria\/#breadcrumb\",\"itemListElement\":[{\"@type\":\"ListItem\",\"position\":1,\"name\":\"Portada\",\"item\":\"https:\/\/www.noticiasradioreflejos.com.ar\/2021\/\"},{\"@type\":\"ListItem\",\"position\":2,\"name\":\"Hallaron sin vida en el arroyo Tapalqu\u00e9 al camionero desaparecido en Olavarria.\"}]},{\"@type\":\"WebSite\",\"@id\":\"https:\/\/www.noticiasradioreflejos.com.ar\/2021\/#website\",\"url\":\"https:\/\/www.noticiasradioreflejos.com.ar\/2021\/\",\"name\":\"Noticias Radio Reflejos\",\"description\":\"Las noticias de mi comarca\",\"potentialAction\":[{\"@type\":\"SearchAction\",\"target\":{\"@type\":\"EntryPoint\",\"urlTemplate\":\"https:\/\/www.noticiasradioreflejos.com.ar\/2021\/?s={search_term_string}\"},\"query-input\":{\"@type\":\"PropertyValueSpecification\",\"valueRequired\":true,\"valueName\":\"search_term_string\"}}],\"inLanguage\":\"es\"},{\"@type\":\"Person\",\"@id\":\"https:\/\/www.noticiasradioreflejos.com.ar\/2021\/#\/schema\/person\/ad82545263dcc5ec0996818884fd5fb1\",\"name\":\"Arnaldo Botto\",\"image\":{\"@type\":\"ImageObject\",\"inLanguage\":\"es\",\"@id\":\"https:\/\/www.noticiasradioreflejos.com.ar\/2021\/#\/schema\/person\/image\/\",\"url\":\"https:\/\/secure.gravatar.com\/avatar\/55cb5e37c1efa326397366e6974cb338056df65cb50e7d64d1cf314e87504837?s=96&d=mm&r=g\",\"contentUrl\":\"https:\/\/secure.gravatar.com\/avatar\/55cb5e37c1efa326397366e6974cb338056df65cb50e7d64d1cf314e87504837?s=96&d=mm&r=g\",\"caption\":\"Arnaldo Botto\"},\"url\":\"https:\/\/www.noticiasradioreflejos.com.ar\/2021\/author\/arnaldo\/\"}]}<\/script>\n<!-- \/ Yoast SEO plugin. -->","yoast_head_json":{"title":"Hallaron sin vida en el arroyo Tapalqu\u00e9 al camionero desaparecido en Olavarria. - Noticias Radio Reflejos","robots":{"index":"index","follow":"follow","max-snippet":"max-snippet:-1","max-image-preview":"max-image-preview:large","max-video-preview":"max-video-preview:-1"},"canonical":"https:\/\/www.noticiasradioreflejos.com.ar\/2021\/hallaron-sin-vida-en-el-arroyo-tapalque-al-camionero-desaparecido-en-olavarria\/","og_locale":"es_ES","og_type":"article","og_title":"Hallaron sin vida en el arroyo Tapalqu\u00e9 al camionero desaparecido en Olavarria. - Noticias Radio Reflejos","og_description":"Este lunes, en los primeros minutos de la tarde, Pedro Osvaldo Aguirre de 54 a\u00f1os fue hallado sin vida en el arroyo Tapalqu\u00e9 a la altura de la calle Giovanelli debajo del puente colgante. La triste noticia fue confirmada por El Popular y las causas de la muerte son materia investigativa.","og_url":"https:\/\/www.noticiasradioreflejos.com.ar\/2021\/hallaron-sin-vida-en-el-arroyo-tapalque-al-camionero-desaparecido-en-olavarria\/","og_site_name":"Noticias Radio Reflejos","article_published_time":"2020-07-14T16:16:29+00:00","og_image":[{"width":300,"height":200,"url":"https:\/\/www.noticiasradioreflejos.com.ar\/2021\/wp-content\/uploads\/2021\/07\/logosol300x200.png","type":"image\/png"}],"author":"Arnaldo Botto","twitter_card":"summary_large_image","schema":{"@context":"https:\/\/schema.org","@graph":[{"@type":"WebPage","@id":"https:\/\/www.noticiasradioreflejos.com.ar\/2021\/hallaron-sin-vida-en-el-arroyo-tapalque-al-camionero-desaparecido-en-olavarria\/","url":"https:\/\/www.noticiasradioreflejos.com.ar\/2021\/hallaron-sin-vida-en-el-arroyo-tapalque-al-camionero-desaparecido-en-olavarria\/","name":"Hallaron sin vida en el arroyo Tapalqu\u00e9 al camionero desaparecido en Olavarria. - Noticias Radio Reflejos","isPartOf":{"@id":"https:\/\/www.noticiasradioreflejos.com.ar\/2021\/#website"},"datePublished":"2020-07-14T16:16:29+00:00","author":{"@id":"https:\/\/www.noticiasradioreflejos.com.ar\/2021\/#\/schema\/person\/ad82545263dcc5ec0996818884fd5fb1"},"breadcrumb":{"@id":"https:\/\/www.noticiasradioreflejos.com.ar\/2021\/hallaron-sin-vida-en-el-arroyo-tapalque-al-camionero-desaparecido-en-olavarria\/#breadcrumb"},"inLanguage":"es","potentialAction":[{"@type":"ReadAction","target":["https:\/\/www.noticiasradioreflejos.com.ar\/2021\/hallaron-sin-vida-en-el-arroyo-tapalque-al-camionero-desaparecido-en-olavarria\/"]}]},{"@type":"BreadcrumbList","@id":"https:\/\/www.noticiasradioreflejos.com.ar\/2021\/hallaron-sin-vida-en-el-arroyo-tapalque-al-camionero-desaparecido-en-olavarria\/#breadcrumb","itemListElement":[{"@type":"ListItem","position":1,"name":"Portada","item":"https:\/\/www.noticiasradioreflejos.com.ar\/2021\/"},{"@type":"ListItem","position":2,"name":"Hallaron sin vida en el arroyo Tapalqu\u00e9 al camionero desaparecido en Olavarria."}]},{"@type":"WebSite","@id":"https:\/\/www.noticiasradioreflejos.com.ar\/2021\/#website","url":"https:\/\/www.noticiasradioreflejos.com.ar\/2021\/","name":"Noticias Radio Reflejos","description":"Las noticias de mi comarca","potentialAction":[{"@type":"SearchAction","target":{"@type":"EntryPoint","urlTemplate":"https:\/\/www.noticiasradioreflejos.com.ar\/2021\/?s={search_term_string}"},"query-input":{"@type":"PropertyValueSpecification","valueRequired":true,"valueName":"search_term_string"}}],"inLanguage":"es"},{"@type":"Person","@id":"https:\/\/www.noticiasradioreflejos.com.ar\/2021\/#\/schema\/person\/ad82545263dcc5ec0996818884fd5fb1","name":"Arnaldo Botto","image":{"@type":"ImageObject","inLanguage":"es","@id":"https:\/\/www.noticiasradioreflejos.com.ar\/2021\/#\/schema\/person\/image\/","url":"https:\/\/secure.gravatar.com\/avatar\/55cb5e37c1efa326397366e6974cb338056df65cb50e7d64d1cf314e87504837?s=96&d=mm&r=g","contentUrl":"https:\/\/secure.gravatar.com\/avatar\/55cb5e37c1efa326397366e6974cb338056df65cb50e7d64d1cf314e87504837?s=96&d=mm&r=g","caption":"Arnaldo Botto"},"url":"https:\/\/www.noticiasradioreflejos.com.ar\/2021\/author\/arnaldo\/"}]}},"_links":{"self":[{"href":"https:\/\/www.noticiasradioreflejos.com.ar\/2021\/wp-json\/wp\/v2\/posts\/44405","targetHints":{"allow":["GET"]}}],"collection":[{"href":"https:\/\/www.noticiasradioreflejos.com.ar\/2021\/wp-json\/wp\/v2\/posts"}],"about":[{"href":"https:\/\/www.noticiasradioreflejos.com.ar\/2021\/wp-json\/wp\/v2\/types\/post"}],"author":[{"embeddable":true,"href":"https:\/\/www.noticiasradioreflejos.com.ar\/2021\/wp-json\/wp\/v2\/users\/3"}],"replies":[{"embeddable":true,"href":"https:\/\/www.noticiasradioreflejos.com.ar\/2021\/wp-json\/wp\/v2\/comments?post=44405"}],"version-history":[{"count":0,"href":"https:\/\/www.noticiasradioreflejos.com.ar\/2021\/wp-json\/wp\/v2\/posts\/44405\/revisions"}],"wp:attachment":[{"href":"https:\/\/www.noticiasradioreflejos.com.ar\/2021\/wp-json\/wp\/v2\/media?parent=44405"}],"wp:term":[{"taxonomy":"category","embeddable":true,"href":"https:\/\/www.noticiasradioreflejos.com.ar\/2021\/wp-json\/wp\/v2\/categories?post=44405"},{"taxonomy":"post_tag","embeddable":true,"href":"https:\/\/www.noticiasradioreflejos.com.ar\/2021\/wp-json\/wp\/v2\/tags?post=44405"}],"curies":[{"name":"wp","href":"https:\/\/api.w.org\/{rel}","templated":true}]}}