{"id":44394,"date":"2020-07-14T11:51:46","date_gmt":"2020-07-14T14:51:46","guid":{"rendered":"http:\/\/www.noticiasradioreflejos.com.ar\/noticias\/?p=44394"},"modified":"2020-07-14T11:51:46","modified_gmt":"2020-07-14T14:51:46","slug":"confio-en-que-los-perros-encontraran-el-cuerpo-de-mi-hijo","status":"publish","type":"post","link":"https:\/\/www.noticiasradioreflejos.com.ar\/2021\/confio-en-que-los-perros-encontraran-el-cuerpo-de-mi-hijo\/","title":{"rendered":"\u00abConf\u00edo en que los perros encontrar\u00e1n el cuerpo de mi hijo\u00bb"},"content":{"rendered":"<p>En su desgarrador relato, Cristina Castro perdi\u00f3 toda esperanza de hallar con vida al joven de 22 a\u00f1os. Y revel\u00f3. \u00abDespu\u00e9s del mediod\u00eda dar\u00e9 a conocer los nombres de los dos polic\u00edas que se lo llevaron\u00bb.<!--more--><br \/>\nCristina Castro brind\u00f3 fuertes declaraciones esta ma\u00f1ana en la puerta de la Fiscal\u00eda Federal bahiense y, sumida en el dolor por la desaparici\u00f3n de Facundo Castro Astudillo, mencion\u00f3 en rueda de prensa que \u00abconf\u00edo en que los perros van a encontrar el cuerpo de mi hijo\u00bb.<br \/>\n\u00abA nuestra teor\u00eda le falta muy poco para tener totalmente identificados a las dos personas que sabemos que se llevaron a Facu y las queremos presas, al igual que a todos los encubridores que son tan desaparecedores como quienes se llevaron a mi hijo\u00bb, enfatiz\u00f3 la mujer, en el audio obtenido por el m\u00f3vil del programa radial \u00abTal Cual Es\u00bb que se emite por LA BR\u00daJULA 24.<br \/>\n<a title=\"panfletofacundo\" href=\"http:\/\/live.staticflickr.com\/65535\/50112039246_cc41525c22_s.jpg\" rel=\"\"><img loading=\"lazy\" decoding=\"async\" class=\"alignleft\" style=\"float: left;\" title=\"panfletofacundo\" src=\"http:\/\/live.staticflickr.com\/65535\/50112039246_cc41525c22_z.jpg\" alt=\"panfletofacundo\" width=\"640\" height=\"480\" \/><\/a>Y agreg\u00f3: \u00abPed\u00ed que por favor participe de los rastrillajes Marcos Herrero y venga con sus perros. \u00c9l ya particip\u00f3 en muchos casos y estoy segura de que podr\u00e1 encontrar el cuerpo de mi hijo. Desde un principio ven\u00edamos pidiendo que la Justicia Federal se haga cargo de la investigaci\u00f3n\u00bb.<br \/>\n\u00abTuvieron que pasar muchos d\u00edas para que nos escuchen y poder sacar a la Bonaerense del medio. Hoy quienes est\u00e1n abocados a la b\u00fasqueda tienen muy buena predisposici\u00f3n y est\u00e1n preparados, creo en ellos. No obstante, conf\u00edo m\u00e1s en los perros que en las personas\u00bb, sostuvo Cristina, en la improvisada rueda de prensa.<br \/>\nSobre los trabajos de rastrillaje que se vienen llevando adelante en estas horas, recalc\u00f3: \u00abLa b\u00fasqueda no se va a centrar solo en Teniente Origone, luego el radio se va a ampliar. Entregu\u00e9 prendas de mi hijo a los perros que trajeron las fuerzas federales, no como ocurri\u00f3 ac\u00e1 en Bah\u00eda que hicieron rastrillaje y no s\u00e9 de d\u00f3nde sacaron la ropa de \u00e9l\u00bb.<br \/>\n\u00abLos dos hombres que subieron a mi hijo arriba del auto el 30 de abril no se presentaron a declarar pertenecen a la Bonarense y se lo llevaron en un veh\u00edculo de dicha fuerza\u00bb, cerr\u00f3 la mam\u00e1 del chico de Pedro Luro que lleva 75 d\u00edas desaparecido.<\/p>\n<p>Audio de la nota:<br \/>\n<iframe loading=\"lazy\" src=\"\/\/ar.radiocut.fm\/audiocut\/embed\/mini\/movil-brujula-24-5572\/\" width=\"100%\" height=\"65px\" frameborder=\"no\" scrolling=\"no\"><\/iframe><\/p>\n","protected":false},"excerpt":{"rendered":"<p>En su desgarrador relato, Cristina Castro perdi\u00f3 toda esperanza de hallar con vida al joven de 22 a\u00f1os. Y revel\u00f3. \u00abDespu\u00e9s del mediod\u00eda dar\u00e9 a conocer los nombres de los dos polic\u00edas que se lo llevaron\u00bb.<\/p>\n","protected":false},"author":3,"featured_media":0,"comment_status":"closed","ping_status":"open","sticky":false,"template":"","format":"standard","meta":{"footnotes":""},"categories":[29],"tags":[],"class_list":["post-44394","post","type-post","status-publish","format-standard","hentry","category-policiales"],"yoast_head":"<!-- This site is optimized with the Yoast SEO plugin v25.9 - https:\/\/yoast.com\/wordpress\/plugins\/seo\/ -->\n<title>&quot;Conf\u00edo en que los perros encontrar\u00e1n el cuerpo de mi hijo&quot; - Noticias Radio Reflejos<\/title>\n<meta name=\"robots\" content=\"index, follow, max-snippet:-1, max-image-preview:large, max-video-preview:-1\" \/>\n<link rel=\"canonical\" href=\"https:\/\/www.noticiasradioreflejos.com.ar\/2021\/confio-en-que-los-perros-encontraran-el-cuerpo-de-mi-hijo\/\" \/>\n<meta property=\"og:locale\" content=\"es_ES\" \/>\n<meta property=\"og:type\" content=\"article\" \/>\n<meta property=\"og:title\" content=\"&quot;Conf\u00edo en que los perros encontrar\u00e1n el cuerpo de mi hijo&quot; - Noticias Radio Reflejos\" \/>\n<meta property=\"og:description\" content=\"En su desgarrador relato, Cristina Castro perdi\u00f3 toda esperanza de hallar con vida al joven de 22 a\u00f1os. Y revel\u00f3. \u00abDespu\u00e9s del mediod\u00eda dar\u00e9 a conocer los nombres de los dos polic\u00edas que se lo llevaron\u00bb.\" \/>\n<meta property=\"og:url\" content=\"https:\/\/www.noticiasradioreflejos.com.ar\/2021\/confio-en-que-los-perros-encontraran-el-cuerpo-de-mi-hijo\/\" \/>\n<meta property=\"og:site_name\" content=\"Noticias Radio Reflejos\" \/>\n<meta property=\"article:published_time\" content=\"2020-07-14T14:51:46+00:00\" \/>\n<meta property=\"og:image\" content=\"http:\/\/live.staticflickr.com\/65535\/50112039246_cc41525c22_z.jpg\" \/>\n<meta name=\"author\" content=\"Arnaldo Botto\" \/>\n<meta name=\"twitter:card\" content=\"summary_large_image\" \/>\n<script type=\"application\/ld+json\" class=\"yoast-schema-graph\">{\"@context\":\"https:\/\/schema.org\",\"@graph\":[{\"@type\":\"WebPage\",\"@id\":\"https:\/\/www.noticiasradioreflejos.com.ar\/2021\/confio-en-que-los-perros-encontraran-el-cuerpo-de-mi-hijo\/\",\"url\":\"https:\/\/www.noticiasradioreflejos.com.ar\/2021\/confio-en-que-los-perros-encontraran-el-cuerpo-de-mi-hijo\/\",\"name\":\"\\\"Conf\u00edo en que los perros encontrar\u00e1n el cuerpo de mi hijo\\\" - Noticias Radio Reflejos\",\"isPartOf\":{\"@id\":\"https:\/\/www.noticiasradioreflejos.com.ar\/2021\/#website\"},\"primaryImageOfPage\":{\"@id\":\"https:\/\/www.noticiasradioreflejos.com.ar\/2021\/confio-en-que-los-perros-encontraran-el-cuerpo-de-mi-hijo\/#primaryimage\"},\"image\":{\"@id\":\"https:\/\/www.noticiasradioreflejos.com.ar\/2021\/confio-en-que-los-perros-encontraran-el-cuerpo-de-mi-hijo\/#primaryimage\"},\"thumbnailUrl\":\"http:\/\/live.staticflickr.com\/65535\/50112039246_cc41525c22_z.jpg\",\"datePublished\":\"2020-07-14T14:51:46+00:00\",\"author\":{\"@id\":\"https:\/\/www.noticiasradioreflejos.com.ar\/2021\/#\/schema\/person\/ad82545263dcc5ec0996818884fd5fb1\"},\"breadcrumb\":{\"@id\":\"https:\/\/www.noticiasradioreflejos.com.ar\/2021\/confio-en-que-los-perros-encontraran-el-cuerpo-de-mi-hijo\/#breadcrumb\"},\"inLanguage\":\"es\",\"potentialAction\":[{\"@type\":\"ReadAction\",\"target\":[\"https:\/\/www.noticiasradioreflejos.com.ar\/2021\/confio-en-que-los-perros-encontraran-el-cuerpo-de-mi-hijo\/\"]}]},{\"@type\":\"ImageObject\",\"inLanguage\":\"es\",\"@id\":\"https:\/\/www.noticiasradioreflejos.com.ar\/2021\/confio-en-que-los-perros-encontraran-el-cuerpo-de-mi-hijo\/#primaryimage\",\"url\":\"http:\/\/live.staticflickr.com\/65535\/50112039246_cc41525c22_z.jpg\",\"contentUrl\":\"http:\/\/live.staticflickr.com\/65535\/50112039246_cc41525c22_z.jpg\"},{\"@type\":\"BreadcrumbList\",\"@id\":\"https:\/\/www.noticiasradioreflejos.com.ar\/2021\/confio-en-que-los-perros-encontraran-el-cuerpo-de-mi-hijo\/#breadcrumb\",\"itemListElement\":[{\"@type\":\"ListItem\",\"position\":1,\"name\":\"Portada\",\"item\":\"https:\/\/www.noticiasradioreflejos.com.ar\/2021\/\"},{\"@type\":\"ListItem\",\"position\":2,\"name\":\"\u00abConf\u00edo en que los perros encontrar\u00e1n el cuerpo de mi hijo\u00bb\"}]},{\"@type\":\"WebSite\",\"@id\":\"https:\/\/www.noticiasradioreflejos.com.ar\/2021\/#website\",\"url\":\"https:\/\/www.noticiasradioreflejos.com.ar\/2021\/\",\"name\":\"Noticias Radio Reflejos\",\"description\":\"Las noticias de mi comarca\",\"potentialAction\":[{\"@type\":\"SearchAction\",\"target\":{\"@type\":\"EntryPoint\",\"urlTemplate\":\"https:\/\/www.noticiasradioreflejos.com.ar\/2021\/?s={search_term_string}\"},\"query-input\":{\"@type\":\"PropertyValueSpecification\",\"valueRequired\":true,\"valueName\":\"search_term_string\"}}],\"inLanguage\":\"es\"},{\"@type\":\"Person\",\"@id\":\"https:\/\/www.noticiasradioreflejos.com.ar\/2021\/#\/schema\/person\/ad82545263dcc5ec0996818884fd5fb1\",\"name\":\"Arnaldo Botto\",\"image\":{\"@type\":\"ImageObject\",\"inLanguage\":\"es\",\"@id\":\"https:\/\/www.noticiasradioreflejos.com.ar\/2021\/#\/schema\/person\/image\/\",\"url\":\"https:\/\/secure.gravatar.com\/avatar\/55cb5e37c1efa326397366e6974cb338056df65cb50e7d64d1cf314e87504837?s=96&d=mm&r=g\",\"contentUrl\":\"https:\/\/secure.gravatar.com\/avatar\/55cb5e37c1efa326397366e6974cb338056df65cb50e7d64d1cf314e87504837?s=96&d=mm&r=g\",\"caption\":\"Arnaldo Botto\"},\"url\":\"https:\/\/www.noticiasradioreflejos.com.ar\/2021\/author\/arnaldo\/\"}]}<\/script>\n<!-- \/ Yoast SEO plugin. -->","yoast_head_json":{"title":"\"Conf\u00edo en que los perros encontrar\u00e1n el cuerpo de mi hijo\" - Noticias Radio Reflejos","robots":{"index":"index","follow":"follow","max-snippet":"max-snippet:-1","max-image-preview":"max-image-preview:large","max-video-preview":"max-video-preview:-1"},"canonical":"https:\/\/www.noticiasradioreflejos.com.ar\/2021\/confio-en-que-los-perros-encontraran-el-cuerpo-de-mi-hijo\/","og_locale":"es_ES","og_type":"article","og_title":"\"Conf\u00edo en que los perros encontrar\u00e1n el cuerpo de mi hijo\" - Noticias Radio Reflejos","og_description":"En su desgarrador relato, Cristina Castro perdi\u00f3 toda esperanza de hallar con vida al joven de 22 a\u00f1os. Y revel\u00f3. \u00abDespu\u00e9s del mediod\u00eda dar\u00e9 a conocer los nombres de los dos polic\u00edas que se lo llevaron\u00bb.","og_url":"https:\/\/www.noticiasradioreflejos.com.ar\/2021\/confio-en-que-los-perros-encontraran-el-cuerpo-de-mi-hijo\/","og_site_name":"Noticias Radio Reflejos","article_published_time":"2020-07-14T14:51:46+00:00","og_image":[{"url":"http:\/\/live.staticflickr.com\/65535\/50112039246_cc41525c22_z.jpg","type":"","width":"","height":""}],"author":"Arnaldo Botto","twitter_card":"summary_large_image","schema":{"@context":"https:\/\/schema.org","@graph":[{"@type":"WebPage","@id":"https:\/\/www.noticiasradioreflejos.com.ar\/2021\/confio-en-que-los-perros-encontraran-el-cuerpo-de-mi-hijo\/","url":"https:\/\/www.noticiasradioreflejos.com.ar\/2021\/confio-en-que-los-perros-encontraran-el-cuerpo-de-mi-hijo\/","name":"\"Conf\u00edo en que los perros encontrar\u00e1n el cuerpo de mi hijo\" - Noticias Radio Reflejos","isPartOf":{"@id":"https:\/\/www.noticiasradioreflejos.com.ar\/2021\/#website"},"primaryImageOfPage":{"@id":"https:\/\/www.noticiasradioreflejos.com.ar\/2021\/confio-en-que-los-perros-encontraran-el-cuerpo-de-mi-hijo\/#primaryimage"},"image":{"@id":"https:\/\/www.noticiasradioreflejos.com.ar\/2021\/confio-en-que-los-perros-encontraran-el-cuerpo-de-mi-hijo\/#primaryimage"},"thumbnailUrl":"http:\/\/live.staticflickr.com\/65535\/50112039246_cc41525c22_z.jpg","datePublished":"2020-07-14T14:51:46+00:00","author":{"@id":"https:\/\/www.noticiasradioreflejos.com.ar\/2021\/#\/schema\/person\/ad82545263dcc5ec0996818884fd5fb1"},"breadcrumb":{"@id":"https:\/\/www.noticiasradioreflejos.com.ar\/2021\/confio-en-que-los-perros-encontraran-el-cuerpo-de-mi-hijo\/#breadcrumb"},"inLanguage":"es","potentialAction":[{"@type":"ReadAction","target":["https:\/\/www.noticiasradioreflejos.com.ar\/2021\/confio-en-que-los-perros-encontraran-el-cuerpo-de-mi-hijo\/"]}]},{"@type":"ImageObject","inLanguage":"es","@id":"https:\/\/www.noticiasradioreflejos.com.ar\/2021\/confio-en-que-los-perros-encontraran-el-cuerpo-de-mi-hijo\/#primaryimage","url":"http:\/\/live.staticflickr.com\/65535\/50112039246_cc41525c22_z.jpg","contentUrl":"http:\/\/live.staticflickr.com\/65535\/50112039246_cc41525c22_z.jpg"},{"@type":"BreadcrumbList","@id":"https:\/\/www.noticiasradioreflejos.com.ar\/2021\/confio-en-que-los-perros-encontraran-el-cuerpo-de-mi-hijo\/#breadcrumb","itemListElement":[{"@type":"ListItem","position":1,"name":"Portada","item":"https:\/\/www.noticiasradioreflejos.com.ar\/2021\/"},{"@type":"ListItem","position":2,"name":"\u00abConf\u00edo en que los perros encontrar\u00e1n el cuerpo de mi hijo\u00bb"}]},{"@type":"WebSite","@id":"https:\/\/www.noticiasradioreflejos.com.ar\/2021\/#website","url":"https:\/\/www.noticiasradioreflejos.com.ar\/2021\/","name":"Noticias Radio Reflejos","description":"Las noticias de mi comarca","potentialAction":[{"@type":"SearchAction","target":{"@type":"EntryPoint","urlTemplate":"https:\/\/www.noticiasradioreflejos.com.ar\/2021\/?s={search_term_string}"},"query-input":{"@type":"PropertyValueSpecification","valueRequired":true,"valueName":"search_term_string"}}],"inLanguage":"es"},{"@type":"Person","@id":"https:\/\/www.noticiasradioreflejos.com.ar\/2021\/#\/schema\/person\/ad82545263dcc5ec0996818884fd5fb1","name":"Arnaldo Botto","image":{"@type":"ImageObject","inLanguage":"es","@id":"https:\/\/www.noticiasradioreflejos.com.ar\/2021\/#\/schema\/person\/image\/","url":"https:\/\/secure.gravatar.com\/avatar\/55cb5e37c1efa326397366e6974cb338056df65cb50e7d64d1cf314e87504837?s=96&d=mm&r=g","contentUrl":"https:\/\/secure.gravatar.com\/avatar\/55cb5e37c1efa326397366e6974cb338056df65cb50e7d64d1cf314e87504837?s=96&d=mm&r=g","caption":"Arnaldo Botto"},"url":"https:\/\/www.noticiasradioreflejos.com.ar\/2021\/author\/arnaldo\/"}]}},"_links":{"self":[{"href":"https:\/\/www.noticiasradioreflejos.com.ar\/2021\/wp-json\/wp\/v2\/posts\/44394","targetHints":{"allow":["GET"]}}],"collection":[{"href":"https:\/\/www.noticiasradioreflejos.com.ar\/2021\/wp-json\/wp\/v2\/posts"}],"about":[{"href":"https:\/\/www.noticiasradioreflejos.com.ar\/2021\/wp-json\/wp\/v2\/types\/post"}],"author":[{"embeddable":true,"href":"https:\/\/www.noticiasradioreflejos.com.ar\/2021\/wp-json\/wp\/v2\/users\/3"}],"replies":[{"embeddable":true,"href":"https:\/\/www.noticiasradioreflejos.com.ar\/2021\/wp-json\/wp\/v2\/comments?post=44394"}],"version-history":[{"count":0,"href":"https:\/\/www.noticiasradioreflejos.com.ar\/2021\/wp-json\/wp\/v2\/posts\/44394\/revisions"}],"wp:attachment":[{"href":"https:\/\/www.noticiasradioreflejos.com.ar\/2021\/wp-json\/wp\/v2\/media?parent=44394"}],"wp:term":[{"taxonomy":"category","embeddable":true,"href":"https:\/\/www.noticiasradioreflejos.com.ar\/2021\/wp-json\/wp\/v2\/categories?post=44394"},{"taxonomy":"post_tag","embeddable":true,"href":"https:\/\/www.noticiasradioreflejos.com.ar\/2021\/wp-json\/wp\/v2\/tags?post=44394"}],"curies":[{"name":"wp","href":"https:\/\/api.w.org\/{rel}","templated":true}]}}