{"id":44392,"date":"2020-07-14T10:21:03","date_gmt":"2020-07-14T13:21:03","guid":{"rendered":"http:\/\/www.noticiasradioreflejos.com.ar\/noticias\/?p=44392"},"modified":"2020-07-14T10:21:03","modified_gmt":"2020-07-14T13:21:03","slug":"confirman-cinco-casos-positivos-de-coronavirus-en-un-geriatrico-de-bahia-blanca","status":"publish","type":"post","link":"https:\/\/www.noticiasradioreflejos.com.ar\/2021\/confirman-cinco-casos-positivos-de-coronavirus-en-un-geriatrico-de-bahia-blanca\/","title":{"rendered":"Confirman cinco casos positivos de coronavirus en un geri\u00e1trico de Bah\u00eda Blanca"},"content":{"rendered":"<p>Las autoridades sanitarias de Bah\u00eda Blanca confirmaron hoy que se registraron cinco casos positivos de coronavirus en un geri\u00e1trico de esta ciudad del sur bonaerense.<!--more--><br \/>\nSe trata de una vivienda donde funciona un geri\u00e1trico en etapa de registro administrativo y en el cual residen cinco adultos mayores, junto a una mujer y su hija que est\u00e1n encargadas del lugar.<\/p>\n<p>Al respecto, el director de Regi\u00f3n Sanitaria 1, Maximiliano \u00d1unez Fari\u00f1a, explic\u00f3 hoy a T\u00e9lam que, \u00abde los cinco adultos mayores, cuatro dieron positivos ayer y se encuentran internados en centros asistenciales\u00bb.<\/p>\n<p>\u00abTambi\u00e9n una de las mujeres encargadas de la vivienda dio positivo, por lo que junto a su madre, a la que no se efectu\u00f3 el testeo, estar\u00e1n aisladas en el lugar\u00bb, expres\u00f3.<\/p>\n<p>En ese sentido, el funcionario coment\u00f3 que todo comenz\u00f3 el pasado viernes cuando fue detectado un caso \u00aba partir de un cruce con un brote en otro lugar, por lo que se hizo un estudio epidemiol\u00f3gico\u00bb.<\/p>\n<p>\u00abEl fin de semana, como uno de los adultos present\u00f3 sintomatolog\u00eda, se procedi\u00f3 a realizar el protocolo y el traslado a centros asistenciales\u00bb, agreg\u00f3.<\/p>\n<p>Adem\u00e1s, el funcionario afirm\u00f3 que \u00abcuatro adultos mayores dieron positivo, en tanto que el restante aun no tuvo s\u00edntomas y se proceder\u00e1 a efectuar el testeo en las pr\u00f3ximas horas\u00bb.<\/p>\n<p>Por su parte, el Comit\u00e9 de Contingencia inform\u00f3 esta ma\u00f1ana en su \u00faltimo reporte que en Bah\u00eda Banca fueron confirmados 9 casos nuevos de Covid-19.<\/p>\n<p>En total hay 291 confirmados, de los cu\u00e1les 178 est\u00e1n activos, 104 se recuperaron y fueron dados de alta, y los restantes nueve fallecieron.\u202c<\/p>\n<p>\u00abEl \u202atiempo de duplicaci\u00f3n de casos confirmados es de 9 d\u00edas\u00bb, agreg\u00f3 el Comit\u00e9 en su informaci\u00f3n oficial.\u202c<\/p>\n","protected":false},"excerpt":{"rendered":"<p>Las autoridades sanitarias de Bah\u00eda Blanca confirmaron hoy que se registraron cinco casos positivos de coronavirus en un geri\u00e1trico de esta ciudad del sur bonaerense.<\/p>\n","protected":false},"author":3,"featured_media":0,"comment_status":"closed","ping_status":"open","sticky":false,"template":"","format":"standard","meta":{"footnotes":""},"categories":[30],"tags":[],"class_list":["post-44392","post","type-post","status-publish","format-standard","hentry","category-salud"],"yoast_head":"<!-- This site is optimized with the Yoast SEO plugin v25.9 - https:\/\/yoast.com\/wordpress\/plugins\/seo\/ -->\n<title>Confirman cinco casos positivos de coronavirus en un geri\u00e1trico de Bah\u00eda Blanca - Noticias Radio Reflejos<\/title>\n<meta name=\"robots\" content=\"index, follow, max-snippet:-1, max-image-preview:large, max-video-preview:-1\" \/>\n<link rel=\"canonical\" href=\"https:\/\/www.noticiasradioreflejos.com.ar\/2021\/confirman-cinco-casos-positivos-de-coronavirus-en-un-geriatrico-de-bahia-blanca\/\" \/>\n<meta property=\"og:locale\" content=\"es_ES\" \/>\n<meta property=\"og:type\" content=\"article\" \/>\n<meta property=\"og:title\" content=\"Confirman cinco casos positivos de coronavirus en un geri\u00e1trico de Bah\u00eda Blanca - Noticias Radio Reflejos\" \/>\n<meta property=\"og:description\" content=\"Las autoridades sanitarias de Bah\u00eda Blanca confirmaron hoy que se registraron cinco casos positivos de coronavirus en un geri\u00e1trico de esta ciudad del sur bonaerense.\" \/>\n<meta property=\"og:url\" content=\"https:\/\/www.noticiasradioreflejos.com.ar\/2021\/confirman-cinco-casos-positivos-de-coronavirus-en-un-geriatrico-de-bahia-blanca\/\" \/>\n<meta property=\"og:site_name\" content=\"Noticias Radio Reflejos\" \/>\n<meta property=\"article:published_time\" content=\"2020-07-14T13:21:03+00:00\" \/>\n<meta property=\"og:image\" content=\"https:\/\/www.noticiasradioreflejos.com.ar\/2021\/wp-content\/uploads\/2021\/07\/logosol300x200.png\" \/>\n\t<meta property=\"og:image:width\" content=\"300\" \/>\n\t<meta property=\"og:image:height\" content=\"200\" \/>\n\t<meta property=\"og:image:type\" content=\"image\/png\" \/>\n<meta name=\"author\" content=\"Arnaldo Botto\" \/>\n<meta name=\"twitter:card\" content=\"summary_large_image\" \/>\n<script type=\"application\/ld+json\" class=\"yoast-schema-graph\">{\"@context\":\"https:\/\/schema.org\",\"@graph\":[{\"@type\":\"WebPage\",\"@id\":\"https:\/\/www.noticiasradioreflejos.com.ar\/2021\/confirman-cinco-casos-positivos-de-coronavirus-en-un-geriatrico-de-bahia-blanca\/\",\"url\":\"https:\/\/www.noticiasradioreflejos.com.ar\/2021\/confirman-cinco-casos-positivos-de-coronavirus-en-un-geriatrico-de-bahia-blanca\/\",\"name\":\"Confirman cinco casos positivos de coronavirus en un geri\u00e1trico de Bah\u00eda Blanca - Noticias Radio Reflejos\",\"isPartOf\":{\"@id\":\"https:\/\/www.noticiasradioreflejos.com.ar\/2021\/#website\"},\"datePublished\":\"2020-07-14T13:21:03+00:00\",\"author\":{\"@id\":\"https:\/\/www.noticiasradioreflejos.com.ar\/2021\/#\/schema\/person\/ad82545263dcc5ec0996818884fd5fb1\"},\"breadcrumb\":{\"@id\":\"https:\/\/www.noticiasradioreflejos.com.ar\/2021\/confirman-cinco-casos-positivos-de-coronavirus-en-un-geriatrico-de-bahia-blanca\/#breadcrumb\"},\"inLanguage\":\"es\",\"potentialAction\":[{\"@type\":\"ReadAction\",\"target\":[\"https:\/\/www.noticiasradioreflejos.com.ar\/2021\/confirman-cinco-casos-positivos-de-coronavirus-en-un-geriatrico-de-bahia-blanca\/\"]}]},{\"@type\":\"BreadcrumbList\",\"@id\":\"https:\/\/www.noticiasradioreflejos.com.ar\/2021\/confirman-cinco-casos-positivos-de-coronavirus-en-un-geriatrico-de-bahia-blanca\/#breadcrumb\",\"itemListElement\":[{\"@type\":\"ListItem\",\"position\":1,\"name\":\"Portada\",\"item\":\"https:\/\/www.noticiasradioreflejos.com.ar\/2021\/\"},{\"@type\":\"ListItem\",\"position\":2,\"name\":\"Confirman cinco casos positivos de coronavirus en un geri\u00e1trico de Bah\u00eda Blanca\"}]},{\"@type\":\"WebSite\",\"@id\":\"https:\/\/www.noticiasradioreflejos.com.ar\/2021\/#website\",\"url\":\"https:\/\/www.noticiasradioreflejos.com.ar\/2021\/\",\"name\":\"Noticias Radio Reflejos\",\"description\":\"Las noticias de mi comarca\",\"potentialAction\":[{\"@type\":\"SearchAction\",\"target\":{\"@type\":\"EntryPoint\",\"urlTemplate\":\"https:\/\/www.noticiasradioreflejos.com.ar\/2021\/?s={search_term_string}\"},\"query-input\":{\"@type\":\"PropertyValueSpecification\",\"valueRequired\":true,\"valueName\":\"search_term_string\"}}],\"inLanguage\":\"es\"},{\"@type\":\"Person\",\"@id\":\"https:\/\/www.noticiasradioreflejos.com.ar\/2021\/#\/schema\/person\/ad82545263dcc5ec0996818884fd5fb1\",\"name\":\"Arnaldo Botto\",\"image\":{\"@type\":\"ImageObject\",\"inLanguage\":\"es\",\"@id\":\"https:\/\/www.noticiasradioreflejos.com.ar\/2021\/#\/schema\/person\/image\/\",\"url\":\"https:\/\/secure.gravatar.com\/avatar\/55cb5e37c1efa326397366e6974cb338056df65cb50e7d64d1cf314e87504837?s=96&d=mm&r=g\",\"contentUrl\":\"https:\/\/secure.gravatar.com\/avatar\/55cb5e37c1efa326397366e6974cb338056df65cb50e7d64d1cf314e87504837?s=96&d=mm&r=g\",\"caption\":\"Arnaldo Botto\"},\"url\":\"https:\/\/www.noticiasradioreflejos.com.ar\/2021\/author\/arnaldo\/\"}]}<\/script>\n<!-- \/ Yoast SEO plugin. -->","yoast_head_json":{"title":"Confirman cinco casos positivos de coronavirus en un geri\u00e1trico de Bah\u00eda Blanca - Noticias Radio Reflejos","robots":{"index":"index","follow":"follow","max-snippet":"max-snippet:-1","max-image-preview":"max-image-preview:large","max-video-preview":"max-video-preview:-1"},"canonical":"https:\/\/www.noticiasradioreflejos.com.ar\/2021\/confirman-cinco-casos-positivos-de-coronavirus-en-un-geriatrico-de-bahia-blanca\/","og_locale":"es_ES","og_type":"article","og_title":"Confirman cinco casos positivos de coronavirus en un geri\u00e1trico de Bah\u00eda Blanca - Noticias Radio Reflejos","og_description":"Las autoridades sanitarias de Bah\u00eda Blanca confirmaron hoy que se registraron cinco casos positivos de coronavirus en un geri\u00e1trico de esta ciudad del sur bonaerense.","og_url":"https:\/\/www.noticiasradioreflejos.com.ar\/2021\/confirman-cinco-casos-positivos-de-coronavirus-en-un-geriatrico-de-bahia-blanca\/","og_site_name":"Noticias Radio Reflejos","article_published_time":"2020-07-14T13:21:03+00:00","og_image":[{"width":300,"height":200,"url":"https:\/\/www.noticiasradioreflejos.com.ar\/2021\/wp-content\/uploads\/2021\/07\/logosol300x200.png","type":"image\/png"}],"author":"Arnaldo Botto","twitter_card":"summary_large_image","schema":{"@context":"https:\/\/schema.org","@graph":[{"@type":"WebPage","@id":"https:\/\/www.noticiasradioreflejos.com.ar\/2021\/confirman-cinco-casos-positivos-de-coronavirus-en-un-geriatrico-de-bahia-blanca\/","url":"https:\/\/www.noticiasradioreflejos.com.ar\/2021\/confirman-cinco-casos-positivos-de-coronavirus-en-un-geriatrico-de-bahia-blanca\/","name":"Confirman cinco casos positivos de coronavirus en un geri\u00e1trico de Bah\u00eda Blanca - Noticias Radio Reflejos","isPartOf":{"@id":"https:\/\/www.noticiasradioreflejos.com.ar\/2021\/#website"},"datePublished":"2020-07-14T13:21:03+00:00","author":{"@id":"https:\/\/www.noticiasradioreflejos.com.ar\/2021\/#\/schema\/person\/ad82545263dcc5ec0996818884fd5fb1"},"breadcrumb":{"@id":"https:\/\/www.noticiasradioreflejos.com.ar\/2021\/confirman-cinco-casos-positivos-de-coronavirus-en-un-geriatrico-de-bahia-blanca\/#breadcrumb"},"inLanguage":"es","potentialAction":[{"@type":"ReadAction","target":["https:\/\/www.noticiasradioreflejos.com.ar\/2021\/confirman-cinco-casos-positivos-de-coronavirus-en-un-geriatrico-de-bahia-blanca\/"]}]},{"@type":"BreadcrumbList","@id":"https:\/\/www.noticiasradioreflejos.com.ar\/2021\/confirman-cinco-casos-positivos-de-coronavirus-en-un-geriatrico-de-bahia-blanca\/#breadcrumb","itemListElement":[{"@type":"ListItem","position":1,"name":"Portada","item":"https:\/\/www.noticiasradioreflejos.com.ar\/2021\/"},{"@type":"ListItem","position":2,"name":"Confirman cinco casos positivos de coronavirus en un geri\u00e1trico de Bah\u00eda Blanca"}]},{"@type":"WebSite","@id":"https:\/\/www.noticiasradioreflejos.com.ar\/2021\/#website","url":"https:\/\/www.noticiasradioreflejos.com.ar\/2021\/","name":"Noticias Radio Reflejos","description":"Las noticias de mi comarca","potentialAction":[{"@type":"SearchAction","target":{"@type":"EntryPoint","urlTemplate":"https:\/\/www.noticiasradioreflejos.com.ar\/2021\/?s={search_term_string}"},"query-input":{"@type":"PropertyValueSpecification","valueRequired":true,"valueName":"search_term_string"}}],"inLanguage":"es"},{"@type":"Person","@id":"https:\/\/www.noticiasradioreflejos.com.ar\/2021\/#\/schema\/person\/ad82545263dcc5ec0996818884fd5fb1","name":"Arnaldo Botto","image":{"@type":"ImageObject","inLanguage":"es","@id":"https:\/\/www.noticiasradioreflejos.com.ar\/2021\/#\/schema\/person\/image\/","url":"https:\/\/secure.gravatar.com\/avatar\/55cb5e37c1efa326397366e6974cb338056df65cb50e7d64d1cf314e87504837?s=96&d=mm&r=g","contentUrl":"https:\/\/secure.gravatar.com\/avatar\/55cb5e37c1efa326397366e6974cb338056df65cb50e7d64d1cf314e87504837?s=96&d=mm&r=g","caption":"Arnaldo Botto"},"url":"https:\/\/www.noticiasradioreflejos.com.ar\/2021\/author\/arnaldo\/"}]}},"_links":{"self":[{"href":"https:\/\/www.noticiasradioreflejos.com.ar\/2021\/wp-json\/wp\/v2\/posts\/44392","targetHints":{"allow":["GET"]}}],"collection":[{"href":"https:\/\/www.noticiasradioreflejos.com.ar\/2021\/wp-json\/wp\/v2\/posts"}],"about":[{"href":"https:\/\/www.noticiasradioreflejos.com.ar\/2021\/wp-json\/wp\/v2\/types\/post"}],"author":[{"embeddable":true,"href":"https:\/\/www.noticiasradioreflejos.com.ar\/2021\/wp-json\/wp\/v2\/users\/3"}],"replies":[{"embeddable":true,"href":"https:\/\/www.noticiasradioreflejos.com.ar\/2021\/wp-json\/wp\/v2\/comments?post=44392"}],"version-history":[{"count":0,"href":"https:\/\/www.noticiasradioreflejos.com.ar\/2021\/wp-json\/wp\/v2\/posts\/44392\/revisions"}],"wp:attachment":[{"href":"https:\/\/www.noticiasradioreflejos.com.ar\/2021\/wp-json\/wp\/v2\/media?parent=44392"}],"wp:term":[{"taxonomy":"category","embeddable":true,"href":"https:\/\/www.noticiasradioreflejos.com.ar\/2021\/wp-json\/wp\/v2\/categories?post=44392"},{"taxonomy":"post_tag","embeddable":true,"href":"https:\/\/www.noticiasradioreflejos.com.ar\/2021\/wp-json\/wp\/v2\/tags?post=44392"}],"curies":[{"name":"wp","href":"https:\/\/api.w.org\/{rel}","templated":true}]}}