{"id":44389,"date":"2020-07-14T09:51:31","date_gmt":"2020-07-14T12:51:31","guid":{"rendered":"http:\/\/www.noticiasradioreflejos.com.ar\/noticias\/?p=44389"},"modified":"2020-07-14T09:51:31","modified_gmt":"2020-07-14T12:51:31","slug":"fuerzas-federales-realizan-rastrillajes-en-villarino-en-busca-de-astudillo-castro","status":"publish","type":"post","link":"https:\/\/www.noticiasradioreflejos.com.ar\/2021\/fuerzas-federales-realizan-rastrillajes-en-villarino-en-busca-de-astudillo-castro\/","title":{"rendered":"Fuerzas Federales realizan rastrillajes en Villarino en busca de Astudillo Castro"},"content":{"rendered":"<p>M\u00e1s de 300 efectivos de las fuerzas federales de seguridad realizaban hoy rastrillajes en el distrito de Villarino, en el sur bonaerense, en busca de Facundo Astudillo Castro, el joven de 22 a\u00f1os que fue visto por \u00faltima vez el 30 de abril pasado cuando sali\u00f3 de la localidad de Pedro Luro, informaron hoy fuentes policiales y judiciales.<!--more--><br \/>\nEl operativo comenz\u00f3 pasadas las 8, cuando a bordo de varios m\u00f3viles y camionetas los efectivos de la delegaci\u00f3n Bah\u00eda Blanca de la Polic\u00eda Federal Argentina (PFA) se trasladaron al partido de Villarino.<\/p>\n<p>Est\u00e1 previsto que durante la jornada se desarrollen operativos en Pedro Luro, Mayor Buratovich y Teniente Origone, de dicho distrito del sur bonaerense.<\/p>\n<p>Seg\u00fan las fuentes, de los rastrillajes participar\u00e1n efectivos de la PFA de distintas las delegaciones de Bah\u00eda Blanca, Mar del Plata, Azul y Dolores, adem\u00e1s de personal de la Superintendencia Federal de Bomberos, de la Divisi\u00f3n Canes y de Tecnolog\u00edas de Informaci\u00f3n y Comunicaciones, entre otras reparticiones de la fuerza.<\/p>\n<p><a title=\"e4f3c0bb-6aef-4657-a847-c930fd54d449\" href=\"http:\/\/live.staticflickr.com\/65535\/50111074418_cb3fc40fa1_s.jpg\" rel=\"\"><img loading=\"lazy\" decoding=\"async\" class=\"alignleft\" style=\"float: left;\" title=\"e4f3c0bb-6aef-4657-a847-c930fd54d449\" src=\"http:\/\/live.staticflickr.com\/65535\/50111074418_cb3fc40fa1_z.jpg\" alt=\"e4f3c0bb-6aef-4657-a847-c930fd54d449\" width=\"360\" height=\"640\" \/><\/a>Tambi\u00e9n fueron convocados efectivos de la Prefectura Naval Argentina, Gendarmer\u00eda Nacional y perros de la agrupaci\u00f3n K9.<\/p>\n<p>Desde la fiscal\u00eda que lleva adelante la causa, a cargo de Santiago Ulpiano Mart\u00ednez, se inform\u00f3 que la investigaci\u00f3n se centra en las tareas de inteligencia llevadas a cabo por personal especializado de la Divisi\u00f3n B\u00fasqueda de Personas Desaparecidas de la Polic\u00eda Federal Argentina, la delegaci\u00f3n local de Delitos Federales y Complejos de la Polic\u00eda Federal Argentina.<\/p>\n<p>Adem\u00e1s trabaja un grupo de efectivos de esa misma fuerza recientemente llegado a la ciudad desde Mar del Plata, que se encarga de constatar toda la informaci\u00f3n que surja de nuevos testimonios y de analizar el contenido de tel\u00e9fonos celulares.<\/p>\n<p>La fiscal\u00eda destac\u00f3 adem\u00e1s la colaboraci\u00f3n de la Unidad Fiscal Especializada en Ciberdelincuencia (UFECI), de la Procuradur\u00eda de Violencia Institucional (PROCUVIN), de la Direcci\u00f3n General de Acompa\u00f1amiento, Orientaci\u00f3n y Protecci\u00f3n a las V\u00edctimas (DOVIC) y de todas las fuerzas que trabajan para dar con Astudillo Castro.<\/p>\n<p>El joven fue visto por \u00faltima vez el 30 de abril pasado, tras salir de su casa en la localidad de Pedro Luro hacia la ciudad de Bah\u00eda Blanca para ir a ver a su novia.<\/p>\n<p>Mientras caminaba por una ruta, fue detenido por polic\u00edas de la subcomisar\u00eda de Mayor Buratovich porque estaba violando el aislamiento social, preventivo y obligatorio dispuesto por el coronavirus, a pesar de lo cual -seg\u00fan dijeron- lo dejaron seguir su camino.<\/p>\n<p>Inicialmente se inici\u00f3 una causa por averiguaci\u00f3n de paradero ante la Justicia ordinaria hasta que familiares y organizaciones de derechos humanos insistieron en la posible vinculaci\u00f3n policial en el hecho, que pas\u00f3 a ser investigado por la Justicia federal bajo la car\u00e1tula de desaparici\u00f3n forzada.<\/p>\n","protected":false},"excerpt":{"rendered":"<p>M\u00e1s de 300 efectivos de las fuerzas federales de seguridad realizaban hoy rastrillajes en el distrito de Villarino, en el sur bonaerense, en busca de Facundo Astudillo Castro, el joven de 22 a\u00f1os que fue visto por \u00faltima vez el 30 de abril pasado cuando sali\u00f3 de la localidad de Pedro Luro, informaron hoy fuentes [&hellip;]<\/p>\n","protected":false},"author":3,"featured_media":0,"comment_status":"closed","ping_status":"open","sticky":false,"template":"","format":"standard","meta":{"footnotes":""},"categories":[29],"tags":[],"class_list":["post-44389","post","type-post","status-publish","format-standard","hentry","category-policiales"],"yoast_head":"<!-- This site is optimized with the Yoast SEO plugin v25.9 - https:\/\/yoast.com\/wordpress\/plugins\/seo\/ -->\n<title>Fuerzas Federales realizan rastrillajes en Villarino en busca de Astudillo Castro - Noticias Radio Reflejos<\/title>\n<meta name=\"robots\" content=\"index, follow, max-snippet:-1, max-image-preview:large, max-video-preview:-1\" \/>\n<link rel=\"canonical\" href=\"https:\/\/www.noticiasradioreflejos.com.ar\/2021\/fuerzas-federales-realizan-rastrillajes-en-villarino-en-busca-de-astudillo-castro\/\" \/>\n<meta property=\"og:locale\" content=\"es_ES\" \/>\n<meta property=\"og:type\" content=\"article\" \/>\n<meta property=\"og:title\" content=\"Fuerzas Federales realizan rastrillajes en Villarino en busca de Astudillo Castro - Noticias Radio Reflejos\" \/>\n<meta property=\"og:description\" content=\"M\u00e1s de 300 efectivos de las fuerzas federales de seguridad realizaban hoy rastrillajes en el distrito de Villarino, en el sur bonaerense, en busca de Facundo Astudillo Castro, el joven de 22 a\u00f1os que fue visto por \u00faltima vez el 30 de abril pasado cuando sali\u00f3 de la localidad de Pedro Luro, informaron hoy fuentes [&hellip;]\" \/>\n<meta property=\"og:url\" content=\"https:\/\/www.noticiasradioreflejos.com.ar\/2021\/fuerzas-federales-realizan-rastrillajes-en-villarino-en-busca-de-astudillo-castro\/\" \/>\n<meta property=\"og:site_name\" content=\"Noticias Radio Reflejos\" \/>\n<meta property=\"article:published_time\" content=\"2020-07-14T12:51:31+00:00\" \/>\n<meta property=\"og:image\" content=\"http:\/\/live.staticflickr.com\/65535\/50111074418_cb3fc40fa1_z.jpg\" \/>\n<meta name=\"author\" content=\"Arnaldo Botto\" \/>\n<meta name=\"twitter:card\" content=\"summary_large_image\" \/>\n<script type=\"application\/ld+json\" class=\"yoast-schema-graph\">{\"@context\":\"https:\/\/schema.org\",\"@graph\":[{\"@type\":\"WebPage\",\"@id\":\"https:\/\/www.noticiasradioreflejos.com.ar\/2021\/fuerzas-federales-realizan-rastrillajes-en-villarino-en-busca-de-astudillo-castro\/\",\"url\":\"https:\/\/www.noticiasradioreflejos.com.ar\/2021\/fuerzas-federales-realizan-rastrillajes-en-villarino-en-busca-de-astudillo-castro\/\",\"name\":\"Fuerzas Federales realizan rastrillajes en Villarino en busca de Astudillo Castro - Noticias Radio Reflejos\",\"isPartOf\":{\"@id\":\"https:\/\/www.noticiasradioreflejos.com.ar\/2021\/#website\"},\"primaryImageOfPage\":{\"@id\":\"https:\/\/www.noticiasradioreflejos.com.ar\/2021\/fuerzas-federales-realizan-rastrillajes-en-villarino-en-busca-de-astudillo-castro\/#primaryimage\"},\"image\":{\"@id\":\"https:\/\/www.noticiasradioreflejos.com.ar\/2021\/fuerzas-federales-realizan-rastrillajes-en-villarino-en-busca-de-astudillo-castro\/#primaryimage\"},\"thumbnailUrl\":\"http:\/\/live.staticflickr.com\/65535\/50111074418_cb3fc40fa1_z.jpg\",\"datePublished\":\"2020-07-14T12:51:31+00:00\",\"author\":{\"@id\":\"https:\/\/www.noticiasradioreflejos.com.ar\/2021\/#\/schema\/person\/ad82545263dcc5ec0996818884fd5fb1\"},\"breadcrumb\":{\"@id\":\"https:\/\/www.noticiasradioreflejos.com.ar\/2021\/fuerzas-federales-realizan-rastrillajes-en-villarino-en-busca-de-astudillo-castro\/#breadcrumb\"},\"inLanguage\":\"es\",\"potentialAction\":[{\"@type\":\"ReadAction\",\"target\":[\"https:\/\/www.noticiasradioreflejos.com.ar\/2021\/fuerzas-federales-realizan-rastrillajes-en-villarino-en-busca-de-astudillo-castro\/\"]}]},{\"@type\":\"ImageObject\",\"inLanguage\":\"es\",\"@id\":\"https:\/\/www.noticiasradioreflejos.com.ar\/2021\/fuerzas-federales-realizan-rastrillajes-en-villarino-en-busca-de-astudillo-castro\/#primaryimage\",\"url\":\"http:\/\/live.staticflickr.com\/65535\/50111074418_cb3fc40fa1_z.jpg\",\"contentUrl\":\"http:\/\/live.staticflickr.com\/65535\/50111074418_cb3fc40fa1_z.jpg\"},{\"@type\":\"BreadcrumbList\",\"@id\":\"https:\/\/www.noticiasradioreflejos.com.ar\/2021\/fuerzas-federales-realizan-rastrillajes-en-villarino-en-busca-de-astudillo-castro\/#breadcrumb\",\"itemListElement\":[{\"@type\":\"ListItem\",\"position\":1,\"name\":\"Portada\",\"item\":\"https:\/\/www.noticiasradioreflejos.com.ar\/2021\/\"},{\"@type\":\"ListItem\",\"position\":2,\"name\":\"Fuerzas Federales realizan rastrillajes en Villarino en busca de Astudillo Castro\"}]},{\"@type\":\"WebSite\",\"@id\":\"https:\/\/www.noticiasradioreflejos.com.ar\/2021\/#website\",\"url\":\"https:\/\/www.noticiasradioreflejos.com.ar\/2021\/\",\"name\":\"Noticias Radio Reflejos\",\"description\":\"Las noticias de mi comarca\",\"potentialAction\":[{\"@type\":\"SearchAction\",\"target\":{\"@type\":\"EntryPoint\",\"urlTemplate\":\"https:\/\/www.noticiasradioreflejos.com.ar\/2021\/?s={search_term_string}\"},\"query-input\":{\"@type\":\"PropertyValueSpecification\",\"valueRequired\":true,\"valueName\":\"search_term_string\"}}],\"inLanguage\":\"es\"},{\"@type\":\"Person\",\"@id\":\"https:\/\/www.noticiasradioreflejos.com.ar\/2021\/#\/schema\/person\/ad82545263dcc5ec0996818884fd5fb1\",\"name\":\"Arnaldo Botto\",\"image\":{\"@type\":\"ImageObject\",\"inLanguage\":\"es\",\"@id\":\"https:\/\/www.noticiasradioreflejos.com.ar\/2021\/#\/schema\/person\/image\/\",\"url\":\"https:\/\/secure.gravatar.com\/avatar\/55cb5e37c1efa326397366e6974cb338056df65cb50e7d64d1cf314e87504837?s=96&d=mm&r=g\",\"contentUrl\":\"https:\/\/secure.gravatar.com\/avatar\/55cb5e37c1efa326397366e6974cb338056df65cb50e7d64d1cf314e87504837?s=96&d=mm&r=g\",\"caption\":\"Arnaldo Botto\"},\"url\":\"https:\/\/www.noticiasradioreflejos.com.ar\/2021\/author\/arnaldo\/\"}]}<\/script>\n<!-- \/ Yoast SEO plugin. -->","yoast_head_json":{"title":"Fuerzas Federales realizan rastrillajes en Villarino en busca de Astudillo Castro - Noticias Radio Reflejos","robots":{"index":"index","follow":"follow","max-snippet":"max-snippet:-1","max-image-preview":"max-image-preview:large","max-video-preview":"max-video-preview:-1"},"canonical":"https:\/\/www.noticiasradioreflejos.com.ar\/2021\/fuerzas-federales-realizan-rastrillajes-en-villarino-en-busca-de-astudillo-castro\/","og_locale":"es_ES","og_type":"article","og_title":"Fuerzas Federales realizan rastrillajes en Villarino en busca de Astudillo Castro - Noticias Radio Reflejos","og_description":"M\u00e1s de 300 efectivos de las fuerzas federales de seguridad realizaban hoy rastrillajes en el distrito de Villarino, en el sur bonaerense, en busca de Facundo Astudillo Castro, el joven de 22 a\u00f1os que fue visto por \u00faltima vez el 30 de abril pasado cuando sali\u00f3 de la localidad de Pedro Luro, informaron hoy fuentes [&hellip;]","og_url":"https:\/\/www.noticiasradioreflejos.com.ar\/2021\/fuerzas-federales-realizan-rastrillajes-en-villarino-en-busca-de-astudillo-castro\/","og_site_name":"Noticias Radio Reflejos","article_published_time":"2020-07-14T12:51:31+00:00","og_image":[{"url":"http:\/\/live.staticflickr.com\/65535\/50111074418_cb3fc40fa1_z.jpg","type":"","width":"","height":""}],"author":"Arnaldo Botto","twitter_card":"summary_large_image","schema":{"@context":"https:\/\/schema.org","@graph":[{"@type":"WebPage","@id":"https:\/\/www.noticiasradioreflejos.com.ar\/2021\/fuerzas-federales-realizan-rastrillajes-en-villarino-en-busca-de-astudillo-castro\/","url":"https:\/\/www.noticiasradioreflejos.com.ar\/2021\/fuerzas-federales-realizan-rastrillajes-en-villarino-en-busca-de-astudillo-castro\/","name":"Fuerzas Federales realizan rastrillajes en Villarino en busca de Astudillo Castro - Noticias Radio Reflejos","isPartOf":{"@id":"https:\/\/www.noticiasradioreflejos.com.ar\/2021\/#website"},"primaryImageOfPage":{"@id":"https:\/\/www.noticiasradioreflejos.com.ar\/2021\/fuerzas-federales-realizan-rastrillajes-en-villarino-en-busca-de-astudillo-castro\/#primaryimage"},"image":{"@id":"https:\/\/www.noticiasradioreflejos.com.ar\/2021\/fuerzas-federales-realizan-rastrillajes-en-villarino-en-busca-de-astudillo-castro\/#primaryimage"},"thumbnailUrl":"http:\/\/live.staticflickr.com\/65535\/50111074418_cb3fc40fa1_z.jpg","datePublished":"2020-07-14T12:51:31+00:00","author":{"@id":"https:\/\/www.noticiasradioreflejos.com.ar\/2021\/#\/schema\/person\/ad82545263dcc5ec0996818884fd5fb1"},"breadcrumb":{"@id":"https:\/\/www.noticiasradioreflejos.com.ar\/2021\/fuerzas-federales-realizan-rastrillajes-en-villarino-en-busca-de-astudillo-castro\/#breadcrumb"},"inLanguage":"es","potentialAction":[{"@type":"ReadAction","target":["https:\/\/www.noticiasradioreflejos.com.ar\/2021\/fuerzas-federales-realizan-rastrillajes-en-villarino-en-busca-de-astudillo-castro\/"]}]},{"@type":"ImageObject","inLanguage":"es","@id":"https:\/\/www.noticiasradioreflejos.com.ar\/2021\/fuerzas-federales-realizan-rastrillajes-en-villarino-en-busca-de-astudillo-castro\/#primaryimage","url":"http:\/\/live.staticflickr.com\/65535\/50111074418_cb3fc40fa1_z.jpg","contentUrl":"http:\/\/live.staticflickr.com\/65535\/50111074418_cb3fc40fa1_z.jpg"},{"@type":"BreadcrumbList","@id":"https:\/\/www.noticiasradioreflejos.com.ar\/2021\/fuerzas-federales-realizan-rastrillajes-en-villarino-en-busca-de-astudillo-castro\/#breadcrumb","itemListElement":[{"@type":"ListItem","position":1,"name":"Portada","item":"https:\/\/www.noticiasradioreflejos.com.ar\/2021\/"},{"@type":"ListItem","position":2,"name":"Fuerzas Federales realizan rastrillajes en Villarino en busca de Astudillo Castro"}]},{"@type":"WebSite","@id":"https:\/\/www.noticiasradioreflejos.com.ar\/2021\/#website","url":"https:\/\/www.noticiasradioreflejos.com.ar\/2021\/","name":"Noticias Radio Reflejos","description":"Las noticias de mi comarca","potentialAction":[{"@type":"SearchAction","target":{"@type":"EntryPoint","urlTemplate":"https:\/\/www.noticiasradioreflejos.com.ar\/2021\/?s={search_term_string}"},"query-input":{"@type":"PropertyValueSpecification","valueRequired":true,"valueName":"search_term_string"}}],"inLanguage":"es"},{"@type":"Person","@id":"https:\/\/www.noticiasradioreflejos.com.ar\/2021\/#\/schema\/person\/ad82545263dcc5ec0996818884fd5fb1","name":"Arnaldo Botto","image":{"@type":"ImageObject","inLanguage":"es","@id":"https:\/\/www.noticiasradioreflejos.com.ar\/2021\/#\/schema\/person\/image\/","url":"https:\/\/secure.gravatar.com\/avatar\/55cb5e37c1efa326397366e6974cb338056df65cb50e7d64d1cf314e87504837?s=96&d=mm&r=g","contentUrl":"https:\/\/secure.gravatar.com\/avatar\/55cb5e37c1efa326397366e6974cb338056df65cb50e7d64d1cf314e87504837?s=96&d=mm&r=g","caption":"Arnaldo Botto"},"url":"https:\/\/www.noticiasradioreflejos.com.ar\/2021\/author\/arnaldo\/"}]}},"_links":{"self":[{"href":"https:\/\/www.noticiasradioreflejos.com.ar\/2021\/wp-json\/wp\/v2\/posts\/44389","targetHints":{"allow":["GET"]}}],"collection":[{"href":"https:\/\/www.noticiasradioreflejos.com.ar\/2021\/wp-json\/wp\/v2\/posts"}],"about":[{"href":"https:\/\/www.noticiasradioreflejos.com.ar\/2021\/wp-json\/wp\/v2\/types\/post"}],"author":[{"embeddable":true,"href":"https:\/\/www.noticiasradioreflejos.com.ar\/2021\/wp-json\/wp\/v2\/users\/3"}],"replies":[{"embeddable":true,"href":"https:\/\/www.noticiasradioreflejos.com.ar\/2021\/wp-json\/wp\/v2\/comments?post=44389"}],"version-history":[{"count":0,"href":"https:\/\/www.noticiasradioreflejos.com.ar\/2021\/wp-json\/wp\/v2\/posts\/44389\/revisions"}],"wp:attachment":[{"href":"https:\/\/www.noticiasradioreflejos.com.ar\/2021\/wp-json\/wp\/v2\/media?parent=44389"}],"wp:term":[{"taxonomy":"category","embeddable":true,"href":"https:\/\/www.noticiasradioreflejos.com.ar\/2021\/wp-json\/wp\/v2\/categories?post=44389"},{"taxonomy":"post_tag","embeddable":true,"href":"https:\/\/www.noticiasradioreflejos.com.ar\/2021\/wp-json\/wp\/v2\/tags?post=44389"}],"curies":[{"name":"wp","href":"https:\/\/api.w.org\/{rel}","templated":true}]}}