{"id":44326,"date":"2020-07-13T08:14:21","date_gmt":"2020-07-13T11:14:21","guid":{"rendered":"http:\/\/www.noticiasradioreflejos.com.ar\/noticias\/?p=44326"},"modified":"2020-07-13T08:14:21","modified_gmt":"2020-07-13T11:14:21","slug":"facilitan-acceso-a-creditos-a-tasa-0-y-se-podrian-sumar-270-000-nuevos-monotributistas-y-autonomos","status":"publish","type":"post","link":"https:\/\/www.noticiasradioreflejos.com.ar\/2021\/facilitan-acceso-a-creditos-a-tasa-0-y-se-podrian-sumar-270-000-nuevos-monotributistas-y-autonomos\/","title":{"rendered":"Facilitan acceso a cr\u00e9ditos a tasa 0 y se podr\u00edan sumar 270.000 nuevos monotributistas y aut\u00f3nomos"},"content":{"rendered":"<p>El Gobierno nacional inform\u00f3 hoy que se modificaron los criterios que deben cumplir los monotributistas y aut\u00f3nomos que inicien el tr\u00e1mite para solicitar el cr\u00e9dito a tasa cero, permitiendo de esta manera que 270 mil personas m\u00e1s queden habilitadas para sumarse al beneficio.<!--more--><\/p>\n<p>La Administraci\u00f3n Federal de Ingresos P\u00fablicos (AFIP) extendi\u00f3 los per\u00edodos contemplados para evaluar la variaci\u00f3n en la facturaci\u00f3n y la existencia de ingresos por un trabajo en relaci\u00f3n de dependencia, actualizando adem\u00e1s los datos sobre riesgo crediticio utilizados para reflejar las mejoras en la situaci\u00f3n de los contribuyentes.<\/p>\n<p>Los tr\u00e1mites de inscripci\u00f3n se realizan a trav\u00e9s de afip.gob.ar, y tienen como fecha l\u00edmite el pr\u00f3ximo 31 de julio, inform\u00f3 esta noche la Jefatura de Gabinete mediante un comunicado.<\/p>\n<p>El cr\u00e9dito a tasa cero ya fue otorgado a m\u00e1s de 410 mil monotributistas y aut\u00f3nomos por m\u00e1s de 50 mil millones de pesos y a\u00fan quedan m\u00e1s de 1 mill\u00f3n de cr\u00e9ditos preadjudicados disponibles.<\/p>\n<p>El monto al que puede acceder cada monotributista depende de la categor\u00eda en la que est\u00e1 inscripto, teniendo como tope los 150 mil pesos, para lo cual m\u00e1s de 220 mil personas ya recibieron los fondos del primer desembolso.<\/p>\n<p>Estos fondos se acreditan en la tarjeta de cr\u00e9dito indicada en tres desembolsos sucesivos e id\u00e9nticos y cuentan con un per\u00edodo de gracia de 6 meses y el repago se realizar\u00e1, como m\u00ednimo, en 12 cuotas fijas sin intereses.<\/p>\n<p>Adem\u00e1s, se emitieron m\u00e1s de 135.000 tarjetas de cr\u00e9dito nuevas, lo que impactar\u00e1 en un mayor nivel de inclusi\u00f3n financiera a futuro.<\/p>\n<p>Tomando en cuenta los fondos crediticios devengados en las l\u00edneas destinadas a Pymes, MyPyme plus y el cr\u00e9dito a tasa 0, el estado nacional destin\u00f3 $ 353.952 millones de pesos, es decir, 1,4 Puntos porcentuales del PIB.<\/p>\n<p>El lunes el Gobierno hab\u00eda modificado los per\u00edodos de facturaci\u00f3n considerados para otorgar los cr\u00e9ditos a tasa cero a monotributistas y trabajadores aut\u00f3nomos, de manera de ampliar el universo de beneficiarios.<\/p>\n<p>As\u00ed lo dispuso en la Decisi\u00f3n Administrativa 1183\/2020 publicada a comienzos de semana en el Bolet\u00edn Oficial, tras aceptar una recomendaci\u00f3n realizada por el Comit\u00e9 de Evaluaci\u00f3n y Monitoreo del Programa de Emergencia de Asistencia al Trabajo y la Producci\u00f3n (ATP) en su acta n\u00famero 16.<br \/>\nImprimir Descargar Copiar Volver<\/p>\n","protected":false},"excerpt":{"rendered":"<p>El Gobierno nacional inform\u00f3 hoy que se modificaron los criterios que deben cumplir los monotributistas y aut\u00f3nomos que inicien el tr\u00e1mite para solicitar el cr\u00e9dito a tasa cero, permitiendo de esta manera que 270 mil personas m\u00e1s queden habilitadas para sumarse al beneficio.<\/p>\n","protected":false},"author":3,"featured_media":0,"comment_status":"closed","ping_status":"open","sticky":false,"template":"","format":"standard","meta":{"footnotes":""},"categories":[36],"tags":[],"class_list":["post-44326","post","type-post","status-publish","format-standard","hentry","category-economia"],"yoast_head":"<!-- This site is optimized with the Yoast SEO plugin v25.9 - https:\/\/yoast.com\/wordpress\/plugins\/seo\/ -->\n<title>Facilitan acceso a cr\u00e9ditos a tasa 0 y se podr\u00edan sumar 270.000 nuevos monotributistas y aut\u00f3nomos - Noticias Radio Reflejos<\/title>\n<meta name=\"robots\" content=\"index, follow, max-snippet:-1, max-image-preview:large, max-video-preview:-1\" \/>\n<link rel=\"canonical\" href=\"https:\/\/www.noticiasradioreflejos.com.ar\/2021\/facilitan-acceso-a-creditos-a-tasa-0-y-se-podrian-sumar-270-000-nuevos-monotributistas-y-autonomos\/\" \/>\n<meta property=\"og:locale\" content=\"es_ES\" \/>\n<meta property=\"og:type\" content=\"article\" \/>\n<meta property=\"og:title\" content=\"Facilitan acceso a cr\u00e9ditos a tasa 0 y se podr\u00edan sumar 270.000 nuevos monotributistas y aut\u00f3nomos - Noticias Radio Reflejos\" \/>\n<meta property=\"og:description\" content=\"El Gobierno nacional inform\u00f3 hoy que se modificaron los criterios que deben cumplir los monotributistas y aut\u00f3nomos que inicien el tr\u00e1mite para solicitar el cr\u00e9dito a tasa cero, permitiendo de esta manera que 270 mil personas m\u00e1s queden habilitadas para sumarse al beneficio.\" \/>\n<meta property=\"og:url\" content=\"https:\/\/www.noticiasradioreflejos.com.ar\/2021\/facilitan-acceso-a-creditos-a-tasa-0-y-se-podrian-sumar-270-000-nuevos-monotributistas-y-autonomos\/\" \/>\n<meta property=\"og:site_name\" content=\"Noticias Radio Reflejos\" \/>\n<meta property=\"article:published_time\" content=\"2020-07-13T11:14:21+00:00\" \/>\n<meta property=\"og:image\" content=\"https:\/\/www.noticiasradioreflejos.com.ar\/2021\/wp-content\/uploads\/2021\/07\/logosol300x200.png\" \/>\n\t<meta property=\"og:image:width\" content=\"300\" \/>\n\t<meta property=\"og:image:height\" content=\"200\" \/>\n\t<meta property=\"og:image:type\" content=\"image\/png\" \/>\n<meta name=\"author\" content=\"Arnaldo Botto\" \/>\n<meta name=\"twitter:card\" content=\"summary_large_image\" \/>\n<script type=\"application\/ld+json\" class=\"yoast-schema-graph\">{\"@context\":\"https:\/\/schema.org\",\"@graph\":[{\"@type\":\"WebPage\",\"@id\":\"https:\/\/www.noticiasradioreflejos.com.ar\/2021\/facilitan-acceso-a-creditos-a-tasa-0-y-se-podrian-sumar-270-000-nuevos-monotributistas-y-autonomos\/\",\"url\":\"https:\/\/www.noticiasradioreflejos.com.ar\/2021\/facilitan-acceso-a-creditos-a-tasa-0-y-se-podrian-sumar-270-000-nuevos-monotributistas-y-autonomos\/\",\"name\":\"Facilitan acceso a cr\u00e9ditos a tasa 0 y se podr\u00edan sumar 270.000 nuevos monotributistas y aut\u00f3nomos - Noticias Radio Reflejos\",\"isPartOf\":{\"@id\":\"https:\/\/www.noticiasradioreflejos.com.ar\/2021\/#website\"},\"datePublished\":\"2020-07-13T11:14:21+00:00\",\"author\":{\"@id\":\"https:\/\/www.noticiasradioreflejos.com.ar\/2021\/#\/schema\/person\/ad82545263dcc5ec0996818884fd5fb1\"},\"breadcrumb\":{\"@id\":\"https:\/\/www.noticiasradioreflejos.com.ar\/2021\/facilitan-acceso-a-creditos-a-tasa-0-y-se-podrian-sumar-270-000-nuevos-monotributistas-y-autonomos\/#breadcrumb\"},\"inLanguage\":\"es\",\"potentialAction\":[{\"@type\":\"ReadAction\",\"target\":[\"https:\/\/www.noticiasradioreflejos.com.ar\/2021\/facilitan-acceso-a-creditos-a-tasa-0-y-se-podrian-sumar-270-000-nuevos-monotributistas-y-autonomos\/\"]}]},{\"@type\":\"BreadcrumbList\",\"@id\":\"https:\/\/www.noticiasradioreflejos.com.ar\/2021\/facilitan-acceso-a-creditos-a-tasa-0-y-se-podrian-sumar-270-000-nuevos-monotributistas-y-autonomos\/#breadcrumb\",\"itemListElement\":[{\"@type\":\"ListItem\",\"position\":1,\"name\":\"Portada\",\"item\":\"https:\/\/www.noticiasradioreflejos.com.ar\/2021\/\"},{\"@type\":\"ListItem\",\"position\":2,\"name\":\"Facilitan acceso a cr\u00e9ditos a tasa 0 y se podr\u00edan sumar 270.000 nuevos monotributistas y aut\u00f3nomos\"}]},{\"@type\":\"WebSite\",\"@id\":\"https:\/\/www.noticiasradioreflejos.com.ar\/2021\/#website\",\"url\":\"https:\/\/www.noticiasradioreflejos.com.ar\/2021\/\",\"name\":\"Noticias Radio Reflejos\",\"description\":\"Las noticias de mi comarca\",\"potentialAction\":[{\"@type\":\"SearchAction\",\"target\":{\"@type\":\"EntryPoint\",\"urlTemplate\":\"https:\/\/www.noticiasradioreflejos.com.ar\/2021\/?s={search_term_string}\"},\"query-input\":{\"@type\":\"PropertyValueSpecification\",\"valueRequired\":true,\"valueName\":\"search_term_string\"}}],\"inLanguage\":\"es\"},{\"@type\":\"Person\",\"@id\":\"https:\/\/www.noticiasradioreflejos.com.ar\/2021\/#\/schema\/person\/ad82545263dcc5ec0996818884fd5fb1\",\"name\":\"Arnaldo Botto\",\"image\":{\"@type\":\"ImageObject\",\"inLanguage\":\"es\",\"@id\":\"https:\/\/www.noticiasradioreflejos.com.ar\/2021\/#\/schema\/person\/image\/\",\"url\":\"https:\/\/secure.gravatar.com\/avatar\/55cb5e37c1efa326397366e6974cb338056df65cb50e7d64d1cf314e87504837?s=96&d=mm&r=g\",\"contentUrl\":\"https:\/\/secure.gravatar.com\/avatar\/55cb5e37c1efa326397366e6974cb338056df65cb50e7d64d1cf314e87504837?s=96&d=mm&r=g\",\"caption\":\"Arnaldo Botto\"},\"url\":\"https:\/\/www.noticiasradioreflejos.com.ar\/2021\/author\/arnaldo\/\"}]}<\/script>\n<!-- \/ Yoast SEO plugin. -->","yoast_head_json":{"title":"Facilitan acceso a cr\u00e9ditos a tasa 0 y se podr\u00edan sumar 270.000 nuevos monotributistas y aut\u00f3nomos - Noticias Radio Reflejos","robots":{"index":"index","follow":"follow","max-snippet":"max-snippet:-1","max-image-preview":"max-image-preview:large","max-video-preview":"max-video-preview:-1"},"canonical":"https:\/\/www.noticiasradioreflejos.com.ar\/2021\/facilitan-acceso-a-creditos-a-tasa-0-y-se-podrian-sumar-270-000-nuevos-monotributistas-y-autonomos\/","og_locale":"es_ES","og_type":"article","og_title":"Facilitan acceso a cr\u00e9ditos a tasa 0 y se podr\u00edan sumar 270.000 nuevos monotributistas y aut\u00f3nomos - Noticias Radio Reflejos","og_description":"El Gobierno nacional inform\u00f3 hoy que se modificaron los criterios que deben cumplir los monotributistas y aut\u00f3nomos que inicien el tr\u00e1mite para solicitar el cr\u00e9dito a tasa cero, permitiendo de esta manera que 270 mil personas m\u00e1s queden habilitadas para sumarse al beneficio.","og_url":"https:\/\/www.noticiasradioreflejos.com.ar\/2021\/facilitan-acceso-a-creditos-a-tasa-0-y-se-podrian-sumar-270-000-nuevos-monotributistas-y-autonomos\/","og_site_name":"Noticias Radio Reflejos","article_published_time":"2020-07-13T11:14:21+00:00","og_image":[{"width":300,"height":200,"url":"https:\/\/www.noticiasradioreflejos.com.ar\/2021\/wp-content\/uploads\/2021\/07\/logosol300x200.png","type":"image\/png"}],"author":"Arnaldo Botto","twitter_card":"summary_large_image","schema":{"@context":"https:\/\/schema.org","@graph":[{"@type":"WebPage","@id":"https:\/\/www.noticiasradioreflejos.com.ar\/2021\/facilitan-acceso-a-creditos-a-tasa-0-y-se-podrian-sumar-270-000-nuevos-monotributistas-y-autonomos\/","url":"https:\/\/www.noticiasradioreflejos.com.ar\/2021\/facilitan-acceso-a-creditos-a-tasa-0-y-se-podrian-sumar-270-000-nuevos-monotributistas-y-autonomos\/","name":"Facilitan acceso a cr\u00e9ditos a tasa 0 y se podr\u00edan sumar 270.000 nuevos monotributistas y aut\u00f3nomos - Noticias Radio Reflejos","isPartOf":{"@id":"https:\/\/www.noticiasradioreflejos.com.ar\/2021\/#website"},"datePublished":"2020-07-13T11:14:21+00:00","author":{"@id":"https:\/\/www.noticiasradioreflejos.com.ar\/2021\/#\/schema\/person\/ad82545263dcc5ec0996818884fd5fb1"},"breadcrumb":{"@id":"https:\/\/www.noticiasradioreflejos.com.ar\/2021\/facilitan-acceso-a-creditos-a-tasa-0-y-se-podrian-sumar-270-000-nuevos-monotributistas-y-autonomos\/#breadcrumb"},"inLanguage":"es","potentialAction":[{"@type":"ReadAction","target":["https:\/\/www.noticiasradioreflejos.com.ar\/2021\/facilitan-acceso-a-creditos-a-tasa-0-y-se-podrian-sumar-270-000-nuevos-monotributistas-y-autonomos\/"]}]},{"@type":"BreadcrumbList","@id":"https:\/\/www.noticiasradioreflejos.com.ar\/2021\/facilitan-acceso-a-creditos-a-tasa-0-y-se-podrian-sumar-270-000-nuevos-monotributistas-y-autonomos\/#breadcrumb","itemListElement":[{"@type":"ListItem","position":1,"name":"Portada","item":"https:\/\/www.noticiasradioreflejos.com.ar\/2021\/"},{"@type":"ListItem","position":2,"name":"Facilitan acceso a cr\u00e9ditos a tasa 0 y se podr\u00edan sumar 270.000 nuevos monotributistas y aut\u00f3nomos"}]},{"@type":"WebSite","@id":"https:\/\/www.noticiasradioreflejos.com.ar\/2021\/#website","url":"https:\/\/www.noticiasradioreflejos.com.ar\/2021\/","name":"Noticias Radio Reflejos","description":"Las noticias de mi comarca","potentialAction":[{"@type":"SearchAction","target":{"@type":"EntryPoint","urlTemplate":"https:\/\/www.noticiasradioreflejos.com.ar\/2021\/?s={search_term_string}"},"query-input":{"@type":"PropertyValueSpecification","valueRequired":true,"valueName":"search_term_string"}}],"inLanguage":"es"},{"@type":"Person","@id":"https:\/\/www.noticiasradioreflejos.com.ar\/2021\/#\/schema\/person\/ad82545263dcc5ec0996818884fd5fb1","name":"Arnaldo Botto","image":{"@type":"ImageObject","inLanguage":"es","@id":"https:\/\/www.noticiasradioreflejos.com.ar\/2021\/#\/schema\/person\/image\/","url":"https:\/\/secure.gravatar.com\/avatar\/55cb5e37c1efa326397366e6974cb338056df65cb50e7d64d1cf314e87504837?s=96&d=mm&r=g","contentUrl":"https:\/\/secure.gravatar.com\/avatar\/55cb5e37c1efa326397366e6974cb338056df65cb50e7d64d1cf314e87504837?s=96&d=mm&r=g","caption":"Arnaldo Botto"},"url":"https:\/\/www.noticiasradioreflejos.com.ar\/2021\/author\/arnaldo\/"}]}},"_links":{"self":[{"href":"https:\/\/www.noticiasradioreflejos.com.ar\/2021\/wp-json\/wp\/v2\/posts\/44326","targetHints":{"allow":["GET"]}}],"collection":[{"href":"https:\/\/www.noticiasradioreflejos.com.ar\/2021\/wp-json\/wp\/v2\/posts"}],"about":[{"href":"https:\/\/www.noticiasradioreflejos.com.ar\/2021\/wp-json\/wp\/v2\/types\/post"}],"author":[{"embeddable":true,"href":"https:\/\/www.noticiasradioreflejos.com.ar\/2021\/wp-json\/wp\/v2\/users\/3"}],"replies":[{"embeddable":true,"href":"https:\/\/www.noticiasradioreflejos.com.ar\/2021\/wp-json\/wp\/v2\/comments?post=44326"}],"version-history":[{"count":0,"href":"https:\/\/www.noticiasradioreflejos.com.ar\/2021\/wp-json\/wp\/v2\/posts\/44326\/revisions"}],"wp:attachment":[{"href":"https:\/\/www.noticiasradioreflejos.com.ar\/2021\/wp-json\/wp\/v2\/media?parent=44326"}],"wp:term":[{"taxonomy":"category","embeddable":true,"href":"https:\/\/www.noticiasradioreflejos.com.ar\/2021\/wp-json\/wp\/v2\/categories?post=44326"},{"taxonomy":"post_tag","embeddable":true,"href":"https:\/\/www.noticiasradioreflejos.com.ar\/2021\/wp-json\/wp\/v2\/tags?post=44326"}],"curies":[{"name":"wp","href":"https:\/\/api.w.org\/{rel}","templated":true}]}}