{"id":44308,"date":"2020-07-10T16:45:37","date_gmt":"2020-07-10T19:45:37","guid":{"rendered":"http:\/\/www.noticiasradioreflejos.com.ar\/noticias\/?p=44308"},"modified":"2020-07-10T16:45:37","modified_gmt":"2020-07-10T19:45:37","slug":"eligieron-a-argentina-como-sede-para-probar-una-vacuna-contra-el-coronavirus","status":"publish","type":"post","link":"https:\/\/www.noticiasradioreflejos.com.ar\/2021\/eligieron-a-argentina-como-sede-para-probar-una-vacuna-contra-el-coronavirus\/","title":{"rendered":"Eligieron a Argentina como sede para probar una vacuna contra el coronavirus."},"content":{"rendered":"<p>Argentina fue seleccionada hoy como una de las sedes para llevar adelante una de las fases de prueba con personas de la vacuna contra el coronavirus que preparan las compa\u00f1\u00edas farmac\u00e9uticas Pfizer Inc. y BioNTech SE, que anunciaron que se encuentran a la espera de la aprobaci\u00f3n regulatoria de la Administraci\u00f3n Nacional de Medicamentos, Alimentos y Tecnolog\u00eda M\u00e9dica (Anmat).<!--more--><br \/>\nEl presidente Alberto Fern\u00e1ndez recibi\u00f3 hoy en la Quinta de Olivos al investigador principal del estudio en el pa\u00eds, Fernando Polack, y a Nicolas Vaquer, gerente General de Pfizer Argentina, informaron a T\u00e9lam fuentes oficiales.<br \/>\n\u00abLa selecci\u00f3n de un centro en Argentina para llevar adelante estos estudios estuvo basada en distintos factores, los cuales incluyen la experiencia cient\u00edfica y las capacidades operativas del equipo del Investigador Principal, la epidemiolog\u00eda de la enfermedad, as\u00ed como la experiencia previa de Argentina en la realizaci\u00f3n de estudios cl\u00ednicos\u00bb, informaron las compa\u00f1\u00edas mediante un comunicado.<br \/>\nSe trata de la Fase 2b\/3 de la vacuna candidata con tecnolog\u00eda ARN mensajero, que actualmente se encuentran en fase 1\/2 y de la que el pasado 1 de julio anunciaron datos preliminares que calificaron como positivos.<br \/>\n\u00abEstamos orgullosos de que la comunidad cient\u00edfica en Argentina tenga un papel clave en los esfuerzos de investigaci\u00f3n global y en la lucha contra Covid-19. Nos tomamos esta responsabilidad muy seriamente y confiamos en que la ciencia ganar\u00e1\u00bb, se\u00f1al\u00f3 Polack, director cient\u00edfico de la Fundaci\u00f3n INFANT e investigador principal del estudio en el pa\u00eds.<br \/>\nAmbas compa\u00f1\u00edas declararon previamente que esperan poder comenzar con los estudios Fase 2b\/3 en julio, a la espera de las aprobaciones regulatorias apropiadas.<br \/>\n\u00abEl inicio del estudio cl\u00ednico en Argentina est\u00e1 planificado para inicios de agosto, sujeto a la aprobaci\u00f3n regulatoria de la Anmat\u00bb, se\u00f1alaron en el comunicado.<br \/>\nPor su parte el ministro de Salud, Gin\u00e9s Gonz\u00e1lez Garcia, asegur\u00f3 que \u201chace tiempo que venimos hablando con casi todos los laboratorios en el mundo que dicen estar trabajando en vacunas, que son m\u00e1s de 150 aproximadamente\u201d.<br \/>\n\u201cDe esos laboratorios hay unos 3 o 4 que est\u00e1n interesados en hacer estas pruebas cl\u00ednicas en la Argentina. En todos los casos, nosotros les pedimos dos cosas: que tengamos provisi\u00f3n para la Argentina, con prioridad y con magnitud, es decir que no haya vacunas para unos pocos\u201d, dijo a T\u00e9lam el funcionario.<br \/>\n\u201cY la segunda cosa que le pedimos, para poder liberarnos de las consecuencias de todo esto, es que haya transferencia de tecnolog\u00eda. Es decir que haya producci\u00f3n local. Que no nos pase como en otros pa\u00edses que no hacen respiradores y se quedan sin respiradores\u201d.<br \/>\nEn referencia a los dos laboratorios que ya anunciaron hoy que har\u00e1n las pruebas cl\u00ednicas en la Argentina, Gin\u00e9s se\u00f1al\u00f3 que \u201ces probable que sea en los pr\u00f3ximos d\u00edas, pero primero deber\u00e1n pasar todas aprobaciones del Anmat\u201d.<br \/>\n\u201cLa actitud del Gobierno argentino es absolutamente abierta y de b\u00fasqueda de soluciones definitivas como podr\u00eda ser una vacuna\u201d, concluy\u00f3 Gonz\u00e1lez Garc\u00eda.<\/p>\n<p>La de Pfizer Inc. y BioNTech SE es una de las doce vacunas que est\u00e1n siendo probadas en seres humanos (fase cl\u00ednica) alrededor del mundo seg\u00fan los registros de la Organizaci\u00f3n Mundial de la Salud (OMS).<\/p>\n","protected":false},"excerpt":{"rendered":"<p>Argentina fue seleccionada hoy como una de las sedes para llevar adelante una de las fases de prueba con personas de la vacuna contra el coronavirus que preparan las compa\u00f1\u00edas farmac\u00e9uticas Pfizer Inc. y BioNTech SE, que anunciaron que se encuentran a la espera de la aprobaci\u00f3n regulatoria de la Administraci\u00f3n Nacional de Medicamentos, Alimentos [&hellip;]<\/p>\n","protected":false},"author":3,"featured_media":0,"comment_status":"closed","ping_status":"open","sticky":false,"template":"","format":"standard","meta":{"footnotes":""},"categories":[30],"tags":[],"class_list":["post-44308","post","type-post","status-publish","format-standard","hentry","category-salud"],"yoast_head":"<!-- This site is optimized with the Yoast SEO plugin v25.9 - https:\/\/yoast.com\/wordpress\/plugins\/seo\/ -->\n<title>Eligieron a Argentina como sede para probar una vacuna contra el coronavirus. - Noticias Radio Reflejos<\/title>\n<meta name=\"robots\" content=\"index, follow, max-snippet:-1, max-image-preview:large, max-video-preview:-1\" \/>\n<link rel=\"canonical\" href=\"https:\/\/www.noticiasradioreflejos.com.ar\/2021\/eligieron-a-argentina-como-sede-para-probar-una-vacuna-contra-el-coronavirus\/\" \/>\n<meta property=\"og:locale\" content=\"es_ES\" \/>\n<meta property=\"og:type\" content=\"article\" \/>\n<meta property=\"og:title\" content=\"Eligieron a Argentina como sede para probar una vacuna contra el coronavirus. - Noticias Radio Reflejos\" \/>\n<meta property=\"og:description\" content=\"Argentina fue seleccionada hoy como una de las sedes para llevar adelante una de las fases de prueba con personas de la vacuna contra el coronavirus que preparan las compa\u00f1\u00edas farmac\u00e9uticas Pfizer Inc. y BioNTech SE, que anunciaron que se encuentran a la espera de la aprobaci\u00f3n regulatoria de la Administraci\u00f3n Nacional de Medicamentos, Alimentos [&hellip;]\" \/>\n<meta property=\"og:url\" content=\"https:\/\/www.noticiasradioreflejos.com.ar\/2021\/eligieron-a-argentina-como-sede-para-probar-una-vacuna-contra-el-coronavirus\/\" \/>\n<meta property=\"og:site_name\" content=\"Noticias Radio Reflejos\" \/>\n<meta property=\"article:published_time\" content=\"2020-07-10T19:45:37+00:00\" \/>\n<meta property=\"og:image\" content=\"https:\/\/www.noticiasradioreflejos.com.ar\/2021\/wp-content\/uploads\/2021\/07\/logosol300x200.png\" \/>\n\t<meta property=\"og:image:width\" content=\"300\" \/>\n\t<meta property=\"og:image:height\" content=\"200\" \/>\n\t<meta property=\"og:image:type\" content=\"image\/png\" \/>\n<meta name=\"author\" content=\"Arnaldo Botto\" \/>\n<meta name=\"twitter:card\" content=\"summary_large_image\" \/>\n<script type=\"application\/ld+json\" class=\"yoast-schema-graph\">{\"@context\":\"https:\/\/schema.org\",\"@graph\":[{\"@type\":\"WebPage\",\"@id\":\"https:\/\/www.noticiasradioreflejos.com.ar\/2021\/eligieron-a-argentina-como-sede-para-probar-una-vacuna-contra-el-coronavirus\/\",\"url\":\"https:\/\/www.noticiasradioreflejos.com.ar\/2021\/eligieron-a-argentina-como-sede-para-probar-una-vacuna-contra-el-coronavirus\/\",\"name\":\"Eligieron a Argentina como sede para probar una vacuna contra el coronavirus. - Noticias Radio Reflejos\",\"isPartOf\":{\"@id\":\"https:\/\/www.noticiasradioreflejos.com.ar\/2021\/#website\"},\"datePublished\":\"2020-07-10T19:45:37+00:00\",\"author\":{\"@id\":\"https:\/\/www.noticiasradioreflejos.com.ar\/2021\/#\/schema\/person\/ad82545263dcc5ec0996818884fd5fb1\"},\"breadcrumb\":{\"@id\":\"https:\/\/www.noticiasradioreflejos.com.ar\/2021\/eligieron-a-argentina-como-sede-para-probar-una-vacuna-contra-el-coronavirus\/#breadcrumb\"},\"inLanguage\":\"es\",\"potentialAction\":[{\"@type\":\"ReadAction\",\"target\":[\"https:\/\/www.noticiasradioreflejos.com.ar\/2021\/eligieron-a-argentina-como-sede-para-probar-una-vacuna-contra-el-coronavirus\/\"]}]},{\"@type\":\"BreadcrumbList\",\"@id\":\"https:\/\/www.noticiasradioreflejos.com.ar\/2021\/eligieron-a-argentina-como-sede-para-probar-una-vacuna-contra-el-coronavirus\/#breadcrumb\",\"itemListElement\":[{\"@type\":\"ListItem\",\"position\":1,\"name\":\"Portada\",\"item\":\"https:\/\/www.noticiasradioreflejos.com.ar\/2021\/\"},{\"@type\":\"ListItem\",\"position\":2,\"name\":\"Eligieron a Argentina como sede para probar una vacuna contra el coronavirus.\"}]},{\"@type\":\"WebSite\",\"@id\":\"https:\/\/www.noticiasradioreflejos.com.ar\/2021\/#website\",\"url\":\"https:\/\/www.noticiasradioreflejos.com.ar\/2021\/\",\"name\":\"Noticias Radio Reflejos\",\"description\":\"Las noticias de mi comarca\",\"potentialAction\":[{\"@type\":\"SearchAction\",\"target\":{\"@type\":\"EntryPoint\",\"urlTemplate\":\"https:\/\/www.noticiasradioreflejos.com.ar\/2021\/?s={search_term_string}\"},\"query-input\":{\"@type\":\"PropertyValueSpecification\",\"valueRequired\":true,\"valueName\":\"search_term_string\"}}],\"inLanguage\":\"es\"},{\"@type\":\"Person\",\"@id\":\"https:\/\/www.noticiasradioreflejos.com.ar\/2021\/#\/schema\/person\/ad82545263dcc5ec0996818884fd5fb1\",\"name\":\"Arnaldo Botto\",\"image\":{\"@type\":\"ImageObject\",\"inLanguage\":\"es\",\"@id\":\"https:\/\/www.noticiasradioreflejos.com.ar\/2021\/#\/schema\/person\/image\/\",\"url\":\"https:\/\/secure.gravatar.com\/avatar\/55cb5e37c1efa326397366e6974cb338056df65cb50e7d64d1cf314e87504837?s=96&d=mm&r=g\",\"contentUrl\":\"https:\/\/secure.gravatar.com\/avatar\/55cb5e37c1efa326397366e6974cb338056df65cb50e7d64d1cf314e87504837?s=96&d=mm&r=g\",\"caption\":\"Arnaldo Botto\"},\"url\":\"https:\/\/www.noticiasradioreflejos.com.ar\/2021\/author\/arnaldo\/\"}]}<\/script>\n<!-- \/ Yoast SEO plugin. -->","yoast_head_json":{"title":"Eligieron a Argentina como sede para probar una vacuna contra el coronavirus. - Noticias Radio Reflejos","robots":{"index":"index","follow":"follow","max-snippet":"max-snippet:-1","max-image-preview":"max-image-preview:large","max-video-preview":"max-video-preview:-1"},"canonical":"https:\/\/www.noticiasradioreflejos.com.ar\/2021\/eligieron-a-argentina-como-sede-para-probar-una-vacuna-contra-el-coronavirus\/","og_locale":"es_ES","og_type":"article","og_title":"Eligieron a Argentina como sede para probar una vacuna contra el coronavirus. - Noticias Radio Reflejos","og_description":"Argentina fue seleccionada hoy como una de las sedes para llevar adelante una de las fases de prueba con personas de la vacuna contra el coronavirus que preparan las compa\u00f1\u00edas farmac\u00e9uticas Pfizer Inc. y BioNTech SE, que anunciaron que se encuentran a la espera de la aprobaci\u00f3n regulatoria de la Administraci\u00f3n Nacional de Medicamentos, Alimentos [&hellip;]","og_url":"https:\/\/www.noticiasradioreflejos.com.ar\/2021\/eligieron-a-argentina-como-sede-para-probar-una-vacuna-contra-el-coronavirus\/","og_site_name":"Noticias Radio Reflejos","article_published_time":"2020-07-10T19:45:37+00:00","og_image":[{"width":300,"height":200,"url":"https:\/\/www.noticiasradioreflejos.com.ar\/2021\/wp-content\/uploads\/2021\/07\/logosol300x200.png","type":"image\/png"}],"author":"Arnaldo Botto","twitter_card":"summary_large_image","schema":{"@context":"https:\/\/schema.org","@graph":[{"@type":"WebPage","@id":"https:\/\/www.noticiasradioreflejos.com.ar\/2021\/eligieron-a-argentina-como-sede-para-probar-una-vacuna-contra-el-coronavirus\/","url":"https:\/\/www.noticiasradioreflejos.com.ar\/2021\/eligieron-a-argentina-como-sede-para-probar-una-vacuna-contra-el-coronavirus\/","name":"Eligieron a Argentina como sede para probar una vacuna contra el coronavirus. - Noticias Radio Reflejos","isPartOf":{"@id":"https:\/\/www.noticiasradioreflejos.com.ar\/2021\/#website"},"datePublished":"2020-07-10T19:45:37+00:00","author":{"@id":"https:\/\/www.noticiasradioreflejos.com.ar\/2021\/#\/schema\/person\/ad82545263dcc5ec0996818884fd5fb1"},"breadcrumb":{"@id":"https:\/\/www.noticiasradioreflejos.com.ar\/2021\/eligieron-a-argentina-como-sede-para-probar-una-vacuna-contra-el-coronavirus\/#breadcrumb"},"inLanguage":"es","potentialAction":[{"@type":"ReadAction","target":["https:\/\/www.noticiasradioreflejos.com.ar\/2021\/eligieron-a-argentina-como-sede-para-probar-una-vacuna-contra-el-coronavirus\/"]}]},{"@type":"BreadcrumbList","@id":"https:\/\/www.noticiasradioreflejos.com.ar\/2021\/eligieron-a-argentina-como-sede-para-probar-una-vacuna-contra-el-coronavirus\/#breadcrumb","itemListElement":[{"@type":"ListItem","position":1,"name":"Portada","item":"https:\/\/www.noticiasradioreflejos.com.ar\/2021\/"},{"@type":"ListItem","position":2,"name":"Eligieron a Argentina como sede para probar una vacuna contra el coronavirus."}]},{"@type":"WebSite","@id":"https:\/\/www.noticiasradioreflejos.com.ar\/2021\/#website","url":"https:\/\/www.noticiasradioreflejos.com.ar\/2021\/","name":"Noticias Radio Reflejos","description":"Las noticias de mi comarca","potentialAction":[{"@type":"SearchAction","target":{"@type":"EntryPoint","urlTemplate":"https:\/\/www.noticiasradioreflejos.com.ar\/2021\/?s={search_term_string}"},"query-input":{"@type":"PropertyValueSpecification","valueRequired":true,"valueName":"search_term_string"}}],"inLanguage":"es"},{"@type":"Person","@id":"https:\/\/www.noticiasradioreflejos.com.ar\/2021\/#\/schema\/person\/ad82545263dcc5ec0996818884fd5fb1","name":"Arnaldo Botto","image":{"@type":"ImageObject","inLanguage":"es","@id":"https:\/\/www.noticiasradioreflejos.com.ar\/2021\/#\/schema\/person\/image\/","url":"https:\/\/secure.gravatar.com\/avatar\/55cb5e37c1efa326397366e6974cb338056df65cb50e7d64d1cf314e87504837?s=96&d=mm&r=g","contentUrl":"https:\/\/secure.gravatar.com\/avatar\/55cb5e37c1efa326397366e6974cb338056df65cb50e7d64d1cf314e87504837?s=96&d=mm&r=g","caption":"Arnaldo Botto"},"url":"https:\/\/www.noticiasradioreflejos.com.ar\/2021\/author\/arnaldo\/"}]}},"_links":{"self":[{"href":"https:\/\/www.noticiasradioreflejos.com.ar\/2021\/wp-json\/wp\/v2\/posts\/44308","targetHints":{"allow":["GET"]}}],"collection":[{"href":"https:\/\/www.noticiasradioreflejos.com.ar\/2021\/wp-json\/wp\/v2\/posts"}],"about":[{"href":"https:\/\/www.noticiasradioreflejos.com.ar\/2021\/wp-json\/wp\/v2\/types\/post"}],"author":[{"embeddable":true,"href":"https:\/\/www.noticiasradioreflejos.com.ar\/2021\/wp-json\/wp\/v2\/users\/3"}],"replies":[{"embeddable":true,"href":"https:\/\/www.noticiasradioreflejos.com.ar\/2021\/wp-json\/wp\/v2\/comments?post=44308"}],"version-history":[{"count":0,"href":"https:\/\/www.noticiasradioreflejos.com.ar\/2021\/wp-json\/wp\/v2\/posts\/44308\/revisions"}],"wp:attachment":[{"href":"https:\/\/www.noticiasradioreflejos.com.ar\/2021\/wp-json\/wp\/v2\/media?parent=44308"}],"wp:term":[{"taxonomy":"category","embeddable":true,"href":"https:\/\/www.noticiasradioreflejos.com.ar\/2021\/wp-json\/wp\/v2\/categories?post=44308"},{"taxonomy":"post_tag","embeddable":true,"href":"https:\/\/www.noticiasradioreflejos.com.ar\/2021\/wp-json\/wp\/v2\/tags?post=44308"}],"curies":[{"name":"wp","href":"https:\/\/api.w.org\/{rel}","templated":true}]}}