{"id":44306,"date":"2020-07-10T16:36:33","date_gmt":"2020-07-10T19:36:33","guid":{"rendered":"http:\/\/www.noticiasradioreflejos.com.ar\/noticias\/?p=44306"},"modified":"2020-07-10T16:36:33","modified_gmt":"2020-07-10T19:36:33","slug":"crecen-las-operaciones-con-tarjetas-de-credito-elegidas-por-las-familias-para-financiar-consumo","status":"publish","type":"post","link":"https:\/\/www.noticiasradioreflejos.com.ar\/2021\/crecen-las-operaciones-con-tarjetas-de-credito-elegidas-por-las-familias-para-financiar-consumo\/","title":{"rendered":"Crecen las operaciones con tarjetas de cr\u00e9dito, elegidas por las familias para financiar consumo"},"content":{"rendered":"<p>El consumo con tarjetas de cr\u00e9dito volvi\u00f3 a crecer en junio, impulsado por su flexibilidad, la disminuci\u00f3n de los costos financieros y la vigencia del programa Ahora 12, seg\u00fan First Capital Group.<!--more--><br \/>\nLas operaciones a trav\u00e9s de tarjetas de cr\u00e9dito registraron en junio un saldo de $640.930 millones, unos $49.277 millones (8,3%) m\u00e1s que en mayo, seg\u00fan un informe realizado por First Capital Group (FCG) en base a datos del Banco Central.<\/p>\n<p>En tanto, el crecimiento interanual lleg\u00f3 al 59,6%, aceler\u00e1ndose respecto del mes previo; y en el semestre la suba fue de 11,9%, con un alza acumulada de el segundo trimestre de 7,3%.<\/p>\n<p>\u00abEsta l\u00ednea ha resultado la elegida por las familias para financiar las necesidades de consumo fundamentalmente por su flexibilidad y por la disminuci\u00f3n de los costos financieros que dispuso la autoridad monetaria\u00bb, explic\u00f3 Guillermo Barbero, socio de FCG.<\/p>\n<p>\u00abAdem\u00e1s la vigencia de los programas Ahora 12, mantienen el stock en crecimiento\u00bb, agreg\u00f3 Barbero.<\/p>\n<p>En cuanto al consumo en d\u00f3lares, las tarjetas de cr\u00e9dito registraron una suba de 42,7% en relaci\u00f3n al mes anterior, pero con una ca\u00edda interanual del 62,4%; en los primeros seis meses del a\u00f1o el saldo de tarjetas de cr\u00e9dito en d\u00f3lares cay\u00f3 52,8%, aunque acumula un alza de 12% en los \u00faltimos tres meses.<\/p>\n<p>\u00abAlgunas ofertas de viajes postpandemia y la necesidad de incorporar tecnolog\u00eda para el trabajo remoto, pueden ser la explicaci\u00f3n de la reactivaci\u00f3n del uso de la l\u00ednea en moneda extranjera\u00bb, finaliz\u00f3 Barbero.<\/p>\n","protected":false},"excerpt":{"rendered":"<p>El consumo con tarjetas de cr\u00e9dito volvi\u00f3 a crecer en junio, impulsado por su flexibilidad, la disminuci\u00f3n de los costos financieros y la vigencia del programa Ahora 12, seg\u00fan First Capital Group.<\/p>\n","protected":false},"author":3,"featured_media":0,"comment_status":"closed","ping_status":"open","sticky":false,"template":"","format":"standard","meta":{"footnotes":""},"categories":[36],"tags":[],"class_list":["post-44306","post","type-post","status-publish","format-standard","hentry","category-economia"],"yoast_head":"<!-- This site is optimized with the Yoast SEO plugin v25.9 - https:\/\/yoast.com\/wordpress\/plugins\/seo\/ -->\n<title>Crecen las operaciones con tarjetas de cr\u00e9dito, elegidas por las familias para financiar consumo - Noticias Radio Reflejos<\/title>\n<meta name=\"robots\" content=\"index, follow, max-snippet:-1, max-image-preview:large, max-video-preview:-1\" \/>\n<link rel=\"canonical\" href=\"https:\/\/www.noticiasradioreflejos.com.ar\/2021\/crecen-las-operaciones-con-tarjetas-de-credito-elegidas-por-las-familias-para-financiar-consumo\/\" \/>\n<meta property=\"og:locale\" content=\"es_ES\" \/>\n<meta property=\"og:type\" content=\"article\" \/>\n<meta property=\"og:title\" content=\"Crecen las operaciones con tarjetas de cr\u00e9dito, elegidas por las familias para financiar consumo - Noticias Radio Reflejos\" \/>\n<meta property=\"og:description\" content=\"El consumo con tarjetas de cr\u00e9dito volvi\u00f3 a crecer en junio, impulsado por su flexibilidad, la disminuci\u00f3n de los costos financieros y la vigencia del programa Ahora 12, seg\u00fan First Capital Group.\" \/>\n<meta property=\"og:url\" content=\"https:\/\/www.noticiasradioreflejos.com.ar\/2021\/crecen-las-operaciones-con-tarjetas-de-credito-elegidas-por-las-familias-para-financiar-consumo\/\" \/>\n<meta property=\"og:site_name\" content=\"Noticias Radio Reflejos\" \/>\n<meta property=\"article:published_time\" content=\"2020-07-10T19:36:33+00:00\" \/>\n<meta property=\"og:image\" content=\"https:\/\/www.noticiasradioreflejos.com.ar\/2021\/wp-content\/uploads\/2021\/07\/logosol300x200.png\" \/>\n\t<meta property=\"og:image:width\" content=\"300\" \/>\n\t<meta property=\"og:image:height\" content=\"200\" \/>\n\t<meta property=\"og:image:type\" content=\"image\/png\" \/>\n<meta name=\"author\" content=\"Arnaldo Botto\" \/>\n<meta name=\"twitter:card\" content=\"summary_large_image\" \/>\n<script type=\"application\/ld+json\" class=\"yoast-schema-graph\">{\"@context\":\"https:\/\/schema.org\",\"@graph\":[{\"@type\":\"WebPage\",\"@id\":\"https:\/\/www.noticiasradioreflejos.com.ar\/2021\/crecen-las-operaciones-con-tarjetas-de-credito-elegidas-por-las-familias-para-financiar-consumo\/\",\"url\":\"https:\/\/www.noticiasradioreflejos.com.ar\/2021\/crecen-las-operaciones-con-tarjetas-de-credito-elegidas-por-las-familias-para-financiar-consumo\/\",\"name\":\"Crecen las operaciones con tarjetas de cr\u00e9dito, elegidas por las familias para financiar consumo - Noticias Radio Reflejos\",\"isPartOf\":{\"@id\":\"https:\/\/www.noticiasradioreflejos.com.ar\/2021\/#website\"},\"datePublished\":\"2020-07-10T19:36:33+00:00\",\"author\":{\"@id\":\"https:\/\/www.noticiasradioreflejos.com.ar\/2021\/#\/schema\/person\/ad82545263dcc5ec0996818884fd5fb1\"},\"breadcrumb\":{\"@id\":\"https:\/\/www.noticiasradioreflejos.com.ar\/2021\/crecen-las-operaciones-con-tarjetas-de-credito-elegidas-por-las-familias-para-financiar-consumo\/#breadcrumb\"},\"inLanguage\":\"es\",\"potentialAction\":[{\"@type\":\"ReadAction\",\"target\":[\"https:\/\/www.noticiasradioreflejos.com.ar\/2021\/crecen-las-operaciones-con-tarjetas-de-credito-elegidas-por-las-familias-para-financiar-consumo\/\"]}]},{\"@type\":\"BreadcrumbList\",\"@id\":\"https:\/\/www.noticiasradioreflejos.com.ar\/2021\/crecen-las-operaciones-con-tarjetas-de-credito-elegidas-por-las-familias-para-financiar-consumo\/#breadcrumb\",\"itemListElement\":[{\"@type\":\"ListItem\",\"position\":1,\"name\":\"Portada\",\"item\":\"https:\/\/www.noticiasradioreflejos.com.ar\/2021\/\"},{\"@type\":\"ListItem\",\"position\":2,\"name\":\"Crecen las operaciones con tarjetas de cr\u00e9dito, elegidas por las familias para financiar consumo\"}]},{\"@type\":\"WebSite\",\"@id\":\"https:\/\/www.noticiasradioreflejos.com.ar\/2021\/#website\",\"url\":\"https:\/\/www.noticiasradioreflejos.com.ar\/2021\/\",\"name\":\"Noticias Radio Reflejos\",\"description\":\"Las noticias de mi comarca\",\"potentialAction\":[{\"@type\":\"SearchAction\",\"target\":{\"@type\":\"EntryPoint\",\"urlTemplate\":\"https:\/\/www.noticiasradioreflejos.com.ar\/2021\/?s={search_term_string}\"},\"query-input\":{\"@type\":\"PropertyValueSpecification\",\"valueRequired\":true,\"valueName\":\"search_term_string\"}}],\"inLanguage\":\"es\"},{\"@type\":\"Person\",\"@id\":\"https:\/\/www.noticiasradioreflejos.com.ar\/2021\/#\/schema\/person\/ad82545263dcc5ec0996818884fd5fb1\",\"name\":\"Arnaldo Botto\",\"image\":{\"@type\":\"ImageObject\",\"inLanguage\":\"es\",\"@id\":\"https:\/\/www.noticiasradioreflejos.com.ar\/2021\/#\/schema\/person\/image\/\",\"url\":\"https:\/\/secure.gravatar.com\/avatar\/55cb5e37c1efa326397366e6974cb338056df65cb50e7d64d1cf314e87504837?s=96&d=mm&r=g\",\"contentUrl\":\"https:\/\/secure.gravatar.com\/avatar\/55cb5e37c1efa326397366e6974cb338056df65cb50e7d64d1cf314e87504837?s=96&d=mm&r=g\",\"caption\":\"Arnaldo Botto\"},\"url\":\"https:\/\/www.noticiasradioreflejos.com.ar\/2021\/author\/arnaldo\/\"}]}<\/script>\n<!-- \/ Yoast SEO plugin. -->","yoast_head_json":{"title":"Crecen las operaciones con tarjetas de cr\u00e9dito, elegidas por las familias para financiar consumo - Noticias Radio Reflejos","robots":{"index":"index","follow":"follow","max-snippet":"max-snippet:-1","max-image-preview":"max-image-preview:large","max-video-preview":"max-video-preview:-1"},"canonical":"https:\/\/www.noticiasradioreflejos.com.ar\/2021\/crecen-las-operaciones-con-tarjetas-de-credito-elegidas-por-las-familias-para-financiar-consumo\/","og_locale":"es_ES","og_type":"article","og_title":"Crecen las operaciones con tarjetas de cr\u00e9dito, elegidas por las familias para financiar consumo - Noticias Radio Reflejos","og_description":"El consumo con tarjetas de cr\u00e9dito volvi\u00f3 a crecer en junio, impulsado por su flexibilidad, la disminuci\u00f3n de los costos financieros y la vigencia del programa Ahora 12, seg\u00fan First Capital Group.","og_url":"https:\/\/www.noticiasradioreflejos.com.ar\/2021\/crecen-las-operaciones-con-tarjetas-de-credito-elegidas-por-las-familias-para-financiar-consumo\/","og_site_name":"Noticias Radio Reflejos","article_published_time":"2020-07-10T19:36:33+00:00","og_image":[{"width":300,"height":200,"url":"https:\/\/www.noticiasradioreflejos.com.ar\/2021\/wp-content\/uploads\/2021\/07\/logosol300x200.png","type":"image\/png"}],"author":"Arnaldo Botto","twitter_card":"summary_large_image","schema":{"@context":"https:\/\/schema.org","@graph":[{"@type":"WebPage","@id":"https:\/\/www.noticiasradioreflejos.com.ar\/2021\/crecen-las-operaciones-con-tarjetas-de-credito-elegidas-por-las-familias-para-financiar-consumo\/","url":"https:\/\/www.noticiasradioreflejos.com.ar\/2021\/crecen-las-operaciones-con-tarjetas-de-credito-elegidas-por-las-familias-para-financiar-consumo\/","name":"Crecen las operaciones con tarjetas de cr\u00e9dito, elegidas por las familias para financiar consumo - Noticias Radio Reflejos","isPartOf":{"@id":"https:\/\/www.noticiasradioreflejos.com.ar\/2021\/#website"},"datePublished":"2020-07-10T19:36:33+00:00","author":{"@id":"https:\/\/www.noticiasradioreflejos.com.ar\/2021\/#\/schema\/person\/ad82545263dcc5ec0996818884fd5fb1"},"breadcrumb":{"@id":"https:\/\/www.noticiasradioreflejos.com.ar\/2021\/crecen-las-operaciones-con-tarjetas-de-credito-elegidas-por-las-familias-para-financiar-consumo\/#breadcrumb"},"inLanguage":"es","potentialAction":[{"@type":"ReadAction","target":["https:\/\/www.noticiasradioreflejos.com.ar\/2021\/crecen-las-operaciones-con-tarjetas-de-credito-elegidas-por-las-familias-para-financiar-consumo\/"]}]},{"@type":"BreadcrumbList","@id":"https:\/\/www.noticiasradioreflejos.com.ar\/2021\/crecen-las-operaciones-con-tarjetas-de-credito-elegidas-por-las-familias-para-financiar-consumo\/#breadcrumb","itemListElement":[{"@type":"ListItem","position":1,"name":"Portada","item":"https:\/\/www.noticiasradioreflejos.com.ar\/2021\/"},{"@type":"ListItem","position":2,"name":"Crecen las operaciones con tarjetas de cr\u00e9dito, elegidas por las familias para financiar consumo"}]},{"@type":"WebSite","@id":"https:\/\/www.noticiasradioreflejos.com.ar\/2021\/#website","url":"https:\/\/www.noticiasradioreflejos.com.ar\/2021\/","name":"Noticias Radio Reflejos","description":"Las noticias de mi comarca","potentialAction":[{"@type":"SearchAction","target":{"@type":"EntryPoint","urlTemplate":"https:\/\/www.noticiasradioreflejos.com.ar\/2021\/?s={search_term_string}"},"query-input":{"@type":"PropertyValueSpecification","valueRequired":true,"valueName":"search_term_string"}}],"inLanguage":"es"},{"@type":"Person","@id":"https:\/\/www.noticiasradioreflejos.com.ar\/2021\/#\/schema\/person\/ad82545263dcc5ec0996818884fd5fb1","name":"Arnaldo Botto","image":{"@type":"ImageObject","inLanguage":"es","@id":"https:\/\/www.noticiasradioreflejos.com.ar\/2021\/#\/schema\/person\/image\/","url":"https:\/\/secure.gravatar.com\/avatar\/55cb5e37c1efa326397366e6974cb338056df65cb50e7d64d1cf314e87504837?s=96&d=mm&r=g","contentUrl":"https:\/\/secure.gravatar.com\/avatar\/55cb5e37c1efa326397366e6974cb338056df65cb50e7d64d1cf314e87504837?s=96&d=mm&r=g","caption":"Arnaldo Botto"},"url":"https:\/\/www.noticiasradioreflejos.com.ar\/2021\/author\/arnaldo\/"}]}},"_links":{"self":[{"href":"https:\/\/www.noticiasradioreflejos.com.ar\/2021\/wp-json\/wp\/v2\/posts\/44306","targetHints":{"allow":["GET"]}}],"collection":[{"href":"https:\/\/www.noticiasradioreflejos.com.ar\/2021\/wp-json\/wp\/v2\/posts"}],"about":[{"href":"https:\/\/www.noticiasradioreflejos.com.ar\/2021\/wp-json\/wp\/v2\/types\/post"}],"author":[{"embeddable":true,"href":"https:\/\/www.noticiasradioreflejos.com.ar\/2021\/wp-json\/wp\/v2\/users\/3"}],"replies":[{"embeddable":true,"href":"https:\/\/www.noticiasradioreflejos.com.ar\/2021\/wp-json\/wp\/v2\/comments?post=44306"}],"version-history":[{"count":0,"href":"https:\/\/www.noticiasradioreflejos.com.ar\/2021\/wp-json\/wp\/v2\/posts\/44306\/revisions"}],"wp:attachment":[{"href":"https:\/\/www.noticiasradioreflejos.com.ar\/2021\/wp-json\/wp\/v2\/media?parent=44306"}],"wp:term":[{"taxonomy":"category","embeddable":true,"href":"https:\/\/www.noticiasradioreflejos.com.ar\/2021\/wp-json\/wp\/v2\/categories?post=44306"},{"taxonomy":"post_tag","embeddable":true,"href":"https:\/\/www.noticiasradioreflejos.com.ar\/2021\/wp-json\/wp\/v2\/tags?post=44306"}],"curies":[{"name":"wp","href":"https:\/\/api.w.org\/{rel}","templated":true}]}}