{"id":44304,"date":"2020-07-10T16:33:22","date_gmt":"2020-07-10T19:33:22","guid":{"rendered":"http:\/\/www.noticiasradioreflejos.com.ar\/noticias\/?p=44304"},"modified":"2020-07-10T16:33:22","modified_gmt":"2020-07-10T19:33:22","slug":"no-vamos-a-encubrir-a-nadie-dijo-kicillof-en-relacion-a-la-desaparicion-de-astudillo","status":"publish","type":"post","link":"https:\/\/www.noticiasradioreflejos.com.ar\/2021\/no-vamos-a-encubrir-a-nadie-dijo-kicillof-en-relacion-a-la-desaparicion-de-astudillo\/","title":{"rendered":"\u00abNo vamos a encubrir a nadie\u00bb, dijo Kicillof en relaci\u00f3n a la desaparici\u00f3n de Astudillo"},"content":{"rendered":"<p>El gobernador bonaerense, Axel Kicillof, dijo hoy estar \u00abpreocupado\u00bb por la desaparici\u00f3n de Facundo Astudillo Castro, el joven visto por \u00faltima vez el 30 de abril pasado en la localidad de Pedro Luro, asegur\u00f3 que se resolvi\u00f3 la \u00abseparaci\u00f3n de la polic\u00eda provincial\u00bb de la pesquisa para \u00abinvestigar a fondo\u00bb y advirti\u00f3 que no se va a \u00abencubrir a nadie\u00bb.<!--more--><br \/>\n\u00abEstamos preocupados. Acompa\u00f1amos a la familia y estamos colaborando en todo con la investigaci\u00f3n. Se resolvi\u00f3, y acompa\u00f1amos, la separaci\u00f3n de la polic\u00eda provincial para que se pueda investigar a fondo. Ahora est\u00e1 en manos de la Justicia Federal y estamos esperando que se esclarezca lo antes posible\u00bb, explic\u00f3 Kicillof en relaci\u00f3n a la desaparici\u00f3n del joven que, desde el mi\u00e9rcoles, comenz\u00f3 a investigarse como una \u00abdesaparici\u00f3n forzada de persona\u00bb.<\/p>\n<p>Esta ma\u00f1ana, fuentes judiciales confirmaron a T\u00e9lam que la jueza de Garant\u00edas de Bah\u00eda Blanca, Susana Calcinelli, hizo lugar a un planteo de incompetencia del fiscal Rodolfo De Luc\u00eda, a cargo de la Unidad Funcional de Instrucci\u00f3n 20, para que el expediente sea investigado por la Justicia Federal.<\/p>\n<p>De hecho, a pedido de la familia de Astudillo, la jueza federal 2, Gabriela Marr\u00f3n, y el fiscal Santiago Ulpiano Mart\u00ednez, ambos de Bah\u00eda Blanca, ya hab\u00edan iniciado horas antes una investigaci\u00f3n paralela por \u00abdesaparici\u00f3n forzada\u00bb y realizaron un allanamiento en la subcomisar\u00eda de la localidad bonaerense de Mayor Buratovich, en el distrito de Villarino, cuyos efectivos fueron los \u00faltimos en ver con vida al joven.<\/p>\n<p>En declaraciones a radio AM750, Kicillof expres\u00f3 su preocupaci\u00f3n y se\u00f1al\u00f3 que desde su gobierno se est\u00e1 \u00abcolaborando con todo lo que requiera la Justicia\u00bb, tras lo cual pidi\u00f3 esperar a que \u00e9sta se expida, aunque advirti\u00f3 que no va \u00aba encubrir a nadie y tampoco prejuzgar a nadie\u00bb.<\/p>\n<p>\u00abEsperamos la aparici\u00f3n con la familia, pero queremos que la investigaci\u00f3n avance lo m\u00e1s r\u00e1pido posible, sin ninguna demora ni obst\u00e1culos a la Justicia. Eso es lo que indiqu\u00e9 y as\u00ed pas\u00f3\u00bb, dijo Kicillof.<\/p>\n<p>El mandatario provincial explic\u00f3 que la Justicia Federal adopt\u00f3 \u00abmedidas sobre los efectivos que lo vieron (a Astudillo) por \u00faltima vez\u00bb y reconoci\u00f3 que \u00abhay trascendidos\u00bb en relaci\u00f3n a la posibilidad de que el joven aparezca con vida, pero pidi\u00f3 ser cautos.<\/p>\n<p>\u00abMe parece lo m\u00e1s l\u00f3gico para no generar expectativas sobre datos que no sean certeros. No hay que descartar nada tampoco. La investigaci\u00f3n judicial tiene que ir a fondo\u00bb, dijo Kicillof, quien agreg\u00f3 que \u00abse est\u00e1 trabajando con responsabilidad y prioritariamente en este tema. Eso le indiqu\u00e9 al Ministerio de Seguridad y as\u00ed se est\u00e1 actuando\u00bb.<\/p>\n<p>En las \u00faltimas horas, la Comisi\u00f3n Interamericana de Derechos Humanos (CIDH) solicit\u00f3 un informe al Estado argentino sobre la desaparici\u00f3n del joven de 22 a\u00f1os.<\/p>\n<p>La solicitud tiene fecha del 8 de julio \u00faltimo y est\u00e1 dirigida al Ministerio de Relaciones Exteriores y Culto, a cargo de Felipe Sol\u00e1, para que responda en un plazo de 72 horas \u00absobre el avance de las investigaciones que se est\u00e1n llevando a cabo\u00bb.<\/p>\n<p>En tanto, en las \u00faltimas horas trascendi\u00f3 en los medios de comunicaci\u00f3n una foto en la que se lo puede observar a Astudillo Castro en el momento en el que fue detenido por polic\u00edas en una ruta, supuestamente el 30 de abril \u00faltimo.<\/p>\n<p>En esa foto se lo ve de espaldas junto a una oficial de la polic\u00eda, delante de un patrullero.<\/p>\n<p>Seg\u00fan la investigaci\u00f3n, el joven fue visto por \u00faltima vez el 30 de abril pasado cuando sali\u00f3 de su casa en la localidad de Pedro Luro para dirigirse a ver a su novia en Bah\u00eda Blanca, con quien aparentemente hab\u00eda discutido.<\/p>\n<p>De acuerdo con la pesquisa realizada por el fiscal De Luc\u00eda, testigos que declararon en la causa aseguraron haberlo visto sentado a un costado de la ruta en la entrada de la localidad de Teniente Origone y esos mismos testigos avisaron al destacamento policial de la zona.<\/p>\n<p>Los investigadores policiales admitieron haberlo identificado como Facundo Astudillo y de hecho extrajeron una fotograf\u00eda del carnet de conductor que est\u00e1 agregada al expediente.<\/p>\n<p>Un testigo declar\u00f3 que entre las 3 y las 4 de la tarde de ese d\u00eda, Astudillo le dijo que ya lo hab\u00edan identificado en Buratovich y le hab\u00edan hecho una infracci\u00f3n por circular durante la cuarentena, y desde entonces no fue vuelto a ver.<\/p>\n<p>La Justicia Federal secuestr\u00f3 en las \u00faltimas horas el m\u00f3vil policial en el que se hallaban los polic\u00edas al momento de identificar a Astudillo sobre la ruta, como as\u00ed tambi\u00e9n los libros de guardia de la subcomisar\u00eda de Mayor Buratovich y los tel\u00e9fonos celulares de los cuatro efectivos que se hallaban en ese momento.<\/p>\n","protected":false},"excerpt":{"rendered":"<p>El gobernador bonaerense, Axel Kicillof, dijo hoy estar \u00abpreocupado\u00bb por la desaparici\u00f3n de Facundo Astudillo Castro, el joven visto por \u00faltima vez el 30 de abril pasado en la localidad de Pedro Luro, asegur\u00f3 que se resolvi\u00f3 la \u00abseparaci\u00f3n de la polic\u00eda provincial\u00bb de la pesquisa para \u00abinvestigar a fondo\u00bb y advirti\u00f3 que no se [&hellip;]<\/p>\n","protected":false},"author":3,"featured_media":0,"comment_status":"closed","ping_status":"open","sticky":false,"template":"","format":"standard","meta":{"footnotes":""},"categories":[24],"tags":[],"class_list":["post-44304","post","type-post","status-publish","format-standard","hentry","category-politica"],"yoast_head":"<!-- This site is optimized with the Yoast SEO plugin v25.9 - https:\/\/yoast.com\/wordpress\/plugins\/seo\/ -->\n<title>&quot;No vamos a encubrir a nadie&quot;, dijo Kicillof en relaci\u00f3n a la desaparici\u00f3n de Astudillo - Noticias Radio Reflejos<\/title>\n<meta name=\"robots\" content=\"index, follow, max-snippet:-1, max-image-preview:large, max-video-preview:-1\" \/>\n<link rel=\"canonical\" href=\"https:\/\/www.noticiasradioreflejos.com.ar\/2021\/no-vamos-a-encubrir-a-nadie-dijo-kicillof-en-relacion-a-la-desaparicion-de-astudillo\/\" \/>\n<meta property=\"og:locale\" content=\"es_ES\" \/>\n<meta property=\"og:type\" content=\"article\" \/>\n<meta property=\"og:title\" content=\"&quot;No vamos a encubrir a nadie&quot;, dijo Kicillof en relaci\u00f3n a la desaparici\u00f3n de Astudillo - Noticias Radio Reflejos\" \/>\n<meta property=\"og:description\" content=\"El gobernador bonaerense, Axel Kicillof, dijo hoy estar \u00abpreocupado\u00bb por la desaparici\u00f3n de Facundo Astudillo Castro, el joven visto por \u00faltima vez el 30 de abril pasado en la localidad de Pedro Luro, asegur\u00f3 que se resolvi\u00f3 la \u00abseparaci\u00f3n de la polic\u00eda provincial\u00bb de la pesquisa para \u00abinvestigar a fondo\u00bb y advirti\u00f3 que no se [&hellip;]\" \/>\n<meta property=\"og:url\" content=\"https:\/\/www.noticiasradioreflejos.com.ar\/2021\/no-vamos-a-encubrir-a-nadie-dijo-kicillof-en-relacion-a-la-desaparicion-de-astudillo\/\" \/>\n<meta property=\"og:site_name\" content=\"Noticias Radio Reflejos\" \/>\n<meta property=\"article:published_time\" content=\"2020-07-10T19:33:22+00:00\" \/>\n<meta property=\"og:image\" content=\"https:\/\/www.noticiasradioreflejos.com.ar\/2021\/wp-content\/uploads\/2021\/07\/logosol300x200.png\" \/>\n\t<meta property=\"og:image:width\" content=\"300\" \/>\n\t<meta property=\"og:image:height\" content=\"200\" \/>\n\t<meta property=\"og:image:type\" content=\"image\/png\" \/>\n<meta name=\"author\" content=\"Arnaldo Botto\" \/>\n<meta name=\"twitter:card\" content=\"summary_large_image\" \/>\n<script type=\"application\/ld+json\" class=\"yoast-schema-graph\">{\"@context\":\"https:\/\/schema.org\",\"@graph\":[{\"@type\":\"WebPage\",\"@id\":\"https:\/\/www.noticiasradioreflejos.com.ar\/2021\/no-vamos-a-encubrir-a-nadie-dijo-kicillof-en-relacion-a-la-desaparicion-de-astudillo\/\",\"url\":\"https:\/\/www.noticiasradioreflejos.com.ar\/2021\/no-vamos-a-encubrir-a-nadie-dijo-kicillof-en-relacion-a-la-desaparicion-de-astudillo\/\",\"name\":\"\\\"No vamos a encubrir a nadie\\\", dijo Kicillof en relaci\u00f3n a la desaparici\u00f3n de Astudillo - Noticias Radio Reflejos\",\"isPartOf\":{\"@id\":\"https:\/\/www.noticiasradioreflejos.com.ar\/2021\/#website\"},\"datePublished\":\"2020-07-10T19:33:22+00:00\",\"author\":{\"@id\":\"https:\/\/www.noticiasradioreflejos.com.ar\/2021\/#\/schema\/person\/ad82545263dcc5ec0996818884fd5fb1\"},\"breadcrumb\":{\"@id\":\"https:\/\/www.noticiasradioreflejos.com.ar\/2021\/no-vamos-a-encubrir-a-nadie-dijo-kicillof-en-relacion-a-la-desaparicion-de-astudillo\/#breadcrumb\"},\"inLanguage\":\"es\",\"potentialAction\":[{\"@type\":\"ReadAction\",\"target\":[\"https:\/\/www.noticiasradioreflejos.com.ar\/2021\/no-vamos-a-encubrir-a-nadie-dijo-kicillof-en-relacion-a-la-desaparicion-de-astudillo\/\"]}]},{\"@type\":\"BreadcrumbList\",\"@id\":\"https:\/\/www.noticiasradioreflejos.com.ar\/2021\/no-vamos-a-encubrir-a-nadie-dijo-kicillof-en-relacion-a-la-desaparicion-de-astudillo\/#breadcrumb\",\"itemListElement\":[{\"@type\":\"ListItem\",\"position\":1,\"name\":\"Portada\",\"item\":\"https:\/\/www.noticiasradioreflejos.com.ar\/2021\/\"},{\"@type\":\"ListItem\",\"position\":2,\"name\":\"\u00abNo vamos a encubrir a nadie\u00bb, dijo Kicillof en relaci\u00f3n a la desaparici\u00f3n de Astudillo\"}]},{\"@type\":\"WebSite\",\"@id\":\"https:\/\/www.noticiasradioreflejos.com.ar\/2021\/#website\",\"url\":\"https:\/\/www.noticiasradioreflejos.com.ar\/2021\/\",\"name\":\"Noticias Radio Reflejos\",\"description\":\"Las noticias de mi comarca\",\"potentialAction\":[{\"@type\":\"SearchAction\",\"target\":{\"@type\":\"EntryPoint\",\"urlTemplate\":\"https:\/\/www.noticiasradioreflejos.com.ar\/2021\/?s={search_term_string}\"},\"query-input\":{\"@type\":\"PropertyValueSpecification\",\"valueRequired\":true,\"valueName\":\"search_term_string\"}}],\"inLanguage\":\"es\"},{\"@type\":\"Person\",\"@id\":\"https:\/\/www.noticiasradioreflejos.com.ar\/2021\/#\/schema\/person\/ad82545263dcc5ec0996818884fd5fb1\",\"name\":\"Arnaldo Botto\",\"image\":{\"@type\":\"ImageObject\",\"inLanguage\":\"es\",\"@id\":\"https:\/\/www.noticiasradioreflejos.com.ar\/2021\/#\/schema\/person\/image\/\",\"url\":\"https:\/\/secure.gravatar.com\/avatar\/55cb5e37c1efa326397366e6974cb338056df65cb50e7d64d1cf314e87504837?s=96&d=mm&r=g\",\"contentUrl\":\"https:\/\/secure.gravatar.com\/avatar\/55cb5e37c1efa326397366e6974cb338056df65cb50e7d64d1cf314e87504837?s=96&d=mm&r=g\",\"caption\":\"Arnaldo Botto\"},\"url\":\"https:\/\/www.noticiasradioreflejos.com.ar\/2021\/author\/arnaldo\/\"}]}<\/script>\n<!-- \/ Yoast SEO plugin. -->","yoast_head_json":{"title":"\"No vamos a encubrir a nadie\", dijo Kicillof en relaci\u00f3n a la desaparici\u00f3n de Astudillo - Noticias Radio Reflejos","robots":{"index":"index","follow":"follow","max-snippet":"max-snippet:-1","max-image-preview":"max-image-preview:large","max-video-preview":"max-video-preview:-1"},"canonical":"https:\/\/www.noticiasradioreflejos.com.ar\/2021\/no-vamos-a-encubrir-a-nadie-dijo-kicillof-en-relacion-a-la-desaparicion-de-astudillo\/","og_locale":"es_ES","og_type":"article","og_title":"\"No vamos a encubrir a nadie\", dijo Kicillof en relaci\u00f3n a la desaparici\u00f3n de Astudillo - Noticias Radio Reflejos","og_description":"El gobernador bonaerense, Axel Kicillof, dijo hoy estar \u00abpreocupado\u00bb por la desaparici\u00f3n de Facundo Astudillo Castro, el joven visto por \u00faltima vez el 30 de abril pasado en la localidad de Pedro Luro, asegur\u00f3 que se resolvi\u00f3 la \u00abseparaci\u00f3n de la polic\u00eda provincial\u00bb de la pesquisa para \u00abinvestigar a fondo\u00bb y advirti\u00f3 que no se [&hellip;]","og_url":"https:\/\/www.noticiasradioreflejos.com.ar\/2021\/no-vamos-a-encubrir-a-nadie-dijo-kicillof-en-relacion-a-la-desaparicion-de-astudillo\/","og_site_name":"Noticias Radio Reflejos","article_published_time":"2020-07-10T19:33:22+00:00","og_image":[{"width":300,"height":200,"url":"https:\/\/www.noticiasradioreflejos.com.ar\/2021\/wp-content\/uploads\/2021\/07\/logosol300x200.png","type":"image\/png"}],"author":"Arnaldo Botto","twitter_card":"summary_large_image","schema":{"@context":"https:\/\/schema.org","@graph":[{"@type":"WebPage","@id":"https:\/\/www.noticiasradioreflejos.com.ar\/2021\/no-vamos-a-encubrir-a-nadie-dijo-kicillof-en-relacion-a-la-desaparicion-de-astudillo\/","url":"https:\/\/www.noticiasradioreflejos.com.ar\/2021\/no-vamos-a-encubrir-a-nadie-dijo-kicillof-en-relacion-a-la-desaparicion-de-astudillo\/","name":"\"No vamos a encubrir a nadie\", dijo Kicillof en relaci\u00f3n a la desaparici\u00f3n de Astudillo - Noticias Radio Reflejos","isPartOf":{"@id":"https:\/\/www.noticiasradioreflejos.com.ar\/2021\/#website"},"datePublished":"2020-07-10T19:33:22+00:00","author":{"@id":"https:\/\/www.noticiasradioreflejos.com.ar\/2021\/#\/schema\/person\/ad82545263dcc5ec0996818884fd5fb1"},"breadcrumb":{"@id":"https:\/\/www.noticiasradioreflejos.com.ar\/2021\/no-vamos-a-encubrir-a-nadie-dijo-kicillof-en-relacion-a-la-desaparicion-de-astudillo\/#breadcrumb"},"inLanguage":"es","potentialAction":[{"@type":"ReadAction","target":["https:\/\/www.noticiasradioreflejos.com.ar\/2021\/no-vamos-a-encubrir-a-nadie-dijo-kicillof-en-relacion-a-la-desaparicion-de-astudillo\/"]}]},{"@type":"BreadcrumbList","@id":"https:\/\/www.noticiasradioreflejos.com.ar\/2021\/no-vamos-a-encubrir-a-nadie-dijo-kicillof-en-relacion-a-la-desaparicion-de-astudillo\/#breadcrumb","itemListElement":[{"@type":"ListItem","position":1,"name":"Portada","item":"https:\/\/www.noticiasradioreflejos.com.ar\/2021\/"},{"@type":"ListItem","position":2,"name":"\u00abNo vamos a encubrir a nadie\u00bb, dijo Kicillof en relaci\u00f3n a la desaparici\u00f3n de Astudillo"}]},{"@type":"WebSite","@id":"https:\/\/www.noticiasradioreflejos.com.ar\/2021\/#website","url":"https:\/\/www.noticiasradioreflejos.com.ar\/2021\/","name":"Noticias Radio Reflejos","description":"Las noticias de mi comarca","potentialAction":[{"@type":"SearchAction","target":{"@type":"EntryPoint","urlTemplate":"https:\/\/www.noticiasradioreflejos.com.ar\/2021\/?s={search_term_string}"},"query-input":{"@type":"PropertyValueSpecification","valueRequired":true,"valueName":"search_term_string"}}],"inLanguage":"es"},{"@type":"Person","@id":"https:\/\/www.noticiasradioreflejos.com.ar\/2021\/#\/schema\/person\/ad82545263dcc5ec0996818884fd5fb1","name":"Arnaldo Botto","image":{"@type":"ImageObject","inLanguage":"es","@id":"https:\/\/www.noticiasradioreflejos.com.ar\/2021\/#\/schema\/person\/image\/","url":"https:\/\/secure.gravatar.com\/avatar\/55cb5e37c1efa326397366e6974cb338056df65cb50e7d64d1cf314e87504837?s=96&d=mm&r=g","contentUrl":"https:\/\/secure.gravatar.com\/avatar\/55cb5e37c1efa326397366e6974cb338056df65cb50e7d64d1cf314e87504837?s=96&d=mm&r=g","caption":"Arnaldo Botto"},"url":"https:\/\/www.noticiasradioreflejos.com.ar\/2021\/author\/arnaldo\/"}]}},"_links":{"self":[{"href":"https:\/\/www.noticiasradioreflejos.com.ar\/2021\/wp-json\/wp\/v2\/posts\/44304","targetHints":{"allow":["GET"]}}],"collection":[{"href":"https:\/\/www.noticiasradioreflejos.com.ar\/2021\/wp-json\/wp\/v2\/posts"}],"about":[{"href":"https:\/\/www.noticiasradioreflejos.com.ar\/2021\/wp-json\/wp\/v2\/types\/post"}],"author":[{"embeddable":true,"href":"https:\/\/www.noticiasradioreflejos.com.ar\/2021\/wp-json\/wp\/v2\/users\/3"}],"replies":[{"embeddable":true,"href":"https:\/\/www.noticiasradioreflejos.com.ar\/2021\/wp-json\/wp\/v2\/comments?post=44304"}],"version-history":[{"count":0,"href":"https:\/\/www.noticiasradioreflejos.com.ar\/2021\/wp-json\/wp\/v2\/posts\/44304\/revisions"}],"wp:attachment":[{"href":"https:\/\/www.noticiasradioreflejos.com.ar\/2021\/wp-json\/wp\/v2\/media?parent=44304"}],"wp:term":[{"taxonomy":"category","embeddable":true,"href":"https:\/\/www.noticiasradioreflejos.com.ar\/2021\/wp-json\/wp\/v2\/categories?post=44304"},{"taxonomy":"post_tag","embeddable":true,"href":"https:\/\/www.noticiasradioreflejos.com.ar\/2021\/wp-json\/wp\/v2\/tags?post=44304"}],"curies":[{"name":"wp","href":"https:\/\/api.w.org\/{rel}","templated":true}]}}