{"id":44301,"date":"2020-07-10T16:30:44","date_gmt":"2020-07-10T19:30:44","guid":{"rendered":"http:\/\/www.noticiasradioreflejos.com.ar\/noticias\/?p=44301"},"modified":"2020-07-10T16:30:44","modified_gmt":"2020-07-10T19:30:44","slug":"ciudad-y-provincia-de-buenos-aires-aguardan-resultados-epidemiologicos-para-definir-nuevas-medidas","status":"publish","type":"post","link":"https:\/\/www.noticiasradioreflejos.com.ar\/2021\/ciudad-y-provincia-de-buenos-aires-aguardan-resultados-epidemiologicos-para-definir-nuevas-medidas\/","title":{"rendered":"Ciudad y provincia de Buenos Aires aguardan resultados epidemiol\u00f3gicos para definir nuevas medidas"},"content":{"rendered":"<p>Autoridades de los Gobiernos bonaerense y porte\u00f1o coincidieron hoy en que los pr\u00f3ximos d\u00edas ser\u00e1n clave para decidir c\u00f3mo contin\u00faa la cuarentena despu\u00e9s del 17 de julio, cuando vence la etapa estricta del aislamiento, aunque en la Ciudad adelantaron que pueden acudir a \u00abt\u00e1cticas diferentes\u00bb para la nueva etapa, pero \u00absiempre en una estrategia conjunta\u00bb.<!--more--><br \/>\nEl gobernador bonaerense Axel Kicillof expres\u00f3 que es \u00abbastante optimista\u00bb sobre el resultado de la actual fase del aislamiento con mayores restricciones en el \u00c1rea Metropolitana Buenos Aires (AMBA), pero advirti\u00f3 que \u00abentre las medidas que se toman y los resultados que se obtienen, pasa un tiempo bastante largo, de 10 o 15 d\u00edas\u00bb.<\/p>\n<p>\u00abSi hay una correlaci\u00f3n directa y una consecuencia que tiene la baja de movilidad, es la baja de contagios, y eso todav\u00eda no se observa porque lo que se ve hoy en los tests son contagios ocurridos en d\u00edas previos a la cuarentena m\u00e1s fuerte\u00bb, explic\u00f3 el gobernador Kicillof, que agreg\u00f3 que esperaba que \u00ablos resultados sean m\u00e1s determinantes\u00bb, a partir de los datos vinculados al aislamiento estricto.<\/p>\n<p>Por otra parte, el vicejefe de Gobierno porte\u00f1o, Diego Santilli, estim\u00f3 que despu\u00e9s del pr\u00f3ximo viernes se pueden llegar a \u00abtomar decisiones con t\u00e1cticas diferentes\u00bb entre la Ciudad y la Provincia, pero \u00absiempre en una estrategia conjunta\u00bb.<\/p>\n<p>\u00abLa semana que viene ser\u00e1 clave para definir qu\u00e9 tipo de cuarentena nos planteamos despu\u00e9s del 17 porque vamos a saber qu\u00e9 pas\u00f3 a partir del 1 de julio y se tomar\u00e1n las decisiones en conjunto\u00bb con la Naci\u00f3n y la provincia de Buenos Aires, explic\u00f3.<\/p>\n<p>Santilli resalt\u00f3 que existe \u00abuna estrategia conjunta en la regi\u00f3n metropolitana, que es indivisible, pero tambi\u00e9n la t\u00e1ctica puede ser diferenciada: se puede tener dentro de una estrategia alguna medida distinta a otra\u00bb.<\/p>\n<p>\u00abLa econom\u00eda de la Ciudad es de servicios y comercial\u00bb, mientras que \u00abla de la provincia tambi\u00e9n, pero es fundamentalmente industrial\u00bb, dijo Santilli, e indic\u00f3 que por ese motivo \u00abse necesitan medidas diferentes:\u00bb.<\/p>\n<p>\u00abNo podemos abrir toda la Ciudad y no abrir la provincia de Buenos Aires, eso se hace con una estrategia en com\u00fan\u00bb, complet\u00f3.<\/p>\n<p>En tanto, el viceministro de Salud bonaerense, Nicol\u00e1s Kreplak, consider\u00f3 que \u00abno hay datos epidemiol\u00f3gicos que indiquen que se pueda liberar mucho la actividad\u00bb y estim\u00f3 que \u00abse puede liberar un poquito y muy organizado porque muy r\u00e1pidamente se puede perder lo que se construy\u00f3\u00bb.<\/p>\n<p>\u00abLa estrategia tiene que ser en com\u00fan porque el AMBA es un conglomerado que funciona como un conjunto; es cierto que suele haber algunas diferencias o matices, pero no es donde debe hacerse el esfuerzo, sino en trabajar en conjunto para prevenir\u00bb, manifest\u00f3 el funcionario.<\/p>\n<p>En otro orden, el ministro de Salud porte\u00f1o, Fern\u00e1n Quir\u00f3s, dijo que entre el lunes y mi\u00e9rcoles de la pr\u00f3xima semana se podr\u00e1 observar \u00abel impacto de la intensificaci\u00f3n del esfuerzo\u00bb que se hizo a partir del 1 de julio para decidir una eventual apertura de actividades en la Ciudad.<\/p>\n<p>\u00abLa expectativa es que el esfuerzo de la gente y el Gobierno con los operativos Detectar va a tener impacto y los n\u00fameros van a demostrar que la curva se puede contener\u00bb, afirm\u00f3 Quir\u00f3s.<\/p>\n<p>La curva de contagios de la Ciudad \u00abest\u00e1 relativamente contenida, relativamente achatada y crece a velocidad relativamente peque\u00f1a\u00bb, asegur\u00f3 el ministro, aunque estim\u00f3 que \u00abes imposible predecir\u00bb lo que va a ocurrir y pidi\u00f3 esperar los n\u00fameros de las pr\u00f3xima semana.<\/p>\n<p>Quir\u00f3s sostuvo que en \u00ablos \u00faltimos dos o tres d\u00edas, hubo una suba de 50 o 100 casos diarios, pero todav\u00eda estamos atravesando el per\u00edodo de impacto del modelo anterior\u00bb al 1 de julio.<\/p>\n<p>El funcionario explic\u00f3 que el Gobierno analiza cuatro dimensiones para determinar cambios en la flexibilizaci\u00f3n del aislamiento: los casos diarios de coronavirus, la velocidad de la curva de contagios, la cantidad de camas de terapia intensiva ocupadas y el humor social.<\/p>\n<p>Adem\u00e1s, Quir\u00f3s insisti\u00f3 en la necesidad de \u00abacordar una estrategia general sobre lo que est\u00e1 pasando en el AMBA, que es un conglomerado que no puede mirarse de manera aislada\u00bb, aunque luego la provincia de Buenos Aires y la Ciudad \u00abimplementen de manera diferente esas pol\u00edticas acordadas\u00bb.<\/p>\n","protected":false},"excerpt":{"rendered":"<p>Autoridades de los Gobiernos bonaerense y porte\u00f1o coincidieron hoy en que los pr\u00f3ximos d\u00edas ser\u00e1n clave para decidir c\u00f3mo contin\u00faa la cuarentena despu\u00e9s del 17 de julio, cuando vence la etapa estricta del aislamiento, aunque en la Ciudad adelantaron que pueden acudir a \u00abt\u00e1cticas diferentes\u00bb para la nueva etapa, pero \u00absiempre en una estrategia conjunta\u00bb.<\/p>\n","protected":false},"author":3,"featured_media":0,"comment_status":"closed","ping_status":"open","sticky":false,"template":"","format":"standard","meta":{"footnotes":""},"categories":[24],"tags":[],"class_list":["post-44301","post","type-post","status-publish","format-standard","hentry","category-politica"],"yoast_head":"<!-- This site is optimized with the Yoast SEO plugin v25.9 - https:\/\/yoast.com\/wordpress\/plugins\/seo\/ -->\n<title>Ciudad y provincia de Buenos Aires aguardan resultados epidemiol\u00f3gicos para definir nuevas medidas - Noticias Radio Reflejos<\/title>\n<meta name=\"robots\" content=\"index, follow, max-snippet:-1, max-image-preview:large, max-video-preview:-1\" \/>\n<link rel=\"canonical\" href=\"https:\/\/www.noticiasradioreflejos.com.ar\/2021\/ciudad-y-provincia-de-buenos-aires-aguardan-resultados-epidemiologicos-para-definir-nuevas-medidas\/\" \/>\n<meta property=\"og:locale\" content=\"es_ES\" \/>\n<meta property=\"og:type\" content=\"article\" \/>\n<meta property=\"og:title\" content=\"Ciudad y provincia de Buenos Aires aguardan resultados epidemiol\u00f3gicos para definir nuevas medidas - Noticias Radio Reflejos\" \/>\n<meta property=\"og:description\" content=\"Autoridades de los Gobiernos bonaerense y porte\u00f1o coincidieron hoy en que los pr\u00f3ximos d\u00edas ser\u00e1n clave para decidir c\u00f3mo contin\u00faa la cuarentena despu\u00e9s del 17 de julio, cuando vence la etapa estricta del aislamiento, aunque en la Ciudad adelantaron que pueden acudir a \u00abt\u00e1cticas diferentes\u00bb para la nueva etapa, pero \u00absiempre en una estrategia conjunta\u00bb.\" \/>\n<meta property=\"og:url\" content=\"https:\/\/www.noticiasradioreflejos.com.ar\/2021\/ciudad-y-provincia-de-buenos-aires-aguardan-resultados-epidemiologicos-para-definir-nuevas-medidas\/\" \/>\n<meta property=\"og:site_name\" content=\"Noticias Radio Reflejos\" \/>\n<meta property=\"article:published_time\" content=\"2020-07-10T19:30:44+00:00\" \/>\n<meta property=\"og:image\" content=\"https:\/\/www.noticiasradioreflejos.com.ar\/2021\/wp-content\/uploads\/2021\/07\/logosol300x200.png\" \/>\n\t<meta property=\"og:image:width\" content=\"300\" \/>\n\t<meta property=\"og:image:height\" content=\"200\" \/>\n\t<meta property=\"og:image:type\" content=\"image\/png\" \/>\n<meta name=\"author\" content=\"Arnaldo Botto\" \/>\n<meta name=\"twitter:card\" content=\"summary_large_image\" \/>\n<script type=\"application\/ld+json\" class=\"yoast-schema-graph\">{\"@context\":\"https:\/\/schema.org\",\"@graph\":[{\"@type\":\"WebPage\",\"@id\":\"https:\/\/www.noticiasradioreflejos.com.ar\/2021\/ciudad-y-provincia-de-buenos-aires-aguardan-resultados-epidemiologicos-para-definir-nuevas-medidas\/\",\"url\":\"https:\/\/www.noticiasradioreflejos.com.ar\/2021\/ciudad-y-provincia-de-buenos-aires-aguardan-resultados-epidemiologicos-para-definir-nuevas-medidas\/\",\"name\":\"Ciudad y provincia de Buenos Aires aguardan resultados epidemiol\u00f3gicos para definir nuevas medidas - Noticias Radio Reflejos\",\"isPartOf\":{\"@id\":\"https:\/\/www.noticiasradioreflejos.com.ar\/2021\/#website\"},\"datePublished\":\"2020-07-10T19:30:44+00:00\",\"author\":{\"@id\":\"https:\/\/www.noticiasradioreflejos.com.ar\/2021\/#\/schema\/person\/ad82545263dcc5ec0996818884fd5fb1\"},\"breadcrumb\":{\"@id\":\"https:\/\/www.noticiasradioreflejos.com.ar\/2021\/ciudad-y-provincia-de-buenos-aires-aguardan-resultados-epidemiologicos-para-definir-nuevas-medidas\/#breadcrumb\"},\"inLanguage\":\"es\",\"potentialAction\":[{\"@type\":\"ReadAction\",\"target\":[\"https:\/\/www.noticiasradioreflejos.com.ar\/2021\/ciudad-y-provincia-de-buenos-aires-aguardan-resultados-epidemiologicos-para-definir-nuevas-medidas\/\"]}]},{\"@type\":\"BreadcrumbList\",\"@id\":\"https:\/\/www.noticiasradioreflejos.com.ar\/2021\/ciudad-y-provincia-de-buenos-aires-aguardan-resultados-epidemiologicos-para-definir-nuevas-medidas\/#breadcrumb\",\"itemListElement\":[{\"@type\":\"ListItem\",\"position\":1,\"name\":\"Portada\",\"item\":\"https:\/\/www.noticiasradioreflejos.com.ar\/2021\/\"},{\"@type\":\"ListItem\",\"position\":2,\"name\":\"Ciudad y provincia de Buenos Aires aguardan resultados epidemiol\u00f3gicos para definir nuevas medidas\"}]},{\"@type\":\"WebSite\",\"@id\":\"https:\/\/www.noticiasradioreflejos.com.ar\/2021\/#website\",\"url\":\"https:\/\/www.noticiasradioreflejos.com.ar\/2021\/\",\"name\":\"Noticias Radio Reflejos\",\"description\":\"Las noticias de mi comarca\",\"potentialAction\":[{\"@type\":\"SearchAction\",\"target\":{\"@type\":\"EntryPoint\",\"urlTemplate\":\"https:\/\/www.noticiasradioreflejos.com.ar\/2021\/?s={search_term_string}\"},\"query-input\":{\"@type\":\"PropertyValueSpecification\",\"valueRequired\":true,\"valueName\":\"search_term_string\"}}],\"inLanguage\":\"es\"},{\"@type\":\"Person\",\"@id\":\"https:\/\/www.noticiasradioreflejos.com.ar\/2021\/#\/schema\/person\/ad82545263dcc5ec0996818884fd5fb1\",\"name\":\"Arnaldo Botto\",\"image\":{\"@type\":\"ImageObject\",\"inLanguage\":\"es\",\"@id\":\"https:\/\/www.noticiasradioreflejos.com.ar\/2021\/#\/schema\/person\/image\/\",\"url\":\"https:\/\/secure.gravatar.com\/avatar\/55cb5e37c1efa326397366e6974cb338056df65cb50e7d64d1cf314e87504837?s=96&d=mm&r=g\",\"contentUrl\":\"https:\/\/secure.gravatar.com\/avatar\/55cb5e37c1efa326397366e6974cb338056df65cb50e7d64d1cf314e87504837?s=96&d=mm&r=g\",\"caption\":\"Arnaldo Botto\"},\"url\":\"https:\/\/www.noticiasradioreflejos.com.ar\/2021\/author\/arnaldo\/\"}]}<\/script>\n<!-- \/ Yoast SEO plugin. -->","yoast_head_json":{"title":"Ciudad y provincia de Buenos Aires aguardan resultados epidemiol\u00f3gicos para definir nuevas medidas - Noticias Radio Reflejos","robots":{"index":"index","follow":"follow","max-snippet":"max-snippet:-1","max-image-preview":"max-image-preview:large","max-video-preview":"max-video-preview:-1"},"canonical":"https:\/\/www.noticiasradioreflejos.com.ar\/2021\/ciudad-y-provincia-de-buenos-aires-aguardan-resultados-epidemiologicos-para-definir-nuevas-medidas\/","og_locale":"es_ES","og_type":"article","og_title":"Ciudad y provincia de Buenos Aires aguardan resultados epidemiol\u00f3gicos para definir nuevas medidas - Noticias Radio Reflejos","og_description":"Autoridades de los Gobiernos bonaerense y porte\u00f1o coincidieron hoy en que los pr\u00f3ximos d\u00edas ser\u00e1n clave para decidir c\u00f3mo contin\u00faa la cuarentena despu\u00e9s del 17 de julio, cuando vence la etapa estricta del aislamiento, aunque en la Ciudad adelantaron que pueden acudir a \u00abt\u00e1cticas diferentes\u00bb para la nueva etapa, pero \u00absiempre en una estrategia conjunta\u00bb.","og_url":"https:\/\/www.noticiasradioreflejos.com.ar\/2021\/ciudad-y-provincia-de-buenos-aires-aguardan-resultados-epidemiologicos-para-definir-nuevas-medidas\/","og_site_name":"Noticias Radio Reflejos","article_published_time":"2020-07-10T19:30:44+00:00","og_image":[{"width":300,"height":200,"url":"https:\/\/www.noticiasradioreflejos.com.ar\/2021\/wp-content\/uploads\/2021\/07\/logosol300x200.png","type":"image\/png"}],"author":"Arnaldo Botto","twitter_card":"summary_large_image","schema":{"@context":"https:\/\/schema.org","@graph":[{"@type":"WebPage","@id":"https:\/\/www.noticiasradioreflejos.com.ar\/2021\/ciudad-y-provincia-de-buenos-aires-aguardan-resultados-epidemiologicos-para-definir-nuevas-medidas\/","url":"https:\/\/www.noticiasradioreflejos.com.ar\/2021\/ciudad-y-provincia-de-buenos-aires-aguardan-resultados-epidemiologicos-para-definir-nuevas-medidas\/","name":"Ciudad y provincia de Buenos Aires aguardan resultados epidemiol\u00f3gicos para definir nuevas medidas - Noticias Radio Reflejos","isPartOf":{"@id":"https:\/\/www.noticiasradioreflejos.com.ar\/2021\/#website"},"datePublished":"2020-07-10T19:30:44+00:00","author":{"@id":"https:\/\/www.noticiasradioreflejos.com.ar\/2021\/#\/schema\/person\/ad82545263dcc5ec0996818884fd5fb1"},"breadcrumb":{"@id":"https:\/\/www.noticiasradioreflejos.com.ar\/2021\/ciudad-y-provincia-de-buenos-aires-aguardan-resultados-epidemiologicos-para-definir-nuevas-medidas\/#breadcrumb"},"inLanguage":"es","potentialAction":[{"@type":"ReadAction","target":["https:\/\/www.noticiasradioreflejos.com.ar\/2021\/ciudad-y-provincia-de-buenos-aires-aguardan-resultados-epidemiologicos-para-definir-nuevas-medidas\/"]}]},{"@type":"BreadcrumbList","@id":"https:\/\/www.noticiasradioreflejos.com.ar\/2021\/ciudad-y-provincia-de-buenos-aires-aguardan-resultados-epidemiologicos-para-definir-nuevas-medidas\/#breadcrumb","itemListElement":[{"@type":"ListItem","position":1,"name":"Portada","item":"https:\/\/www.noticiasradioreflejos.com.ar\/2021\/"},{"@type":"ListItem","position":2,"name":"Ciudad y provincia de Buenos Aires aguardan resultados epidemiol\u00f3gicos para definir nuevas medidas"}]},{"@type":"WebSite","@id":"https:\/\/www.noticiasradioreflejos.com.ar\/2021\/#website","url":"https:\/\/www.noticiasradioreflejos.com.ar\/2021\/","name":"Noticias Radio Reflejos","description":"Las noticias de mi comarca","potentialAction":[{"@type":"SearchAction","target":{"@type":"EntryPoint","urlTemplate":"https:\/\/www.noticiasradioreflejos.com.ar\/2021\/?s={search_term_string}"},"query-input":{"@type":"PropertyValueSpecification","valueRequired":true,"valueName":"search_term_string"}}],"inLanguage":"es"},{"@type":"Person","@id":"https:\/\/www.noticiasradioreflejos.com.ar\/2021\/#\/schema\/person\/ad82545263dcc5ec0996818884fd5fb1","name":"Arnaldo Botto","image":{"@type":"ImageObject","inLanguage":"es","@id":"https:\/\/www.noticiasradioreflejos.com.ar\/2021\/#\/schema\/person\/image\/","url":"https:\/\/secure.gravatar.com\/avatar\/55cb5e37c1efa326397366e6974cb338056df65cb50e7d64d1cf314e87504837?s=96&d=mm&r=g","contentUrl":"https:\/\/secure.gravatar.com\/avatar\/55cb5e37c1efa326397366e6974cb338056df65cb50e7d64d1cf314e87504837?s=96&d=mm&r=g","caption":"Arnaldo Botto"},"url":"https:\/\/www.noticiasradioreflejos.com.ar\/2021\/author\/arnaldo\/"}]}},"_links":{"self":[{"href":"https:\/\/www.noticiasradioreflejos.com.ar\/2021\/wp-json\/wp\/v2\/posts\/44301","targetHints":{"allow":["GET"]}}],"collection":[{"href":"https:\/\/www.noticiasradioreflejos.com.ar\/2021\/wp-json\/wp\/v2\/posts"}],"about":[{"href":"https:\/\/www.noticiasradioreflejos.com.ar\/2021\/wp-json\/wp\/v2\/types\/post"}],"author":[{"embeddable":true,"href":"https:\/\/www.noticiasradioreflejos.com.ar\/2021\/wp-json\/wp\/v2\/users\/3"}],"replies":[{"embeddable":true,"href":"https:\/\/www.noticiasradioreflejos.com.ar\/2021\/wp-json\/wp\/v2\/comments?post=44301"}],"version-history":[{"count":0,"href":"https:\/\/www.noticiasradioreflejos.com.ar\/2021\/wp-json\/wp\/v2\/posts\/44301\/revisions"}],"wp:attachment":[{"href":"https:\/\/www.noticiasradioreflejos.com.ar\/2021\/wp-json\/wp\/v2\/media?parent=44301"}],"wp:term":[{"taxonomy":"category","embeddable":true,"href":"https:\/\/www.noticiasradioreflejos.com.ar\/2021\/wp-json\/wp\/v2\/categories?post=44301"},{"taxonomy":"post_tag","embeddable":true,"href":"https:\/\/www.noticiasradioreflejos.com.ar\/2021\/wp-json\/wp\/v2\/tags?post=44301"}],"curies":[{"name":"wp","href":"https:\/\/api.w.org\/{rel}","templated":true}]}}