{"id":44294,"date":"2020-07-10T12:02:31","date_gmt":"2020-07-10T15:02:31","guid":{"rendered":"http:\/\/www.noticiasradioreflejos.com.ar\/noticias\/?p=44294"},"modified":"2020-07-10T12:02:31","modified_gmt":"2020-07-10T15:02:31","slug":"la-ultima-foto-de-facundo-junto-a-uno-de-los-policias-investigados","status":"publish","type":"post","link":"https:\/\/www.noticiasradioreflejos.com.ar\/2021\/la-ultima-foto-de-facundo-junto-a-uno-de-los-policias-investigados\/","title":{"rendered":"La \u00faltima foto de Facundo, junto a uno de los polic\u00edas investigados"},"content":{"rendered":"<p>Es la imagen que registraron para iniciarle actuaciones por violar la cuarentena. Fue en Buratovich el 30 de abril. Los uniformados declararon que el chico sigui\u00f3 su camino, la familia afirma que en ese lugar fue \u201cchupado\u201d y desparecido.<!--more--><br \/>\nEl misterio crece. El paradero de Facundo Astudillo Castro, el joven lurense de 22 a\u00f1os que lleva m\u00e1s de dos meses desaparecido, es toda una inc\u00f3gnita.<\/p>\n<p>Fue su madre quien puso la lupa en el accionar de la polic\u00eda de Buratovich. Asegura que todo se trat\u00f3 de una desaparici\u00f3n forzada y que, contrario a lo que ten\u00eda previsto, su hijo nunca lleg\u00f3 a Bah\u00eda.<\/p>\n<p>Cabe recordar que los agentes sospechados fueron interrogados por Asuntos Internos luego de que el ministro Sergio Berni dijera en LA BR\u00daJULA 24 que si la mam\u00e1 del joven le ped\u00eda que sacara a la Polic\u00eda Bonaerense del caso, lo har\u00eda.<\/p>\n<p>Hace 48 horas, en tanto, el fiscal Rodolfo De Luc\u00eda apart\u00f3 a esa fuerza de la investigaci\u00f3n, y ayer se declar\u00f3 incompetente para seguir al frente de la causa.<\/p>\n<p>En el medio, la Justicia Federal realiz\u00f3 un allanamiento en el destacamento de Buratovich, donde suponen que estuvo el joven el pasado 30 de abril, el d\u00eda que fue visto por \u00faltima vez. Fue tras un pedido de la jueza Mar\u00eda Gabriela Marr\u00f3n y el fiscal federal Santiago Ulpiano Mart\u00ednez, quienes quedaron a cargo de la investigaci\u00f3n.<\/p>\n<p>De all\u00ed se llevaron tel\u00e9fonos, libros de guardia, computadoras y el patrullero n\u00famero 23360 (Foto) que ten\u00eda la fuerza en ese lugar.<\/p>\n<p>La imagen que publica este medio es la que sac\u00f3 la propia polic\u00eda luego de labrarle el acta a Facundo que figura en el expediente. Luego, aseguraron los efectivos, el joven sigui\u00f3 su camino. Pero su familia sostiene que habr\u00eda quedado detenido y desaparecido.<\/p>\n","protected":false},"excerpt":{"rendered":"<p>Es la imagen que registraron para iniciarle actuaciones por violar la cuarentena. Fue en Buratovich el 30 de abril. Los uniformados declararon que el chico sigui\u00f3 su camino, la familia afirma que en ese lugar fue \u201cchupado\u201d y desparecido.<\/p>\n","protected":false},"author":3,"featured_media":0,"comment_status":"closed","ping_status":"open","sticky":false,"template":"","format":"standard","meta":{"footnotes":""},"categories":[29],"tags":[],"class_list":["post-44294","post","type-post","status-publish","format-standard","hentry","category-policiales"],"yoast_head":"<!-- This site is optimized with the Yoast SEO plugin v25.9 - https:\/\/yoast.com\/wordpress\/plugins\/seo\/ -->\n<title>La \u00faltima foto de Facundo, junto a uno de los polic\u00edas investigados - Noticias Radio Reflejos<\/title>\n<meta name=\"robots\" content=\"index, follow, max-snippet:-1, max-image-preview:large, max-video-preview:-1\" \/>\n<link rel=\"canonical\" href=\"https:\/\/www.noticiasradioreflejos.com.ar\/2021\/la-ultima-foto-de-facundo-junto-a-uno-de-los-policias-investigados\/\" \/>\n<meta property=\"og:locale\" content=\"es_ES\" \/>\n<meta property=\"og:type\" content=\"article\" \/>\n<meta property=\"og:title\" content=\"La \u00faltima foto de Facundo, junto a uno de los polic\u00edas investigados - Noticias Radio Reflejos\" \/>\n<meta property=\"og:description\" content=\"Es la imagen que registraron para iniciarle actuaciones por violar la cuarentena. Fue en Buratovich el 30 de abril. Los uniformados declararon que el chico sigui\u00f3 su camino, la familia afirma que en ese lugar fue \u201cchupado\u201d y desparecido.\" \/>\n<meta property=\"og:url\" content=\"https:\/\/www.noticiasradioreflejos.com.ar\/2021\/la-ultima-foto-de-facundo-junto-a-uno-de-los-policias-investigados\/\" \/>\n<meta property=\"og:site_name\" content=\"Noticias Radio Reflejos\" \/>\n<meta property=\"article:published_time\" content=\"2020-07-10T15:02:31+00:00\" \/>\n<meta property=\"og:image\" content=\"https:\/\/www.noticiasradioreflejos.com.ar\/2021\/wp-content\/uploads\/2021\/07\/logosol300x200.png\" \/>\n\t<meta property=\"og:image:width\" content=\"300\" \/>\n\t<meta property=\"og:image:height\" content=\"200\" \/>\n\t<meta property=\"og:image:type\" content=\"image\/png\" \/>\n<meta name=\"author\" content=\"Arnaldo Botto\" \/>\n<meta name=\"twitter:card\" content=\"summary_large_image\" \/>\n<script type=\"application\/ld+json\" class=\"yoast-schema-graph\">{\"@context\":\"https:\/\/schema.org\",\"@graph\":[{\"@type\":\"WebPage\",\"@id\":\"https:\/\/www.noticiasradioreflejos.com.ar\/2021\/la-ultima-foto-de-facundo-junto-a-uno-de-los-policias-investigados\/\",\"url\":\"https:\/\/www.noticiasradioreflejos.com.ar\/2021\/la-ultima-foto-de-facundo-junto-a-uno-de-los-policias-investigados\/\",\"name\":\"La \u00faltima foto de Facundo, junto a uno de los polic\u00edas investigados - Noticias Radio Reflejos\",\"isPartOf\":{\"@id\":\"https:\/\/www.noticiasradioreflejos.com.ar\/2021\/#website\"},\"datePublished\":\"2020-07-10T15:02:31+00:00\",\"author\":{\"@id\":\"https:\/\/www.noticiasradioreflejos.com.ar\/2021\/#\/schema\/person\/ad82545263dcc5ec0996818884fd5fb1\"},\"breadcrumb\":{\"@id\":\"https:\/\/www.noticiasradioreflejos.com.ar\/2021\/la-ultima-foto-de-facundo-junto-a-uno-de-los-policias-investigados\/#breadcrumb\"},\"inLanguage\":\"es\",\"potentialAction\":[{\"@type\":\"ReadAction\",\"target\":[\"https:\/\/www.noticiasradioreflejos.com.ar\/2021\/la-ultima-foto-de-facundo-junto-a-uno-de-los-policias-investigados\/\"]}]},{\"@type\":\"BreadcrumbList\",\"@id\":\"https:\/\/www.noticiasradioreflejos.com.ar\/2021\/la-ultima-foto-de-facundo-junto-a-uno-de-los-policias-investigados\/#breadcrumb\",\"itemListElement\":[{\"@type\":\"ListItem\",\"position\":1,\"name\":\"Portada\",\"item\":\"https:\/\/www.noticiasradioreflejos.com.ar\/2021\/\"},{\"@type\":\"ListItem\",\"position\":2,\"name\":\"La \u00faltima foto de Facundo, junto a uno de los polic\u00edas investigados\"}]},{\"@type\":\"WebSite\",\"@id\":\"https:\/\/www.noticiasradioreflejos.com.ar\/2021\/#website\",\"url\":\"https:\/\/www.noticiasradioreflejos.com.ar\/2021\/\",\"name\":\"Noticias Radio Reflejos\",\"description\":\"Las noticias de mi comarca\",\"potentialAction\":[{\"@type\":\"SearchAction\",\"target\":{\"@type\":\"EntryPoint\",\"urlTemplate\":\"https:\/\/www.noticiasradioreflejos.com.ar\/2021\/?s={search_term_string}\"},\"query-input\":{\"@type\":\"PropertyValueSpecification\",\"valueRequired\":true,\"valueName\":\"search_term_string\"}}],\"inLanguage\":\"es\"},{\"@type\":\"Person\",\"@id\":\"https:\/\/www.noticiasradioreflejos.com.ar\/2021\/#\/schema\/person\/ad82545263dcc5ec0996818884fd5fb1\",\"name\":\"Arnaldo Botto\",\"image\":{\"@type\":\"ImageObject\",\"inLanguage\":\"es\",\"@id\":\"https:\/\/www.noticiasradioreflejos.com.ar\/2021\/#\/schema\/person\/image\/\",\"url\":\"https:\/\/secure.gravatar.com\/avatar\/55cb5e37c1efa326397366e6974cb338056df65cb50e7d64d1cf314e87504837?s=96&d=mm&r=g\",\"contentUrl\":\"https:\/\/secure.gravatar.com\/avatar\/55cb5e37c1efa326397366e6974cb338056df65cb50e7d64d1cf314e87504837?s=96&d=mm&r=g\",\"caption\":\"Arnaldo Botto\"},\"url\":\"https:\/\/www.noticiasradioreflejos.com.ar\/2021\/author\/arnaldo\/\"}]}<\/script>\n<!-- \/ Yoast SEO plugin. -->","yoast_head_json":{"title":"La \u00faltima foto de Facundo, junto a uno de los polic\u00edas investigados - Noticias Radio Reflejos","robots":{"index":"index","follow":"follow","max-snippet":"max-snippet:-1","max-image-preview":"max-image-preview:large","max-video-preview":"max-video-preview:-1"},"canonical":"https:\/\/www.noticiasradioreflejos.com.ar\/2021\/la-ultima-foto-de-facundo-junto-a-uno-de-los-policias-investigados\/","og_locale":"es_ES","og_type":"article","og_title":"La \u00faltima foto de Facundo, junto a uno de los polic\u00edas investigados - Noticias Radio Reflejos","og_description":"Es la imagen que registraron para iniciarle actuaciones por violar la cuarentena. Fue en Buratovich el 30 de abril. Los uniformados declararon que el chico sigui\u00f3 su camino, la familia afirma que en ese lugar fue \u201cchupado\u201d y desparecido.","og_url":"https:\/\/www.noticiasradioreflejos.com.ar\/2021\/la-ultima-foto-de-facundo-junto-a-uno-de-los-policias-investigados\/","og_site_name":"Noticias Radio Reflejos","article_published_time":"2020-07-10T15:02:31+00:00","og_image":[{"width":300,"height":200,"url":"https:\/\/www.noticiasradioreflejos.com.ar\/2021\/wp-content\/uploads\/2021\/07\/logosol300x200.png","type":"image\/png"}],"author":"Arnaldo Botto","twitter_card":"summary_large_image","schema":{"@context":"https:\/\/schema.org","@graph":[{"@type":"WebPage","@id":"https:\/\/www.noticiasradioreflejos.com.ar\/2021\/la-ultima-foto-de-facundo-junto-a-uno-de-los-policias-investigados\/","url":"https:\/\/www.noticiasradioreflejos.com.ar\/2021\/la-ultima-foto-de-facundo-junto-a-uno-de-los-policias-investigados\/","name":"La \u00faltima foto de Facundo, junto a uno de los polic\u00edas investigados - Noticias Radio Reflejos","isPartOf":{"@id":"https:\/\/www.noticiasradioreflejos.com.ar\/2021\/#website"},"datePublished":"2020-07-10T15:02:31+00:00","author":{"@id":"https:\/\/www.noticiasradioreflejos.com.ar\/2021\/#\/schema\/person\/ad82545263dcc5ec0996818884fd5fb1"},"breadcrumb":{"@id":"https:\/\/www.noticiasradioreflejos.com.ar\/2021\/la-ultima-foto-de-facundo-junto-a-uno-de-los-policias-investigados\/#breadcrumb"},"inLanguage":"es","potentialAction":[{"@type":"ReadAction","target":["https:\/\/www.noticiasradioreflejos.com.ar\/2021\/la-ultima-foto-de-facundo-junto-a-uno-de-los-policias-investigados\/"]}]},{"@type":"BreadcrumbList","@id":"https:\/\/www.noticiasradioreflejos.com.ar\/2021\/la-ultima-foto-de-facundo-junto-a-uno-de-los-policias-investigados\/#breadcrumb","itemListElement":[{"@type":"ListItem","position":1,"name":"Portada","item":"https:\/\/www.noticiasradioreflejos.com.ar\/2021\/"},{"@type":"ListItem","position":2,"name":"La \u00faltima foto de Facundo, junto a uno de los polic\u00edas investigados"}]},{"@type":"WebSite","@id":"https:\/\/www.noticiasradioreflejos.com.ar\/2021\/#website","url":"https:\/\/www.noticiasradioreflejos.com.ar\/2021\/","name":"Noticias Radio Reflejos","description":"Las noticias de mi comarca","potentialAction":[{"@type":"SearchAction","target":{"@type":"EntryPoint","urlTemplate":"https:\/\/www.noticiasradioreflejos.com.ar\/2021\/?s={search_term_string}"},"query-input":{"@type":"PropertyValueSpecification","valueRequired":true,"valueName":"search_term_string"}}],"inLanguage":"es"},{"@type":"Person","@id":"https:\/\/www.noticiasradioreflejos.com.ar\/2021\/#\/schema\/person\/ad82545263dcc5ec0996818884fd5fb1","name":"Arnaldo Botto","image":{"@type":"ImageObject","inLanguage":"es","@id":"https:\/\/www.noticiasradioreflejos.com.ar\/2021\/#\/schema\/person\/image\/","url":"https:\/\/secure.gravatar.com\/avatar\/55cb5e37c1efa326397366e6974cb338056df65cb50e7d64d1cf314e87504837?s=96&d=mm&r=g","contentUrl":"https:\/\/secure.gravatar.com\/avatar\/55cb5e37c1efa326397366e6974cb338056df65cb50e7d64d1cf314e87504837?s=96&d=mm&r=g","caption":"Arnaldo Botto"},"url":"https:\/\/www.noticiasradioreflejos.com.ar\/2021\/author\/arnaldo\/"}]}},"_links":{"self":[{"href":"https:\/\/www.noticiasradioreflejos.com.ar\/2021\/wp-json\/wp\/v2\/posts\/44294","targetHints":{"allow":["GET"]}}],"collection":[{"href":"https:\/\/www.noticiasradioreflejos.com.ar\/2021\/wp-json\/wp\/v2\/posts"}],"about":[{"href":"https:\/\/www.noticiasradioreflejos.com.ar\/2021\/wp-json\/wp\/v2\/types\/post"}],"author":[{"embeddable":true,"href":"https:\/\/www.noticiasradioreflejos.com.ar\/2021\/wp-json\/wp\/v2\/users\/3"}],"replies":[{"embeddable":true,"href":"https:\/\/www.noticiasradioreflejos.com.ar\/2021\/wp-json\/wp\/v2\/comments?post=44294"}],"version-history":[{"count":0,"href":"https:\/\/www.noticiasradioreflejos.com.ar\/2021\/wp-json\/wp\/v2\/posts\/44294\/revisions"}],"wp:attachment":[{"href":"https:\/\/www.noticiasradioreflejos.com.ar\/2021\/wp-json\/wp\/v2\/media?parent=44294"}],"wp:term":[{"taxonomy":"category","embeddable":true,"href":"https:\/\/www.noticiasradioreflejos.com.ar\/2021\/wp-json\/wp\/v2\/categories?post=44294"},{"taxonomy":"post_tag","embeddable":true,"href":"https:\/\/www.noticiasradioreflejos.com.ar\/2021\/wp-json\/wp\/v2\/tags?post=44294"}],"curies":[{"name":"wp","href":"https:\/\/api.w.org\/{rel}","templated":true}]}}