{"id":44292,"date":"2020-07-10T10:12:24","date_gmt":"2020-07-10T13:12:24","guid":{"rendered":"http:\/\/www.noticiasradioreflejos.com.ar\/noticias\/?p=44292"},"modified":"2020-07-10T10:12:24","modified_gmt":"2020-07-10T13:12:24","slug":"nuevo-record-en-bahia-blanca-24-nuevos-casos-y-el-pico-de-la-pandemia-se-hace-sentir","status":"publish","type":"post","link":"https:\/\/www.noticiasradioreflejos.com.ar\/2021\/nuevo-record-en-bahia-blanca-24-nuevos-casos-y-el-pico-de-la-pandemia-se-hace-sentir\/","title":{"rendered":"Nuevo r\u00e9cord en Bah\u00eda Blanca: 24 nuevos casos y el pico de la pandemia se hace sentir"},"content":{"rendered":"<p>La ciudad lleg\u00f3 a los 233 pacientes infectados y 130 con virus activo, en una estad\u00edstica sanitaria que exhibe su cara m\u00e1s preocupante. Tambi\u00e9n anunciaron a tres personas recuperadas.<!--more--><\/p>\n<p>El Comit\u00e9 de Contingencia para Coronavirus inform\u00f3 que se registraron 24 nuevos casos positivos en Bah\u00eda Blanca, siendo un nuevo r\u00e9cord de contagios en un d\u00eda. Adem\u00e1s tambi\u00e9n se anunci\u00f3 a cuatro pacientes recuperados del virus.<\/p>\n<p>Seg\u00fan se inform\u00f3 en el parte oficial, el tiempo de duplicaci\u00f3n de casos se encuentra en 7 d\u00edas. Un n\u00famero que es muy inferior a 15, que es el l\u00edmite establecido por el decreto presidencial para considerar un eventual retroceso de fase.<\/p>\n<p>De esta manera, el distrito totaliza 233 positivos desde el inicio de la pandemia, con 130 personas con virus activo, 96 recuperados y 7 decesos.<\/p>\n","protected":false},"excerpt":{"rendered":"<p>La ciudad lleg\u00f3 a los 233 pacientes infectados y 130 con virus activo, en una estad\u00edstica sanitaria que exhibe su cara m\u00e1s preocupante. Tambi\u00e9n anunciaron a tres personas recuperadas.<\/p>\n","protected":false},"author":3,"featured_media":0,"comment_status":"closed","ping_status":"open","sticky":false,"template":"","format":"standard","meta":{"footnotes":""},"categories":[30],"tags":[],"class_list":["post-44292","post","type-post","status-publish","format-standard","hentry","category-salud"],"yoast_head":"<!-- This site is optimized with the Yoast SEO plugin v25.9 - https:\/\/yoast.com\/wordpress\/plugins\/seo\/ -->\n<title>Nuevo r\u00e9cord en Bah\u00eda Blanca: 24 nuevos casos y el pico de la pandemia se hace sentir - Noticias Radio Reflejos<\/title>\n<meta name=\"robots\" content=\"index, follow, max-snippet:-1, max-image-preview:large, max-video-preview:-1\" \/>\n<link rel=\"canonical\" href=\"https:\/\/www.noticiasradioreflejos.com.ar\/2021\/nuevo-record-en-bahia-blanca-24-nuevos-casos-y-el-pico-de-la-pandemia-se-hace-sentir\/\" \/>\n<meta property=\"og:locale\" content=\"es_ES\" \/>\n<meta property=\"og:type\" content=\"article\" \/>\n<meta property=\"og:title\" content=\"Nuevo r\u00e9cord en Bah\u00eda Blanca: 24 nuevos casos y el pico de la pandemia se hace sentir - Noticias Radio Reflejos\" \/>\n<meta property=\"og:description\" content=\"La ciudad lleg\u00f3 a los 233 pacientes infectados y 130 con virus activo, en una estad\u00edstica sanitaria que exhibe su cara m\u00e1s preocupante. Tambi\u00e9n anunciaron a tres personas recuperadas.\" \/>\n<meta property=\"og:url\" content=\"https:\/\/www.noticiasradioreflejos.com.ar\/2021\/nuevo-record-en-bahia-blanca-24-nuevos-casos-y-el-pico-de-la-pandemia-se-hace-sentir\/\" \/>\n<meta property=\"og:site_name\" content=\"Noticias Radio Reflejos\" \/>\n<meta property=\"article:published_time\" content=\"2020-07-10T13:12:24+00:00\" \/>\n<meta property=\"og:image\" content=\"https:\/\/www.noticiasradioreflejos.com.ar\/2021\/wp-content\/uploads\/2021\/07\/logosol300x200.png\" \/>\n\t<meta property=\"og:image:width\" content=\"300\" \/>\n\t<meta property=\"og:image:height\" content=\"200\" \/>\n\t<meta property=\"og:image:type\" content=\"image\/png\" \/>\n<meta name=\"author\" content=\"Arnaldo Botto\" \/>\n<meta name=\"twitter:card\" content=\"summary_large_image\" \/>\n<script type=\"application\/ld+json\" class=\"yoast-schema-graph\">{\"@context\":\"https:\/\/schema.org\",\"@graph\":[{\"@type\":\"WebPage\",\"@id\":\"https:\/\/www.noticiasradioreflejos.com.ar\/2021\/nuevo-record-en-bahia-blanca-24-nuevos-casos-y-el-pico-de-la-pandemia-se-hace-sentir\/\",\"url\":\"https:\/\/www.noticiasradioreflejos.com.ar\/2021\/nuevo-record-en-bahia-blanca-24-nuevos-casos-y-el-pico-de-la-pandemia-se-hace-sentir\/\",\"name\":\"Nuevo r\u00e9cord en Bah\u00eda Blanca: 24 nuevos casos y el pico de la pandemia se hace sentir - Noticias Radio Reflejos\",\"isPartOf\":{\"@id\":\"https:\/\/www.noticiasradioreflejos.com.ar\/2021\/#website\"},\"datePublished\":\"2020-07-10T13:12:24+00:00\",\"author\":{\"@id\":\"https:\/\/www.noticiasradioreflejos.com.ar\/2021\/#\/schema\/person\/ad82545263dcc5ec0996818884fd5fb1\"},\"breadcrumb\":{\"@id\":\"https:\/\/www.noticiasradioreflejos.com.ar\/2021\/nuevo-record-en-bahia-blanca-24-nuevos-casos-y-el-pico-de-la-pandemia-se-hace-sentir\/#breadcrumb\"},\"inLanguage\":\"es\",\"potentialAction\":[{\"@type\":\"ReadAction\",\"target\":[\"https:\/\/www.noticiasradioreflejos.com.ar\/2021\/nuevo-record-en-bahia-blanca-24-nuevos-casos-y-el-pico-de-la-pandemia-se-hace-sentir\/\"]}]},{\"@type\":\"BreadcrumbList\",\"@id\":\"https:\/\/www.noticiasradioreflejos.com.ar\/2021\/nuevo-record-en-bahia-blanca-24-nuevos-casos-y-el-pico-de-la-pandemia-se-hace-sentir\/#breadcrumb\",\"itemListElement\":[{\"@type\":\"ListItem\",\"position\":1,\"name\":\"Portada\",\"item\":\"https:\/\/www.noticiasradioreflejos.com.ar\/2021\/\"},{\"@type\":\"ListItem\",\"position\":2,\"name\":\"Nuevo r\u00e9cord en Bah\u00eda Blanca: 24 nuevos casos y el pico de la pandemia se hace sentir\"}]},{\"@type\":\"WebSite\",\"@id\":\"https:\/\/www.noticiasradioreflejos.com.ar\/2021\/#website\",\"url\":\"https:\/\/www.noticiasradioreflejos.com.ar\/2021\/\",\"name\":\"Noticias Radio Reflejos\",\"description\":\"Las noticias de mi comarca\",\"potentialAction\":[{\"@type\":\"SearchAction\",\"target\":{\"@type\":\"EntryPoint\",\"urlTemplate\":\"https:\/\/www.noticiasradioreflejos.com.ar\/2021\/?s={search_term_string}\"},\"query-input\":{\"@type\":\"PropertyValueSpecification\",\"valueRequired\":true,\"valueName\":\"search_term_string\"}}],\"inLanguage\":\"es\"},{\"@type\":\"Person\",\"@id\":\"https:\/\/www.noticiasradioreflejos.com.ar\/2021\/#\/schema\/person\/ad82545263dcc5ec0996818884fd5fb1\",\"name\":\"Arnaldo Botto\",\"image\":{\"@type\":\"ImageObject\",\"inLanguage\":\"es\",\"@id\":\"https:\/\/www.noticiasradioreflejos.com.ar\/2021\/#\/schema\/person\/image\/\",\"url\":\"https:\/\/secure.gravatar.com\/avatar\/55cb5e37c1efa326397366e6974cb338056df65cb50e7d64d1cf314e87504837?s=96&d=mm&r=g\",\"contentUrl\":\"https:\/\/secure.gravatar.com\/avatar\/55cb5e37c1efa326397366e6974cb338056df65cb50e7d64d1cf314e87504837?s=96&d=mm&r=g\",\"caption\":\"Arnaldo Botto\"},\"url\":\"https:\/\/www.noticiasradioreflejos.com.ar\/2021\/author\/arnaldo\/\"}]}<\/script>\n<!-- \/ Yoast SEO plugin. -->","yoast_head_json":{"title":"Nuevo r\u00e9cord en Bah\u00eda Blanca: 24 nuevos casos y el pico de la pandemia se hace sentir - Noticias Radio Reflejos","robots":{"index":"index","follow":"follow","max-snippet":"max-snippet:-1","max-image-preview":"max-image-preview:large","max-video-preview":"max-video-preview:-1"},"canonical":"https:\/\/www.noticiasradioreflejos.com.ar\/2021\/nuevo-record-en-bahia-blanca-24-nuevos-casos-y-el-pico-de-la-pandemia-se-hace-sentir\/","og_locale":"es_ES","og_type":"article","og_title":"Nuevo r\u00e9cord en Bah\u00eda Blanca: 24 nuevos casos y el pico de la pandemia se hace sentir - Noticias Radio Reflejos","og_description":"La ciudad lleg\u00f3 a los 233 pacientes infectados y 130 con virus activo, en una estad\u00edstica sanitaria que exhibe su cara m\u00e1s preocupante. Tambi\u00e9n anunciaron a tres personas recuperadas.","og_url":"https:\/\/www.noticiasradioreflejos.com.ar\/2021\/nuevo-record-en-bahia-blanca-24-nuevos-casos-y-el-pico-de-la-pandemia-se-hace-sentir\/","og_site_name":"Noticias Radio Reflejos","article_published_time":"2020-07-10T13:12:24+00:00","og_image":[{"width":300,"height":200,"url":"https:\/\/www.noticiasradioreflejos.com.ar\/2021\/wp-content\/uploads\/2021\/07\/logosol300x200.png","type":"image\/png"}],"author":"Arnaldo Botto","twitter_card":"summary_large_image","schema":{"@context":"https:\/\/schema.org","@graph":[{"@type":"WebPage","@id":"https:\/\/www.noticiasradioreflejos.com.ar\/2021\/nuevo-record-en-bahia-blanca-24-nuevos-casos-y-el-pico-de-la-pandemia-se-hace-sentir\/","url":"https:\/\/www.noticiasradioreflejos.com.ar\/2021\/nuevo-record-en-bahia-blanca-24-nuevos-casos-y-el-pico-de-la-pandemia-se-hace-sentir\/","name":"Nuevo r\u00e9cord en Bah\u00eda Blanca: 24 nuevos casos y el pico de la pandemia se hace sentir - Noticias Radio Reflejos","isPartOf":{"@id":"https:\/\/www.noticiasradioreflejos.com.ar\/2021\/#website"},"datePublished":"2020-07-10T13:12:24+00:00","author":{"@id":"https:\/\/www.noticiasradioreflejos.com.ar\/2021\/#\/schema\/person\/ad82545263dcc5ec0996818884fd5fb1"},"breadcrumb":{"@id":"https:\/\/www.noticiasradioreflejos.com.ar\/2021\/nuevo-record-en-bahia-blanca-24-nuevos-casos-y-el-pico-de-la-pandemia-se-hace-sentir\/#breadcrumb"},"inLanguage":"es","potentialAction":[{"@type":"ReadAction","target":["https:\/\/www.noticiasradioreflejos.com.ar\/2021\/nuevo-record-en-bahia-blanca-24-nuevos-casos-y-el-pico-de-la-pandemia-se-hace-sentir\/"]}]},{"@type":"BreadcrumbList","@id":"https:\/\/www.noticiasradioreflejos.com.ar\/2021\/nuevo-record-en-bahia-blanca-24-nuevos-casos-y-el-pico-de-la-pandemia-se-hace-sentir\/#breadcrumb","itemListElement":[{"@type":"ListItem","position":1,"name":"Portada","item":"https:\/\/www.noticiasradioreflejos.com.ar\/2021\/"},{"@type":"ListItem","position":2,"name":"Nuevo r\u00e9cord en Bah\u00eda Blanca: 24 nuevos casos y el pico de la pandemia se hace sentir"}]},{"@type":"WebSite","@id":"https:\/\/www.noticiasradioreflejos.com.ar\/2021\/#website","url":"https:\/\/www.noticiasradioreflejos.com.ar\/2021\/","name":"Noticias Radio Reflejos","description":"Las noticias de mi comarca","potentialAction":[{"@type":"SearchAction","target":{"@type":"EntryPoint","urlTemplate":"https:\/\/www.noticiasradioreflejos.com.ar\/2021\/?s={search_term_string}"},"query-input":{"@type":"PropertyValueSpecification","valueRequired":true,"valueName":"search_term_string"}}],"inLanguage":"es"},{"@type":"Person","@id":"https:\/\/www.noticiasradioreflejos.com.ar\/2021\/#\/schema\/person\/ad82545263dcc5ec0996818884fd5fb1","name":"Arnaldo Botto","image":{"@type":"ImageObject","inLanguage":"es","@id":"https:\/\/www.noticiasradioreflejos.com.ar\/2021\/#\/schema\/person\/image\/","url":"https:\/\/secure.gravatar.com\/avatar\/55cb5e37c1efa326397366e6974cb338056df65cb50e7d64d1cf314e87504837?s=96&d=mm&r=g","contentUrl":"https:\/\/secure.gravatar.com\/avatar\/55cb5e37c1efa326397366e6974cb338056df65cb50e7d64d1cf314e87504837?s=96&d=mm&r=g","caption":"Arnaldo Botto"},"url":"https:\/\/www.noticiasradioreflejos.com.ar\/2021\/author\/arnaldo\/"}]}},"_links":{"self":[{"href":"https:\/\/www.noticiasradioreflejos.com.ar\/2021\/wp-json\/wp\/v2\/posts\/44292","targetHints":{"allow":["GET"]}}],"collection":[{"href":"https:\/\/www.noticiasradioreflejos.com.ar\/2021\/wp-json\/wp\/v2\/posts"}],"about":[{"href":"https:\/\/www.noticiasradioreflejos.com.ar\/2021\/wp-json\/wp\/v2\/types\/post"}],"author":[{"embeddable":true,"href":"https:\/\/www.noticiasradioreflejos.com.ar\/2021\/wp-json\/wp\/v2\/users\/3"}],"replies":[{"embeddable":true,"href":"https:\/\/www.noticiasradioreflejos.com.ar\/2021\/wp-json\/wp\/v2\/comments?post=44292"}],"version-history":[{"count":0,"href":"https:\/\/www.noticiasradioreflejos.com.ar\/2021\/wp-json\/wp\/v2\/posts\/44292\/revisions"}],"wp:attachment":[{"href":"https:\/\/www.noticiasradioreflejos.com.ar\/2021\/wp-json\/wp\/v2\/media?parent=44292"}],"wp:term":[{"taxonomy":"category","embeddable":true,"href":"https:\/\/www.noticiasradioreflejos.com.ar\/2021\/wp-json\/wp\/v2\/categories?post=44292"},{"taxonomy":"post_tag","embeddable":true,"href":"https:\/\/www.noticiasradioreflejos.com.ar\/2021\/wp-json\/wp\/v2\/tags?post=44292"}],"curies":[{"name":"wp","href":"https:\/\/api.w.org\/{rel}","templated":true}]}}