{"id":44289,"date":"2020-07-10T08:48:47","date_gmt":"2020-07-10T11:48:47","guid":{"rendered":"http:\/\/www.noticiasradioreflejos.com.ar\/noticias\/?p=44289"},"modified":"2020-07-10T08:48:47","modified_gmt":"2020-07-10T11:48:47","slug":"la-cidh-solicito-al-estado-argentino-informacion-sobre-la-desaparicion-de-facundo-castro","status":"publish","type":"post","link":"https:\/\/www.noticiasradioreflejos.com.ar\/2021\/la-cidh-solicito-al-estado-argentino-informacion-sobre-la-desaparicion-de-facundo-castro\/","title":{"rendered":"La CIDH solicit\u00f3 al estado argentino informaci\u00f3n sobre la desaparici\u00f3n de Facundo Castro"},"content":{"rendered":"<p>La Comisi\u00f3n Interamericana de Derechos Humanos de la OEA solicit\u00f3 informaci\u00f3n al Ministerio de Relaciones Exteriores de Argentina sobre la denuncia por la desaparici\u00f3n forzada de Facundo Astudillo Castro. La denuncia realizada desde la Argentina hab\u00eda solicitado a ese organismo internacional medidas cautelares para dar con el joven visto por \u00faltima vez el 30 de abril en viaje hacia Bah\u00eda Blanca. <!--more-->En la nota dirigida al canciller Felipe Sol\u00e1 se piden informes sobre \u201clas acciones que el Estado estar\u00eda llevando a cabo para dar con el paradero o localizaci\u00f3n del joven y el avance en las investigaciones que se llevar\u00edan a cabo por los hechos alegados\u201d. De acuerdo al reglamento de la CIDH y de la Convenci\u00f3n Interamericana sobre Desaparici\u00f3n Forzada de Personas, la respuesta debe ser entregada en un plazo de 72 horas. En tanto, el ministro de Seguridad bonaerense Sergio Berni afirm\u00f3 que est\u00e1 \u201cen contacto permanente con la madre de Facundo Astudillo Castro, el jefe de Polic\u00eda y de Asuntos Internos est\u00e1n en Bah\u00eda Blanca para colaborar con la justicia y hacer una investigaci\u00f3n transparente\u201d.<\/p>\n<div class=\"article-card top-border-black float-left\"><\/div>\n<div class=\"article-card top-border-black float-left\"><\/div>\n<p>De hecho, los polic\u00edas sospechados fueron interrogados por Asuntos Internos luego de que Berni dijera que si la mam\u00e1 del joven le ped\u00eda que aparte a la Polic\u00eda Bonaerense \u00e9l lo iba a hacer. Finalmente el fiscal Rodolfo De Luc\u00eda, que era contrario a esa medida, ayer termin\u00f3 ordenando que esa fuerza quedara afuera de la investigaci\u00f3n, tal como ven\u00edan exigiendo los abogados de la familia e incluso la secretar\u00eda de Derechos Humanos provincial. En di\u00e1logo con la prensa tras el acto por el D\u00eda de la Independencia el ministro de Seguridad bonaerense dijo que si bien \u201cla Justicia entiende que no hay elementos que inculpen un accionar indebido\u201d de la polic\u00eda provincial en el caso de la desaparici\u00f3n de Castro en la localidad de Villarino, \u201chay que acompa\u00f1ar y entender el pedido de la madre\u201d.<\/p>\n<div id=\"talkFireEvent\"><\/div>\n<p>El funcionario adujo que la denuncia fue realizada en forma tard\u00eda, sin embargo la causa provincial se inici\u00f3 a los pocos d\u00edas que la familia detect\u00f3 su ausencia, el 5 de junio ante la fiscal\u00eda de Villarino, porque durante las primeras horas pensaron que estaba con la ex novia. \u201cNo hay que encapricharse en seguir adelante la investigaci\u00f3n (con la Polic\u00eda bonaerense), sino pas\u00e1rsela a la Polic\u00eda Federal, que seguramente va a poder dilucidar qu\u00e9 fue lo que pas\u00f3\u201d, agreg\u00f3 Berni. Cabe mencionar que los tres testigos que afirman haberlo visto cuando sub\u00eda a un patrullero intentaron tres veces que la polic\u00eda les tomara la declaraci\u00f3n y fueron ignorados.<\/p>\n<div class=\"iframely-embed medium-embedded-content\" data-html=\"Jmx0O2Jsb2NrcXVvdGUgY2xhc3M9InR3aXR0ZXItdHdlZXQiIGRhdGEtZG50PSJ0cnVlIiBhbGlnbj0iY2VudGVyIiZndDsmbHQ7cCBsYW5nPSJlcyIgZGlyPSJsdHIiJmd0O1NpbiB2b3MgbGlicmUgeSB2aXZvIG5vIGhheSBpbmRlcGVuZGVuY2lhIGZhY3UgY2FzdHJvIHRlIHNlZ2ltb3MgYnVzY2FuZG8gJmx0O2EgaHJlZj0iaHR0cHM6Ly90LmNvL2pDam9ITGRxYlYiJmd0O3BpYy50d2l0dGVyLmNvbS9qQ2pvSExkcWJWJmx0Oy9hJmd0OyZsdDsvcCZndDsmYW1wO21kYXNoOyBDcmlzdGluYSBDYXN0cm8gKEBDcmlzdGluOTYwNTY5MDQpICZsdDthIGhyZWY9Imh0dHBzOi8vdHdpdHRlci5jb20vQ3Jpc3Rpbjk2MDU2OTA0L3N0YXR1cy8xMjgxMjAwNzk5NTgyOTU3NTY4P3JlZl9zcmM9dHdzcmMlNUV0ZnciJmd0O0p1bHkgOSwgMjAyMCZsdDsvYSZndDsmbHQ7L2Jsb2NrcXVvdGUmZ3Q7CiZsdDtzY3JpcHQgYXN5bmMgc3JjPSJodHRwczovL3BsYXRmb3JtLnR3aXR0ZXIuY29tL3dpZGdldHMuanMiIGNoYXJzZXQ9InV0Zi04IiZndDsmbHQ7L3NjcmlwdCZndDsKJmx0O2RpdiBjbGFzcz0ibWVkaXVtLWluc2VydC1lbWJlZHMtbWV0YSImZ3Q7Jmx0O3NjcmlwdCB0eXBlPSJ0ZXh0L2pzb24iJmd0O3sidXJsIjoiaHR0cHM6Ly90d2l0dGVyLmNvbS9DcmlzdGluOTYwNTY5MDQvc3RhdHVzLzEyODEyMDA3OTk1ODI5NTc1NjgiLCJ0eXBlIjoicmljaCIsInZlcnNpb24iOiIxLjAiLCJ0aXRsZSI6IkNyaXN0aW5hIENhc3RybyBvbiBUd2l0dGVyIiwiYXV0aG9yIjoiQ3Jpc3RpbmEgQ2FzdHJvIiwiYXV0aG9yX3VybCI6Imh0dHBzOi8vdHdpdHRlci5jb20vQ3Jpc3Rpbjk2MDU2OTA0IiwicHJvdmlkZXJfbmFtZSI6IlR3aXR0ZXIiLCJkZXNjcmlwdGlvbiI6IlNpbiB2b3MgbGlicmUgeSB2aXZvIG5vIGhheSBpbmRlcGVuZGVuY2lhIGZhY3UgY2FzdHJvIHRlIHNlZ2ltb3MgYnVzY2FuZG8gcGljLnR3aXR0ZXIuY29tL2pDam9ITGRxYlbigJQgQ3Jpc3RpbmEgQ2FzdHJvIChAQ3Jpc3Rpbjk2MDU2OTA0KSBKdWx5IDksIDIwMjBcblxuIiwiY2FjaGVfYWdlIjo4NjQwMCwib3B0aW9ucyI6eyJfdGhlbWUiOnsidmFsdWVzIjp7ImRhcmsiOiJVc2UgZGFyayB0aGVtZSJ9LCJ2YWx1ZSI6IiJ9LCJfaGlkZV9tZWRpYSI6eyJ2YWx1ZSI6ZmFsc2UsImxhYmVsIjoiSGlkZSBwaG90b3MsIHZpZGVvcywgYW5kIGNhcmRzIn19fSZsdDsvc2NyaXB0Jmd0OyZsdDsvZGl2Jmd0Ow==\">\n<div class=\"iframely-embed\">\n<div class=\"iframely-responsive\"><iframe loading=\"lazy\" src=\"https:\/\/iframely.pagina12.com.ar\/api\/iframe?url=https%3A%2F%2Ftwitter.com%2FCristin96056904%2Fstatus%2F1281200799582957568&amp;v=1&amp;app=1&amp;key=68ad19d170f26a7756ad0a90caf18fc1&amp;playerjs=1\" width=\"300\" height=\"150\" allowfullscreen=\"allowfullscreen\"><\/iframe><\/div>\n<\/div>\n<\/div>\n<p><strong>Grave y urgente<\/strong><\/p>\n<p>\u201cVengo por el presente a denunciar la desaparici\u00f3n forzada de Facundo Astudillo Castro, de 22 a\u00f1os de edad, en la provincia de Buenos Aires, Argentina. A tal fin solicito medidas cautelares a favor de Facundo Astullido Castro y que el Estado Nacional encuadre el caso como Desaparici\u00f3n Forzada y realice todas las medidas urgentes necesarias para saber sobre el paradero. La informaci\u00f3n que se le presenta a la CIDH, demuestra que el beneficiario Facundo Astudillo Castro se encuentra en una situaci\u00f3n de gravedad y urgencia\u201d, reza la presentaci\u00f3n ante la CIDH cuyos autores pidieron reserva de identidad por haber sido objeto de acoso y difamaci\u00f3n en circunstancias anteriores.<\/p>\n<p>\u201cLo \u00faltimo que se sabe de Facundo es del 30 abril de 2020 cuando su madre Cristina Adriana Castro Alaniz mantuvo contacto telef\u00f3nico. Ese d\u00eda Facundo hab\u00eda sido aprehendido en Mayor Buratovich por personal de la Polic\u00eda provincial, por violaci\u00f3n de la cuarentena. Concretamente habr\u00eda sido detenido por no tener \u2018permiso para circular\u2019. Facundo se dirig\u00eda \u2018a dedo\u2019 desde Pedro Luro hasta la localidad de Bah\u00eda Blanca\u201d.<\/p>\n<p>El relato de los hechos realizado por el peticionante ante la CIDH se basa en el informe de la Comisi\u00f3n Provincial por la Memoria y las cr\u00f3nicas period\u00edsticas, en particular las de P\u00e1ginaI12, entre ellas la entrevista a Cristina Castro. El jueves 30 de abril, un rato antes del mediod\u00eda, la madre de Facundo, Cristina Castro, estaba trabajando cuando son\u00f3 su celular: era un polic\u00eda.<\/p>\n<p>\u2013Quiero hablar con la madre de Facundo Astudillo Castro \u2013dijo la voz del otro lado\u2013 para verificar el domicilio.<\/p>\n<p>\u2013S\u00ed, soy yo \u2013respondi\u00f3 ella.<\/p>\n<p>\u2013Le hicimos una infracci\u00f3n a su hijo por romper la cuarentena \u2013dijeron desde la comisar\u00eda de Buratovich.<\/p>\n<p>Cristina sab\u00eda que Facundo hab\u00eda salido de su casa, en la localidad de Pedro Luro, para ir a ver a su ex novia en Bah\u00eda Blanca. Esos 125 kil\u00f3metros los iba a hacer a dedo. A las 13, Cristina se comunic\u00f3 con Facundo y lo ret\u00f3 por salir sin un permiso de circulaci\u00f3n.<\/p>\n<p>\u2013No sab\u00e9s d\u00f3nde estoy, no me vas a volver a ver m\u00e1s \u2013dijo \u00e9l.<\/p>\n<p>Esa fue la \u00faltima vez que habl\u00f3 con \u00e9l. Y la \u00faltima llamada que sali\u00f3 del celular de Facundo. \u201cSe inici\u00f3 una causa penal en la justicia departamental local de Bah\u00eda Blanca, pero la investigaci\u00f3n judicial no da garant\u00edas de imparcialidad ya que los supuestos autores a\u00fan no se encuentran individualizados. Adem\u00e1s, se deleg\u00f3 la investigaci\u00f3n en la Fiscal\u00eda provincial, pero no apart\u00f3 a los agentes involucrados (lo hizo reci\u00e9n ayer) y viene actuando con demoras significativas, siendo que Facundo est\u00e1 desaparecido desde hace casi 70 d\u00edas y ya hay testigos que relacionan el \u00faltimo momento en que se lo vio con las fuerzas de seguridad bonaerenses\u201d.<\/p>\n<div align=\"center\">\n<article class=\"embedded-entity\">\n<article class=\"media media-image view-mode-single-media-image-460 media--type- media--unpublished\">\n<div class=\"field field--name-field-media-image field--type-image field--label-hidden field__item\"><img loading=\"lazy\" decoding=\"async\" class=\"image-style-width960\" src=\"https:\/\/images.pagina12.com.ar\/styles\/width960\/public\/2020-07\/screenshot-20200709-112845-2-0.png?itok=xo36iwsZ\" width=\"960\" height=\"1372\" \/><\/div>\n<\/article>\n<\/article>\n<\/div>\n<p>El texto que recibi\u00f3 la CIDH menciona que \u00ablos rastrillajes que se dispusieron por la fiscal\u00eda fueron en lugares que no se relacionan con el \u00faltimo en el que se lo vio justo al momento de la aprehensi\u00f3n por las fuerzas estales provinciales, tal como lo relatan los testimonios; la Polic\u00eda quiere instalar que Facundo lleg\u00f3 a Bah\u00eda Blanca, aportando testimonios y versiones contradictorias a la investigaci\u00f3n, que en definitiva lleva a su cargo. Y lo concreto es que ya pasaron m\u00e1s de dos meses y Facundo no aparece\u00bb.<\/p>\n<p>La familia ha solicitado que la causa judicial pase a la justicia federal, porque \u00abla justicia provincial ya no ofrece garant\u00edas, en raz\u00f3n de que se est\u00e1 ante un escenario de encubrimiento por parte del mismo poder judicial sobre las fuerzas estatales de seguridad. Refuerza esta sospecha el texto interno difundido entre los integrantes de las fuerzas policiales de la Provincia de Buenos Aires que dice: &#8216;Tener en cuenta, el mismo (Facundo) andar\u00eda vendiendo bolsas, por la zona de V. Talleres, Spurr, Undiano y Arias, por ese sector, a prestar especial atenci\u00f3n a ver lo podemos ubicar&#8217;. &#8216;Por orden del se\u00f1or Superintendente todos los m\u00f3viles deber\u00e1n tener colocado foto de se busca a Facundo Astudillo Castro. Deber\u00e1n colocar dichos carteles en lugares p\u00fablicos y dar partes de prensa dejando constancia de testimonios recibidos que fue visto por \u00faltima vez en la ciudad de Bah\u00eda Blanca&#8217;. Se trata claramente de un ardid de encubrimiento\u00bb.<\/p>\n<p><strong>Por\u00a0<a href=\"https:\/\/www.pagina12.com.ar\/autores\/249-adriana-meyer\">Adriana Meyer<\/a><\/strong><\/p>\n<p><strong>P\u00e1gina 12<\/strong><\/p>\n","protected":false},"excerpt":{"rendered":"<p>La Comisi\u00f3n Interamericana de Derechos Humanos de la OEA solicit\u00f3 informaci\u00f3n al Ministerio de Relaciones Exteriores de Argentina sobre la denuncia por la desaparici\u00f3n forzada de Facundo Astudillo Castro. La denuncia realizada desde la Argentina hab\u00eda solicitado a ese organismo internacional medidas cautelares para dar con el joven visto por \u00faltima vez el 30 de [&hellip;]<\/p>\n","protected":false},"author":3,"featured_media":0,"comment_status":"closed","ping_status":"open","sticky":false,"template":"","format":"standard","meta":{"footnotes":""},"categories":[26],"tags":[],"class_list":["post-44289","post","type-post","status-publish","format-standard","hentry","category-sociedad"],"yoast_head":"<!-- This site is optimized with the Yoast SEO plugin v25.9 - https:\/\/yoast.com\/wordpress\/plugins\/seo\/ -->\n<title>La CIDH solicit\u00f3 al estado argentino informaci\u00f3n sobre la desaparici\u00f3n de Facundo Castro - Noticias Radio Reflejos<\/title>\n<meta name=\"robots\" content=\"index, follow, max-snippet:-1, max-image-preview:large, max-video-preview:-1\" \/>\n<link rel=\"canonical\" href=\"https:\/\/www.noticiasradioreflejos.com.ar\/2021\/la-cidh-solicito-al-estado-argentino-informacion-sobre-la-desaparicion-de-facundo-castro\/\" \/>\n<meta property=\"og:locale\" content=\"es_ES\" \/>\n<meta property=\"og:type\" content=\"article\" \/>\n<meta property=\"og:title\" content=\"La CIDH solicit\u00f3 al estado argentino informaci\u00f3n sobre la desaparici\u00f3n de Facundo Castro - Noticias Radio Reflejos\" \/>\n<meta property=\"og:description\" content=\"La Comisi\u00f3n Interamericana de Derechos Humanos de la OEA solicit\u00f3 informaci\u00f3n al Ministerio de Relaciones Exteriores de Argentina sobre la denuncia por la desaparici\u00f3n forzada de Facundo Astudillo Castro. La denuncia realizada desde la Argentina hab\u00eda solicitado a ese organismo internacional medidas cautelares para dar con el joven visto por \u00faltima vez el 30 de [&hellip;]\" \/>\n<meta property=\"og:url\" content=\"https:\/\/www.noticiasradioreflejos.com.ar\/2021\/la-cidh-solicito-al-estado-argentino-informacion-sobre-la-desaparicion-de-facundo-castro\/\" \/>\n<meta property=\"og:site_name\" content=\"Noticias Radio Reflejos\" \/>\n<meta property=\"article:published_time\" content=\"2020-07-10T11:48:47+00:00\" \/>\n<meta property=\"og:image\" content=\"https:\/\/images.pagina12.com.ar\/styles\/width960\/public\/2020-07\/screenshot-20200709-112845-2-0.png?itok=xo36iwsZ\" \/>\n<meta name=\"author\" content=\"Arnaldo Botto\" \/>\n<meta name=\"twitter:card\" content=\"summary_large_image\" \/>\n<script type=\"application\/ld+json\" class=\"yoast-schema-graph\">{\"@context\":\"https:\/\/schema.org\",\"@graph\":[{\"@type\":\"WebPage\",\"@id\":\"https:\/\/www.noticiasradioreflejos.com.ar\/2021\/la-cidh-solicito-al-estado-argentino-informacion-sobre-la-desaparicion-de-facundo-castro\/\",\"url\":\"https:\/\/www.noticiasradioreflejos.com.ar\/2021\/la-cidh-solicito-al-estado-argentino-informacion-sobre-la-desaparicion-de-facundo-castro\/\",\"name\":\"La CIDH solicit\u00f3 al estado argentino informaci\u00f3n sobre la desaparici\u00f3n de Facundo Castro - Noticias Radio Reflejos\",\"isPartOf\":{\"@id\":\"https:\/\/www.noticiasradioreflejos.com.ar\/2021\/#website\"},\"primaryImageOfPage\":{\"@id\":\"https:\/\/www.noticiasradioreflejos.com.ar\/2021\/la-cidh-solicito-al-estado-argentino-informacion-sobre-la-desaparicion-de-facundo-castro\/#primaryimage\"},\"image\":{\"@id\":\"https:\/\/www.noticiasradioreflejos.com.ar\/2021\/la-cidh-solicito-al-estado-argentino-informacion-sobre-la-desaparicion-de-facundo-castro\/#primaryimage\"},\"thumbnailUrl\":\"https:\/\/images.pagina12.com.ar\/styles\/width960\/public\/2020-07\/screenshot-20200709-112845-2-0.png?itok=xo36iwsZ\",\"datePublished\":\"2020-07-10T11:48:47+00:00\",\"author\":{\"@id\":\"https:\/\/www.noticiasradioreflejos.com.ar\/2021\/#\/schema\/person\/ad82545263dcc5ec0996818884fd5fb1\"},\"breadcrumb\":{\"@id\":\"https:\/\/www.noticiasradioreflejos.com.ar\/2021\/la-cidh-solicito-al-estado-argentino-informacion-sobre-la-desaparicion-de-facundo-castro\/#breadcrumb\"},\"inLanguage\":\"es\",\"potentialAction\":[{\"@type\":\"ReadAction\",\"target\":[\"https:\/\/www.noticiasradioreflejos.com.ar\/2021\/la-cidh-solicito-al-estado-argentino-informacion-sobre-la-desaparicion-de-facundo-castro\/\"]}]},{\"@type\":\"ImageObject\",\"inLanguage\":\"es\",\"@id\":\"https:\/\/www.noticiasradioreflejos.com.ar\/2021\/la-cidh-solicito-al-estado-argentino-informacion-sobre-la-desaparicion-de-facundo-castro\/#primaryimage\",\"url\":\"https:\/\/images.pagina12.com.ar\/styles\/width960\/public\/2020-07\/screenshot-20200709-112845-2-0.png?itok=xo36iwsZ\",\"contentUrl\":\"https:\/\/images.pagina12.com.ar\/styles\/width960\/public\/2020-07\/screenshot-20200709-112845-2-0.png?itok=xo36iwsZ\"},{\"@type\":\"BreadcrumbList\",\"@id\":\"https:\/\/www.noticiasradioreflejos.com.ar\/2021\/la-cidh-solicito-al-estado-argentino-informacion-sobre-la-desaparicion-de-facundo-castro\/#breadcrumb\",\"itemListElement\":[{\"@type\":\"ListItem\",\"position\":1,\"name\":\"Portada\",\"item\":\"https:\/\/www.noticiasradioreflejos.com.ar\/2021\/\"},{\"@type\":\"ListItem\",\"position\":2,\"name\":\"La CIDH solicit\u00f3 al estado argentino informaci\u00f3n sobre la desaparici\u00f3n de Facundo Castro\"}]},{\"@type\":\"WebSite\",\"@id\":\"https:\/\/www.noticiasradioreflejos.com.ar\/2021\/#website\",\"url\":\"https:\/\/www.noticiasradioreflejos.com.ar\/2021\/\",\"name\":\"Noticias Radio Reflejos\",\"description\":\"Las noticias de mi comarca\",\"potentialAction\":[{\"@type\":\"SearchAction\",\"target\":{\"@type\":\"EntryPoint\",\"urlTemplate\":\"https:\/\/www.noticiasradioreflejos.com.ar\/2021\/?s={search_term_string}\"},\"query-input\":{\"@type\":\"PropertyValueSpecification\",\"valueRequired\":true,\"valueName\":\"search_term_string\"}}],\"inLanguage\":\"es\"},{\"@type\":\"Person\",\"@id\":\"https:\/\/www.noticiasradioreflejos.com.ar\/2021\/#\/schema\/person\/ad82545263dcc5ec0996818884fd5fb1\",\"name\":\"Arnaldo Botto\",\"image\":{\"@type\":\"ImageObject\",\"inLanguage\":\"es\",\"@id\":\"https:\/\/www.noticiasradioreflejos.com.ar\/2021\/#\/schema\/person\/image\/\",\"url\":\"https:\/\/secure.gravatar.com\/avatar\/55cb5e37c1efa326397366e6974cb338056df65cb50e7d64d1cf314e87504837?s=96&d=mm&r=g\",\"contentUrl\":\"https:\/\/secure.gravatar.com\/avatar\/55cb5e37c1efa326397366e6974cb338056df65cb50e7d64d1cf314e87504837?s=96&d=mm&r=g\",\"caption\":\"Arnaldo Botto\"},\"url\":\"https:\/\/www.noticiasradioreflejos.com.ar\/2021\/author\/arnaldo\/\"}]}<\/script>\n<!-- \/ Yoast SEO plugin. -->","yoast_head_json":{"title":"La CIDH solicit\u00f3 al estado argentino informaci\u00f3n sobre la desaparici\u00f3n de Facundo Castro - Noticias Radio Reflejos","robots":{"index":"index","follow":"follow","max-snippet":"max-snippet:-1","max-image-preview":"max-image-preview:large","max-video-preview":"max-video-preview:-1"},"canonical":"https:\/\/www.noticiasradioreflejos.com.ar\/2021\/la-cidh-solicito-al-estado-argentino-informacion-sobre-la-desaparicion-de-facundo-castro\/","og_locale":"es_ES","og_type":"article","og_title":"La CIDH solicit\u00f3 al estado argentino informaci\u00f3n sobre la desaparici\u00f3n de Facundo Castro - Noticias Radio Reflejos","og_description":"La Comisi\u00f3n Interamericana de Derechos Humanos de la OEA solicit\u00f3 informaci\u00f3n al Ministerio de Relaciones Exteriores de Argentina sobre la denuncia por la desaparici\u00f3n forzada de Facundo Astudillo Castro. La denuncia realizada desde la Argentina hab\u00eda solicitado a ese organismo internacional medidas cautelares para dar con el joven visto por \u00faltima vez el 30 de [&hellip;]","og_url":"https:\/\/www.noticiasradioreflejos.com.ar\/2021\/la-cidh-solicito-al-estado-argentino-informacion-sobre-la-desaparicion-de-facundo-castro\/","og_site_name":"Noticias Radio Reflejos","article_published_time":"2020-07-10T11:48:47+00:00","og_image":[{"url":"https:\/\/images.pagina12.com.ar\/styles\/width960\/public\/2020-07\/screenshot-20200709-112845-2-0.png?itok=xo36iwsZ","type":"","width":"","height":""}],"author":"Arnaldo Botto","twitter_card":"summary_large_image","schema":{"@context":"https:\/\/schema.org","@graph":[{"@type":"WebPage","@id":"https:\/\/www.noticiasradioreflejos.com.ar\/2021\/la-cidh-solicito-al-estado-argentino-informacion-sobre-la-desaparicion-de-facundo-castro\/","url":"https:\/\/www.noticiasradioreflejos.com.ar\/2021\/la-cidh-solicito-al-estado-argentino-informacion-sobre-la-desaparicion-de-facundo-castro\/","name":"La CIDH solicit\u00f3 al estado argentino informaci\u00f3n sobre la desaparici\u00f3n de Facundo Castro - Noticias Radio Reflejos","isPartOf":{"@id":"https:\/\/www.noticiasradioreflejos.com.ar\/2021\/#website"},"primaryImageOfPage":{"@id":"https:\/\/www.noticiasradioreflejos.com.ar\/2021\/la-cidh-solicito-al-estado-argentino-informacion-sobre-la-desaparicion-de-facundo-castro\/#primaryimage"},"image":{"@id":"https:\/\/www.noticiasradioreflejos.com.ar\/2021\/la-cidh-solicito-al-estado-argentino-informacion-sobre-la-desaparicion-de-facundo-castro\/#primaryimage"},"thumbnailUrl":"https:\/\/images.pagina12.com.ar\/styles\/width960\/public\/2020-07\/screenshot-20200709-112845-2-0.png?itok=xo36iwsZ","datePublished":"2020-07-10T11:48:47+00:00","author":{"@id":"https:\/\/www.noticiasradioreflejos.com.ar\/2021\/#\/schema\/person\/ad82545263dcc5ec0996818884fd5fb1"},"breadcrumb":{"@id":"https:\/\/www.noticiasradioreflejos.com.ar\/2021\/la-cidh-solicito-al-estado-argentino-informacion-sobre-la-desaparicion-de-facundo-castro\/#breadcrumb"},"inLanguage":"es","potentialAction":[{"@type":"ReadAction","target":["https:\/\/www.noticiasradioreflejos.com.ar\/2021\/la-cidh-solicito-al-estado-argentino-informacion-sobre-la-desaparicion-de-facundo-castro\/"]}]},{"@type":"ImageObject","inLanguage":"es","@id":"https:\/\/www.noticiasradioreflejos.com.ar\/2021\/la-cidh-solicito-al-estado-argentino-informacion-sobre-la-desaparicion-de-facundo-castro\/#primaryimage","url":"https:\/\/images.pagina12.com.ar\/styles\/width960\/public\/2020-07\/screenshot-20200709-112845-2-0.png?itok=xo36iwsZ","contentUrl":"https:\/\/images.pagina12.com.ar\/styles\/width960\/public\/2020-07\/screenshot-20200709-112845-2-0.png?itok=xo36iwsZ"},{"@type":"BreadcrumbList","@id":"https:\/\/www.noticiasradioreflejos.com.ar\/2021\/la-cidh-solicito-al-estado-argentino-informacion-sobre-la-desaparicion-de-facundo-castro\/#breadcrumb","itemListElement":[{"@type":"ListItem","position":1,"name":"Portada","item":"https:\/\/www.noticiasradioreflejos.com.ar\/2021\/"},{"@type":"ListItem","position":2,"name":"La CIDH solicit\u00f3 al estado argentino informaci\u00f3n sobre la desaparici\u00f3n de Facundo Castro"}]},{"@type":"WebSite","@id":"https:\/\/www.noticiasradioreflejos.com.ar\/2021\/#website","url":"https:\/\/www.noticiasradioreflejos.com.ar\/2021\/","name":"Noticias Radio Reflejos","description":"Las noticias de mi comarca","potentialAction":[{"@type":"SearchAction","target":{"@type":"EntryPoint","urlTemplate":"https:\/\/www.noticiasradioreflejos.com.ar\/2021\/?s={search_term_string}"},"query-input":{"@type":"PropertyValueSpecification","valueRequired":true,"valueName":"search_term_string"}}],"inLanguage":"es"},{"@type":"Person","@id":"https:\/\/www.noticiasradioreflejos.com.ar\/2021\/#\/schema\/person\/ad82545263dcc5ec0996818884fd5fb1","name":"Arnaldo Botto","image":{"@type":"ImageObject","inLanguage":"es","@id":"https:\/\/www.noticiasradioreflejos.com.ar\/2021\/#\/schema\/person\/image\/","url":"https:\/\/secure.gravatar.com\/avatar\/55cb5e37c1efa326397366e6974cb338056df65cb50e7d64d1cf314e87504837?s=96&d=mm&r=g","contentUrl":"https:\/\/secure.gravatar.com\/avatar\/55cb5e37c1efa326397366e6974cb338056df65cb50e7d64d1cf314e87504837?s=96&d=mm&r=g","caption":"Arnaldo Botto"},"url":"https:\/\/www.noticiasradioreflejos.com.ar\/2021\/author\/arnaldo\/"}]}},"_links":{"self":[{"href":"https:\/\/www.noticiasradioreflejos.com.ar\/2021\/wp-json\/wp\/v2\/posts\/44289","targetHints":{"allow":["GET"]}}],"collection":[{"href":"https:\/\/www.noticiasradioreflejos.com.ar\/2021\/wp-json\/wp\/v2\/posts"}],"about":[{"href":"https:\/\/www.noticiasradioreflejos.com.ar\/2021\/wp-json\/wp\/v2\/types\/post"}],"author":[{"embeddable":true,"href":"https:\/\/www.noticiasradioreflejos.com.ar\/2021\/wp-json\/wp\/v2\/users\/3"}],"replies":[{"embeddable":true,"href":"https:\/\/www.noticiasradioreflejos.com.ar\/2021\/wp-json\/wp\/v2\/comments?post=44289"}],"version-history":[{"count":0,"href":"https:\/\/www.noticiasradioreflejos.com.ar\/2021\/wp-json\/wp\/v2\/posts\/44289\/revisions"}],"wp:attachment":[{"href":"https:\/\/www.noticiasradioreflejos.com.ar\/2021\/wp-json\/wp\/v2\/media?parent=44289"}],"wp:term":[{"taxonomy":"category","embeddable":true,"href":"https:\/\/www.noticiasradioreflejos.com.ar\/2021\/wp-json\/wp\/v2\/categories?post=44289"},{"taxonomy":"post_tag","embeddable":true,"href":"https:\/\/www.noticiasradioreflejos.com.ar\/2021\/wp-json\/wp\/v2\/tags?post=44289"}],"curies":[{"name":"wp","href":"https:\/\/api.w.org\/{rel}","templated":true}]}}