{"id":44285,"date":"2020-07-10T08:44:01","date_gmt":"2020-07-10T11:44:01","guid":{"rendered":"http:\/\/www.noticiasradioreflejos.com.ar\/noticias\/?p=44285"},"modified":"2020-07-10T08:44:01","modified_gmt":"2020-07-10T11:44:01","slug":"protesta-en-rechazo-de-la-cuarentena-termino-con-un-ataque-contra-periodistas","status":"publish","type":"post","link":"https:\/\/www.noticiasradioreflejos.com.ar\/2021\/protesta-en-rechazo-de-la-cuarentena-termino-con-un-ataque-contra-periodistas\/","title":{"rendered":"Protesta en rechazo de la cuarentena termin\u00f3 con un ataque contra periodistas"},"content":{"rendered":"<p>Manifestantes autoconvocados se movilizaron esta tarde en la zona del Obelisco porte\u00f1o y diferentes puntos del pa\u00eds en rechazo al aislamiento social, preventivo y obligatorio, y con cr\u00edticas al Gobierno nacional, en una protesta que termin\u00f3 con agresiones a periodistas que merecieron el repudio de amplios sectores de la sociedad.<!--more--><br \/>\nMotorizada a trav\u00e9s de las redes sociales, la convocatoria inclu\u00eda protestas contra la \u00abcuarentena boba\u00bb, \u00ablos ataques al campo\u00bb y \u00aben defensa de la Justicia y la Constituci\u00f3n\u00bb, con epicentro en el barrio porte\u00f1os de Belgrano y el microcentro, puntualmente el Obelisco, algunos distritos del norte bonaerense como Olivos, y varias ciudades del interior del pa\u00eds.<\/p>\n<p>En el Obelisco, alrededor de las 18, la protesta se torn\u00f3 violenta cuando un grupo de manifestantes comenz\u00f3 a agredir a periodistas y equipos t\u00e9cnicos del canal C5N.<\/p>\n<p>\u00ab\u00a1Van a empezar a tener miedo, hijos de puta!\u00bb, grit\u00f3 un hombre mientras golpeaba la puerta del m\u00f3vil televisivo. La imagen del agresor fue captada desde dentro del cami\u00f3n por un tel\u00e9fono celular.<\/p>\n<p>Durante el ataque, a golpes y patadas, los manifestantes llegaron a romper el vidrio de una ventana lateral e, incluso, intentaron ingresar por las puertas traseras del veh\u00edculo, en momentos en que periodistas y t\u00e9cnicos hab\u00edan ingresado al m\u00f3vil para abandonar el lugar.<\/p>\n<p>Un reportero gr\u00e1fico de T\u00e9lam, V\u00edctor Carreira, fue uno de los colegas que corri\u00f3 hasta el lugar del incidente al ver el tumulto alrededor del m\u00f3vil del canal de noticias, y tambi\u00e9n fue agredido con insultos, empujones, amenazas y escupitajos.<\/p>\n<p>Muchas de las protestas se llevaron cabo sin respetar la distancia social que establece el aislamiento y, en algunos casos, sin usar barbijo, en contraste con las recomendaciones de la Organizaci\u00f3n Mundial de la Salud ante la pandemia de coronavirus.<\/p>\n<p>Seg\u00fan el \u00faltimo reporte difundido por el Ministerio de Salud, se registraron hoy en el pa\u00eds 3.663 casos nuevos de coronavirus, con lo que el acumulado desde el inicio de la pandemia lleg\u00f3 hasta 90.693.<\/p>\n<p>De ese total acumulado en todo el pa\u00eds, 47.795 corresponden a la provincia de Buenos Aires (hoy con 2.373 nuevos casos) y 35.480 a CABA (hoy con 1.058 nuevos casos).<\/p>\n<p>Como consecuencia del ataque a los periodistas, el Ministerio P\u00fablico Fiscal de la ciudad de Buenos Aires, a cargo de Juan Bautista Mahiques, inici\u00f3 dos causas, ambas a cargo del fiscal Paulo Horacio Gaspani, quien orden\u00f3 iniciar las pesquisas por el ataque al m\u00f3vil y por la agresi\u00f3n que sufrieron dos trabajadores de prensa que estaban realizando la cobertura de la manifestaci\u00f3n.<\/p>\n<p>Fuentes judiciales aseguraron que el fiscal solicit\u00f3 una serie de medidas, entre ellas recabar testigos y determinar la existencia de c\u00e1maras de seguridad o de tel\u00e9fonos celulares que pudieran haber captado el hecho.<\/p>\n<p>Adem\u00e1s, le pidi\u00f3 al canal de noticias C5N que permita la realizaci\u00f3n de distintos peritajes sobre el m\u00f3vil da\u00f1ado para acreditar las roturas que sufri\u00f3.<\/p>\n<p>El fiscal tambi\u00e9n le dio intervenci\u00f3n al Programa de Reconocimiento Facial de la Polic\u00eda de la Ciudad para identificar a los autores y le solicit\u00f3 a las distintas brigadas de esa fuerza que le suministre las im\u00e1genes de las c\u00e1maras que hayan podido haber captado los hechos.<\/p>\n<p>Por otra parte, el fiscal tiene a su cargo la causa por las lesiones que sufrieron dos periodistas, uno de ellos del medio Comunicaci\u00f3n Popular, Ezequiel Guazzora, que tuvo lesiones en su mano derecha y un fuerte traumatismo de t\u00f3rax.<\/p>\n<p>Por este motivo, seg\u00fan las fuentes judiciales, el fiscal solicit\u00f3 que se secuestren im\u00e1genes de los distintos canales de televisi\u00f3n que pudieran haber captado las agresiones, como as\u00ed tambi\u00e9n solicitar la presencia de testigos para que aporten datos sobre los agresores.<\/p>\n<p>La agresi\u00f3n recibi\u00f3 el repudio un\u00e1nime de funcionarios, legisladores, diputados, periodistas, asociaciones de prensa y espacios pol\u00edticos.<\/p>\n<p>El jefe de Gabinete, Santiago Cafiero, adem\u00e1s de repudiar los ataques y expresar su solidaridad con los periodistas y t\u00e9cnicos, cit\u00f3 el mensaje del presidente Alberto Fern\u00e1ndez de hoy, con motivo del D\u00eda de la Independencia, y lo calific\u00f3 de \u00abpremonitorio\u00bb cuando pidi\u00f3 \u00abdejar de sembrar odio para dejar de cosechar odiadores seriales\u00bb, al tiempo que celebr\u00f3 la diversidad ideol\u00f3gica, pero siempre en el marco del respeto y el cuidado.<\/p>\n<p>En el mismo sentido se expresaron el canciller Felipe Sol\u00e1; el ministro del Interior, Eduardo \u00abWado\u00bb de Pedro; el de Desarrollo Social, Daniel Arroyo, la Asociaci\u00f3n de Entidades Period\u00edsticas Argentinas (Adepa); el Foro de Periodismo Argentino ( Fopea); la presidenta de la la agencia T\u00e9lam, Bernarda Llorente; y el senador nacional por la provincia de Buenos Aires Jorge Taiana, entre otros.<\/p>\n<p>Segundo a segundo se sumaban las manifestaciones de repudio a la agresi\u00f3n, lista que fueron engrosando la ministra de Justicia, Marcela Losardo; el senador nacional por R\u00edo Negro Alberto Weretilneck; el dirigente del PRO Fedrico Pinedo: el intendente de la Matanza, Fernando Espinoza; la secretaria de Legal y T\u00e9cnica de la Presidencia, Vilma Ibarra; el designado embajador en Espa\u00f1a, Ricardo Alfons\u00edn.<\/p>\n<p>Incluso los diputados del Frente de Todos expresaron su repudio en un comunicado, adem\u00e1s de Juntos por el Cambio, Radio y Televisi\u00f3n Argentina y la agencia T\u00e9lam.<\/p>\n<p>En las redes sociales, organizaciones vinculadas al sector agropecuario y a Juntos por el Cambio junto a grupos autoconvocados opositores al Gobierno hab\u00edan convocado durante la semana a esta protesta denominada &#8216;Banderazo 9J&#8217;, con epicentro en el Obelisco en la ciudad de Buenos Aires.<\/p>\n<p>En tanto, en otras ciudades del pa\u00eds se realizaron tambi\u00e9n protestas con caravanas de autos, entre otras en Rosario, C\u00f3rdoba y Mendoza.<\/p>\n<p>Adem\u00e1s del Obelisco, en Buenos Aires, hubo manifestantes que se congregaron en la esquina de Cabildo y Juramento y frente a la Residencia de Olivos, donde sonaron cacerolas, bocinazos y consignas contra el aislamiento social y las pol\u00edticas del Gobierno.<\/p>\n","protected":false},"excerpt":{"rendered":"<p>Manifestantes autoconvocados se movilizaron esta tarde en la zona del Obelisco porte\u00f1o y diferentes puntos del pa\u00eds en rechazo al aislamiento social, preventivo y obligatorio, y con cr\u00edticas al Gobierno nacional, en una protesta que termin\u00f3 con agresiones a periodistas que merecieron el repudio de amplios sectores de la sociedad.<\/p>\n","protected":false},"author":3,"featured_media":0,"comment_status":"closed","ping_status":"open","sticky":false,"template":"","format":"standard","meta":{"footnotes":""},"categories":[26],"tags":[],"class_list":["post-44285","post","type-post","status-publish","format-standard","hentry","category-sociedad"],"yoast_head":"<!-- This site is optimized with the Yoast SEO plugin v25.9 - https:\/\/yoast.com\/wordpress\/plugins\/seo\/ -->\n<title>Protesta en rechazo de la cuarentena termin\u00f3 con un ataque contra periodistas - Noticias Radio Reflejos<\/title>\n<meta name=\"robots\" content=\"index, follow, max-snippet:-1, max-image-preview:large, max-video-preview:-1\" \/>\n<link rel=\"canonical\" href=\"https:\/\/www.noticiasradioreflejos.com.ar\/2021\/protesta-en-rechazo-de-la-cuarentena-termino-con-un-ataque-contra-periodistas\/\" \/>\n<meta property=\"og:locale\" content=\"es_ES\" \/>\n<meta property=\"og:type\" content=\"article\" \/>\n<meta property=\"og:title\" content=\"Protesta en rechazo de la cuarentena termin\u00f3 con un ataque contra periodistas - Noticias Radio Reflejos\" \/>\n<meta property=\"og:description\" content=\"Manifestantes autoconvocados se movilizaron esta tarde en la zona del Obelisco porte\u00f1o y diferentes puntos del pa\u00eds en rechazo al aislamiento social, preventivo y obligatorio, y con cr\u00edticas al Gobierno nacional, en una protesta que termin\u00f3 con agresiones a periodistas que merecieron el repudio de amplios sectores de la sociedad.\" \/>\n<meta property=\"og:url\" content=\"https:\/\/www.noticiasradioreflejos.com.ar\/2021\/protesta-en-rechazo-de-la-cuarentena-termino-con-un-ataque-contra-periodistas\/\" \/>\n<meta property=\"og:site_name\" content=\"Noticias Radio Reflejos\" \/>\n<meta property=\"article:published_time\" content=\"2020-07-10T11:44:01+00:00\" \/>\n<meta property=\"og:image\" content=\"https:\/\/www.noticiasradioreflejos.com.ar\/2021\/wp-content\/uploads\/2021\/07\/logosol300x200.png\" \/>\n\t<meta property=\"og:image:width\" content=\"300\" \/>\n\t<meta property=\"og:image:height\" content=\"200\" \/>\n\t<meta property=\"og:image:type\" content=\"image\/png\" \/>\n<meta name=\"author\" content=\"Arnaldo Botto\" \/>\n<meta name=\"twitter:card\" content=\"summary_large_image\" \/>\n<script type=\"application\/ld+json\" class=\"yoast-schema-graph\">{\"@context\":\"https:\/\/schema.org\",\"@graph\":[{\"@type\":\"WebPage\",\"@id\":\"https:\/\/www.noticiasradioreflejos.com.ar\/2021\/protesta-en-rechazo-de-la-cuarentena-termino-con-un-ataque-contra-periodistas\/\",\"url\":\"https:\/\/www.noticiasradioreflejos.com.ar\/2021\/protesta-en-rechazo-de-la-cuarentena-termino-con-un-ataque-contra-periodistas\/\",\"name\":\"Protesta en rechazo de la cuarentena termin\u00f3 con un ataque contra periodistas - Noticias Radio Reflejos\",\"isPartOf\":{\"@id\":\"https:\/\/www.noticiasradioreflejos.com.ar\/2021\/#website\"},\"datePublished\":\"2020-07-10T11:44:01+00:00\",\"author\":{\"@id\":\"https:\/\/www.noticiasradioreflejos.com.ar\/2021\/#\/schema\/person\/ad82545263dcc5ec0996818884fd5fb1\"},\"breadcrumb\":{\"@id\":\"https:\/\/www.noticiasradioreflejos.com.ar\/2021\/protesta-en-rechazo-de-la-cuarentena-termino-con-un-ataque-contra-periodistas\/#breadcrumb\"},\"inLanguage\":\"es\",\"potentialAction\":[{\"@type\":\"ReadAction\",\"target\":[\"https:\/\/www.noticiasradioreflejos.com.ar\/2021\/protesta-en-rechazo-de-la-cuarentena-termino-con-un-ataque-contra-periodistas\/\"]}]},{\"@type\":\"BreadcrumbList\",\"@id\":\"https:\/\/www.noticiasradioreflejos.com.ar\/2021\/protesta-en-rechazo-de-la-cuarentena-termino-con-un-ataque-contra-periodistas\/#breadcrumb\",\"itemListElement\":[{\"@type\":\"ListItem\",\"position\":1,\"name\":\"Portada\",\"item\":\"https:\/\/www.noticiasradioreflejos.com.ar\/2021\/\"},{\"@type\":\"ListItem\",\"position\":2,\"name\":\"Protesta en rechazo de la cuarentena termin\u00f3 con un ataque contra periodistas\"}]},{\"@type\":\"WebSite\",\"@id\":\"https:\/\/www.noticiasradioreflejos.com.ar\/2021\/#website\",\"url\":\"https:\/\/www.noticiasradioreflejos.com.ar\/2021\/\",\"name\":\"Noticias Radio Reflejos\",\"description\":\"Las noticias de mi comarca\",\"potentialAction\":[{\"@type\":\"SearchAction\",\"target\":{\"@type\":\"EntryPoint\",\"urlTemplate\":\"https:\/\/www.noticiasradioreflejos.com.ar\/2021\/?s={search_term_string}\"},\"query-input\":{\"@type\":\"PropertyValueSpecification\",\"valueRequired\":true,\"valueName\":\"search_term_string\"}}],\"inLanguage\":\"es\"},{\"@type\":\"Person\",\"@id\":\"https:\/\/www.noticiasradioreflejos.com.ar\/2021\/#\/schema\/person\/ad82545263dcc5ec0996818884fd5fb1\",\"name\":\"Arnaldo Botto\",\"image\":{\"@type\":\"ImageObject\",\"inLanguage\":\"es\",\"@id\":\"https:\/\/www.noticiasradioreflejos.com.ar\/2021\/#\/schema\/person\/image\/\",\"url\":\"https:\/\/secure.gravatar.com\/avatar\/55cb5e37c1efa326397366e6974cb338056df65cb50e7d64d1cf314e87504837?s=96&d=mm&r=g\",\"contentUrl\":\"https:\/\/secure.gravatar.com\/avatar\/55cb5e37c1efa326397366e6974cb338056df65cb50e7d64d1cf314e87504837?s=96&d=mm&r=g\",\"caption\":\"Arnaldo Botto\"},\"url\":\"https:\/\/www.noticiasradioreflejos.com.ar\/2021\/author\/arnaldo\/\"}]}<\/script>\n<!-- \/ Yoast SEO plugin. -->","yoast_head_json":{"title":"Protesta en rechazo de la cuarentena termin\u00f3 con un ataque contra periodistas - Noticias Radio Reflejos","robots":{"index":"index","follow":"follow","max-snippet":"max-snippet:-1","max-image-preview":"max-image-preview:large","max-video-preview":"max-video-preview:-1"},"canonical":"https:\/\/www.noticiasradioreflejos.com.ar\/2021\/protesta-en-rechazo-de-la-cuarentena-termino-con-un-ataque-contra-periodistas\/","og_locale":"es_ES","og_type":"article","og_title":"Protesta en rechazo de la cuarentena termin\u00f3 con un ataque contra periodistas - Noticias Radio Reflejos","og_description":"Manifestantes autoconvocados se movilizaron esta tarde en la zona del Obelisco porte\u00f1o y diferentes puntos del pa\u00eds en rechazo al aislamiento social, preventivo y obligatorio, y con cr\u00edticas al Gobierno nacional, en una protesta que termin\u00f3 con agresiones a periodistas que merecieron el repudio de amplios sectores de la sociedad.","og_url":"https:\/\/www.noticiasradioreflejos.com.ar\/2021\/protesta-en-rechazo-de-la-cuarentena-termino-con-un-ataque-contra-periodistas\/","og_site_name":"Noticias Radio Reflejos","article_published_time":"2020-07-10T11:44:01+00:00","og_image":[{"width":300,"height":200,"url":"https:\/\/www.noticiasradioreflejos.com.ar\/2021\/wp-content\/uploads\/2021\/07\/logosol300x200.png","type":"image\/png"}],"author":"Arnaldo Botto","twitter_card":"summary_large_image","schema":{"@context":"https:\/\/schema.org","@graph":[{"@type":"WebPage","@id":"https:\/\/www.noticiasradioreflejos.com.ar\/2021\/protesta-en-rechazo-de-la-cuarentena-termino-con-un-ataque-contra-periodistas\/","url":"https:\/\/www.noticiasradioreflejos.com.ar\/2021\/protesta-en-rechazo-de-la-cuarentena-termino-con-un-ataque-contra-periodistas\/","name":"Protesta en rechazo de la cuarentena termin\u00f3 con un ataque contra periodistas - Noticias Radio Reflejos","isPartOf":{"@id":"https:\/\/www.noticiasradioreflejos.com.ar\/2021\/#website"},"datePublished":"2020-07-10T11:44:01+00:00","author":{"@id":"https:\/\/www.noticiasradioreflejos.com.ar\/2021\/#\/schema\/person\/ad82545263dcc5ec0996818884fd5fb1"},"breadcrumb":{"@id":"https:\/\/www.noticiasradioreflejos.com.ar\/2021\/protesta-en-rechazo-de-la-cuarentena-termino-con-un-ataque-contra-periodistas\/#breadcrumb"},"inLanguage":"es","potentialAction":[{"@type":"ReadAction","target":["https:\/\/www.noticiasradioreflejos.com.ar\/2021\/protesta-en-rechazo-de-la-cuarentena-termino-con-un-ataque-contra-periodistas\/"]}]},{"@type":"BreadcrumbList","@id":"https:\/\/www.noticiasradioreflejos.com.ar\/2021\/protesta-en-rechazo-de-la-cuarentena-termino-con-un-ataque-contra-periodistas\/#breadcrumb","itemListElement":[{"@type":"ListItem","position":1,"name":"Portada","item":"https:\/\/www.noticiasradioreflejos.com.ar\/2021\/"},{"@type":"ListItem","position":2,"name":"Protesta en rechazo de la cuarentena termin\u00f3 con un ataque contra periodistas"}]},{"@type":"WebSite","@id":"https:\/\/www.noticiasradioreflejos.com.ar\/2021\/#website","url":"https:\/\/www.noticiasradioreflejos.com.ar\/2021\/","name":"Noticias Radio Reflejos","description":"Las noticias de mi comarca","potentialAction":[{"@type":"SearchAction","target":{"@type":"EntryPoint","urlTemplate":"https:\/\/www.noticiasradioreflejos.com.ar\/2021\/?s={search_term_string}"},"query-input":{"@type":"PropertyValueSpecification","valueRequired":true,"valueName":"search_term_string"}}],"inLanguage":"es"},{"@type":"Person","@id":"https:\/\/www.noticiasradioreflejos.com.ar\/2021\/#\/schema\/person\/ad82545263dcc5ec0996818884fd5fb1","name":"Arnaldo Botto","image":{"@type":"ImageObject","inLanguage":"es","@id":"https:\/\/www.noticiasradioreflejos.com.ar\/2021\/#\/schema\/person\/image\/","url":"https:\/\/secure.gravatar.com\/avatar\/55cb5e37c1efa326397366e6974cb338056df65cb50e7d64d1cf314e87504837?s=96&d=mm&r=g","contentUrl":"https:\/\/secure.gravatar.com\/avatar\/55cb5e37c1efa326397366e6974cb338056df65cb50e7d64d1cf314e87504837?s=96&d=mm&r=g","caption":"Arnaldo Botto"},"url":"https:\/\/www.noticiasradioreflejos.com.ar\/2021\/author\/arnaldo\/"}]}},"_links":{"self":[{"href":"https:\/\/www.noticiasradioreflejos.com.ar\/2021\/wp-json\/wp\/v2\/posts\/44285","targetHints":{"allow":["GET"]}}],"collection":[{"href":"https:\/\/www.noticiasradioreflejos.com.ar\/2021\/wp-json\/wp\/v2\/posts"}],"about":[{"href":"https:\/\/www.noticiasradioreflejos.com.ar\/2021\/wp-json\/wp\/v2\/types\/post"}],"author":[{"embeddable":true,"href":"https:\/\/www.noticiasradioreflejos.com.ar\/2021\/wp-json\/wp\/v2\/users\/3"}],"replies":[{"embeddable":true,"href":"https:\/\/www.noticiasradioreflejos.com.ar\/2021\/wp-json\/wp\/v2\/comments?post=44285"}],"version-history":[{"count":0,"href":"https:\/\/www.noticiasradioreflejos.com.ar\/2021\/wp-json\/wp\/v2\/posts\/44285\/revisions"}],"wp:attachment":[{"href":"https:\/\/www.noticiasradioreflejos.com.ar\/2021\/wp-json\/wp\/v2\/media?parent=44285"}],"wp:term":[{"taxonomy":"category","embeddable":true,"href":"https:\/\/www.noticiasradioreflejos.com.ar\/2021\/wp-json\/wp\/v2\/categories?post=44285"},{"taxonomy":"post_tag","embeddable":true,"href":"https:\/\/www.noticiasradioreflejos.com.ar\/2021\/wp-json\/wp\/v2\/tags?post=44285"}],"curies":[{"name":"wp","href":"https:\/\/api.w.org\/{rel}","templated":true}]}}