{"id":44282,"date":"2020-07-10T08:40:26","date_gmt":"2020-07-10T11:40:26","guid":{"rendered":"http:\/\/www.noticiasradioreflejos.com.ar\/noticias\/?p=44282"},"modified":"2020-07-10T08:40:26","modified_gmt":"2020-07-10T11:40:26","slug":"radio-y-television-argentina-repudio-el-ataque-contra-periodistas-de-c5n","status":"publish","type":"post","link":"https:\/\/www.noticiasradioreflejos.com.ar\/2021\/radio-y-television-argentina-repudio-el-ataque-contra-periodistas-de-c5n\/","title":{"rendered":"Radio y Televisi\u00f3n Argentina repudi\u00f3 el ataque contra periodistas de C5N"},"content":{"rendered":"<p>Radio y Televisi\u00f3n Argentina (RTA) repudi\u00f3 las agresiones sufridas por los trabajadores de prensa del canal C5N en el Obelisco porte\u00f1o por parte de manifestantes que protestaban contra el Gobierno nacional y el aislamiento social, preventivo y obligatorio vigente por la pandemia de coronavirus.<!--more--><\/p>\n<p>\u00abLa intolerancia demostrada con los hechos de violencia registrados por<\/p>\n<p>quienes dijeron convocarse en defensa de supuestas libertades nos degrada como sociedad y nos demora en el camino de la necesaria unidad de todos los argentinos en momentos dif\u00edciles como los que hoy nos tocan atravesar\u00bb, se\u00f1al\u00f3 RTA a trav\u00e9s de un comunicado.<\/p>\n<p>En ese sentido, el directorio que administra el sistema audiovisual de medios p\u00fablicos lament\u00f3 que \u00abla vulneraci\u00f3n del aislamiento social, preventivo<\/p>\n<p>y obligatorio\u00bb dispuesto por el presidente de la Naci\u00f3n, Alberto Fern\u00e1ndez.<\/p>\n<p>Adem\u00e1s, lament\u00f3 que \u00abestos hechos ocurran en el d\u00eda de la celebraci\u00f3n de nuestra independencia\u00bb.<\/p>\n<p>\u00abAguardamos el pronto esclarecimiento de los mismos por parte de las autoridades judiciales\u00bb, a\u00f1adi\u00f3 la declaraci\u00f3n.<\/p>\n<p>Cerca de las 18, un grupo de personas atac\u00f3 al m\u00f3vil del canal de noticias C5N, en cuyo interior estaban los t\u00e9cnicos, y a los periodistas que realizaban la cobertura de la manifestaci\u00f3n.<\/p>\n<p>Durante el ataque, los manifestantes golpearon, empujaron e insultaron a los trabajadores de prensa de ese canal, ante la sorpresa de los cronistas de otros medios de comunicaci\u00f3n, algunos de los cuales trataron de intervenir para frenar la golpiza al grito de \u00abno les peguen\u00bb.<\/p>\n<p>\u00ab\u00a1Van a empezar a tener miedo, hijos de puta!\u00bb, grit\u00f3 uno de los manifestantes mientras golpeaba la puerta del m\u00f3vil televisivo, quien fue captado desde dentro del cami\u00f3n por un tel\u00e9fono celular.<\/p>\n","protected":false},"excerpt":{"rendered":"<p>Radio y Televisi\u00f3n Argentina (RTA) repudi\u00f3 las agresiones sufridas por los trabajadores de prensa del canal C5N en el Obelisco porte\u00f1o por parte de manifestantes que protestaban contra el Gobierno nacional y el aislamiento social, preventivo y obligatorio vigente por la pandemia de coronavirus.<\/p>\n","protected":false},"author":3,"featured_media":0,"comment_status":"closed","ping_status":"open","sticky":false,"template":"","format":"standard","meta":{"footnotes":""},"categories":[25],"tags":[],"class_list":["post-44282","post","type-post","status-publish","format-standard","hentry","category-uncategorized"],"yoast_head":"<!-- This site is optimized with the Yoast SEO plugin v25.9 - https:\/\/yoast.com\/wordpress\/plugins\/seo\/ -->\n<title>Radio y Televisi\u00f3n Argentina repudi\u00f3 el ataque contra periodistas de C5N - Noticias Radio Reflejos<\/title>\n<meta name=\"robots\" content=\"index, follow, max-snippet:-1, max-image-preview:large, max-video-preview:-1\" \/>\n<link rel=\"canonical\" href=\"https:\/\/www.noticiasradioreflejos.com.ar\/2021\/radio-y-television-argentina-repudio-el-ataque-contra-periodistas-de-c5n\/\" \/>\n<meta property=\"og:locale\" content=\"es_ES\" \/>\n<meta property=\"og:type\" content=\"article\" \/>\n<meta property=\"og:title\" content=\"Radio y Televisi\u00f3n Argentina repudi\u00f3 el ataque contra periodistas de C5N - Noticias Radio Reflejos\" \/>\n<meta property=\"og:description\" content=\"Radio y Televisi\u00f3n Argentina (RTA) repudi\u00f3 las agresiones sufridas por los trabajadores de prensa del canal C5N en el Obelisco porte\u00f1o por parte de manifestantes que protestaban contra el Gobierno nacional y el aislamiento social, preventivo y obligatorio vigente por la pandemia de coronavirus.\" \/>\n<meta property=\"og:url\" content=\"https:\/\/www.noticiasradioreflejos.com.ar\/2021\/radio-y-television-argentina-repudio-el-ataque-contra-periodistas-de-c5n\/\" \/>\n<meta property=\"og:site_name\" content=\"Noticias Radio Reflejos\" \/>\n<meta property=\"article:published_time\" content=\"2020-07-10T11:40:26+00:00\" \/>\n<meta property=\"og:image\" content=\"https:\/\/www.noticiasradioreflejos.com.ar\/2021\/wp-content\/uploads\/2021\/07\/logosol300x200.png\" \/>\n\t<meta property=\"og:image:width\" content=\"300\" \/>\n\t<meta property=\"og:image:height\" content=\"200\" \/>\n\t<meta property=\"og:image:type\" content=\"image\/png\" \/>\n<meta name=\"author\" content=\"Arnaldo Botto\" \/>\n<meta name=\"twitter:card\" content=\"summary_large_image\" \/>\n<script type=\"application\/ld+json\" class=\"yoast-schema-graph\">{\"@context\":\"https:\/\/schema.org\",\"@graph\":[{\"@type\":\"WebPage\",\"@id\":\"https:\/\/www.noticiasradioreflejos.com.ar\/2021\/radio-y-television-argentina-repudio-el-ataque-contra-periodistas-de-c5n\/\",\"url\":\"https:\/\/www.noticiasradioreflejos.com.ar\/2021\/radio-y-television-argentina-repudio-el-ataque-contra-periodistas-de-c5n\/\",\"name\":\"Radio y Televisi\u00f3n Argentina repudi\u00f3 el ataque contra periodistas de C5N - Noticias Radio Reflejos\",\"isPartOf\":{\"@id\":\"https:\/\/www.noticiasradioreflejos.com.ar\/2021\/#website\"},\"datePublished\":\"2020-07-10T11:40:26+00:00\",\"author\":{\"@id\":\"https:\/\/www.noticiasradioreflejos.com.ar\/2021\/#\/schema\/person\/ad82545263dcc5ec0996818884fd5fb1\"},\"breadcrumb\":{\"@id\":\"https:\/\/www.noticiasradioreflejos.com.ar\/2021\/radio-y-television-argentina-repudio-el-ataque-contra-periodistas-de-c5n\/#breadcrumb\"},\"inLanguage\":\"es\",\"potentialAction\":[{\"@type\":\"ReadAction\",\"target\":[\"https:\/\/www.noticiasradioreflejos.com.ar\/2021\/radio-y-television-argentina-repudio-el-ataque-contra-periodistas-de-c5n\/\"]}]},{\"@type\":\"BreadcrumbList\",\"@id\":\"https:\/\/www.noticiasradioreflejos.com.ar\/2021\/radio-y-television-argentina-repudio-el-ataque-contra-periodistas-de-c5n\/#breadcrumb\",\"itemListElement\":[{\"@type\":\"ListItem\",\"position\":1,\"name\":\"Portada\",\"item\":\"https:\/\/www.noticiasradioreflejos.com.ar\/2021\/\"},{\"@type\":\"ListItem\",\"position\":2,\"name\":\"Radio y Televisi\u00f3n Argentina repudi\u00f3 el ataque contra periodistas de C5N\"}]},{\"@type\":\"WebSite\",\"@id\":\"https:\/\/www.noticiasradioreflejos.com.ar\/2021\/#website\",\"url\":\"https:\/\/www.noticiasradioreflejos.com.ar\/2021\/\",\"name\":\"Noticias Radio Reflejos\",\"description\":\"Las noticias de mi comarca\",\"potentialAction\":[{\"@type\":\"SearchAction\",\"target\":{\"@type\":\"EntryPoint\",\"urlTemplate\":\"https:\/\/www.noticiasradioreflejos.com.ar\/2021\/?s={search_term_string}\"},\"query-input\":{\"@type\":\"PropertyValueSpecification\",\"valueRequired\":true,\"valueName\":\"search_term_string\"}}],\"inLanguage\":\"es\"},{\"@type\":\"Person\",\"@id\":\"https:\/\/www.noticiasradioreflejos.com.ar\/2021\/#\/schema\/person\/ad82545263dcc5ec0996818884fd5fb1\",\"name\":\"Arnaldo Botto\",\"image\":{\"@type\":\"ImageObject\",\"inLanguage\":\"es\",\"@id\":\"https:\/\/www.noticiasradioreflejos.com.ar\/2021\/#\/schema\/person\/image\/\",\"url\":\"https:\/\/secure.gravatar.com\/avatar\/55cb5e37c1efa326397366e6974cb338056df65cb50e7d64d1cf314e87504837?s=96&d=mm&r=g\",\"contentUrl\":\"https:\/\/secure.gravatar.com\/avatar\/55cb5e37c1efa326397366e6974cb338056df65cb50e7d64d1cf314e87504837?s=96&d=mm&r=g\",\"caption\":\"Arnaldo Botto\"},\"url\":\"https:\/\/www.noticiasradioreflejos.com.ar\/2021\/author\/arnaldo\/\"}]}<\/script>\n<!-- \/ Yoast SEO plugin. -->","yoast_head_json":{"title":"Radio y Televisi\u00f3n Argentina repudi\u00f3 el ataque contra periodistas de C5N - Noticias Radio Reflejos","robots":{"index":"index","follow":"follow","max-snippet":"max-snippet:-1","max-image-preview":"max-image-preview:large","max-video-preview":"max-video-preview:-1"},"canonical":"https:\/\/www.noticiasradioreflejos.com.ar\/2021\/radio-y-television-argentina-repudio-el-ataque-contra-periodistas-de-c5n\/","og_locale":"es_ES","og_type":"article","og_title":"Radio y Televisi\u00f3n Argentina repudi\u00f3 el ataque contra periodistas de C5N - Noticias Radio Reflejos","og_description":"Radio y Televisi\u00f3n Argentina (RTA) repudi\u00f3 las agresiones sufridas por los trabajadores de prensa del canal C5N en el Obelisco porte\u00f1o por parte de manifestantes que protestaban contra el Gobierno nacional y el aislamiento social, preventivo y obligatorio vigente por la pandemia de coronavirus.","og_url":"https:\/\/www.noticiasradioreflejos.com.ar\/2021\/radio-y-television-argentina-repudio-el-ataque-contra-periodistas-de-c5n\/","og_site_name":"Noticias Radio Reflejos","article_published_time":"2020-07-10T11:40:26+00:00","og_image":[{"width":300,"height":200,"url":"https:\/\/www.noticiasradioreflejos.com.ar\/2021\/wp-content\/uploads\/2021\/07\/logosol300x200.png","type":"image\/png"}],"author":"Arnaldo Botto","twitter_card":"summary_large_image","schema":{"@context":"https:\/\/schema.org","@graph":[{"@type":"WebPage","@id":"https:\/\/www.noticiasradioreflejos.com.ar\/2021\/radio-y-television-argentina-repudio-el-ataque-contra-periodistas-de-c5n\/","url":"https:\/\/www.noticiasradioreflejos.com.ar\/2021\/radio-y-television-argentina-repudio-el-ataque-contra-periodistas-de-c5n\/","name":"Radio y Televisi\u00f3n Argentina repudi\u00f3 el ataque contra periodistas de C5N - Noticias Radio Reflejos","isPartOf":{"@id":"https:\/\/www.noticiasradioreflejos.com.ar\/2021\/#website"},"datePublished":"2020-07-10T11:40:26+00:00","author":{"@id":"https:\/\/www.noticiasradioreflejos.com.ar\/2021\/#\/schema\/person\/ad82545263dcc5ec0996818884fd5fb1"},"breadcrumb":{"@id":"https:\/\/www.noticiasradioreflejos.com.ar\/2021\/radio-y-television-argentina-repudio-el-ataque-contra-periodistas-de-c5n\/#breadcrumb"},"inLanguage":"es","potentialAction":[{"@type":"ReadAction","target":["https:\/\/www.noticiasradioreflejos.com.ar\/2021\/radio-y-television-argentina-repudio-el-ataque-contra-periodistas-de-c5n\/"]}]},{"@type":"BreadcrumbList","@id":"https:\/\/www.noticiasradioreflejos.com.ar\/2021\/radio-y-television-argentina-repudio-el-ataque-contra-periodistas-de-c5n\/#breadcrumb","itemListElement":[{"@type":"ListItem","position":1,"name":"Portada","item":"https:\/\/www.noticiasradioreflejos.com.ar\/2021\/"},{"@type":"ListItem","position":2,"name":"Radio y Televisi\u00f3n Argentina repudi\u00f3 el ataque contra periodistas de C5N"}]},{"@type":"WebSite","@id":"https:\/\/www.noticiasradioreflejos.com.ar\/2021\/#website","url":"https:\/\/www.noticiasradioreflejos.com.ar\/2021\/","name":"Noticias Radio Reflejos","description":"Las noticias de mi comarca","potentialAction":[{"@type":"SearchAction","target":{"@type":"EntryPoint","urlTemplate":"https:\/\/www.noticiasradioreflejos.com.ar\/2021\/?s={search_term_string}"},"query-input":{"@type":"PropertyValueSpecification","valueRequired":true,"valueName":"search_term_string"}}],"inLanguage":"es"},{"@type":"Person","@id":"https:\/\/www.noticiasradioreflejos.com.ar\/2021\/#\/schema\/person\/ad82545263dcc5ec0996818884fd5fb1","name":"Arnaldo Botto","image":{"@type":"ImageObject","inLanguage":"es","@id":"https:\/\/www.noticiasradioreflejos.com.ar\/2021\/#\/schema\/person\/image\/","url":"https:\/\/secure.gravatar.com\/avatar\/55cb5e37c1efa326397366e6974cb338056df65cb50e7d64d1cf314e87504837?s=96&d=mm&r=g","contentUrl":"https:\/\/secure.gravatar.com\/avatar\/55cb5e37c1efa326397366e6974cb338056df65cb50e7d64d1cf314e87504837?s=96&d=mm&r=g","caption":"Arnaldo Botto"},"url":"https:\/\/www.noticiasradioreflejos.com.ar\/2021\/author\/arnaldo\/"}]}},"_links":{"self":[{"href":"https:\/\/www.noticiasradioreflejos.com.ar\/2021\/wp-json\/wp\/v2\/posts\/44282","targetHints":{"allow":["GET"]}}],"collection":[{"href":"https:\/\/www.noticiasradioreflejos.com.ar\/2021\/wp-json\/wp\/v2\/posts"}],"about":[{"href":"https:\/\/www.noticiasradioreflejos.com.ar\/2021\/wp-json\/wp\/v2\/types\/post"}],"author":[{"embeddable":true,"href":"https:\/\/www.noticiasradioreflejos.com.ar\/2021\/wp-json\/wp\/v2\/users\/3"}],"replies":[{"embeddable":true,"href":"https:\/\/www.noticiasradioreflejos.com.ar\/2021\/wp-json\/wp\/v2\/comments?post=44282"}],"version-history":[{"count":0,"href":"https:\/\/www.noticiasradioreflejos.com.ar\/2021\/wp-json\/wp\/v2\/posts\/44282\/revisions"}],"wp:attachment":[{"href":"https:\/\/www.noticiasradioreflejos.com.ar\/2021\/wp-json\/wp\/v2\/media?parent=44282"}],"wp:term":[{"taxonomy":"category","embeddable":true,"href":"https:\/\/www.noticiasradioreflejos.com.ar\/2021\/wp-json\/wp\/v2\/categories?post=44282"},{"taxonomy":"post_tag","embeddable":true,"href":"https:\/\/www.noticiasradioreflejos.com.ar\/2021\/wp-json\/wp\/v2\/tags?post=44282"}],"curies":[{"name":"wp","href":"https:\/\/api.w.org\/{rel}","templated":true}]}}