{"id":44262,"date":"2020-07-09T11:55:09","date_gmt":"2020-07-09T14:55:09","guid":{"rendered":"http:\/\/www.noticiasradioreflejos.com.ar\/noticias\/?p=44262"},"modified":"2020-07-09T11:55:09","modified_gmt":"2020-07-09T14:55:09","slug":"mensajes-en-el-dia-de-la-independencia","status":"publish","type":"post","link":"https:\/\/www.noticiasradioreflejos.com.ar\/2021\/mensajes-en-el-dia-de-la-independencia\/","title":{"rendered":"Mensajes en el D\u00eda de la Independencia."},"content":{"rendered":"<p><a title=\"9 de julio 2020\" href=\"http:\/\/live.staticflickr.com\/65535\/50094347757_af62fbb2fa_s.jpg\" rel=\"\"><img loading=\"lazy\" decoding=\"async\" class=\"alignleft\" style=\"float: left;\" title=\"9 de julio 2020\" src=\"http:\/\/live.staticflickr.com\/65535\/50094347757_af62fbb2fa_c.jpg\" alt=\"9 de julio 2020\" width=\"600\" height=\"800\" \/><\/a>Publicamos a continuaci\u00f3n los mensajes enviados a nuestra redacci\u00f3n por instituciones de nuestro distrito.<!--more--><br \/>\nvideo realizado desde la Direcci\u00f3n de Cultura de Tornquist Municipio por el 9 de Julio.<\/p>\n<div class=\"jeg_video_container jeg_video_content\"><iframe loading=\"lazy\" title=\"9 de julio de 2020\" width=\"500\" height=\"281\" src=\"https:\/\/www.youtube.com\/embed\/kIqyLreRXcA?feature=oembed\" frameborder=\"0\" allow=\"accelerometer; autoplay; clipboard-write; encrypted-media; gyroscope; picture-in-picture; web-share\" referrerpolicy=\"strict-origin-when-cross-origin\" allowfullscreen><\/iframe><\/div>\n<p>&nbsp;<\/p>\n<hr \/>\n<p>&nbsp;<br \/>\n<a title=\"tarjeta 9 de julio\" href=\"http:\/\/live.staticflickr.com\/65535\/50093475443_280a948133_s.jpg\" rel=\"\"><img loading=\"lazy\" decoding=\"async\" class=\"aligncenter\" title=\"tarjeta 9 de julio\" src=\"http:\/\/live.staticflickr.com\/65535\/50093475443_033decaa36_o.png\" alt=\"tarjeta 9 de julio\" width=\"420\" height=\"329\" \/><\/a><\/p>\n<p>&#8212;&#8212;&#8212;&#8212;&#8212;&#8212;&#8212;&#8212;<\/p>\n<p>&nbsp;<\/p>\n<p><strong>Honorable Concejo Deliberante<\/strong><\/p>\n<p>Tornquist, 9 de julio de 2020<br \/>\nEn 1816 un pa\u00eds entero decidi\u00f3 alzar la voz para hacerse o\u00edr al otro lado del oc\u00e9ano, todos quer\u00edan ser protagonistas de la nueva historia que ya estaba al alcance de la mano. En las Provincias Unidas del R\u00edo de la Plata todos quisieron ser independientes, para darle sentido a su libertad, para pensar que val\u00eda la pena echar ra\u00edces en esta tierra sinti\u00e9ndola propia, imprimiendo una huella en el coraz\u00f3n de todos los argentinos, marcando el inicio de un camino que hoy estamos transitando.<\/p>\n<p>Con fe en el porvenir, hoy se evoca la gesta m\u00e1s gloriosa de nuestra emancipaci\u00f3n pol\u00edtica. Los laureles conquistados por las mujeres y los hombres que habitaban nuestro suelo, sirvieron de base firme, para el nacimiento de nuestra patria, para que florecieran la paz, la justicia, pero por sobre todas las cosas, la equidad. Si miramos hacia atr\u00e1s el camino recorrido, descubriremos sobradas muestras para sentir una admiraci\u00f3n sincera por quienes supieron ser tan patriotas, a pesar de las presiones de sectores internos e internacionales que nos quisieron volver a convertir en colonia. Pero adem\u00e1s, debemos demostrar nuestra gratitud m\u00e1s emocionada, porque gracias a ello, podemos llamarnos argentinos y vivir en un pa\u00eds republicano y democr\u00e1tico.<\/p>\n<p>Hoy como herederos de esa patria de 1816 debemos romper las cadenas de la injusticia, de la mentira, del ego\u00edsmo, de la ambici\u00f3n desmedida, de la corrupci\u00f3n y luchar por forjar un pa\u00eds m\u00e1s justo, sincero y solidario, m\u00e1s fuerte en sus ideales conservando sus tradiciones y costumbres., s\u00f3lo as\u00ed seremos una Naci\u00f3n libre e independiente. Sabemos que no es f\u00e1cil pero no es imposible, s\u00f3lo hay que formar el mismo valor y el mismo \u00edmpetu que tuvieron aquellos hombres que forjaron nuestra historia, porque Independencia no es s\u00f3lo una palabra que la decimos todos los 9 de julio, es una palabra que demuestra nuestra forma de hacer y de ser.<\/p>\n<p>\u00a1Feliz d\u00eda de la Patria!<\/p>\n","protected":false},"excerpt":{"rendered":"<p>Publicamos a continuaci\u00f3n los mensajes enviados a nuestra redacci\u00f3n por instituciones de nuestro distrito.<\/p>\n","protected":false},"author":3,"featured_media":0,"comment_status":"closed","ping_status":"open","sticky":false,"template":"","format":"standard","meta":{"footnotes":""},"categories":[26],"tags":[],"class_list":["post-44262","post","type-post","status-publish","format-standard","hentry","category-sociedad"],"yoast_head":"<!-- This site is optimized with the Yoast SEO plugin v25.9 - https:\/\/yoast.com\/wordpress\/plugins\/seo\/ -->\n<title>Mensajes en el D\u00eda de la Independencia. - Noticias Radio Reflejos<\/title>\n<meta name=\"robots\" content=\"index, follow, max-snippet:-1, max-image-preview:large, max-video-preview:-1\" \/>\n<link rel=\"canonical\" href=\"https:\/\/www.noticiasradioreflejos.com.ar\/2021\/mensajes-en-el-dia-de-la-independencia\/\" \/>\n<meta property=\"og:locale\" content=\"es_ES\" \/>\n<meta property=\"og:type\" content=\"article\" \/>\n<meta property=\"og:title\" content=\"Mensajes en el D\u00eda de la Independencia. - Noticias Radio Reflejos\" \/>\n<meta property=\"og:description\" content=\"Publicamos a continuaci\u00f3n los mensajes enviados a nuestra redacci\u00f3n por instituciones de nuestro distrito.\" \/>\n<meta property=\"og:url\" content=\"https:\/\/www.noticiasradioreflejos.com.ar\/2021\/mensajes-en-el-dia-de-la-independencia\/\" \/>\n<meta property=\"og:site_name\" content=\"Noticias Radio Reflejos\" \/>\n<meta property=\"article:published_time\" content=\"2020-07-09T14:55:09+00:00\" \/>\n<meta property=\"og:image\" content=\"http:\/\/live.staticflickr.com\/65535\/50094347757_af62fbb2fa_c.jpg\" \/>\n<meta name=\"author\" content=\"Arnaldo Botto\" \/>\n<meta name=\"twitter:card\" content=\"summary_large_image\" \/>\n<script type=\"application\/ld+json\" class=\"yoast-schema-graph\">{\"@context\":\"https:\/\/schema.org\",\"@graph\":[{\"@type\":\"WebPage\",\"@id\":\"https:\/\/www.noticiasradioreflejos.com.ar\/2021\/mensajes-en-el-dia-de-la-independencia\/\",\"url\":\"https:\/\/www.noticiasradioreflejos.com.ar\/2021\/mensajes-en-el-dia-de-la-independencia\/\",\"name\":\"Mensajes en el D\u00eda de la Independencia. - Noticias Radio Reflejos\",\"isPartOf\":{\"@id\":\"https:\/\/www.noticiasradioreflejos.com.ar\/2021\/#website\"},\"primaryImageOfPage\":{\"@id\":\"https:\/\/www.noticiasradioreflejos.com.ar\/2021\/mensajes-en-el-dia-de-la-independencia\/#primaryimage\"},\"image\":{\"@id\":\"https:\/\/www.noticiasradioreflejos.com.ar\/2021\/mensajes-en-el-dia-de-la-independencia\/#primaryimage\"},\"thumbnailUrl\":\"http:\/\/live.staticflickr.com\/65535\/50094347757_af62fbb2fa_c.jpg\",\"datePublished\":\"2020-07-09T14:55:09+00:00\",\"author\":{\"@id\":\"https:\/\/www.noticiasradioreflejos.com.ar\/2021\/#\/schema\/person\/ad82545263dcc5ec0996818884fd5fb1\"},\"breadcrumb\":{\"@id\":\"https:\/\/www.noticiasradioreflejos.com.ar\/2021\/mensajes-en-el-dia-de-la-independencia\/#breadcrumb\"},\"inLanguage\":\"es\",\"potentialAction\":[{\"@type\":\"ReadAction\",\"target\":[\"https:\/\/www.noticiasradioreflejos.com.ar\/2021\/mensajes-en-el-dia-de-la-independencia\/\"]}]},{\"@type\":\"ImageObject\",\"inLanguage\":\"es\",\"@id\":\"https:\/\/www.noticiasradioreflejos.com.ar\/2021\/mensajes-en-el-dia-de-la-independencia\/#primaryimage\",\"url\":\"http:\/\/live.staticflickr.com\/65535\/50094347757_af62fbb2fa_c.jpg\",\"contentUrl\":\"http:\/\/live.staticflickr.com\/65535\/50094347757_af62fbb2fa_c.jpg\"},{\"@type\":\"BreadcrumbList\",\"@id\":\"https:\/\/www.noticiasradioreflejos.com.ar\/2021\/mensajes-en-el-dia-de-la-independencia\/#breadcrumb\",\"itemListElement\":[{\"@type\":\"ListItem\",\"position\":1,\"name\":\"Portada\",\"item\":\"https:\/\/www.noticiasradioreflejos.com.ar\/2021\/\"},{\"@type\":\"ListItem\",\"position\":2,\"name\":\"Mensajes en el D\u00eda de la Independencia.\"}]},{\"@type\":\"WebSite\",\"@id\":\"https:\/\/www.noticiasradioreflejos.com.ar\/2021\/#website\",\"url\":\"https:\/\/www.noticiasradioreflejos.com.ar\/2021\/\",\"name\":\"Noticias Radio Reflejos\",\"description\":\"Las noticias de mi comarca\",\"potentialAction\":[{\"@type\":\"SearchAction\",\"target\":{\"@type\":\"EntryPoint\",\"urlTemplate\":\"https:\/\/www.noticiasradioreflejos.com.ar\/2021\/?s={search_term_string}\"},\"query-input\":{\"@type\":\"PropertyValueSpecification\",\"valueRequired\":true,\"valueName\":\"search_term_string\"}}],\"inLanguage\":\"es\"},{\"@type\":\"Person\",\"@id\":\"https:\/\/www.noticiasradioreflejos.com.ar\/2021\/#\/schema\/person\/ad82545263dcc5ec0996818884fd5fb1\",\"name\":\"Arnaldo Botto\",\"image\":{\"@type\":\"ImageObject\",\"inLanguage\":\"es\",\"@id\":\"https:\/\/www.noticiasradioreflejos.com.ar\/2021\/#\/schema\/person\/image\/\",\"url\":\"https:\/\/secure.gravatar.com\/avatar\/55cb5e37c1efa326397366e6974cb338056df65cb50e7d64d1cf314e87504837?s=96&d=mm&r=g\",\"contentUrl\":\"https:\/\/secure.gravatar.com\/avatar\/55cb5e37c1efa326397366e6974cb338056df65cb50e7d64d1cf314e87504837?s=96&d=mm&r=g\",\"caption\":\"Arnaldo Botto\"},\"url\":\"https:\/\/www.noticiasradioreflejos.com.ar\/2021\/author\/arnaldo\/\"}]}<\/script>\n<!-- \/ Yoast SEO plugin. -->","yoast_head_json":{"title":"Mensajes en el D\u00eda de la Independencia. - Noticias Radio Reflejos","robots":{"index":"index","follow":"follow","max-snippet":"max-snippet:-1","max-image-preview":"max-image-preview:large","max-video-preview":"max-video-preview:-1"},"canonical":"https:\/\/www.noticiasradioreflejos.com.ar\/2021\/mensajes-en-el-dia-de-la-independencia\/","og_locale":"es_ES","og_type":"article","og_title":"Mensajes en el D\u00eda de la Independencia. - Noticias Radio Reflejos","og_description":"Publicamos a continuaci\u00f3n los mensajes enviados a nuestra redacci\u00f3n por instituciones de nuestro distrito.","og_url":"https:\/\/www.noticiasradioreflejos.com.ar\/2021\/mensajes-en-el-dia-de-la-independencia\/","og_site_name":"Noticias Radio Reflejos","article_published_time":"2020-07-09T14:55:09+00:00","og_image":[{"url":"http:\/\/live.staticflickr.com\/65535\/50094347757_af62fbb2fa_c.jpg","type":"","width":"","height":""}],"author":"Arnaldo Botto","twitter_card":"summary_large_image","schema":{"@context":"https:\/\/schema.org","@graph":[{"@type":"WebPage","@id":"https:\/\/www.noticiasradioreflejos.com.ar\/2021\/mensajes-en-el-dia-de-la-independencia\/","url":"https:\/\/www.noticiasradioreflejos.com.ar\/2021\/mensajes-en-el-dia-de-la-independencia\/","name":"Mensajes en el D\u00eda de la Independencia. - Noticias Radio Reflejos","isPartOf":{"@id":"https:\/\/www.noticiasradioreflejos.com.ar\/2021\/#website"},"primaryImageOfPage":{"@id":"https:\/\/www.noticiasradioreflejos.com.ar\/2021\/mensajes-en-el-dia-de-la-independencia\/#primaryimage"},"image":{"@id":"https:\/\/www.noticiasradioreflejos.com.ar\/2021\/mensajes-en-el-dia-de-la-independencia\/#primaryimage"},"thumbnailUrl":"http:\/\/live.staticflickr.com\/65535\/50094347757_af62fbb2fa_c.jpg","datePublished":"2020-07-09T14:55:09+00:00","author":{"@id":"https:\/\/www.noticiasradioreflejos.com.ar\/2021\/#\/schema\/person\/ad82545263dcc5ec0996818884fd5fb1"},"breadcrumb":{"@id":"https:\/\/www.noticiasradioreflejos.com.ar\/2021\/mensajes-en-el-dia-de-la-independencia\/#breadcrumb"},"inLanguage":"es","potentialAction":[{"@type":"ReadAction","target":["https:\/\/www.noticiasradioreflejos.com.ar\/2021\/mensajes-en-el-dia-de-la-independencia\/"]}]},{"@type":"ImageObject","inLanguage":"es","@id":"https:\/\/www.noticiasradioreflejos.com.ar\/2021\/mensajes-en-el-dia-de-la-independencia\/#primaryimage","url":"http:\/\/live.staticflickr.com\/65535\/50094347757_af62fbb2fa_c.jpg","contentUrl":"http:\/\/live.staticflickr.com\/65535\/50094347757_af62fbb2fa_c.jpg"},{"@type":"BreadcrumbList","@id":"https:\/\/www.noticiasradioreflejos.com.ar\/2021\/mensajes-en-el-dia-de-la-independencia\/#breadcrumb","itemListElement":[{"@type":"ListItem","position":1,"name":"Portada","item":"https:\/\/www.noticiasradioreflejos.com.ar\/2021\/"},{"@type":"ListItem","position":2,"name":"Mensajes en el D\u00eda de la Independencia."}]},{"@type":"WebSite","@id":"https:\/\/www.noticiasradioreflejos.com.ar\/2021\/#website","url":"https:\/\/www.noticiasradioreflejos.com.ar\/2021\/","name":"Noticias Radio Reflejos","description":"Las noticias de mi comarca","potentialAction":[{"@type":"SearchAction","target":{"@type":"EntryPoint","urlTemplate":"https:\/\/www.noticiasradioreflejos.com.ar\/2021\/?s={search_term_string}"},"query-input":{"@type":"PropertyValueSpecification","valueRequired":true,"valueName":"search_term_string"}}],"inLanguage":"es"},{"@type":"Person","@id":"https:\/\/www.noticiasradioreflejos.com.ar\/2021\/#\/schema\/person\/ad82545263dcc5ec0996818884fd5fb1","name":"Arnaldo Botto","image":{"@type":"ImageObject","inLanguage":"es","@id":"https:\/\/www.noticiasradioreflejos.com.ar\/2021\/#\/schema\/person\/image\/","url":"https:\/\/secure.gravatar.com\/avatar\/55cb5e37c1efa326397366e6974cb338056df65cb50e7d64d1cf314e87504837?s=96&d=mm&r=g","contentUrl":"https:\/\/secure.gravatar.com\/avatar\/55cb5e37c1efa326397366e6974cb338056df65cb50e7d64d1cf314e87504837?s=96&d=mm&r=g","caption":"Arnaldo Botto"},"url":"https:\/\/www.noticiasradioreflejos.com.ar\/2021\/author\/arnaldo\/"}]}},"_links":{"self":[{"href":"https:\/\/www.noticiasradioreflejos.com.ar\/2021\/wp-json\/wp\/v2\/posts\/44262","targetHints":{"allow":["GET"]}}],"collection":[{"href":"https:\/\/www.noticiasradioreflejos.com.ar\/2021\/wp-json\/wp\/v2\/posts"}],"about":[{"href":"https:\/\/www.noticiasradioreflejos.com.ar\/2021\/wp-json\/wp\/v2\/types\/post"}],"author":[{"embeddable":true,"href":"https:\/\/www.noticiasradioreflejos.com.ar\/2021\/wp-json\/wp\/v2\/users\/3"}],"replies":[{"embeddable":true,"href":"https:\/\/www.noticiasradioreflejos.com.ar\/2021\/wp-json\/wp\/v2\/comments?post=44262"}],"version-history":[{"count":0,"href":"https:\/\/www.noticiasradioreflejos.com.ar\/2021\/wp-json\/wp\/v2\/posts\/44262\/revisions"}],"wp:attachment":[{"href":"https:\/\/www.noticiasradioreflejos.com.ar\/2021\/wp-json\/wp\/v2\/media?parent=44262"}],"wp:term":[{"taxonomy":"category","embeddable":true,"href":"https:\/\/www.noticiasradioreflejos.com.ar\/2021\/wp-json\/wp\/v2\/categories?post=44262"},{"taxonomy":"post_tag","embeddable":true,"href":"https:\/\/www.noticiasradioreflejos.com.ar\/2021\/wp-json\/wp\/v2\/tags?post=44262"}],"curies":[{"name":"wp","href":"https:\/\/api.w.org\/{rel}","templated":true}]}}