{"id":44258,"date":"2020-07-08T23:38:09","date_gmt":"2020-07-09T02:38:09","guid":{"rendered":"http:\/\/www.noticiasradioreflejos.com.ar\/noticias\/?p=44258"},"modified":"2020-07-08T23:38:09","modified_gmt":"2020-07-09T02:38:09","slug":"44258","status":"publish","type":"post","link":"https:\/\/www.noticiasradioreflejos.com.ar\/2021\/44258\/","title":{"rendered":"Se entregaron m\u00e1s de 100 nuevos respiradores a hospitales de Buenos Aires"},"content":{"rendered":"<p>El Gobierno bonaerense entreg\u00f3 hoy m\u00e1s de 100 nuevos respiradores a 11 municipios y el gobernador Axel Kicillof remarc\u00f3 que \u00abcuando se habla de salvar vidas, se habla de este equipamiento, de 126 obras de infraestructura, de m\u00e1s de mil respiradores y nuevas camas cr\u00edticas\u00bb.<!--more--><\/p>\n<p>En el acto, junto al ministro de Salud bonaerense, Daniel Gollan; el diputado nacional M\u00e1ximo Kirchner y la vicegobernadora Ver\u00f3nica Magario, y 11 intendentes, el gobernador destac\u00f3 la importancia de la expansi\u00f3n del sistema sanitario de la Provincia y puntualiz\u00f3 que \u00abcuando empez\u00f3 la pandemia nos propusimos reequipar y ampliar nuestro sistema de salud y nos sirvi\u00f3 este tiempo de cuarentena planteado por el Gobierno nacional, que nos da como resultado la duplicaci\u00f3n de la cantidad de camas de terapia intensiva\u00bb.<\/p>\n<p>Tambi\u00e9n se refiri\u00f3 al aislamiento estricto en el AMBA: \u00abSi baja la circulaci\u00f3n del virus nos da un aire para prepararnos para la pr\u00f3xima fase, y lo estamos haciendo incansablemente\u00bb, concluy\u00f3.<\/p>\n<p>Por su parte, Gollan indic\u00f3 que \u00abtrabajamos sobre distintos ejes: el aislamiento social, el abordaje territorial de los casos y los contactos estrechos, y el trabajo cient\u00edfico y los ensayos cl\u00ednicos para buscar tratamientos\u00bb.<\/p>\n<p>Kirchner expres\u00f3: \u00abSabemos que hay muchos sectores que est\u00e1n sufriendo, pero hoy el mejor remedio es el aislamiento para evitar el desborde del sistema sanitario. Queremos que el Estado pueda dar respuesta a todos y a todas\u00bb.<\/p>\n<p>En ese sentido, Magario destac\u00f3 que \u00abha sido muy importante esta nueva etapa de la cuarentena porque fundamentalmente nos da tiempo para seguir organizando el sistema de salud\u00bb.<\/p>\n<p>En la jornada de entregas realizada en el Centro Log\u00edstico El Dique de Ensenada recibieron el equipamiento los intendentes Daniel Cappelletti (Brandsen), Ariel Sujarchuk (Escobar), Gast\u00f3n Granados (Ezeiza), Andr\u00e9s Watson (Florencio Varela), Calixto Tellechea (Florentino Ameghino), Gustavo Men\u00e9ndez (Merlo), Lucas Ghi (Mor\u00f3n), Blanca Cantero (Presidente Per\u00f3n), Mayra Mendoza (Quilmes), Miguel Gargaglione (San Cayetano) y Jaime M\u00e9ndez (San Miguel).<\/p>\n<p>En los pr\u00f3ximos d\u00edas se realizar\u00e1 la entrega de nuevos respiradores a los municipios de Avellaneda, Ensenada, General Pinto, La Plata, Lan\u00fas, Malvinas Argentinas, Tres de Febrero y Vicente L\u00f3pez.<\/p>\n","protected":false},"excerpt":{"rendered":"<p>El Gobierno bonaerense entreg\u00f3 hoy m\u00e1s de 100 nuevos respiradores a 11 municipios y el gobernador Axel Kicillof remarc\u00f3 que \u00abcuando se habla de salvar vidas, se habla de este equipamiento, de 126 obras de infraestructura, de m\u00e1s de mil respiradores y nuevas camas cr\u00edticas\u00bb.<\/p>\n","protected":false},"author":3,"featured_media":0,"comment_status":"closed","ping_status":"open","sticky":false,"template":"","format":"standard","meta":{"footnotes":""},"categories":[24],"tags":[],"class_list":["post-44258","post","type-post","status-publish","format-standard","hentry","category-politica"],"yoast_head":"<!-- This site is optimized with the Yoast SEO plugin v25.9 - https:\/\/yoast.com\/wordpress\/plugins\/seo\/ -->\n<title>Se entregaron m\u00e1s de 100 nuevos respiradores a hospitales de Buenos Aires - Noticias Radio Reflejos<\/title>\n<meta name=\"robots\" content=\"index, follow, max-snippet:-1, max-image-preview:large, max-video-preview:-1\" \/>\n<link rel=\"canonical\" href=\"https:\/\/www.noticiasradioreflejos.com.ar\/2021\/44258\/\" \/>\n<meta property=\"og:locale\" content=\"es_ES\" \/>\n<meta property=\"og:type\" content=\"article\" \/>\n<meta property=\"og:title\" content=\"Se entregaron m\u00e1s de 100 nuevos respiradores a hospitales de Buenos Aires - Noticias Radio Reflejos\" \/>\n<meta property=\"og:description\" content=\"El Gobierno bonaerense entreg\u00f3 hoy m\u00e1s de 100 nuevos respiradores a 11 municipios y el gobernador Axel Kicillof remarc\u00f3 que \u00abcuando se habla de salvar vidas, se habla de este equipamiento, de 126 obras de infraestructura, de m\u00e1s de mil respiradores y nuevas camas cr\u00edticas\u00bb.\" \/>\n<meta property=\"og:url\" content=\"https:\/\/www.noticiasradioreflejos.com.ar\/2021\/44258\/\" \/>\n<meta property=\"og:site_name\" content=\"Noticias Radio Reflejos\" \/>\n<meta property=\"article:published_time\" content=\"2020-07-09T02:38:09+00:00\" \/>\n<meta property=\"og:image\" content=\"https:\/\/www.noticiasradioreflejos.com.ar\/2021\/wp-content\/uploads\/2021\/07\/logosol300x200.png\" \/>\n\t<meta property=\"og:image:width\" content=\"300\" \/>\n\t<meta property=\"og:image:height\" content=\"200\" \/>\n\t<meta property=\"og:image:type\" content=\"image\/png\" \/>\n<meta name=\"author\" content=\"Arnaldo Botto\" \/>\n<meta name=\"twitter:card\" content=\"summary_large_image\" \/>\n<script type=\"application\/ld+json\" class=\"yoast-schema-graph\">{\"@context\":\"https:\/\/schema.org\",\"@graph\":[{\"@type\":\"WebPage\",\"@id\":\"https:\/\/www.noticiasradioreflejos.com.ar\/2021\/44258\/\",\"url\":\"https:\/\/www.noticiasradioreflejos.com.ar\/2021\/44258\/\",\"name\":\"Se entregaron m\u00e1s de 100 nuevos respiradores a hospitales de Buenos Aires - Noticias Radio Reflejos\",\"isPartOf\":{\"@id\":\"https:\/\/www.noticiasradioreflejos.com.ar\/2021\/#website\"},\"datePublished\":\"2020-07-09T02:38:09+00:00\",\"author\":{\"@id\":\"https:\/\/www.noticiasradioreflejos.com.ar\/2021\/#\/schema\/person\/ad82545263dcc5ec0996818884fd5fb1\"},\"breadcrumb\":{\"@id\":\"https:\/\/www.noticiasradioreflejos.com.ar\/2021\/44258\/#breadcrumb\"},\"inLanguage\":\"es\",\"potentialAction\":[{\"@type\":\"ReadAction\",\"target\":[\"https:\/\/www.noticiasradioreflejos.com.ar\/2021\/44258\/\"]}]},{\"@type\":\"BreadcrumbList\",\"@id\":\"https:\/\/www.noticiasradioreflejos.com.ar\/2021\/44258\/#breadcrumb\",\"itemListElement\":[{\"@type\":\"ListItem\",\"position\":1,\"name\":\"Portada\",\"item\":\"https:\/\/www.noticiasradioreflejos.com.ar\/2021\/\"},{\"@type\":\"ListItem\",\"position\":2,\"name\":\"Se entregaron m\u00e1s de 100 nuevos respiradores a hospitales de Buenos Aires\"}]},{\"@type\":\"WebSite\",\"@id\":\"https:\/\/www.noticiasradioreflejos.com.ar\/2021\/#website\",\"url\":\"https:\/\/www.noticiasradioreflejos.com.ar\/2021\/\",\"name\":\"Noticias Radio Reflejos\",\"description\":\"Las noticias de mi comarca\",\"potentialAction\":[{\"@type\":\"SearchAction\",\"target\":{\"@type\":\"EntryPoint\",\"urlTemplate\":\"https:\/\/www.noticiasradioreflejos.com.ar\/2021\/?s={search_term_string}\"},\"query-input\":{\"@type\":\"PropertyValueSpecification\",\"valueRequired\":true,\"valueName\":\"search_term_string\"}}],\"inLanguage\":\"es\"},{\"@type\":\"Person\",\"@id\":\"https:\/\/www.noticiasradioreflejos.com.ar\/2021\/#\/schema\/person\/ad82545263dcc5ec0996818884fd5fb1\",\"name\":\"Arnaldo Botto\",\"image\":{\"@type\":\"ImageObject\",\"inLanguage\":\"es\",\"@id\":\"https:\/\/www.noticiasradioreflejos.com.ar\/2021\/#\/schema\/person\/image\/\",\"url\":\"https:\/\/secure.gravatar.com\/avatar\/55cb5e37c1efa326397366e6974cb338056df65cb50e7d64d1cf314e87504837?s=96&d=mm&r=g\",\"contentUrl\":\"https:\/\/secure.gravatar.com\/avatar\/55cb5e37c1efa326397366e6974cb338056df65cb50e7d64d1cf314e87504837?s=96&d=mm&r=g\",\"caption\":\"Arnaldo Botto\"},\"url\":\"https:\/\/www.noticiasradioreflejos.com.ar\/2021\/author\/arnaldo\/\"}]}<\/script>\n<!-- \/ Yoast SEO plugin. -->","yoast_head_json":{"title":"Se entregaron m\u00e1s de 100 nuevos respiradores a hospitales de Buenos Aires - Noticias Radio Reflejos","robots":{"index":"index","follow":"follow","max-snippet":"max-snippet:-1","max-image-preview":"max-image-preview:large","max-video-preview":"max-video-preview:-1"},"canonical":"https:\/\/www.noticiasradioreflejos.com.ar\/2021\/44258\/","og_locale":"es_ES","og_type":"article","og_title":"Se entregaron m\u00e1s de 100 nuevos respiradores a hospitales de Buenos Aires - Noticias Radio Reflejos","og_description":"El Gobierno bonaerense entreg\u00f3 hoy m\u00e1s de 100 nuevos respiradores a 11 municipios y el gobernador Axel Kicillof remarc\u00f3 que \u00abcuando se habla de salvar vidas, se habla de este equipamiento, de 126 obras de infraestructura, de m\u00e1s de mil respiradores y nuevas camas cr\u00edticas\u00bb.","og_url":"https:\/\/www.noticiasradioreflejos.com.ar\/2021\/44258\/","og_site_name":"Noticias Radio Reflejos","article_published_time":"2020-07-09T02:38:09+00:00","og_image":[{"width":300,"height":200,"url":"https:\/\/www.noticiasradioreflejos.com.ar\/2021\/wp-content\/uploads\/2021\/07\/logosol300x200.png","type":"image\/png"}],"author":"Arnaldo Botto","twitter_card":"summary_large_image","schema":{"@context":"https:\/\/schema.org","@graph":[{"@type":"WebPage","@id":"https:\/\/www.noticiasradioreflejos.com.ar\/2021\/44258\/","url":"https:\/\/www.noticiasradioreflejos.com.ar\/2021\/44258\/","name":"Se entregaron m\u00e1s de 100 nuevos respiradores a hospitales de Buenos Aires - Noticias Radio Reflejos","isPartOf":{"@id":"https:\/\/www.noticiasradioreflejos.com.ar\/2021\/#website"},"datePublished":"2020-07-09T02:38:09+00:00","author":{"@id":"https:\/\/www.noticiasradioreflejos.com.ar\/2021\/#\/schema\/person\/ad82545263dcc5ec0996818884fd5fb1"},"breadcrumb":{"@id":"https:\/\/www.noticiasradioreflejos.com.ar\/2021\/44258\/#breadcrumb"},"inLanguage":"es","potentialAction":[{"@type":"ReadAction","target":["https:\/\/www.noticiasradioreflejos.com.ar\/2021\/44258\/"]}]},{"@type":"BreadcrumbList","@id":"https:\/\/www.noticiasradioreflejos.com.ar\/2021\/44258\/#breadcrumb","itemListElement":[{"@type":"ListItem","position":1,"name":"Portada","item":"https:\/\/www.noticiasradioreflejos.com.ar\/2021\/"},{"@type":"ListItem","position":2,"name":"Se entregaron m\u00e1s de 100 nuevos respiradores a hospitales de Buenos Aires"}]},{"@type":"WebSite","@id":"https:\/\/www.noticiasradioreflejos.com.ar\/2021\/#website","url":"https:\/\/www.noticiasradioreflejos.com.ar\/2021\/","name":"Noticias Radio Reflejos","description":"Las noticias de mi comarca","potentialAction":[{"@type":"SearchAction","target":{"@type":"EntryPoint","urlTemplate":"https:\/\/www.noticiasradioreflejos.com.ar\/2021\/?s={search_term_string}"},"query-input":{"@type":"PropertyValueSpecification","valueRequired":true,"valueName":"search_term_string"}}],"inLanguage":"es"},{"@type":"Person","@id":"https:\/\/www.noticiasradioreflejos.com.ar\/2021\/#\/schema\/person\/ad82545263dcc5ec0996818884fd5fb1","name":"Arnaldo Botto","image":{"@type":"ImageObject","inLanguage":"es","@id":"https:\/\/www.noticiasradioreflejos.com.ar\/2021\/#\/schema\/person\/image\/","url":"https:\/\/secure.gravatar.com\/avatar\/55cb5e37c1efa326397366e6974cb338056df65cb50e7d64d1cf314e87504837?s=96&d=mm&r=g","contentUrl":"https:\/\/secure.gravatar.com\/avatar\/55cb5e37c1efa326397366e6974cb338056df65cb50e7d64d1cf314e87504837?s=96&d=mm&r=g","caption":"Arnaldo Botto"},"url":"https:\/\/www.noticiasradioreflejos.com.ar\/2021\/author\/arnaldo\/"}]}},"_links":{"self":[{"href":"https:\/\/www.noticiasradioreflejos.com.ar\/2021\/wp-json\/wp\/v2\/posts\/44258","targetHints":{"allow":["GET"]}}],"collection":[{"href":"https:\/\/www.noticiasradioreflejos.com.ar\/2021\/wp-json\/wp\/v2\/posts"}],"about":[{"href":"https:\/\/www.noticiasradioreflejos.com.ar\/2021\/wp-json\/wp\/v2\/types\/post"}],"author":[{"embeddable":true,"href":"https:\/\/www.noticiasradioreflejos.com.ar\/2021\/wp-json\/wp\/v2\/users\/3"}],"replies":[{"embeddable":true,"href":"https:\/\/www.noticiasradioreflejos.com.ar\/2021\/wp-json\/wp\/v2\/comments?post=44258"}],"version-history":[{"count":0,"href":"https:\/\/www.noticiasradioreflejos.com.ar\/2021\/wp-json\/wp\/v2\/posts\/44258\/revisions"}],"wp:attachment":[{"href":"https:\/\/www.noticiasradioreflejos.com.ar\/2021\/wp-json\/wp\/v2\/media?parent=44258"}],"wp:term":[{"taxonomy":"category","embeddable":true,"href":"https:\/\/www.noticiasradioreflejos.com.ar\/2021\/wp-json\/wp\/v2\/categories?post=44258"},{"taxonomy":"post_tag","embeddable":true,"href":"https:\/\/www.noticiasradioreflejos.com.ar\/2021\/wp-json\/wp\/v2\/tags?post=44258"}],"curies":[{"name":"wp","href":"https:\/\/api.w.org\/{rel}","templated":true}]}}