{"id":44254,"date":"2020-07-08T23:20:51","date_gmt":"2020-07-09T02:20:51","guid":{"rendered":"http:\/\/www.noticiasradioreflejos.com.ar\/noticias\/?p=44254"},"modified":"2020-07-08T23:20:51","modified_gmt":"2020-07-09T02:20:51","slug":"el-presidente-alberto-fernandez-anuncio-hoy-una-nueva-prorroga-del-ife-que-abarcara-a-todo-el-pais","status":"publish","type":"post","link":"https:\/\/www.noticiasradioreflejos.com.ar\/2021\/el-presidente-alberto-fernandez-anuncio-hoy-una-nueva-prorroga-del-ife-que-abarcara-a-todo-el-pais\/","title":{"rendered":"El presidente Alberto Fern\u00e1ndez anunci\u00f3 hoy una nueva pr\u00f3rroga del IFE que abarcar\u00e1 a todo el pa\u00eds."},"content":{"rendered":"<p>El presidente Alberto Fern\u00e1ndez anunci\u00f3 hoy una nueva pr\u00f3rroga del Ingreso Familiar de Emergencia (IFE) que abarcar\u00e1 a todas las provincias del pa\u00eds y que \u00absignifica que millones de argentinos no caigan en la pobreza\u00bb, seg\u00fan dijo durante el encuentro virtual.<br \/>\n<!--more--><\/p>\n<p>\u00abEl IFE significa que millones de argentinos no caigan en la pobreza, es una herramienta de emergencia que no vamos a poder dar siempre\u00bb, dijo el mandatario durante una reuni\u00f3n que mantuvo con los gobernadores en la que anunci\u00f3 una nueva pr\u00f3rroga, extendida a todas las provincias, seg\u00fan informaron a T\u00e9lam fuentes oficiales.<\/p>\n<p>Junto con el IFE, el Gobierno efectivizar\u00e1 un desembolso de 10 mil millones de pesos provenientes de Aportes del Tesoro Nacional (ATN) y que ser\u00e1 distribuido en funci\u00f3n de la coparticipaci\u00f3n y las deudas en d\u00f3lares que tienen las provincias, indicaron los voceros oficiales.<\/p>\n<p>El bono del IFE ser\u00e1 de 10.000 pesos, lo entregar\u00e1 el Anses y lo recibir\u00e1n quienes ya lo percibieron la primera y segunda vez y el dinero saldr\u00e1 del aporte del tesoro nacional, seg\u00fan explicaron desde el Gobierno.<\/p>\n<p>Participaron tambi\u00e9n del encuentro el jefe de Gabinete, Santiago Cafiero; el ministro de Econom\u00eda, Mart\u00edn Guzm\u00e1n; el presidente de la c\u00e1mara de Diputados, Sergio Massa y el ministro del Interior, Eduardo de Pedro.<\/p>\n<p>A este encuentro virtual asistieron, a trav\u00e9s de medios electr\u00f3nicos, el gobernador bonaerense, Axel Kicillof, el jefe de Gobierno porte\u00f1o, Horacio Rodr\u00edguez Larreta, el titular del Ejecutivo de la provincia de C\u00f3rdoba, Juan Schiaretti y su par santafesino, Omar Perotti.<\/p>\n<p>Tambi\u00e9n participaron Gustavo Vald\u00e9s (Corrientes), Gustavo Bordet (Entre R\u00edos), Gildo Isfr\u00e1n (Formosa), Omar Guti\u00e9rrez (Neuqu\u00e9n), Juan Manzur (Tucum\u00e1n), Gerardo Morales (Jujuy), Ricardo Quintela (La Rioja), Rodolfo Suarez (Mendoza), Jorge Capitanich (Chaco), Mario Arcioni (Chubut), Gustavo Melella (Tierra del Fuego), Gustavo S\u00e1enz (Salta), Oscar Herrera Ahuad (Misiones), Ra\u00fal Jalil (Catamarca), Arabella Carreras (R\u00edo Negro), Sergio U\u00f1ac (San Juan), Alberto Rodr\u00edguez Saa (San Luis) Alicia Kirchner (Santa Cruz), y Gerardo Zamora (Santiago del Estero<\/p>\n<p>\u00abEs muy importante que todos los que gobiernan est\u00e9n enterados de lo qu\u00e9 pasa en Argentina y al mismo tiempo que podamos seguir trabajando juntos\u00bb, les dijo Alberto Fern\u00e1ndez a los gobernadores, en referencia tambi\u00e9n a la negociaci\u00f3n que realizan con acreedores extranjeros por la deuda soberana heredada.<\/p>\n<p>\u00abQueremos que todos los que gobiernan se enteren de lo que estamos haciendo con la deuda que heredamos\u00bb, dijo el mandatario, y agreg\u00f3: \u00abNecesito que desarrollemos juntos el d\u00eda despu\u00e9s en las provincias\u00bb.<\/p>\n<p>Al mismo tiempo les agradeci\u00f3 \u00abel modo\u00bb en que permitieron al Gobierno nacional \u00abtrabajar estos meses\u00bb juntos y \u00abpoder afrontar este tiempo dif\u00edcil\u00bb y dijo que ya est\u00e1n \u00a8trabajando para el d\u00eda despu\u00e9s de la pandemia\u00bb.<\/p>\n<p>\u00abVamos a organizar el horizonte del pa\u00eds y ah\u00ed los necesito a ustedes para potenciar las econom\u00edas regionales, tenemos que trabajar r\u00e1pidamente para poner en marcha la econom\u00eda argentina\u00bb, les dijo el Presidente a los gobernadores.<\/p>\n<p>Destac\u00f3 \u00abel verdadero federalismo\u00bb en la \u00abayuda que todos le est\u00e1n dando a Chaco, con recursos humanos\u00bb, y les dijo que \u00abas\u00ed se construye un pa\u00eds integrado\u00bb, en referencia al env\u00edo de terapistas de varias provincias para ayudar y capacitar a m\u00e9dicos de esa provincia fuertemente golpeada por el crecimiento de casos de coronavirus.<\/p>\n<p>Por su parte, Cafiero, que acompa\u00f1aba al Presidente en Olivos, consider\u00f3 que el IFE \u201ctuvo un impacto muy positivo en las provincias para reactivar el consumo que alivia los ingresos familiares\u201d.<\/p>\n<p>\u201cEl Presidente pidi\u00f3 que se extienda una vez m\u00e1s el IFE para todo el pa\u00eds. Es una de las pol\u00edticas p\u00fablicas que no tiene antecedentes, llega a nueve millones de argentinos\u00bb, dijo el jefe de Gabinete, consciente de que \u00abesto no reemplaza la creaci\u00f3n de empleo\u00bb y que es necesario \u00abreactivar todas las actividades\u201d.<\/p>\n<p>El ministro de Interior, Eduardo \u201cWado\u201d de Pedro, anunci\u00f3 en la reuni\u00f3n \u201cel desembolso de 10.000 millones de pesos m\u00e1s en ATN, y explic\u00f3 que este programa \u201cse complementa con el fondo fiduciario de desarrollo provincial\u00bb, que \u00aben los \u00faltimos 15 d\u00edas firmamos con varias provincias\u201d.<\/p>\n<p>\u201cEl fondo es de 60.000 mil millones de pesos. Hemos conseguido de la CAF (Banco de Desarrollo de Am\u00e9rica Latina) un fondo no reembolsable de 64 millones de d\u00f3lares, cada ministro provincial firmo una solicitud para generar una distribuci\u00f3n justa en funci\u00f3n de los criterios federales y en el marco de la emergencia Covid\u201d, agreg\u00f3 el funcionario.<\/p>\n<p>Por su parte, el ministro de Econom\u00eda, Mart\u00edn Guzm\u00e1n, presente en este encuentro, agradeci\u00f3 el apoyo de los gobernadores en la reestructuraci\u00f3n de la deuda que negocia el Gobierno con los acreedores.<\/p>\n<p>\u201cHicimos una oferta que muestra la gran voluntad del gobierno para llegar a un acuerdo, es el m\u00e1ximo esfuerzo que puede hacer Argentina y cumplirlo, hemos ido hasta el l\u00edmite. La recepci\u00f3n inicial es positiva por parte de jugadores claves del mercado internacional\u201d, inform\u00f3 Guzm\u00e1n a los gobernadores.<\/p>\n<p>Por su parte, el presidente de la C\u00e1mara de Diputados, Sergio Massa, les pidi\u00f3 a los gobernadores apoyo en temas como el \u201ctratamiento de la deuda bajo legislaci\u00f3n local que ir\u00e1 al Congreso, poder mostrar que la oferta Argentina es la \u00faltima\u00bb; \u00abla ampliaci\u00f3n del Presupuesto (para las provincias ATP, refuerzo alimentario, AUH, mas IFE y otros, representan 400.000 mil millones de pesos) y una moratoria, que va desde el \u00faltimo monotributista hasta la mayor industria\u201d.<\/p>\n","protected":false},"excerpt":{"rendered":"<p>El presidente Alberto Fern\u00e1ndez anunci\u00f3 hoy una nueva pr\u00f3rroga del Ingreso Familiar de Emergencia (IFE) que abarcar\u00e1 a todas las provincias del pa\u00eds y que \u00absignifica que millones de argentinos no caigan en la pobreza\u00bb, seg\u00fan dijo durante el encuentro virtual.<\/p>\n","protected":false},"author":3,"featured_media":0,"comment_status":"closed","ping_status":"open","sticky":false,"template":"","format":"standard","meta":{"footnotes":""},"categories":[24],"tags":[],"class_list":["post-44254","post","type-post","status-publish","format-standard","hentry","category-politica"],"yoast_head":"<!-- This site is optimized with the Yoast SEO plugin v25.9 - https:\/\/yoast.com\/wordpress\/plugins\/seo\/ -->\n<title>El presidente Alberto Fern\u00e1ndez anunci\u00f3 hoy una nueva pr\u00f3rroga del IFE que abarcar\u00e1 a todo el pa\u00eds. - Noticias Radio Reflejos<\/title>\n<meta name=\"robots\" content=\"index, follow, max-snippet:-1, max-image-preview:large, max-video-preview:-1\" \/>\n<link rel=\"canonical\" href=\"https:\/\/www.noticiasradioreflejos.com.ar\/2021\/el-presidente-alberto-fernandez-anuncio-hoy-una-nueva-prorroga-del-ife-que-abarcara-a-todo-el-pais\/\" \/>\n<meta property=\"og:locale\" content=\"es_ES\" \/>\n<meta property=\"og:type\" content=\"article\" \/>\n<meta property=\"og:title\" content=\"El presidente Alberto Fern\u00e1ndez anunci\u00f3 hoy una nueva pr\u00f3rroga del IFE que abarcar\u00e1 a todo el pa\u00eds. - Noticias Radio Reflejos\" \/>\n<meta property=\"og:description\" content=\"El presidente Alberto Fern\u00e1ndez anunci\u00f3 hoy una nueva pr\u00f3rroga del Ingreso Familiar de Emergencia (IFE) que abarcar\u00e1 a todas las provincias del pa\u00eds y que \u00absignifica que millones de argentinos no caigan en la pobreza\u00bb, seg\u00fan dijo durante el encuentro virtual.\" \/>\n<meta property=\"og:url\" content=\"https:\/\/www.noticiasradioreflejos.com.ar\/2021\/el-presidente-alberto-fernandez-anuncio-hoy-una-nueva-prorroga-del-ife-que-abarcara-a-todo-el-pais\/\" \/>\n<meta property=\"og:site_name\" content=\"Noticias Radio Reflejos\" \/>\n<meta property=\"article:published_time\" content=\"2020-07-09T02:20:51+00:00\" \/>\n<meta property=\"og:image\" content=\"https:\/\/www.noticiasradioreflejos.com.ar\/2021\/wp-content\/uploads\/2021\/07\/logosol300x200.png\" \/>\n\t<meta property=\"og:image:width\" content=\"300\" \/>\n\t<meta property=\"og:image:height\" content=\"200\" \/>\n\t<meta property=\"og:image:type\" content=\"image\/png\" \/>\n<meta name=\"author\" content=\"Arnaldo Botto\" \/>\n<meta name=\"twitter:card\" content=\"summary_large_image\" \/>\n<script type=\"application\/ld+json\" class=\"yoast-schema-graph\">{\"@context\":\"https:\/\/schema.org\",\"@graph\":[{\"@type\":\"WebPage\",\"@id\":\"https:\/\/www.noticiasradioreflejos.com.ar\/2021\/el-presidente-alberto-fernandez-anuncio-hoy-una-nueva-prorroga-del-ife-que-abarcara-a-todo-el-pais\/\",\"url\":\"https:\/\/www.noticiasradioreflejos.com.ar\/2021\/el-presidente-alberto-fernandez-anuncio-hoy-una-nueva-prorroga-del-ife-que-abarcara-a-todo-el-pais\/\",\"name\":\"El presidente Alberto Fern\u00e1ndez anunci\u00f3 hoy una nueva pr\u00f3rroga del IFE que abarcar\u00e1 a todo el pa\u00eds. - Noticias Radio Reflejos\",\"isPartOf\":{\"@id\":\"https:\/\/www.noticiasradioreflejos.com.ar\/2021\/#website\"},\"datePublished\":\"2020-07-09T02:20:51+00:00\",\"author\":{\"@id\":\"https:\/\/www.noticiasradioreflejos.com.ar\/2021\/#\/schema\/person\/ad82545263dcc5ec0996818884fd5fb1\"},\"breadcrumb\":{\"@id\":\"https:\/\/www.noticiasradioreflejos.com.ar\/2021\/el-presidente-alberto-fernandez-anuncio-hoy-una-nueva-prorroga-del-ife-que-abarcara-a-todo-el-pais\/#breadcrumb\"},\"inLanguage\":\"es\",\"potentialAction\":[{\"@type\":\"ReadAction\",\"target\":[\"https:\/\/www.noticiasradioreflejos.com.ar\/2021\/el-presidente-alberto-fernandez-anuncio-hoy-una-nueva-prorroga-del-ife-que-abarcara-a-todo-el-pais\/\"]}]},{\"@type\":\"BreadcrumbList\",\"@id\":\"https:\/\/www.noticiasradioreflejos.com.ar\/2021\/el-presidente-alberto-fernandez-anuncio-hoy-una-nueva-prorroga-del-ife-que-abarcara-a-todo-el-pais\/#breadcrumb\",\"itemListElement\":[{\"@type\":\"ListItem\",\"position\":1,\"name\":\"Portada\",\"item\":\"https:\/\/www.noticiasradioreflejos.com.ar\/2021\/\"},{\"@type\":\"ListItem\",\"position\":2,\"name\":\"El presidente Alberto Fern\u00e1ndez anunci\u00f3 hoy una nueva pr\u00f3rroga del IFE que abarcar\u00e1 a todo el pa\u00eds.\"}]},{\"@type\":\"WebSite\",\"@id\":\"https:\/\/www.noticiasradioreflejos.com.ar\/2021\/#website\",\"url\":\"https:\/\/www.noticiasradioreflejos.com.ar\/2021\/\",\"name\":\"Noticias Radio Reflejos\",\"description\":\"Las noticias de mi comarca\",\"potentialAction\":[{\"@type\":\"SearchAction\",\"target\":{\"@type\":\"EntryPoint\",\"urlTemplate\":\"https:\/\/www.noticiasradioreflejos.com.ar\/2021\/?s={search_term_string}\"},\"query-input\":{\"@type\":\"PropertyValueSpecification\",\"valueRequired\":true,\"valueName\":\"search_term_string\"}}],\"inLanguage\":\"es\"},{\"@type\":\"Person\",\"@id\":\"https:\/\/www.noticiasradioreflejos.com.ar\/2021\/#\/schema\/person\/ad82545263dcc5ec0996818884fd5fb1\",\"name\":\"Arnaldo Botto\",\"image\":{\"@type\":\"ImageObject\",\"inLanguage\":\"es\",\"@id\":\"https:\/\/www.noticiasradioreflejos.com.ar\/2021\/#\/schema\/person\/image\/\",\"url\":\"https:\/\/secure.gravatar.com\/avatar\/55cb5e37c1efa326397366e6974cb338056df65cb50e7d64d1cf314e87504837?s=96&d=mm&r=g\",\"contentUrl\":\"https:\/\/secure.gravatar.com\/avatar\/55cb5e37c1efa326397366e6974cb338056df65cb50e7d64d1cf314e87504837?s=96&d=mm&r=g\",\"caption\":\"Arnaldo Botto\"},\"url\":\"https:\/\/www.noticiasradioreflejos.com.ar\/2021\/author\/arnaldo\/\"}]}<\/script>\n<!-- \/ Yoast SEO plugin. -->","yoast_head_json":{"title":"El presidente Alberto Fern\u00e1ndez anunci\u00f3 hoy una nueva pr\u00f3rroga del IFE que abarcar\u00e1 a todo el pa\u00eds. - Noticias Radio Reflejos","robots":{"index":"index","follow":"follow","max-snippet":"max-snippet:-1","max-image-preview":"max-image-preview:large","max-video-preview":"max-video-preview:-1"},"canonical":"https:\/\/www.noticiasradioreflejos.com.ar\/2021\/el-presidente-alberto-fernandez-anuncio-hoy-una-nueva-prorroga-del-ife-que-abarcara-a-todo-el-pais\/","og_locale":"es_ES","og_type":"article","og_title":"El presidente Alberto Fern\u00e1ndez anunci\u00f3 hoy una nueva pr\u00f3rroga del IFE que abarcar\u00e1 a todo el pa\u00eds. - Noticias Radio Reflejos","og_description":"El presidente Alberto Fern\u00e1ndez anunci\u00f3 hoy una nueva pr\u00f3rroga del Ingreso Familiar de Emergencia (IFE) que abarcar\u00e1 a todas las provincias del pa\u00eds y que \u00absignifica que millones de argentinos no caigan en la pobreza\u00bb, seg\u00fan dijo durante el encuentro virtual.","og_url":"https:\/\/www.noticiasradioreflejos.com.ar\/2021\/el-presidente-alberto-fernandez-anuncio-hoy-una-nueva-prorroga-del-ife-que-abarcara-a-todo-el-pais\/","og_site_name":"Noticias Radio Reflejos","article_published_time":"2020-07-09T02:20:51+00:00","og_image":[{"width":300,"height":200,"url":"https:\/\/www.noticiasradioreflejos.com.ar\/2021\/wp-content\/uploads\/2021\/07\/logosol300x200.png","type":"image\/png"}],"author":"Arnaldo Botto","twitter_card":"summary_large_image","schema":{"@context":"https:\/\/schema.org","@graph":[{"@type":"WebPage","@id":"https:\/\/www.noticiasradioreflejos.com.ar\/2021\/el-presidente-alberto-fernandez-anuncio-hoy-una-nueva-prorroga-del-ife-que-abarcara-a-todo-el-pais\/","url":"https:\/\/www.noticiasradioreflejos.com.ar\/2021\/el-presidente-alberto-fernandez-anuncio-hoy-una-nueva-prorroga-del-ife-que-abarcara-a-todo-el-pais\/","name":"El presidente Alberto Fern\u00e1ndez anunci\u00f3 hoy una nueva pr\u00f3rroga del IFE que abarcar\u00e1 a todo el pa\u00eds. - Noticias Radio Reflejos","isPartOf":{"@id":"https:\/\/www.noticiasradioreflejos.com.ar\/2021\/#website"},"datePublished":"2020-07-09T02:20:51+00:00","author":{"@id":"https:\/\/www.noticiasradioreflejos.com.ar\/2021\/#\/schema\/person\/ad82545263dcc5ec0996818884fd5fb1"},"breadcrumb":{"@id":"https:\/\/www.noticiasradioreflejos.com.ar\/2021\/el-presidente-alberto-fernandez-anuncio-hoy-una-nueva-prorroga-del-ife-que-abarcara-a-todo-el-pais\/#breadcrumb"},"inLanguage":"es","potentialAction":[{"@type":"ReadAction","target":["https:\/\/www.noticiasradioreflejos.com.ar\/2021\/el-presidente-alberto-fernandez-anuncio-hoy-una-nueva-prorroga-del-ife-que-abarcara-a-todo-el-pais\/"]}]},{"@type":"BreadcrumbList","@id":"https:\/\/www.noticiasradioreflejos.com.ar\/2021\/el-presidente-alberto-fernandez-anuncio-hoy-una-nueva-prorroga-del-ife-que-abarcara-a-todo-el-pais\/#breadcrumb","itemListElement":[{"@type":"ListItem","position":1,"name":"Portada","item":"https:\/\/www.noticiasradioreflejos.com.ar\/2021\/"},{"@type":"ListItem","position":2,"name":"El presidente Alberto Fern\u00e1ndez anunci\u00f3 hoy una nueva pr\u00f3rroga del IFE que abarcar\u00e1 a todo el pa\u00eds."}]},{"@type":"WebSite","@id":"https:\/\/www.noticiasradioreflejos.com.ar\/2021\/#website","url":"https:\/\/www.noticiasradioreflejos.com.ar\/2021\/","name":"Noticias Radio Reflejos","description":"Las noticias de mi comarca","potentialAction":[{"@type":"SearchAction","target":{"@type":"EntryPoint","urlTemplate":"https:\/\/www.noticiasradioreflejos.com.ar\/2021\/?s={search_term_string}"},"query-input":{"@type":"PropertyValueSpecification","valueRequired":true,"valueName":"search_term_string"}}],"inLanguage":"es"},{"@type":"Person","@id":"https:\/\/www.noticiasradioreflejos.com.ar\/2021\/#\/schema\/person\/ad82545263dcc5ec0996818884fd5fb1","name":"Arnaldo Botto","image":{"@type":"ImageObject","inLanguage":"es","@id":"https:\/\/www.noticiasradioreflejos.com.ar\/2021\/#\/schema\/person\/image\/","url":"https:\/\/secure.gravatar.com\/avatar\/55cb5e37c1efa326397366e6974cb338056df65cb50e7d64d1cf314e87504837?s=96&d=mm&r=g","contentUrl":"https:\/\/secure.gravatar.com\/avatar\/55cb5e37c1efa326397366e6974cb338056df65cb50e7d64d1cf314e87504837?s=96&d=mm&r=g","caption":"Arnaldo Botto"},"url":"https:\/\/www.noticiasradioreflejos.com.ar\/2021\/author\/arnaldo\/"}]}},"_links":{"self":[{"href":"https:\/\/www.noticiasradioreflejos.com.ar\/2021\/wp-json\/wp\/v2\/posts\/44254","targetHints":{"allow":["GET"]}}],"collection":[{"href":"https:\/\/www.noticiasradioreflejos.com.ar\/2021\/wp-json\/wp\/v2\/posts"}],"about":[{"href":"https:\/\/www.noticiasradioreflejos.com.ar\/2021\/wp-json\/wp\/v2\/types\/post"}],"author":[{"embeddable":true,"href":"https:\/\/www.noticiasradioreflejos.com.ar\/2021\/wp-json\/wp\/v2\/users\/3"}],"replies":[{"embeddable":true,"href":"https:\/\/www.noticiasradioreflejos.com.ar\/2021\/wp-json\/wp\/v2\/comments?post=44254"}],"version-history":[{"count":0,"href":"https:\/\/www.noticiasradioreflejos.com.ar\/2021\/wp-json\/wp\/v2\/posts\/44254\/revisions"}],"wp:attachment":[{"href":"https:\/\/www.noticiasradioreflejos.com.ar\/2021\/wp-json\/wp\/v2\/media?parent=44254"}],"wp:term":[{"taxonomy":"category","embeddable":true,"href":"https:\/\/www.noticiasradioreflejos.com.ar\/2021\/wp-json\/wp\/v2\/categories?post=44254"},{"taxonomy":"post_tag","embeddable":true,"href":"https:\/\/www.noticiasradioreflejos.com.ar\/2021\/wp-json\/wp\/v2\/tags?post=44254"}],"curies":[{"name":"wp","href":"https:\/\/api.w.org\/{rel}","templated":true}]}}