{"id":44245,"date":"2020-07-08T12:52:30","date_gmt":"2020-07-08T15:52:30","guid":{"rendered":"http:\/\/www.noticiasradioreflejos.com.ar\/noticias\/?p=44245"},"modified":"2020-07-08T12:52:30","modified_gmt":"2020-07-08T15:52:30","slug":"berni-se-mostro-dispuesto-a-un-apartamiento-de-la-bonaerense-de-la-causa-por-el-paradero-de-facundo","status":"publish","type":"post","link":"https:\/\/www.noticiasradioreflejos.com.ar\/2021\/berni-se-mostro-dispuesto-a-un-apartamiento-de-la-bonaerense-de-la-causa-por-el-paradero-de-facundo\/","title":{"rendered":"Berni se mostr\u00f3 dispuesto a un apartamiento de la Bonaerense de la causa por el paradero de Facundo"},"content":{"rendered":"<p>El ministro de Seguridad bonaerense, Sergio Berni, asegur\u00f3 hoy que, hasta el momento, en la causa que investiga el caso del joven Facundo Astudillo Castro, de quien se desconoce el paradero desde el 30 de abril pasado, \u00abno surge ninguna evidencia\u00bb de una posible responsabilidad policial en el hecho, remarc\u00f3 que la Justicia ser\u00e1 la que deber\u00e1 determinar eso, y se mostr\u00f3 proclive a aceptar el apartamiento de la Bonaerense de la investigaci\u00f3n si es lo que desea la familia.<br \/>\n<!--more--><\/p>\n<p>\u00abSi ello le lleva tranquilidad a una madre que est\u00e1 buscando a su hijo, me parece es una obligaci\u00f3n nuestra acompa\u00f1ar esa decisi\u00f3n\u00bb, asever\u00f3 Berni esta ma\u00f1ana en declaraciones formuladas a la radio FM Br\u00fajula, de Bah\u00eda Blanca, al referirse al pedido de apartamiento de la Polic\u00eda Bonaerense de la investigaci\u00f3n, formulado por los abogados de la familia del joven.<\/p>\n<p>La causa por el paradero del joven es investigada por el Fiscal de la Unidad Funcional de Instrucci\u00f3n 20 de Bah\u00eda Blanca, Rodolfo de Luc\u00eda.<\/p>\n<p>En ese sentido, Berni sostuvo que \u00abeso es una responsabilidad de la Justicia determinar si hay o no compromiso por parte la Polic\u00eda\u00bb, aunque aclar\u00f3 que, \u00abhasta ahora, en toda la investigaci\u00f3n no surge ninguna evidencia de que eso sea cierto\u00bb pero agreg\u00f3 que eso \u00abno quiere decir que lo descartemos por completo\u00bb.<\/p>\n<p>Berni se refiri\u00f3 as\u00ed a la denuncia por \u00abdesaparici\u00f3n forzada de persona\u00bb que present\u00f3 la familia del joven, buscado desde el pasado 30 de abril tras salir de la localidad de Pedro Luro, al sur de Bah\u00eda Blanca, rumbo a esa ciudad bonaerense.<\/p>\n<p>El ministro habl\u00f3 poco despu\u00e9s de que la Subsecretar\u00eda de Derechos Humanos de la provincia de Buenos Aires solicitara separar a la Polic\u00eda Bonaerense de la investigaci\u00f3n por el paradero de Facundo Astudillo Castro.<\/p>\n<p>\u00abMe parece que una madre preocupada, m\u00e1s all\u00e1 de que la Justicia determine que no haya ninguna responsabilidad por parte de la polic\u00eda, merece todo el acompa\u00f1amiento hasta encontrar a su hijo\u00bb, expres\u00f3 Berni.<\/p>\n<p>El funcionario provincial afirm\u00f3 que \u00abcualquier padre que est\u00e1 buscando a su hijo merece la mayor respuesta por parte del Estado\u00bb y sostuvo que, \u00absi ello le lleva tranquilidad a una madre que est\u00e1 buscando a su hijo, me parece es una obligaci\u00f3n nuestra acompa\u00f1ar esa decisi\u00f3n\u00bb.<\/p>\n<p>Es que la madre del joven, Cristina Castro, a trav\u00e9s de sus abogados, Leandro Aparicio y Luciano Peretto, present\u00f3 una denuncia ante la Fiscal\u00eda Federal de Bah\u00eda Blanca a cargo de Santiago Ulpiano Mart\u00ednez por \u00abdesaparici\u00f3n forzada de persona\u00bb con el argumento de que \u00abfueron polic\u00edas\u00bb quienes vieron por \u00faltima vez al joven con vida \u00aby las explicaciones que dieron no son convincentes\u00bb.<\/p>\n<p>Berni consign\u00f3 que envi\u00f3 el jefe de la Polic\u00eda Bonaerense para sumarse al equipo de investigaci\u00f3n del que tambi\u00e9n participa Asuntos Internos \u00abpara hacer un profundo an\u00e1lisis policial\u00bb.<\/p>\n<p>\u00abHe mandado la mejor gente que tengo. Cuando tome contacto con la madre, ella decidir\u00e1 c\u00f3mo quiere que siga nuestra colaboraci\u00f3n en la causa. Yo creo que la Polic\u00eda Bonaerense tiene las herramientas m\u00e1s completas para llevar adelante una investigaci\u00f3n de este tipo en Bah\u00eda Blanca\u00bb, afirm\u00f3 Berni.<\/p>\n<p>\u00abObviamente que, cuando uno investiga, tiene la obligaci\u00f3n de estudiar todos los escenarios posibles y nadie se debe sentir ofendido porque se trata de la desaparici\u00f3n de un chico de 22 a\u00f1os que estamos buscando hace dos meses\u00bb, expres\u00f3 a Radio La Br\u00fajula.<\/p>\n","protected":false},"excerpt":{"rendered":"<p>El ministro de Seguridad bonaerense, Sergio Berni, asegur\u00f3 hoy que, hasta el momento, en la causa que investiga el caso del joven Facundo Astudillo Castro, de quien se desconoce el paradero desde el 30 de abril pasado, \u00abno surge ninguna evidencia\u00bb de una posible responsabilidad policial en el hecho, remarc\u00f3 que la Justicia ser\u00e1 la [&hellip;]<\/p>\n","protected":false},"author":3,"featured_media":0,"comment_status":"closed","ping_status":"open","sticky":false,"template":"","format":"standard","meta":{"footnotes":""},"categories":[29],"tags":[],"class_list":["post-44245","post","type-post","status-publish","format-standard","hentry","category-policiales"],"yoast_head":"<!-- This site is optimized with the Yoast SEO plugin v25.9 - https:\/\/yoast.com\/wordpress\/plugins\/seo\/ -->\n<title>Berni se mostr\u00f3 dispuesto a un apartamiento de la Bonaerense de la causa por el paradero de Facundo - Noticias Radio Reflejos<\/title>\n<meta name=\"robots\" content=\"index, follow, max-snippet:-1, max-image-preview:large, max-video-preview:-1\" \/>\n<link rel=\"canonical\" href=\"https:\/\/www.noticiasradioreflejos.com.ar\/2021\/berni-se-mostro-dispuesto-a-un-apartamiento-de-la-bonaerense-de-la-causa-por-el-paradero-de-facundo\/\" \/>\n<meta property=\"og:locale\" content=\"es_ES\" \/>\n<meta property=\"og:type\" content=\"article\" \/>\n<meta property=\"og:title\" content=\"Berni se mostr\u00f3 dispuesto a un apartamiento de la Bonaerense de la causa por el paradero de Facundo - Noticias Radio Reflejos\" \/>\n<meta property=\"og:description\" content=\"El ministro de Seguridad bonaerense, Sergio Berni, asegur\u00f3 hoy que, hasta el momento, en la causa que investiga el caso del joven Facundo Astudillo Castro, de quien se desconoce el paradero desde el 30 de abril pasado, \u00abno surge ninguna evidencia\u00bb de una posible responsabilidad policial en el hecho, remarc\u00f3 que la Justicia ser\u00e1 la [&hellip;]\" \/>\n<meta property=\"og:url\" content=\"https:\/\/www.noticiasradioreflejos.com.ar\/2021\/berni-se-mostro-dispuesto-a-un-apartamiento-de-la-bonaerense-de-la-causa-por-el-paradero-de-facundo\/\" \/>\n<meta property=\"og:site_name\" content=\"Noticias Radio Reflejos\" \/>\n<meta property=\"article:published_time\" content=\"2020-07-08T15:52:30+00:00\" \/>\n<meta property=\"og:image\" content=\"https:\/\/www.noticiasradioreflejos.com.ar\/2021\/wp-content\/uploads\/2021\/07\/logosol300x200.png\" \/>\n\t<meta property=\"og:image:width\" content=\"300\" \/>\n\t<meta property=\"og:image:height\" content=\"200\" \/>\n\t<meta property=\"og:image:type\" content=\"image\/png\" \/>\n<meta name=\"author\" content=\"Arnaldo Botto\" \/>\n<meta name=\"twitter:card\" content=\"summary_large_image\" \/>\n<script type=\"application\/ld+json\" class=\"yoast-schema-graph\">{\"@context\":\"https:\/\/schema.org\",\"@graph\":[{\"@type\":\"WebPage\",\"@id\":\"https:\/\/www.noticiasradioreflejos.com.ar\/2021\/berni-se-mostro-dispuesto-a-un-apartamiento-de-la-bonaerense-de-la-causa-por-el-paradero-de-facundo\/\",\"url\":\"https:\/\/www.noticiasradioreflejos.com.ar\/2021\/berni-se-mostro-dispuesto-a-un-apartamiento-de-la-bonaerense-de-la-causa-por-el-paradero-de-facundo\/\",\"name\":\"Berni se mostr\u00f3 dispuesto a un apartamiento de la Bonaerense de la causa por el paradero de Facundo - Noticias Radio Reflejos\",\"isPartOf\":{\"@id\":\"https:\/\/www.noticiasradioreflejos.com.ar\/2021\/#website\"},\"datePublished\":\"2020-07-08T15:52:30+00:00\",\"author\":{\"@id\":\"https:\/\/www.noticiasradioreflejos.com.ar\/2021\/#\/schema\/person\/ad82545263dcc5ec0996818884fd5fb1\"},\"breadcrumb\":{\"@id\":\"https:\/\/www.noticiasradioreflejos.com.ar\/2021\/berni-se-mostro-dispuesto-a-un-apartamiento-de-la-bonaerense-de-la-causa-por-el-paradero-de-facundo\/#breadcrumb\"},\"inLanguage\":\"es\",\"potentialAction\":[{\"@type\":\"ReadAction\",\"target\":[\"https:\/\/www.noticiasradioreflejos.com.ar\/2021\/berni-se-mostro-dispuesto-a-un-apartamiento-de-la-bonaerense-de-la-causa-por-el-paradero-de-facundo\/\"]}]},{\"@type\":\"BreadcrumbList\",\"@id\":\"https:\/\/www.noticiasradioreflejos.com.ar\/2021\/berni-se-mostro-dispuesto-a-un-apartamiento-de-la-bonaerense-de-la-causa-por-el-paradero-de-facundo\/#breadcrumb\",\"itemListElement\":[{\"@type\":\"ListItem\",\"position\":1,\"name\":\"Portada\",\"item\":\"https:\/\/www.noticiasradioreflejos.com.ar\/2021\/\"},{\"@type\":\"ListItem\",\"position\":2,\"name\":\"Berni se mostr\u00f3 dispuesto a un apartamiento de la Bonaerense de la causa por el paradero de Facundo\"}]},{\"@type\":\"WebSite\",\"@id\":\"https:\/\/www.noticiasradioreflejos.com.ar\/2021\/#website\",\"url\":\"https:\/\/www.noticiasradioreflejos.com.ar\/2021\/\",\"name\":\"Noticias Radio Reflejos\",\"description\":\"Las noticias de mi comarca\",\"potentialAction\":[{\"@type\":\"SearchAction\",\"target\":{\"@type\":\"EntryPoint\",\"urlTemplate\":\"https:\/\/www.noticiasradioreflejos.com.ar\/2021\/?s={search_term_string}\"},\"query-input\":{\"@type\":\"PropertyValueSpecification\",\"valueRequired\":true,\"valueName\":\"search_term_string\"}}],\"inLanguage\":\"es\"},{\"@type\":\"Person\",\"@id\":\"https:\/\/www.noticiasradioreflejos.com.ar\/2021\/#\/schema\/person\/ad82545263dcc5ec0996818884fd5fb1\",\"name\":\"Arnaldo Botto\",\"image\":{\"@type\":\"ImageObject\",\"inLanguage\":\"es\",\"@id\":\"https:\/\/www.noticiasradioreflejos.com.ar\/2021\/#\/schema\/person\/image\/\",\"url\":\"https:\/\/secure.gravatar.com\/avatar\/55cb5e37c1efa326397366e6974cb338056df65cb50e7d64d1cf314e87504837?s=96&d=mm&r=g\",\"contentUrl\":\"https:\/\/secure.gravatar.com\/avatar\/55cb5e37c1efa326397366e6974cb338056df65cb50e7d64d1cf314e87504837?s=96&d=mm&r=g\",\"caption\":\"Arnaldo Botto\"},\"url\":\"https:\/\/www.noticiasradioreflejos.com.ar\/2021\/author\/arnaldo\/\"}]}<\/script>\n<!-- \/ Yoast SEO plugin. -->","yoast_head_json":{"title":"Berni se mostr\u00f3 dispuesto a un apartamiento de la Bonaerense de la causa por el paradero de Facundo - Noticias Radio Reflejos","robots":{"index":"index","follow":"follow","max-snippet":"max-snippet:-1","max-image-preview":"max-image-preview:large","max-video-preview":"max-video-preview:-1"},"canonical":"https:\/\/www.noticiasradioreflejos.com.ar\/2021\/berni-se-mostro-dispuesto-a-un-apartamiento-de-la-bonaerense-de-la-causa-por-el-paradero-de-facundo\/","og_locale":"es_ES","og_type":"article","og_title":"Berni se mostr\u00f3 dispuesto a un apartamiento de la Bonaerense de la causa por el paradero de Facundo - Noticias Radio Reflejos","og_description":"El ministro de Seguridad bonaerense, Sergio Berni, asegur\u00f3 hoy que, hasta el momento, en la causa que investiga el caso del joven Facundo Astudillo Castro, de quien se desconoce el paradero desde el 30 de abril pasado, \u00abno surge ninguna evidencia\u00bb de una posible responsabilidad policial en el hecho, remarc\u00f3 que la Justicia ser\u00e1 la [&hellip;]","og_url":"https:\/\/www.noticiasradioreflejos.com.ar\/2021\/berni-se-mostro-dispuesto-a-un-apartamiento-de-la-bonaerense-de-la-causa-por-el-paradero-de-facundo\/","og_site_name":"Noticias Radio Reflejos","article_published_time":"2020-07-08T15:52:30+00:00","og_image":[{"width":300,"height":200,"url":"https:\/\/www.noticiasradioreflejos.com.ar\/2021\/wp-content\/uploads\/2021\/07\/logosol300x200.png","type":"image\/png"}],"author":"Arnaldo Botto","twitter_card":"summary_large_image","schema":{"@context":"https:\/\/schema.org","@graph":[{"@type":"WebPage","@id":"https:\/\/www.noticiasradioreflejos.com.ar\/2021\/berni-se-mostro-dispuesto-a-un-apartamiento-de-la-bonaerense-de-la-causa-por-el-paradero-de-facundo\/","url":"https:\/\/www.noticiasradioreflejos.com.ar\/2021\/berni-se-mostro-dispuesto-a-un-apartamiento-de-la-bonaerense-de-la-causa-por-el-paradero-de-facundo\/","name":"Berni se mostr\u00f3 dispuesto a un apartamiento de la Bonaerense de la causa por el paradero de Facundo - Noticias Radio Reflejos","isPartOf":{"@id":"https:\/\/www.noticiasradioreflejos.com.ar\/2021\/#website"},"datePublished":"2020-07-08T15:52:30+00:00","author":{"@id":"https:\/\/www.noticiasradioreflejos.com.ar\/2021\/#\/schema\/person\/ad82545263dcc5ec0996818884fd5fb1"},"breadcrumb":{"@id":"https:\/\/www.noticiasradioreflejos.com.ar\/2021\/berni-se-mostro-dispuesto-a-un-apartamiento-de-la-bonaerense-de-la-causa-por-el-paradero-de-facundo\/#breadcrumb"},"inLanguage":"es","potentialAction":[{"@type":"ReadAction","target":["https:\/\/www.noticiasradioreflejos.com.ar\/2021\/berni-se-mostro-dispuesto-a-un-apartamiento-de-la-bonaerense-de-la-causa-por-el-paradero-de-facundo\/"]}]},{"@type":"BreadcrumbList","@id":"https:\/\/www.noticiasradioreflejos.com.ar\/2021\/berni-se-mostro-dispuesto-a-un-apartamiento-de-la-bonaerense-de-la-causa-por-el-paradero-de-facundo\/#breadcrumb","itemListElement":[{"@type":"ListItem","position":1,"name":"Portada","item":"https:\/\/www.noticiasradioreflejos.com.ar\/2021\/"},{"@type":"ListItem","position":2,"name":"Berni se mostr\u00f3 dispuesto a un apartamiento de la Bonaerense de la causa por el paradero de Facundo"}]},{"@type":"WebSite","@id":"https:\/\/www.noticiasradioreflejos.com.ar\/2021\/#website","url":"https:\/\/www.noticiasradioreflejos.com.ar\/2021\/","name":"Noticias Radio Reflejos","description":"Las noticias de mi comarca","potentialAction":[{"@type":"SearchAction","target":{"@type":"EntryPoint","urlTemplate":"https:\/\/www.noticiasradioreflejos.com.ar\/2021\/?s={search_term_string}"},"query-input":{"@type":"PropertyValueSpecification","valueRequired":true,"valueName":"search_term_string"}}],"inLanguage":"es"},{"@type":"Person","@id":"https:\/\/www.noticiasradioreflejos.com.ar\/2021\/#\/schema\/person\/ad82545263dcc5ec0996818884fd5fb1","name":"Arnaldo Botto","image":{"@type":"ImageObject","inLanguage":"es","@id":"https:\/\/www.noticiasradioreflejos.com.ar\/2021\/#\/schema\/person\/image\/","url":"https:\/\/secure.gravatar.com\/avatar\/55cb5e37c1efa326397366e6974cb338056df65cb50e7d64d1cf314e87504837?s=96&d=mm&r=g","contentUrl":"https:\/\/secure.gravatar.com\/avatar\/55cb5e37c1efa326397366e6974cb338056df65cb50e7d64d1cf314e87504837?s=96&d=mm&r=g","caption":"Arnaldo Botto"},"url":"https:\/\/www.noticiasradioreflejos.com.ar\/2021\/author\/arnaldo\/"}]}},"_links":{"self":[{"href":"https:\/\/www.noticiasradioreflejos.com.ar\/2021\/wp-json\/wp\/v2\/posts\/44245","targetHints":{"allow":["GET"]}}],"collection":[{"href":"https:\/\/www.noticiasradioreflejos.com.ar\/2021\/wp-json\/wp\/v2\/posts"}],"about":[{"href":"https:\/\/www.noticiasradioreflejos.com.ar\/2021\/wp-json\/wp\/v2\/types\/post"}],"author":[{"embeddable":true,"href":"https:\/\/www.noticiasradioreflejos.com.ar\/2021\/wp-json\/wp\/v2\/users\/3"}],"replies":[{"embeddable":true,"href":"https:\/\/www.noticiasradioreflejos.com.ar\/2021\/wp-json\/wp\/v2\/comments?post=44245"}],"version-history":[{"count":0,"href":"https:\/\/www.noticiasradioreflejos.com.ar\/2021\/wp-json\/wp\/v2\/posts\/44245\/revisions"}],"wp:attachment":[{"href":"https:\/\/www.noticiasradioreflejos.com.ar\/2021\/wp-json\/wp\/v2\/media?parent=44245"}],"wp:term":[{"taxonomy":"category","embeddable":true,"href":"https:\/\/www.noticiasradioreflejos.com.ar\/2021\/wp-json\/wp\/v2\/categories?post=44245"},{"taxonomy":"post_tag","embeddable":true,"href":"https:\/\/www.noticiasradioreflejos.com.ar\/2021\/wp-json\/wp\/v2\/tags?post=44245"}],"curies":[{"name":"wp","href":"https:\/\/api.w.org\/{rel}","templated":true}]}}