{"id":44228,"date":"2020-07-08T09:11:40","date_gmt":"2020-07-08T12:11:40","guid":{"rendered":"http:\/\/www.noticiasradioreflejos.com.ar\/noticias\/?p=44228"},"modified":"2020-07-08T09:11:40","modified_gmt":"2020-07-08T12:11:40","slug":"subsecretaria-de-derechos-humanos-pidio-apartar-a-la-bonaerense-de-la-busqueda-de-castro-astudillo","status":"publish","type":"post","link":"https:\/\/www.noticiasradioreflejos.com.ar\/2021\/subsecretaria-de-derechos-humanos-pidio-apartar-a-la-bonaerense-de-la-busqueda-de-castro-astudillo\/","title":{"rendered":"Subsecretar\u00eda de Derechos Humanos pidi\u00f3 apartar a la Bonaerense de la b\u00fasqueda de Castro Astudillo"},"content":{"rendered":"<p>La Subsecretar\u00eda de Derechos Humanos de la provincia de Buenos Aires solicit\u00f3 separar a la polic\u00eda bonaerense de la investigaci\u00f3n por el paradero de Facundo Jos\u00e9 Castro Astudillo, el joven de Pedro Luro, en el partido de Villarino, quien est\u00e1 desaparecido desde el \u00faltimo 30 de abril.<!--more--><\/p>\n<p>El pedido fue realizado en una nota presentada ayer ante la Ayudant\u00eda Fiscal de Villarino, a cago de Dimas Garc\u00eda, quien lleva adelante la IPP (Investigaciones Penales Preparatorias) caratulada \u00abAveriguaci\u00f3n de Paradero\u00bb que tramita en el Departamento Judicial de Bah\u00eda Blanca.<\/p>\n<p>En la presentaci\u00f3n tambi\u00e9n recomend\u00f3 solicitar a las autoridades pertinentes los registros del \u00abSistema de Localizaci\u00f3n Vehicular AVL\u00bb de todos los m\u00f3viles involucrados en los hechos, como as\u00ed tambi\u00e9n el secuestro de los tel\u00e9fonos celulares de los agentes cuestionados por la familia del joven.<\/p>\n<p>La presentaci\u00f3n fue realizada por el Director de Pol\u00edticas contra la Violencia Institucional, Ignacio \u00c1lvarez, de la Subsecretar\u00eda de Derechos Humanos, cuyo titular es Mat\u00edas Facundo Moreno, y es la segunda enviada a la ayudant\u00eda fiscal: el 1 de julio pasado se envi\u00f3 una nota similar que a la fecha no fue respondida.<\/p>\n<p>La intervenci\u00f3n de la Subsecretar\u00eda se produjo luego de que los abogados querellantes presentaran en la Justicia Federal una denuncia por desaparici\u00f3n forzada, introduciendo elementos que dar\u00edan cuenta de una posible responsabilidad de agentes de la fuerza policial en la desaparici\u00f3n de Facundo.<\/p>\n<p>Alvarez recomend\u00f3 \u00abel inmediato desligamiento de las fuerzas pertenecientes a la Polic\u00eda de la provincia de Buenos Aires, en todos sus agrupamientos, y el despliegue de las medidas necesarias para individualizar a todos los agentes involucrados, tanto los que tuvieron en contacto con la v\u00edctima como con aquellos que pudiesen haber ocultado, modificado y\/o suprimido prueba documental relacionada a los hechos\u00bb.<\/p>\n<p>\u00abCon la mera sospecha de una posible responsabilidad de un funcionario policial en la desaparici\u00f3n de una persona, todo tiene que apuntar a esa hip\u00f3tesis teniendo en cuenta que es una obligaci\u00f3n del Estado en materia de Derechos Humanos\u00bb, dijo \u00c1lvarez.<\/p>\n<p>Agreg\u00f3 que \u00abel impulso de una investigaci\u00f3n pronta e imparcial es fundamental para aliviar la angustia de los familiares, causada por la incertidumbre acerca de la suerte del familiar desaparecido. La violaci\u00f3n de los DD.HH va a continuar hasta que Facundo no aparezca\u00bb.<\/p>\n<p>Facundo Jos\u00e9 Castro Astudillo tiene 22 a\u00f1os y fue visto por \u00faltima vez el 30 de abril, en un control provincial de la localidad bonaerense de Teniente Origone, cuando luego de dejar su casa de Pedro Luro se dirig\u00eda a la ciudad de Bah\u00eda Blanca.<\/p>\n<p>La desaparici\u00f3n del joven fue denunciada por la familia en la Justicia Federal, y en el marco de ese expediente, la Subsecretar\u00eda de Derechos Humanos se puso en contacto con la fiscal\u00eda.<\/p>\n<p>Sobre el caso, ayer la Comisi\u00f3n Provincial por la Memoria, en car\u00e1cter de Mecanismo de Prevenci\u00f3n de la Tortura, present\u00f3 una petici\u00f3n de acci\u00f3n urgente ante el Comit\u00e9 contra la desaparici\u00f3n forzada de Naciones Unidas.<\/p>\n<p>En el escrito, el organismo se\u00f1al\u00f3 que \u00abseg\u00fan las declaraciones testimoniales de testigos, como as\u00ed tambi\u00e9n las contradicciones en los relatos de los agentes policiales de la Polic\u00eda de la provincia de Buenos, se presume que esta fuerza estatal podr\u00eda estar involucrada en la desaparici\u00f3n de Facundo\u00bb, y se pidi\u00f3 tambi\u00e9n protecci\u00f3n para los tres testigos claves de la causa.<\/p>\n<p>La CPM reclam\u00f3 adem\u00e1s \u00abel cese de la intervenci\u00f3n de la justicia provincial\u00bb.<\/p>\n","protected":false},"excerpt":{"rendered":"<p>La Subsecretar\u00eda de Derechos Humanos de la provincia de Buenos Aires solicit\u00f3 separar a la polic\u00eda bonaerense de la investigaci\u00f3n por el paradero de Facundo Jos\u00e9 Castro Astudillo, el joven de Pedro Luro, en el partido de Villarino, quien est\u00e1 desaparecido desde el \u00faltimo 30 de abril.<\/p>\n","protected":false},"author":3,"featured_media":0,"comment_status":"closed","ping_status":"open","sticky":false,"template":"","format":"standard","meta":{"footnotes":""},"categories":[26],"tags":[],"class_list":["post-44228","post","type-post","status-publish","format-standard","hentry","category-sociedad"],"yoast_head":"<!-- This site is optimized with the Yoast SEO plugin v25.9 - https:\/\/yoast.com\/wordpress\/plugins\/seo\/ -->\n<title>Subsecretar\u00eda de Derechos Humanos pidi\u00f3 apartar a la Bonaerense de la b\u00fasqueda de Castro Astudillo - Noticias Radio Reflejos<\/title>\n<meta name=\"robots\" content=\"index, follow, max-snippet:-1, max-image-preview:large, max-video-preview:-1\" \/>\n<link rel=\"canonical\" href=\"https:\/\/www.noticiasradioreflejos.com.ar\/2021\/subsecretaria-de-derechos-humanos-pidio-apartar-a-la-bonaerense-de-la-busqueda-de-castro-astudillo\/\" \/>\n<meta property=\"og:locale\" content=\"es_ES\" \/>\n<meta property=\"og:type\" content=\"article\" \/>\n<meta property=\"og:title\" content=\"Subsecretar\u00eda de Derechos Humanos pidi\u00f3 apartar a la Bonaerense de la b\u00fasqueda de Castro Astudillo - Noticias Radio Reflejos\" \/>\n<meta property=\"og:description\" content=\"La Subsecretar\u00eda de Derechos Humanos de la provincia de Buenos Aires solicit\u00f3 separar a la polic\u00eda bonaerense de la investigaci\u00f3n por el paradero de Facundo Jos\u00e9 Castro Astudillo, el joven de Pedro Luro, en el partido de Villarino, quien est\u00e1 desaparecido desde el \u00faltimo 30 de abril.\" \/>\n<meta property=\"og:url\" content=\"https:\/\/www.noticiasradioreflejos.com.ar\/2021\/subsecretaria-de-derechos-humanos-pidio-apartar-a-la-bonaerense-de-la-busqueda-de-castro-astudillo\/\" \/>\n<meta property=\"og:site_name\" content=\"Noticias Radio Reflejos\" \/>\n<meta property=\"article:published_time\" content=\"2020-07-08T12:11:40+00:00\" \/>\n<meta property=\"og:image\" content=\"https:\/\/www.noticiasradioreflejos.com.ar\/2021\/wp-content\/uploads\/2021\/07\/logosol300x200.png\" \/>\n\t<meta property=\"og:image:width\" content=\"300\" \/>\n\t<meta property=\"og:image:height\" content=\"200\" \/>\n\t<meta property=\"og:image:type\" content=\"image\/png\" \/>\n<meta name=\"author\" content=\"Arnaldo Botto\" \/>\n<meta name=\"twitter:card\" content=\"summary_large_image\" \/>\n<script type=\"application\/ld+json\" class=\"yoast-schema-graph\">{\"@context\":\"https:\/\/schema.org\",\"@graph\":[{\"@type\":\"WebPage\",\"@id\":\"https:\/\/www.noticiasradioreflejos.com.ar\/2021\/subsecretaria-de-derechos-humanos-pidio-apartar-a-la-bonaerense-de-la-busqueda-de-castro-astudillo\/\",\"url\":\"https:\/\/www.noticiasradioreflejos.com.ar\/2021\/subsecretaria-de-derechos-humanos-pidio-apartar-a-la-bonaerense-de-la-busqueda-de-castro-astudillo\/\",\"name\":\"Subsecretar\u00eda de Derechos Humanos pidi\u00f3 apartar a la Bonaerense de la b\u00fasqueda de Castro Astudillo - Noticias Radio Reflejos\",\"isPartOf\":{\"@id\":\"https:\/\/www.noticiasradioreflejos.com.ar\/2021\/#website\"},\"datePublished\":\"2020-07-08T12:11:40+00:00\",\"author\":{\"@id\":\"https:\/\/www.noticiasradioreflejos.com.ar\/2021\/#\/schema\/person\/ad82545263dcc5ec0996818884fd5fb1\"},\"breadcrumb\":{\"@id\":\"https:\/\/www.noticiasradioreflejos.com.ar\/2021\/subsecretaria-de-derechos-humanos-pidio-apartar-a-la-bonaerense-de-la-busqueda-de-castro-astudillo\/#breadcrumb\"},\"inLanguage\":\"es\",\"potentialAction\":[{\"@type\":\"ReadAction\",\"target\":[\"https:\/\/www.noticiasradioreflejos.com.ar\/2021\/subsecretaria-de-derechos-humanos-pidio-apartar-a-la-bonaerense-de-la-busqueda-de-castro-astudillo\/\"]}]},{\"@type\":\"BreadcrumbList\",\"@id\":\"https:\/\/www.noticiasradioreflejos.com.ar\/2021\/subsecretaria-de-derechos-humanos-pidio-apartar-a-la-bonaerense-de-la-busqueda-de-castro-astudillo\/#breadcrumb\",\"itemListElement\":[{\"@type\":\"ListItem\",\"position\":1,\"name\":\"Portada\",\"item\":\"https:\/\/www.noticiasradioreflejos.com.ar\/2021\/\"},{\"@type\":\"ListItem\",\"position\":2,\"name\":\"Subsecretar\u00eda de Derechos Humanos pidi\u00f3 apartar a la Bonaerense de la b\u00fasqueda de Castro Astudillo\"}]},{\"@type\":\"WebSite\",\"@id\":\"https:\/\/www.noticiasradioreflejos.com.ar\/2021\/#website\",\"url\":\"https:\/\/www.noticiasradioreflejos.com.ar\/2021\/\",\"name\":\"Noticias Radio Reflejos\",\"description\":\"Las noticias de mi comarca\",\"potentialAction\":[{\"@type\":\"SearchAction\",\"target\":{\"@type\":\"EntryPoint\",\"urlTemplate\":\"https:\/\/www.noticiasradioreflejos.com.ar\/2021\/?s={search_term_string}\"},\"query-input\":{\"@type\":\"PropertyValueSpecification\",\"valueRequired\":true,\"valueName\":\"search_term_string\"}}],\"inLanguage\":\"es\"},{\"@type\":\"Person\",\"@id\":\"https:\/\/www.noticiasradioreflejos.com.ar\/2021\/#\/schema\/person\/ad82545263dcc5ec0996818884fd5fb1\",\"name\":\"Arnaldo Botto\",\"image\":{\"@type\":\"ImageObject\",\"inLanguage\":\"es\",\"@id\":\"https:\/\/www.noticiasradioreflejos.com.ar\/2021\/#\/schema\/person\/image\/\",\"url\":\"https:\/\/secure.gravatar.com\/avatar\/55cb5e37c1efa326397366e6974cb338056df65cb50e7d64d1cf314e87504837?s=96&d=mm&r=g\",\"contentUrl\":\"https:\/\/secure.gravatar.com\/avatar\/55cb5e37c1efa326397366e6974cb338056df65cb50e7d64d1cf314e87504837?s=96&d=mm&r=g\",\"caption\":\"Arnaldo Botto\"},\"url\":\"https:\/\/www.noticiasradioreflejos.com.ar\/2021\/author\/arnaldo\/\"}]}<\/script>\n<!-- \/ Yoast SEO plugin. -->","yoast_head_json":{"title":"Subsecretar\u00eda de Derechos Humanos pidi\u00f3 apartar a la Bonaerense de la b\u00fasqueda de Castro Astudillo - Noticias Radio Reflejos","robots":{"index":"index","follow":"follow","max-snippet":"max-snippet:-1","max-image-preview":"max-image-preview:large","max-video-preview":"max-video-preview:-1"},"canonical":"https:\/\/www.noticiasradioreflejos.com.ar\/2021\/subsecretaria-de-derechos-humanos-pidio-apartar-a-la-bonaerense-de-la-busqueda-de-castro-astudillo\/","og_locale":"es_ES","og_type":"article","og_title":"Subsecretar\u00eda de Derechos Humanos pidi\u00f3 apartar a la Bonaerense de la b\u00fasqueda de Castro Astudillo - Noticias Radio Reflejos","og_description":"La Subsecretar\u00eda de Derechos Humanos de la provincia de Buenos Aires solicit\u00f3 separar a la polic\u00eda bonaerense de la investigaci\u00f3n por el paradero de Facundo Jos\u00e9 Castro Astudillo, el joven de Pedro Luro, en el partido de Villarino, quien est\u00e1 desaparecido desde el \u00faltimo 30 de abril.","og_url":"https:\/\/www.noticiasradioreflejos.com.ar\/2021\/subsecretaria-de-derechos-humanos-pidio-apartar-a-la-bonaerense-de-la-busqueda-de-castro-astudillo\/","og_site_name":"Noticias Radio Reflejos","article_published_time":"2020-07-08T12:11:40+00:00","og_image":[{"width":300,"height":200,"url":"https:\/\/www.noticiasradioreflejos.com.ar\/2021\/wp-content\/uploads\/2021\/07\/logosol300x200.png","type":"image\/png"}],"author":"Arnaldo Botto","twitter_card":"summary_large_image","schema":{"@context":"https:\/\/schema.org","@graph":[{"@type":"WebPage","@id":"https:\/\/www.noticiasradioreflejos.com.ar\/2021\/subsecretaria-de-derechos-humanos-pidio-apartar-a-la-bonaerense-de-la-busqueda-de-castro-astudillo\/","url":"https:\/\/www.noticiasradioreflejos.com.ar\/2021\/subsecretaria-de-derechos-humanos-pidio-apartar-a-la-bonaerense-de-la-busqueda-de-castro-astudillo\/","name":"Subsecretar\u00eda de Derechos Humanos pidi\u00f3 apartar a la Bonaerense de la b\u00fasqueda de Castro Astudillo - Noticias Radio Reflejos","isPartOf":{"@id":"https:\/\/www.noticiasradioreflejos.com.ar\/2021\/#website"},"datePublished":"2020-07-08T12:11:40+00:00","author":{"@id":"https:\/\/www.noticiasradioreflejos.com.ar\/2021\/#\/schema\/person\/ad82545263dcc5ec0996818884fd5fb1"},"breadcrumb":{"@id":"https:\/\/www.noticiasradioreflejos.com.ar\/2021\/subsecretaria-de-derechos-humanos-pidio-apartar-a-la-bonaerense-de-la-busqueda-de-castro-astudillo\/#breadcrumb"},"inLanguage":"es","potentialAction":[{"@type":"ReadAction","target":["https:\/\/www.noticiasradioreflejos.com.ar\/2021\/subsecretaria-de-derechos-humanos-pidio-apartar-a-la-bonaerense-de-la-busqueda-de-castro-astudillo\/"]}]},{"@type":"BreadcrumbList","@id":"https:\/\/www.noticiasradioreflejos.com.ar\/2021\/subsecretaria-de-derechos-humanos-pidio-apartar-a-la-bonaerense-de-la-busqueda-de-castro-astudillo\/#breadcrumb","itemListElement":[{"@type":"ListItem","position":1,"name":"Portada","item":"https:\/\/www.noticiasradioreflejos.com.ar\/2021\/"},{"@type":"ListItem","position":2,"name":"Subsecretar\u00eda de Derechos Humanos pidi\u00f3 apartar a la Bonaerense de la b\u00fasqueda de Castro Astudillo"}]},{"@type":"WebSite","@id":"https:\/\/www.noticiasradioreflejos.com.ar\/2021\/#website","url":"https:\/\/www.noticiasradioreflejos.com.ar\/2021\/","name":"Noticias Radio Reflejos","description":"Las noticias de mi comarca","potentialAction":[{"@type":"SearchAction","target":{"@type":"EntryPoint","urlTemplate":"https:\/\/www.noticiasradioreflejos.com.ar\/2021\/?s={search_term_string}"},"query-input":{"@type":"PropertyValueSpecification","valueRequired":true,"valueName":"search_term_string"}}],"inLanguage":"es"},{"@type":"Person","@id":"https:\/\/www.noticiasradioreflejos.com.ar\/2021\/#\/schema\/person\/ad82545263dcc5ec0996818884fd5fb1","name":"Arnaldo Botto","image":{"@type":"ImageObject","inLanguage":"es","@id":"https:\/\/www.noticiasradioreflejos.com.ar\/2021\/#\/schema\/person\/image\/","url":"https:\/\/secure.gravatar.com\/avatar\/55cb5e37c1efa326397366e6974cb338056df65cb50e7d64d1cf314e87504837?s=96&d=mm&r=g","contentUrl":"https:\/\/secure.gravatar.com\/avatar\/55cb5e37c1efa326397366e6974cb338056df65cb50e7d64d1cf314e87504837?s=96&d=mm&r=g","caption":"Arnaldo Botto"},"url":"https:\/\/www.noticiasradioreflejos.com.ar\/2021\/author\/arnaldo\/"}]}},"_links":{"self":[{"href":"https:\/\/www.noticiasradioreflejos.com.ar\/2021\/wp-json\/wp\/v2\/posts\/44228","targetHints":{"allow":["GET"]}}],"collection":[{"href":"https:\/\/www.noticiasradioreflejos.com.ar\/2021\/wp-json\/wp\/v2\/posts"}],"about":[{"href":"https:\/\/www.noticiasradioreflejos.com.ar\/2021\/wp-json\/wp\/v2\/types\/post"}],"author":[{"embeddable":true,"href":"https:\/\/www.noticiasradioreflejos.com.ar\/2021\/wp-json\/wp\/v2\/users\/3"}],"replies":[{"embeddable":true,"href":"https:\/\/www.noticiasradioreflejos.com.ar\/2021\/wp-json\/wp\/v2\/comments?post=44228"}],"version-history":[{"count":0,"href":"https:\/\/www.noticiasradioreflejos.com.ar\/2021\/wp-json\/wp\/v2\/posts\/44228\/revisions"}],"wp:attachment":[{"href":"https:\/\/www.noticiasradioreflejos.com.ar\/2021\/wp-json\/wp\/v2\/media?parent=44228"}],"wp:term":[{"taxonomy":"category","embeddable":true,"href":"https:\/\/www.noticiasradioreflejos.com.ar\/2021\/wp-json\/wp\/v2\/categories?post=44228"},{"taxonomy":"post_tag","embeddable":true,"href":"https:\/\/www.noticiasradioreflejos.com.ar\/2021\/wp-json\/wp\/v2\/tags?post=44228"}],"curies":[{"name":"wp","href":"https:\/\/api.w.org\/{rel}","templated":true}]}}