{"id":44217,"date":"2020-07-08T08:22:45","date_gmt":"2020-07-08T11:22:45","guid":{"rendered":"http:\/\/www.noticiasradioreflejos.com.ar\/noticias\/?p=44217"},"modified":"2020-07-08T08:22:45","modified_gmt":"2020-07-08T11:22:45","slug":"una-mujer-fallecio-en-australia-despues-de-ser-lamida-por-su-gato","status":"publish","type":"post","link":"https:\/\/www.noticiasradioreflejos.com.ar\/2021\/una-mujer-fallecio-en-australia-despues-de-ser-lamida-por-su-gato\/","title":{"rendered":"Una mujer falleci\u00f3 en Australia despu\u00e9s de ser lamida por su gato"},"content":{"rendered":"<p>El animal la hab\u00eda ara\u00f1ado previamente y luego le transmiti\u00f3 la infecci\u00f3n por la herida<!--more--><br \/>\nUna mujer de 80 a\u00f1os falleci\u00f3 en un hospital en Australia por una meningitis bacteriana causada por la lamida de su gato, que previamente la hab\u00eda ara\u00f1ado. La v\u00edctima permaneci\u00f3 en coma por nueve d\u00edas por la enfermedad, transmitida a trav\u00e9s de la saliva del animal. La mujer fue encontrada por su familia desmayada en su habitaci\u00f3n y tuvo que ser trasladada de urgencia al hospital Box Hill, en la ciudad de Melbourne, pero el personal m\u00e9dico no logr\u00f3 reanimarla.<\/p>\n<p>En di\u00e1logo con el portal Herald Sun , la hija de la v\u00edctima cont\u00f3 que fue la mascota misma, de nombre Minty, quien le hab\u00eda producido a su due\u00f1a la lesi\u00f3n en un primer lugar. Seg\u00fan detall\u00f3, por dejar lamerse la herida, \u201cla saliva ingres\u00f3 al torrente sangu\u00edneo y caus\u00f3 el da\u00f1o\u201d, provocando que desarrolle la infecci\u00f3n en su organismo.<\/p>\n<p>\u201cEstuve en shock por un buen par de semanas. He tratado de no odiar a la gata (&#8230;) pero luego estaba sentada con ella, tratando de ser amable, y se lanz\u00f3 contra m\u00ed sin ninguna raz\u00f3n\u201d, dijo la joven al medio local.<\/p>\n<p>Con respecto a este tipo de casos, el director de enfermedades infecciosas en el hospital Austin Health, Lindsay Grayson, advirti\u00f3 que las personas deben evitar lamidas de mascotas en sus heridas expuestas, y que aquellos con sistemas inmunes d\u00e9biles no deber\u00edan tener como mascotas a estos felinos.<br \/>\nEstos animales dom\u00e9sticos portan varias bacterias mortales, como la pasteurella, que puede originar meningitis, y la bartonella, que causa la denominada \u201cenfermedad por ara\u00f1azo de gato\u201d, indic\u00f3 la especialista. \u00abInfecciones relacionadas a mordidas y ara\u00f1azos de esta \u00edndole recibimos en el hospital al menos una vez a la semana\u00bb, alert\u00f3 el profesional de la salud.<\/p>\n<p><strong>Fuente:\u00a0Herald Sun<\/strong><\/p>\n","protected":false},"excerpt":{"rendered":"<p>El animal la hab\u00eda ara\u00f1ado previamente y luego le transmiti\u00f3 la infecci\u00f3n por la herida<\/p>\n","protected":false},"author":3,"featured_media":0,"comment_status":"closed","ping_status":"open","sticky":false,"template":"","format":"standard","meta":{"footnotes":""},"categories":[30],"tags":[],"class_list":["post-44217","post","type-post","status-publish","format-standard","hentry","category-salud"],"yoast_head":"<!-- This site is optimized with the Yoast SEO plugin v25.9 - https:\/\/yoast.com\/wordpress\/plugins\/seo\/ -->\n<title>Una mujer falleci\u00f3 en Australia despu\u00e9s de ser lamida por su gato - Noticias Radio Reflejos<\/title>\n<meta name=\"robots\" content=\"index, follow, max-snippet:-1, max-image-preview:large, max-video-preview:-1\" \/>\n<link rel=\"canonical\" href=\"https:\/\/www.noticiasradioreflejos.com.ar\/2021\/una-mujer-fallecio-en-australia-despues-de-ser-lamida-por-su-gato\/\" \/>\n<meta property=\"og:locale\" content=\"es_ES\" \/>\n<meta property=\"og:type\" content=\"article\" \/>\n<meta property=\"og:title\" content=\"Una mujer falleci\u00f3 en Australia despu\u00e9s de ser lamida por su gato - Noticias Radio Reflejos\" \/>\n<meta property=\"og:description\" content=\"El animal la hab\u00eda ara\u00f1ado previamente y luego le transmiti\u00f3 la infecci\u00f3n por la herida\" \/>\n<meta property=\"og:url\" content=\"https:\/\/www.noticiasradioreflejos.com.ar\/2021\/una-mujer-fallecio-en-australia-despues-de-ser-lamida-por-su-gato\/\" \/>\n<meta property=\"og:site_name\" content=\"Noticias Radio Reflejos\" \/>\n<meta property=\"article:published_time\" content=\"2020-07-08T11:22:45+00:00\" \/>\n<meta property=\"og:image\" content=\"https:\/\/www.noticiasradioreflejos.com.ar\/2021\/wp-content\/uploads\/2021\/07\/logosol300x200.png\" \/>\n\t<meta property=\"og:image:width\" content=\"300\" \/>\n\t<meta property=\"og:image:height\" content=\"200\" \/>\n\t<meta property=\"og:image:type\" content=\"image\/png\" \/>\n<meta name=\"author\" content=\"Arnaldo Botto\" \/>\n<meta name=\"twitter:card\" content=\"summary_large_image\" \/>\n<script type=\"application\/ld+json\" class=\"yoast-schema-graph\">{\"@context\":\"https:\/\/schema.org\",\"@graph\":[{\"@type\":\"WebPage\",\"@id\":\"https:\/\/www.noticiasradioreflejos.com.ar\/2021\/una-mujer-fallecio-en-australia-despues-de-ser-lamida-por-su-gato\/\",\"url\":\"https:\/\/www.noticiasradioreflejos.com.ar\/2021\/una-mujer-fallecio-en-australia-despues-de-ser-lamida-por-su-gato\/\",\"name\":\"Una mujer falleci\u00f3 en Australia despu\u00e9s de ser lamida por su gato - Noticias Radio Reflejos\",\"isPartOf\":{\"@id\":\"https:\/\/www.noticiasradioreflejos.com.ar\/2021\/#website\"},\"datePublished\":\"2020-07-08T11:22:45+00:00\",\"author\":{\"@id\":\"https:\/\/www.noticiasradioreflejos.com.ar\/2021\/#\/schema\/person\/ad82545263dcc5ec0996818884fd5fb1\"},\"breadcrumb\":{\"@id\":\"https:\/\/www.noticiasradioreflejos.com.ar\/2021\/una-mujer-fallecio-en-australia-despues-de-ser-lamida-por-su-gato\/#breadcrumb\"},\"inLanguage\":\"es\",\"potentialAction\":[{\"@type\":\"ReadAction\",\"target\":[\"https:\/\/www.noticiasradioreflejos.com.ar\/2021\/una-mujer-fallecio-en-australia-despues-de-ser-lamida-por-su-gato\/\"]}]},{\"@type\":\"BreadcrumbList\",\"@id\":\"https:\/\/www.noticiasradioreflejos.com.ar\/2021\/una-mujer-fallecio-en-australia-despues-de-ser-lamida-por-su-gato\/#breadcrumb\",\"itemListElement\":[{\"@type\":\"ListItem\",\"position\":1,\"name\":\"Portada\",\"item\":\"https:\/\/www.noticiasradioreflejos.com.ar\/2021\/\"},{\"@type\":\"ListItem\",\"position\":2,\"name\":\"Una mujer falleci\u00f3 en Australia despu\u00e9s de ser lamida por su gato\"}]},{\"@type\":\"WebSite\",\"@id\":\"https:\/\/www.noticiasradioreflejos.com.ar\/2021\/#website\",\"url\":\"https:\/\/www.noticiasradioreflejos.com.ar\/2021\/\",\"name\":\"Noticias Radio Reflejos\",\"description\":\"Las noticias de mi comarca\",\"potentialAction\":[{\"@type\":\"SearchAction\",\"target\":{\"@type\":\"EntryPoint\",\"urlTemplate\":\"https:\/\/www.noticiasradioreflejos.com.ar\/2021\/?s={search_term_string}\"},\"query-input\":{\"@type\":\"PropertyValueSpecification\",\"valueRequired\":true,\"valueName\":\"search_term_string\"}}],\"inLanguage\":\"es\"},{\"@type\":\"Person\",\"@id\":\"https:\/\/www.noticiasradioreflejos.com.ar\/2021\/#\/schema\/person\/ad82545263dcc5ec0996818884fd5fb1\",\"name\":\"Arnaldo Botto\",\"image\":{\"@type\":\"ImageObject\",\"inLanguage\":\"es\",\"@id\":\"https:\/\/www.noticiasradioreflejos.com.ar\/2021\/#\/schema\/person\/image\/\",\"url\":\"https:\/\/secure.gravatar.com\/avatar\/55cb5e37c1efa326397366e6974cb338056df65cb50e7d64d1cf314e87504837?s=96&d=mm&r=g\",\"contentUrl\":\"https:\/\/secure.gravatar.com\/avatar\/55cb5e37c1efa326397366e6974cb338056df65cb50e7d64d1cf314e87504837?s=96&d=mm&r=g\",\"caption\":\"Arnaldo Botto\"},\"url\":\"https:\/\/www.noticiasradioreflejos.com.ar\/2021\/author\/arnaldo\/\"}]}<\/script>\n<!-- \/ Yoast SEO plugin. -->","yoast_head_json":{"title":"Una mujer falleci\u00f3 en Australia despu\u00e9s de ser lamida por su gato - Noticias Radio Reflejos","robots":{"index":"index","follow":"follow","max-snippet":"max-snippet:-1","max-image-preview":"max-image-preview:large","max-video-preview":"max-video-preview:-1"},"canonical":"https:\/\/www.noticiasradioreflejos.com.ar\/2021\/una-mujer-fallecio-en-australia-despues-de-ser-lamida-por-su-gato\/","og_locale":"es_ES","og_type":"article","og_title":"Una mujer falleci\u00f3 en Australia despu\u00e9s de ser lamida por su gato - Noticias Radio Reflejos","og_description":"El animal la hab\u00eda ara\u00f1ado previamente y luego le transmiti\u00f3 la infecci\u00f3n por la herida","og_url":"https:\/\/www.noticiasradioreflejos.com.ar\/2021\/una-mujer-fallecio-en-australia-despues-de-ser-lamida-por-su-gato\/","og_site_name":"Noticias Radio Reflejos","article_published_time":"2020-07-08T11:22:45+00:00","og_image":[{"width":300,"height":200,"url":"https:\/\/www.noticiasradioreflejos.com.ar\/2021\/wp-content\/uploads\/2021\/07\/logosol300x200.png","type":"image\/png"}],"author":"Arnaldo Botto","twitter_card":"summary_large_image","schema":{"@context":"https:\/\/schema.org","@graph":[{"@type":"WebPage","@id":"https:\/\/www.noticiasradioreflejos.com.ar\/2021\/una-mujer-fallecio-en-australia-despues-de-ser-lamida-por-su-gato\/","url":"https:\/\/www.noticiasradioreflejos.com.ar\/2021\/una-mujer-fallecio-en-australia-despues-de-ser-lamida-por-su-gato\/","name":"Una mujer falleci\u00f3 en Australia despu\u00e9s de ser lamida por su gato - Noticias Radio Reflejos","isPartOf":{"@id":"https:\/\/www.noticiasradioreflejos.com.ar\/2021\/#website"},"datePublished":"2020-07-08T11:22:45+00:00","author":{"@id":"https:\/\/www.noticiasradioreflejos.com.ar\/2021\/#\/schema\/person\/ad82545263dcc5ec0996818884fd5fb1"},"breadcrumb":{"@id":"https:\/\/www.noticiasradioreflejos.com.ar\/2021\/una-mujer-fallecio-en-australia-despues-de-ser-lamida-por-su-gato\/#breadcrumb"},"inLanguage":"es","potentialAction":[{"@type":"ReadAction","target":["https:\/\/www.noticiasradioreflejos.com.ar\/2021\/una-mujer-fallecio-en-australia-despues-de-ser-lamida-por-su-gato\/"]}]},{"@type":"BreadcrumbList","@id":"https:\/\/www.noticiasradioreflejos.com.ar\/2021\/una-mujer-fallecio-en-australia-despues-de-ser-lamida-por-su-gato\/#breadcrumb","itemListElement":[{"@type":"ListItem","position":1,"name":"Portada","item":"https:\/\/www.noticiasradioreflejos.com.ar\/2021\/"},{"@type":"ListItem","position":2,"name":"Una mujer falleci\u00f3 en Australia despu\u00e9s de ser lamida por su gato"}]},{"@type":"WebSite","@id":"https:\/\/www.noticiasradioreflejos.com.ar\/2021\/#website","url":"https:\/\/www.noticiasradioreflejos.com.ar\/2021\/","name":"Noticias Radio Reflejos","description":"Las noticias de mi comarca","potentialAction":[{"@type":"SearchAction","target":{"@type":"EntryPoint","urlTemplate":"https:\/\/www.noticiasradioreflejos.com.ar\/2021\/?s={search_term_string}"},"query-input":{"@type":"PropertyValueSpecification","valueRequired":true,"valueName":"search_term_string"}}],"inLanguage":"es"},{"@type":"Person","@id":"https:\/\/www.noticiasradioreflejos.com.ar\/2021\/#\/schema\/person\/ad82545263dcc5ec0996818884fd5fb1","name":"Arnaldo Botto","image":{"@type":"ImageObject","inLanguage":"es","@id":"https:\/\/www.noticiasradioreflejos.com.ar\/2021\/#\/schema\/person\/image\/","url":"https:\/\/secure.gravatar.com\/avatar\/55cb5e37c1efa326397366e6974cb338056df65cb50e7d64d1cf314e87504837?s=96&d=mm&r=g","contentUrl":"https:\/\/secure.gravatar.com\/avatar\/55cb5e37c1efa326397366e6974cb338056df65cb50e7d64d1cf314e87504837?s=96&d=mm&r=g","caption":"Arnaldo Botto"},"url":"https:\/\/www.noticiasradioreflejos.com.ar\/2021\/author\/arnaldo\/"}]}},"_links":{"self":[{"href":"https:\/\/www.noticiasradioreflejos.com.ar\/2021\/wp-json\/wp\/v2\/posts\/44217","targetHints":{"allow":["GET"]}}],"collection":[{"href":"https:\/\/www.noticiasradioreflejos.com.ar\/2021\/wp-json\/wp\/v2\/posts"}],"about":[{"href":"https:\/\/www.noticiasradioreflejos.com.ar\/2021\/wp-json\/wp\/v2\/types\/post"}],"author":[{"embeddable":true,"href":"https:\/\/www.noticiasradioreflejos.com.ar\/2021\/wp-json\/wp\/v2\/users\/3"}],"replies":[{"embeddable":true,"href":"https:\/\/www.noticiasradioreflejos.com.ar\/2021\/wp-json\/wp\/v2\/comments?post=44217"}],"version-history":[{"count":0,"href":"https:\/\/www.noticiasradioreflejos.com.ar\/2021\/wp-json\/wp\/v2\/posts\/44217\/revisions"}],"wp:attachment":[{"href":"https:\/\/www.noticiasradioreflejos.com.ar\/2021\/wp-json\/wp\/v2\/media?parent=44217"}],"wp:term":[{"taxonomy":"category","embeddable":true,"href":"https:\/\/www.noticiasradioreflejos.com.ar\/2021\/wp-json\/wp\/v2\/categories?post=44217"},{"taxonomy":"post_tag","embeddable":true,"href":"https:\/\/www.noticiasradioreflejos.com.ar\/2021\/wp-json\/wp\/v2\/tags?post=44217"}],"curies":[{"name":"wp","href":"https:\/\/api.w.org\/{rel}","templated":true}]}}