{"id":44197,"date":"2020-07-07T18:19:52","date_gmt":"2020-07-07T21:19:52","guid":{"rendered":"http:\/\/www.noticiasradioreflejos.com.ar\/noticias\/?p=44197"},"modified":"2020-07-07T18:19:52","modified_gmt":"2020-07-07T21:19:52","slug":"argentina-controlo-el-brote-de-sarampion-y-es-territorio-libre-de-la-enfermedad","status":"publish","type":"post","link":"https:\/\/www.noticiasradioreflejos.com.ar\/2021\/argentina-controlo-el-brote-de-sarampion-y-es-territorio-libre-de-la-enfermedad\/","title":{"rendered":"Argentina control\u00f3 el brote de sarampi\u00f3n y es territorio libre de la enfermedad"},"content":{"rendered":"<p>El ministro de Salud, Gin\u00e9s Gonz\u00e1lez Garc\u00eda, anunci\u00f3 hoy que, tras pasar m\u00e1s de 12 semanas sin casos de sarampi\u00f3n, se da por concluido el brote de esta enfermedad que hab\u00eda comenzado a fines de agosto de 2019 y que se \u201clogr\u00f3 mantener\u201d la condici\u00f3n de \u201cpa\u00eds libre de sarampi\u00f3n\u201d.<!--more--><\/p>\n<p>Argentina hab\u00eda eliminado el virus de sarampi\u00f3n \u201cgracias a una vacunaci\u00f3n sostenida y no presentaba casos aut\u00f3ctonos desde el a\u00f1o 2000\u201d, explic\u00f3 en un comunicado el Ministerio de Salud.<\/p>\n<p>Sin embargo, a fines de agosto de 2019 se inici\u00f3 en el pa\u00eds \u201cel brote m\u00e1s extenso de sarampi\u00f3n desde que se logr\u00f3 la eliminaci\u00f3n de la circulaci\u00f3n end\u00e9mica, con 179 casos confirmados (118 en 2019, 3 importados y 115 de origen desconocido y 61 en 2020, 13 importados y 48 de origen desconocido) y una defunci\u00f3n\u201d, agregaron.<\/p>\n<p>Y explicaron que \u201cla estrategia de intensificaci\u00f3n de la vacunaci\u00f3n, la sensibilizaci\u00f3n de la vigilancia epidemiol\u00f3gica y las capacitaciones desarrolladas durante el brote permitieron que durante m\u00e1s de tres meses no haya casos confirmados de sarampi\u00f3n\u201d.<\/p>\n<p>\u201cTenemos que estar muy contentos por interrumpir el brote y mantener el estatus que \u00edbamos a perder\u201d, dijo el ministro, y agreg\u00f3 que \u201cahora queda cumplir con otros objetivos como aumentar las coberturas de vacunaci\u00f3n en el contexto actual de pandemia de Covid-19\u201d.<\/p>\n<p>Por su parte, la secretaria de acceso a la Salud, Carla Vizzotti, destac\u00f3 la decisi\u00f3n pol\u00edtica para generar las acciones necesarias en todo el pa\u00eds y \u201cel trabajo con las jurisdicciones, las sociedades cient\u00edficas, los jefes de programas de inmunizaci\u00f3n, la Comisi\u00f3n Nacional para la Certificaci\u00f3n de la Eliminaci\u00f3n del Sarampi\u00f3n, la Rub\u00e9ola y el S\u00edndrome de Rub\u00e9ola Cong\u00e9nita como as\u00ed tambi\u00e9n el esfuerzo de la Ciudad Aut\u00f3noma de Buenos Aires y de la Provincia de Buenos Aires que fueron los epicentros del brote\u201d.<\/p>\n<p>El Ministerio detall\u00f3 que \u201cla estrategia consisti\u00f3 en fortalecer la vacunaci\u00f3n, para lo que se adquirieron 7.790.000 dosis adicionales de vacunas; mejorar la vigilancia epidemiol\u00f3gica y la respuesta r\u00e1pida ante los casos llevada a cabo por equipos capacitados\u201d.<\/p>\n<p>Seg\u00fan el documento de la Comisi\u00f3n Nacional para la Certificaci\u00f3n de la Eliminaci\u00f3n del Sarampi\u00f3n, la Rub\u00e9ola y el S\u00edndrome de Rub\u00e9ola Cong\u00e9nita: \u201cEl \u00faltimo caso confirmado present\u00f3 el exantema el 19\/03\/2020 y a la fecha transcurrieron m\u00e1s de 12 semanas sin casos confirmados (m\u00e1s de tres per\u00edodos de incubaci\u00f3n m\u00e1ximos) en el contexto de una tasa de notificaci\u00f3n de 4,15 cada 100.000 habitantes, por lo que consideramos que el brote se podr\u00eda dar por concluido\u201d.<br \/>\nImprimir Descargar Copiar Volver<\/p>\n","protected":false},"excerpt":{"rendered":"<p>El ministro de Salud, Gin\u00e9s Gonz\u00e1lez Garc\u00eda, anunci\u00f3 hoy que, tras pasar m\u00e1s de 12 semanas sin casos de sarampi\u00f3n, se da por concluido el brote de esta enfermedad que hab\u00eda comenzado a fines de agosto de 2019 y que se \u201clogr\u00f3 mantener\u201d la condici\u00f3n de \u201cpa\u00eds libre de sarampi\u00f3n\u201d.<\/p>\n","protected":false},"author":3,"featured_media":0,"comment_status":"closed","ping_status":"open","sticky":false,"template":"","format":"standard","meta":{"footnotes":""},"categories":[30],"tags":[],"class_list":["post-44197","post","type-post","status-publish","format-standard","hentry","category-salud"],"yoast_head":"<!-- This site is optimized with the Yoast SEO plugin v25.9 - https:\/\/yoast.com\/wordpress\/plugins\/seo\/ -->\n<title>Argentina control\u00f3 el brote de sarampi\u00f3n y es territorio libre de la enfermedad - Noticias Radio Reflejos<\/title>\n<meta name=\"robots\" content=\"index, follow, max-snippet:-1, max-image-preview:large, max-video-preview:-1\" \/>\n<link rel=\"canonical\" href=\"https:\/\/www.noticiasradioreflejos.com.ar\/2021\/argentina-controlo-el-brote-de-sarampion-y-es-territorio-libre-de-la-enfermedad\/\" \/>\n<meta property=\"og:locale\" content=\"es_ES\" \/>\n<meta property=\"og:type\" content=\"article\" \/>\n<meta property=\"og:title\" content=\"Argentina control\u00f3 el brote de sarampi\u00f3n y es territorio libre de la enfermedad - Noticias Radio Reflejos\" \/>\n<meta property=\"og:description\" content=\"El ministro de Salud, Gin\u00e9s Gonz\u00e1lez Garc\u00eda, anunci\u00f3 hoy que, tras pasar m\u00e1s de 12 semanas sin casos de sarampi\u00f3n, se da por concluido el brote de esta enfermedad que hab\u00eda comenzado a fines de agosto de 2019 y que se \u201clogr\u00f3 mantener\u201d la condici\u00f3n de \u201cpa\u00eds libre de sarampi\u00f3n\u201d.\" \/>\n<meta property=\"og:url\" content=\"https:\/\/www.noticiasradioreflejos.com.ar\/2021\/argentina-controlo-el-brote-de-sarampion-y-es-territorio-libre-de-la-enfermedad\/\" \/>\n<meta property=\"og:site_name\" content=\"Noticias Radio Reflejos\" \/>\n<meta property=\"article:published_time\" content=\"2020-07-07T21:19:52+00:00\" \/>\n<meta property=\"og:image\" content=\"https:\/\/www.noticiasradioreflejos.com.ar\/2021\/wp-content\/uploads\/2021\/07\/logosol300x200.png\" \/>\n\t<meta property=\"og:image:width\" content=\"300\" \/>\n\t<meta property=\"og:image:height\" content=\"200\" \/>\n\t<meta property=\"og:image:type\" content=\"image\/png\" \/>\n<meta name=\"author\" content=\"Arnaldo Botto\" \/>\n<meta name=\"twitter:card\" content=\"summary_large_image\" \/>\n<script type=\"application\/ld+json\" class=\"yoast-schema-graph\">{\"@context\":\"https:\/\/schema.org\",\"@graph\":[{\"@type\":\"WebPage\",\"@id\":\"https:\/\/www.noticiasradioreflejos.com.ar\/2021\/argentina-controlo-el-brote-de-sarampion-y-es-territorio-libre-de-la-enfermedad\/\",\"url\":\"https:\/\/www.noticiasradioreflejos.com.ar\/2021\/argentina-controlo-el-brote-de-sarampion-y-es-territorio-libre-de-la-enfermedad\/\",\"name\":\"Argentina control\u00f3 el brote de sarampi\u00f3n y es territorio libre de la enfermedad - Noticias Radio Reflejos\",\"isPartOf\":{\"@id\":\"https:\/\/www.noticiasradioreflejos.com.ar\/2021\/#website\"},\"datePublished\":\"2020-07-07T21:19:52+00:00\",\"author\":{\"@id\":\"https:\/\/www.noticiasradioreflejos.com.ar\/2021\/#\/schema\/person\/ad82545263dcc5ec0996818884fd5fb1\"},\"breadcrumb\":{\"@id\":\"https:\/\/www.noticiasradioreflejos.com.ar\/2021\/argentina-controlo-el-brote-de-sarampion-y-es-territorio-libre-de-la-enfermedad\/#breadcrumb\"},\"inLanguage\":\"es\",\"potentialAction\":[{\"@type\":\"ReadAction\",\"target\":[\"https:\/\/www.noticiasradioreflejos.com.ar\/2021\/argentina-controlo-el-brote-de-sarampion-y-es-territorio-libre-de-la-enfermedad\/\"]}]},{\"@type\":\"BreadcrumbList\",\"@id\":\"https:\/\/www.noticiasradioreflejos.com.ar\/2021\/argentina-controlo-el-brote-de-sarampion-y-es-territorio-libre-de-la-enfermedad\/#breadcrumb\",\"itemListElement\":[{\"@type\":\"ListItem\",\"position\":1,\"name\":\"Portada\",\"item\":\"https:\/\/www.noticiasradioreflejos.com.ar\/2021\/\"},{\"@type\":\"ListItem\",\"position\":2,\"name\":\"Argentina control\u00f3 el brote de sarampi\u00f3n y es territorio libre de la enfermedad\"}]},{\"@type\":\"WebSite\",\"@id\":\"https:\/\/www.noticiasradioreflejos.com.ar\/2021\/#website\",\"url\":\"https:\/\/www.noticiasradioreflejos.com.ar\/2021\/\",\"name\":\"Noticias Radio Reflejos\",\"description\":\"Las noticias de mi comarca\",\"potentialAction\":[{\"@type\":\"SearchAction\",\"target\":{\"@type\":\"EntryPoint\",\"urlTemplate\":\"https:\/\/www.noticiasradioreflejos.com.ar\/2021\/?s={search_term_string}\"},\"query-input\":{\"@type\":\"PropertyValueSpecification\",\"valueRequired\":true,\"valueName\":\"search_term_string\"}}],\"inLanguage\":\"es\"},{\"@type\":\"Person\",\"@id\":\"https:\/\/www.noticiasradioreflejos.com.ar\/2021\/#\/schema\/person\/ad82545263dcc5ec0996818884fd5fb1\",\"name\":\"Arnaldo Botto\",\"image\":{\"@type\":\"ImageObject\",\"inLanguage\":\"es\",\"@id\":\"https:\/\/www.noticiasradioreflejos.com.ar\/2021\/#\/schema\/person\/image\/\",\"url\":\"https:\/\/secure.gravatar.com\/avatar\/55cb5e37c1efa326397366e6974cb338056df65cb50e7d64d1cf314e87504837?s=96&d=mm&r=g\",\"contentUrl\":\"https:\/\/secure.gravatar.com\/avatar\/55cb5e37c1efa326397366e6974cb338056df65cb50e7d64d1cf314e87504837?s=96&d=mm&r=g\",\"caption\":\"Arnaldo Botto\"},\"url\":\"https:\/\/www.noticiasradioreflejos.com.ar\/2021\/author\/arnaldo\/\"}]}<\/script>\n<!-- \/ Yoast SEO plugin. -->","yoast_head_json":{"title":"Argentina control\u00f3 el brote de sarampi\u00f3n y es territorio libre de la enfermedad - Noticias Radio Reflejos","robots":{"index":"index","follow":"follow","max-snippet":"max-snippet:-1","max-image-preview":"max-image-preview:large","max-video-preview":"max-video-preview:-1"},"canonical":"https:\/\/www.noticiasradioreflejos.com.ar\/2021\/argentina-controlo-el-brote-de-sarampion-y-es-territorio-libre-de-la-enfermedad\/","og_locale":"es_ES","og_type":"article","og_title":"Argentina control\u00f3 el brote de sarampi\u00f3n y es territorio libre de la enfermedad - Noticias Radio Reflejos","og_description":"El ministro de Salud, Gin\u00e9s Gonz\u00e1lez Garc\u00eda, anunci\u00f3 hoy que, tras pasar m\u00e1s de 12 semanas sin casos de sarampi\u00f3n, se da por concluido el brote de esta enfermedad que hab\u00eda comenzado a fines de agosto de 2019 y que se \u201clogr\u00f3 mantener\u201d la condici\u00f3n de \u201cpa\u00eds libre de sarampi\u00f3n\u201d.","og_url":"https:\/\/www.noticiasradioreflejos.com.ar\/2021\/argentina-controlo-el-brote-de-sarampion-y-es-territorio-libre-de-la-enfermedad\/","og_site_name":"Noticias Radio Reflejos","article_published_time":"2020-07-07T21:19:52+00:00","og_image":[{"width":300,"height":200,"url":"https:\/\/www.noticiasradioreflejos.com.ar\/2021\/wp-content\/uploads\/2021\/07\/logosol300x200.png","type":"image\/png"}],"author":"Arnaldo Botto","twitter_card":"summary_large_image","schema":{"@context":"https:\/\/schema.org","@graph":[{"@type":"WebPage","@id":"https:\/\/www.noticiasradioreflejos.com.ar\/2021\/argentina-controlo-el-brote-de-sarampion-y-es-territorio-libre-de-la-enfermedad\/","url":"https:\/\/www.noticiasradioreflejos.com.ar\/2021\/argentina-controlo-el-brote-de-sarampion-y-es-territorio-libre-de-la-enfermedad\/","name":"Argentina control\u00f3 el brote de sarampi\u00f3n y es territorio libre de la enfermedad - Noticias Radio Reflejos","isPartOf":{"@id":"https:\/\/www.noticiasradioreflejos.com.ar\/2021\/#website"},"datePublished":"2020-07-07T21:19:52+00:00","author":{"@id":"https:\/\/www.noticiasradioreflejos.com.ar\/2021\/#\/schema\/person\/ad82545263dcc5ec0996818884fd5fb1"},"breadcrumb":{"@id":"https:\/\/www.noticiasradioreflejos.com.ar\/2021\/argentina-controlo-el-brote-de-sarampion-y-es-territorio-libre-de-la-enfermedad\/#breadcrumb"},"inLanguage":"es","potentialAction":[{"@type":"ReadAction","target":["https:\/\/www.noticiasradioreflejos.com.ar\/2021\/argentina-controlo-el-brote-de-sarampion-y-es-territorio-libre-de-la-enfermedad\/"]}]},{"@type":"BreadcrumbList","@id":"https:\/\/www.noticiasradioreflejos.com.ar\/2021\/argentina-controlo-el-brote-de-sarampion-y-es-territorio-libre-de-la-enfermedad\/#breadcrumb","itemListElement":[{"@type":"ListItem","position":1,"name":"Portada","item":"https:\/\/www.noticiasradioreflejos.com.ar\/2021\/"},{"@type":"ListItem","position":2,"name":"Argentina control\u00f3 el brote de sarampi\u00f3n y es territorio libre de la enfermedad"}]},{"@type":"WebSite","@id":"https:\/\/www.noticiasradioreflejos.com.ar\/2021\/#website","url":"https:\/\/www.noticiasradioreflejos.com.ar\/2021\/","name":"Noticias Radio Reflejos","description":"Las noticias de mi comarca","potentialAction":[{"@type":"SearchAction","target":{"@type":"EntryPoint","urlTemplate":"https:\/\/www.noticiasradioreflejos.com.ar\/2021\/?s={search_term_string}"},"query-input":{"@type":"PropertyValueSpecification","valueRequired":true,"valueName":"search_term_string"}}],"inLanguage":"es"},{"@type":"Person","@id":"https:\/\/www.noticiasradioreflejos.com.ar\/2021\/#\/schema\/person\/ad82545263dcc5ec0996818884fd5fb1","name":"Arnaldo Botto","image":{"@type":"ImageObject","inLanguage":"es","@id":"https:\/\/www.noticiasradioreflejos.com.ar\/2021\/#\/schema\/person\/image\/","url":"https:\/\/secure.gravatar.com\/avatar\/55cb5e37c1efa326397366e6974cb338056df65cb50e7d64d1cf314e87504837?s=96&d=mm&r=g","contentUrl":"https:\/\/secure.gravatar.com\/avatar\/55cb5e37c1efa326397366e6974cb338056df65cb50e7d64d1cf314e87504837?s=96&d=mm&r=g","caption":"Arnaldo Botto"},"url":"https:\/\/www.noticiasradioreflejos.com.ar\/2021\/author\/arnaldo\/"}]}},"_links":{"self":[{"href":"https:\/\/www.noticiasradioreflejos.com.ar\/2021\/wp-json\/wp\/v2\/posts\/44197","targetHints":{"allow":["GET"]}}],"collection":[{"href":"https:\/\/www.noticiasradioreflejos.com.ar\/2021\/wp-json\/wp\/v2\/posts"}],"about":[{"href":"https:\/\/www.noticiasradioreflejos.com.ar\/2021\/wp-json\/wp\/v2\/types\/post"}],"author":[{"embeddable":true,"href":"https:\/\/www.noticiasradioreflejos.com.ar\/2021\/wp-json\/wp\/v2\/users\/3"}],"replies":[{"embeddable":true,"href":"https:\/\/www.noticiasradioreflejos.com.ar\/2021\/wp-json\/wp\/v2\/comments?post=44197"}],"version-history":[{"count":0,"href":"https:\/\/www.noticiasradioreflejos.com.ar\/2021\/wp-json\/wp\/v2\/posts\/44197\/revisions"}],"wp:attachment":[{"href":"https:\/\/www.noticiasradioreflejos.com.ar\/2021\/wp-json\/wp\/v2\/media?parent=44197"}],"wp:term":[{"taxonomy":"category","embeddable":true,"href":"https:\/\/www.noticiasradioreflejos.com.ar\/2021\/wp-json\/wp\/v2\/categories?post=44197"},{"taxonomy":"post_tag","embeddable":true,"href":"https:\/\/www.noticiasradioreflejos.com.ar\/2021\/wp-json\/wp\/v2\/tags?post=44197"}],"curies":[{"name":"wp","href":"https:\/\/api.w.org\/{rel}","templated":true}]}}