{"id":44194,"date":"2020-07-07T18:16:39","date_gmt":"2020-07-07T21:16:39","guid":{"rendered":"http:\/\/www.noticiasradioreflejos.com.ar\/noticias\/?p=44194"},"modified":"2020-07-07T18:16:39","modified_gmt":"2020-07-07T21:16:39","slug":"la-pandemia-se-acelera-cada-vez-mas-en-el-mundo-con-eeuu-y-brasil-como-su-motor","status":"publish","type":"post","link":"https:\/\/www.noticiasradioreflejos.com.ar\/2021\/la-pandemia-se-acelera-cada-vez-mas-en-el-mundo-con-eeuu-y-brasil-como-su-motor\/","title":{"rendered":"La pandemia se acelera cada vez m\u00e1s en el mundo, con EEUU y Brasil como su motor"},"content":{"rendered":"<p>La Organizaci\u00f3n Mundial de la Salud (OMS) advirti\u00f3 hoy que la pandemia del coronavirus se expande cada vez con mayor rapidez y los n\u00fameros demuestran que su principal motor son Estados Unidos y Brasil, dos pa\u00edses que concentran m\u00e1s de un tercio de los muertos globales.<!--more--><br \/>\n\u00abSe tardaron 12 semanas (los tres primeros meses de 2020) para alcanzar 400.000 casos de Covid-19, y s\u00f3lo el pasado fin de semana ya hubo ese mismo n\u00famero de nuevos casos en el mundo\u00bb, alert\u00f3 el director general de la OMS Tedros Adhanom Ghebreyesus en conferencia de prensa desde la sede del organizaci\u00f3n en Ginebra, Suiza.<\/p>\n<p>Si bien estas cifras muestran que \u00abclaramente no se ha alcanzado el pico de la pandemia\u00bb, con un ritmo actual de unos 200.000 nuevos contagios diarios, \u00abel n\u00famero de muertes parece haberse estabilizado a nivel mundial\u00bb, en torno a 5.000 decesos informados a diario desde principios de mayo, precis\u00f3, citado por la agencia de noticias EFE.<\/p>\n<p>Cuando el epicentro de la pandemia estaba en Europa en abril pasado, la mortalidad lleg\u00f3 a superar el 5%, mientras que ahora se ubica en 4,5%, seg\u00fan Tedros, en parte porque algunos pa\u00edses \u00abhan puesto en pr\u00e1ctica acciones para proteger los grupos m\u00e1s vulnerables\u00bb, como las personas en geri\u00e1tricos y centros de salud.<\/p>\n<p>En total, el planeta super\u00f3 hoy los 11,5 millones de casos por Covid-19, mientras que los fallecidos ascendieron a 535.759, seg\u00fan el \u00faltimo reporte oficial de la organizaci\u00f3n.<\/p>\n<p>Para la Universidad Johns Hopkins, que actualiza las cifras con mayor rapidez, los infectados se acercan a los 11,7 millones y los muertos son 540.157.<\/p>\n<p>Estados Unidos, el pa\u00eds m\u00e1s afectado a nivel mundial, iguala al continente europeo en n\u00famero de casos, seguido de Brasil con 1,6 millones de contagios, entre ellos el de su presidente Jair Bolsonaro, quien hoy dio positivo por coronavirus.<\/p>\n<p>Bolsonaro, de 65 a\u00f1os, inform\u00f3 que estaba infectado ante la prensa y dijo que se siente \u00abperfectamente bien\u00bb.<\/p>\n<p>El presidente brasile\u00f1o dijo que se hizo el test anoche luego de haber comenzado el domingo con una \u00abseria indisposici\u00f3n\u00bb.<\/p>\n<p>El cuadro se agrav\u00f3 con \u00abmalestar, cansancio, un poco de dolor muscular\u00bb y 38 grados de fiebre, agreg\u00f3 el mandatario de Brasil, un pa\u00eds que se acerca a los 65.500 muertos.<\/p>\n<p>Bolsonaro dijo que anoche se medic\u00f3 con cloroquina, una droga para la malaria que no se recomienda para el coronavirus, y con el antibi\u00f3tico azitromicina, y que luego de una segunda dosis de cloroquina, esta madrugada, ya sinti\u00f3 una mejor\u00eda.<\/p>\n<p>Agreg\u00f3 que, aunque se siente bien, deber\u00e1 tomar una serie de medidas \u00abprotocolares para evitar contaminaci\u00f3n a terceros\u00bb.<\/p>\n<p>En paralelo, en Estados Unidos, el presidente Donald Trump lanz\u00f3 hoy una cruzada pol\u00edtica para lograr que en septiembre, tras las vacaciones de verano, reabran las escuelas, pese a que una parte importante del sur y oeste del pa\u00eds atraviesan un crecimiento acelerado de la curva de contagio.<\/p>\n<p>\u00abEsperamos que la mayor\u00eda de las escuelas est\u00e9n abiertas. Vamos a poner presi\u00f3n sobre los gobernadores y todas las personas necesarias para que las escuelas abran. Es muy importante para el pa\u00eds, para el bienestar de los estudiantes y de los padres. Vamos a presionar mucho para que se abran las escuelas\u00bb, sentenci\u00f3 el mandatario antes de comenzar una mesa redonda con personalidades del mundo de la educaci\u00f3n en la Casa Blanca.<\/p>\n<p>Pero mientras el presidente promet\u00eda que \u00abel pa\u00eds nunca se cerrar\u00e1\u00bb, decenas de estados y ciudades informaban de nuevas cifras r\u00e9cords de contagios diarios o de una ocupaci\u00f3n cada vez m\u00e1s alta de sus sistemas hospitalarios.<\/p>\n<p>Por ejemplo, Arizona tuvo un nuevo r\u00e9cord de contagios diarios, mientras que California advirti\u00f3 que nunca hab\u00eda tenido un nivel de ocupaci\u00f3n de camas hospitalarias tan altas.<\/p>\n<p>Uno de los principales epicentros de estos brotes sigue siendo Florida, donde solo en las \u00faltimas 24 horas se registraron m\u00e1s de 7.300 contagios nuevos, lo que elev\u00f3 a un total de 213.794, seg\u00fan inform\u00f3 el canal CNN.<\/p>\n<p>El condado m\u00e1s golpeado de ese estado es Miami-Dade, donde seg\u00fan los \u00faltimos datos oficiales, el n\u00famero de pacientes de Covid-19 internados aument\u00f3 un 90% y el uso de respiradores creci\u00f3 un 127% en las \u00faltimas dos semanas, inform\u00f3 la agencia de noticias ANSA.<\/p>\n<p>\u00abEstamos en ca\u00edda libre. Uno ve las im\u00e1genes de lo que sucedi\u00f3 el pasado fin de semana y concluye que las personas son ingenuas ante la influencia de sus<\/p>\n<p>acciones, o simplemente se resignan a ignorarlo\u00bb, advirti\u00f3 la doctora Rochelle Walensky, jefa de enfermedades infecciosas del Hospital General de Massachusetts.<\/p>\n<p>En tanto, en Am\u00e9rica Latina, Chile super\u00f3 la barrera de los 300.00 casos positivos por coronavirus y registr\u00f3 50 nuevas muertes, cifras que seg\u00fan las autoridades demostraron una leve mejor\u00eda en las \u00faltimas tres semanas y permiten comenzar a analizar estrategias de desconfinamiento.<\/p>\n<p>\u00abRatificamos mejor\u00eda que cumple 23 d\u00edas. En la Regi\u00f3n Metropolitana se observa una positividad que ha bajado el 24%. Tambi\u00e9n podemos mostrar un descenso en el promedio de casos confirmados\u201d, inform\u00f3 el ministro de Salud, Enrique Paris, desde el Palacio de La Moneda.<\/p>\n<p>En M\u00e9xico, en cambio, pese al optimismo del gobierno, las muertes y los casos est\u00e1n cerca de triplicarse desde que el pa\u00eds comenz\u00f3 su reapertura a principio de junio.<\/p>\n<p>La curva ascendente mundial tambi\u00e9n es impulsada por Ir\u00e1n, India y Sud\u00e1frica, tres pa\u00edses no americanos que siguen registrando una velocidad de transmisi\u00f3n muy preocupante.<\/p>\n<p>Asimismo, algunos pa\u00edses que parec\u00edan haber superado la pandemia est\u00e1n sufriendo importantes rebrotes.<\/p>\n<p>En Australia, por ejemplo, la segunda ciudad m\u00e1s poblada del pa\u00eds, Melbourne, qued\u00f3 hoy completamente aislada y bajo estricta cuarentena luego de sobrepasar los 1.000 nuevos casos en las \u00faltimas dos semanas.<\/p>\n","protected":false},"excerpt":{"rendered":"<p>La Organizaci\u00f3n Mundial de la Salud (OMS) advirti\u00f3 hoy que la pandemia del coronavirus se expande cada vez con mayor rapidez y los n\u00fameros demuestran que su principal motor son Estados Unidos y Brasil, dos pa\u00edses que concentran m\u00e1s de un tercio de los muertos globales.<\/p>\n","protected":false},"author":3,"featured_media":0,"comment_status":"closed","ping_status":"open","sticky":false,"template":"","format":"standard","meta":{"footnotes":""},"categories":[30],"tags":[],"class_list":["post-44194","post","type-post","status-publish","format-standard","hentry","category-salud"],"yoast_head":"<!-- This site is optimized with the Yoast SEO plugin v25.9 - https:\/\/yoast.com\/wordpress\/plugins\/seo\/ -->\n<title>La pandemia se acelera cada vez m\u00e1s en el mundo, con EEUU y Brasil como su motor - Noticias Radio Reflejos<\/title>\n<meta name=\"robots\" content=\"index, follow, max-snippet:-1, max-image-preview:large, max-video-preview:-1\" \/>\n<link rel=\"canonical\" href=\"https:\/\/www.noticiasradioreflejos.com.ar\/2021\/la-pandemia-se-acelera-cada-vez-mas-en-el-mundo-con-eeuu-y-brasil-como-su-motor\/\" \/>\n<meta property=\"og:locale\" content=\"es_ES\" \/>\n<meta property=\"og:type\" content=\"article\" \/>\n<meta property=\"og:title\" content=\"La pandemia se acelera cada vez m\u00e1s en el mundo, con EEUU y Brasil como su motor - Noticias Radio Reflejos\" \/>\n<meta property=\"og:description\" content=\"La Organizaci\u00f3n Mundial de la Salud (OMS) advirti\u00f3 hoy que la pandemia del coronavirus se expande cada vez con mayor rapidez y los n\u00fameros demuestran que su principal motor son Estados Unidos y Brasil, dos pa\u00edses que concentran m\u00e1s de un tercio de los muertos globales.\" \/>\n<meta property=\"og:url\" content=\"https:\/\/www.noticiasradioreflejos.com.ar\/2021\/la-pandemia-se-acelera-cada-vez-mas-en-el-mundo-con-eeuu-y-brasil-como-su-motor\/\" \/>\n<meta property=\"og:site_name\" content=\"Noticias Radio Reflejos\" \/>\n<meta property=\"article:published_time\" content=\"2020-07-07T21:16:39+00:00\" \/>\n<meta property=\"og:image\" content=\"https:\/\/www.noticiasradioreflejos.com.ar\/2021\/wp-content\/uploads\/2021\/07\/logosol300x200.png\" \/>\n\t<meta property=\"og:image:width\" content=\"300\" \/>\n\t<meta property=\"og:image:height\" content=\"200\" \/>\n\t<meta property=\"og:image:type\" content=\"image\/png\" \/>\n<meta name=\"author\" content=\"Arnaldo Botto\" \/>\n<meta name=\"twitter:card\" content=\"summary_large_image\" \/>\n<script type=\"application\/ld+json\" class=\"yoast-schema-graph\">{\"@context\":\"https:\/\/schema.org\",\"@graph\":[{\"@type\":\"WebPage\",\"@id\":\"https:\/\/www.noticiasradioreflejos.com.ar\/2021\/la-pandemia-se-acelera-cada-vez-mas-en-el-mundo-con-eeuu-y-brasil-como-su-motor\/\",\"url\":\"https:\/\/www.noticiasradioreflejos.com.ar\/2021\/la-pandemia-se-acelera-cada-vez-mas-en-el-mundo-con-eeuu-y-brasil-como-su-motor\/\",\"name\":\"La pandemia se acelera cada vez m\u00e1s en el mundo, con EEUU y Brasil como su motor - Noticias Radio Reflejos\",\"isPartOf\":{\"@id\":\"https:\/\/www.noticiasradioreflejos.com.ar\/2021\/#website\"},\"datePublished\":\"2020-07-07T21:16:39+00:00\",\"author\":{\"@id\":\"https:\/\/www.noticiasradioreflejos.com.ar\/2021\/#\/schema\/person\/ad82545263dcc5ec0996818884fd5fb1\"},\"breadcrumb\":{\"@id\":\"https:\/\/www.noticiasradioreflejos.com.ar\/2021\/la-pandemia-se-acelera-cada-vez-mas-en-el-mundo-con-eeuu-y-brasil-como-su-motor\/#breadcrumb\"},\"inLanguage\":\"es\",\"potentialAction\":[{\"@type\":\"ReadAction\",\"target\":[\"https:\/\/www.noticiasradioreflejos.com.ar\/2021\/la-pandemia-se-acelera-cada-vez-mas-en-el-mundo-con-eeuu-y-brasil-como-su-motor\/\"]}]},{\"@type\":\"BreadcrumbList\",\"@id\":\"https:\/\/www.noticiasradioreflejos.com.ar\/2021\/la-pandemia-se-acelera-cada-vez-mas-en-el-mundo-con-eeuu-y-brasil-como-su-motor\/#breadcrumb\",\"itemListElement\":[{\"@type\":\"ListItem\",\"position\":1,\"name\":\"Portada\",\"item\":\"https:\/\/www.noticiasradioreflejos.com.ar\/2021\/\"},{\"@type\":\"ListItem\",\"position\":2,\"name\":\"La pandemia se acelera cada vez m\u00e1s en el mundo, con EEUU y Brasil como su motor\"}]},{\"@type\":\"WebSite\",\"@id\":\"https:\/\/www.noticiasradioreflejos.com.ar\/2021\/#website\",\"url\":\"https:\/\/www.noticiasradioreflejos.com.ar\/2021\/\",\"name\":\"Noticias Radio Reflejos\",\"description\":\"Las noticias de mi comarca\",\"potentialAction\":[{\"@type\":\"SearchAction\",\"target\":{\"@type\":\"EntryPoint\",\"urlTemplate\":\"https:\/\/www.noticiasradioreflejos.com.ar\/2021\/?s={search_term_string}\"},\"query-input\":{\"@type\":\"PropertyValueSpecification\",\"valueRequired\":true,\"valueName\":\"search_term_string\"}}],\"inLanguage\":\"es\"},{\"@type\":\"Person\",\"@id\":\"https:\/\/www.noticiasradioreflejos.com.ar\/2021\/#\/schema\/person\/ad82545263dcc5ec0996818884fd5fb1\",\"name\":\"Arnaldo Botto\",\"image\":{\"@type\":\"ImageObject\",\"inLanguage\":\"es\",\"@id\":\"https:\/\/www.noticiasradioreflejos.com.ar\/2021\/#\/schema\/person\/image\/\",\"url\":\"https:\/\/secure.gravatar.com\/avatar\/55cb5e37c1efa326397366e6974cb338056df65cb50e7d64d1cf314e87504837?s=96&d=mm&r=g\",\"contentUrl\":\"https:\/\/secure.gravatar.com\/avatar\/55cb5e37c1efa326397366e6974cb338056df65cb50e7d64d1cf314e87504837?s=96&d=mm&r=g\",\"caption\":\"Arnaldo Botto\"},\"url\":\"https:\/\/www.noticiasradioreflejos.com.ar\/2021\/author\/arnaldo\/\"}]}<\/script>\n<!-- \/ Yoast SEO plugin. -->","yoast_head_json":{"title":"La pandemia se acelera cada vez m\u00e1s en el mundo, con EEUU y Brasil como su motor - Noticias Radio Reflejos","robots":{"index":"index","follow":"follow","max-snippet":"max-snippet:-1","max-image-preview":"max-image-preview:large","max-video-preview":"max-video-preview:-1"},"canonical":"https:\/\/www.noticiasradioreflejos.com.ar\/2021\/la-pandemia-se-acelera-cada-vez-mas-en-el-mundo-con-eeuu-y-brasil-como-su-motor\/","og_locale":"es_ES","og_type":"article","og_title":"La pandemia se acelera cada vez m\u00e1s en el mundo, con EEUU y Brasil como su motor - Noticias Radio Reflejos","og_description":"La Organizaci\u00f3n Mundial de la Salud (OMS) advirti\u00f3 hoy que la pandemia del coronavirus se expande cada vez con mayor rapidez y los n\u00fameros demuestran que su principal motor son Estados Unidos y Brasil, dos pa\u00edses que concentran m\u00e1s de un tercio de los muertos globales.","og_url":"https:\/\/www.noticiasradioreflejos.com.ar\/2021\/la-pandemia-se-acelera-cada-vez-mas-en-el-mundo-con-eeuu-y-brasil-como-su-motor\/","og_site_name":"Noticias Radio Reflejos","article_published_time":"2020-07-07T21:16:39+00:00","og_image":[{"width":300,"height":200,"url":"https:\/\/www.noticiasradioreflejos.com.ar\/2021\/wp-content\/uploads\/2021\/07\/logosol300x200.png","type":"image\/png"}],"author":"Arnaldo Botto","twitter_card":"summary_large_image","schema":{"@context":"https:\/\/schema.org","@graph":[{"@type":"WebPage","@id":"https:\/\/www.noticiasradioreflejos.com.ar\/2021\/la-pandemia-se-acelera-cada-vez-mas-en-el-mundo-con-eeuu-y-brasil-como-su-motor\/","url":"https:\/\/www.noticiasradioreflejos.com.ar\/2021\/la-pandemia-se-acelera-cada-vez-mas-en-el-mundo-con-eeuu-y-brasil-como-su-motor\/","name":"La pandemia se acelera cada vez m\u00e1s en el mundo, con EEUU y Brasil como su motor - Noticias Radio Reflejos","isPartOf":{"@id":"https:\/\/www.noticiasradioreflejos.com.ar\/2021\/#website"},"datePublished":"2020-07-07T21:16:39+00:00","author":{"@id":"https:\/\/www.noticiasradioreflejos.com.ar\/2021\/#\/schema\/person\/ad82545263dcc5ec0996818884fd5fb1"},"breadcrumb":{"@id":"https:\/\/www.noticiasradioreflejos.com.ar\/2021\/la-pandemia-se-acelera-cada-vez-mas-en-el-mundo-con-eeuu-y-brasil-como-su-motor\/#breadcrumb"},"inLanguage":"es","potentialAction":[{"@type":"ReadAction","target":["https:\/\/www.noticiasradioreflejos.com.ar\/2021\/la-pandemia-se-acelera-cada-vez-mas-en-el-mundo-con-eeuu-y-brasil-como-su-motor\/"]}]},{"@type":"BreadcrumbList","@id":"https:\/\/www.noticiasradioreflejos.com.ar\/2021\/la-pandemia-se-acelera-cada-vez-mas-en-el-mundo-con-eeuu-y-brasil-como-su-motor\/#breadcrumb","itemListElement":[{"@type":"ListItem","position":1,"name":"Portada","item":"https:\/\/www.noticiasradioreflejos.com.ar\/2021\/"},{"@type":"ListItem","position":2,"name":"La pandemia se acelera cada vez m\u00e1s en el mundo, con EEUU y Brasil como su motor"}]},{"@type":"WebSite","@id":"https:\/\/www.noticiasradioreflejos.com.ar\/2021\/#website","url":"https:\/\/www.noticiasradioreflejos.com.ar\/2021\/","name":"Noticias Radio Reflejos","description":"Las noticias de mi comarca","potentialAction":[{"@type":"SearchAction","target":{"@type":"EntryPoint","urlTemplate":"https:\/\/www.noticiasradioreflejos.com.ar\/2021\/?s={search_term_string}"},"query-input":{"@type":"PropertyValueSpecification","valueRequired":true,"valueName":"search_term_string"}}],"inLanguage":"es"},{"@type":"Person","@id":"https:\/\/www.noticiasradioreflejos.com.ar\/2021\/#\/schema\/person\/ad82545263dcc5ec0996818884fd5fb1","name":"Arnaldo Botto","image":{"@type":"ImageObject","inLanguage":"es","@id":"https:\/\/www.noticiasradioreflejos.com.ar\/2021\/#\/schema\/person\/image\/","url":"https:\/\/secure.gravatar.com\/avatar\/55cb5e37c1efa326397366e6974cb338056df65cb50e7d64d1cf314e87504837?s=96&d=mm&r=g","contentUrl":"https:\/\/secure.gravatar.com\/avatar\/55cb5e37c1efa326397366e6974cb338056df65cb50e7d64d1cf314e87504837?s=96&d=mm&r=g","caption":"Arnaldo Botto"},"url":"https:\/\/www.noticiasradioreflejos.com.ar\/2021\/author\/arnaldo\/"}]}},"_links":{"self":[{"href":"https:\/\/www.noticiasradioreflejos.com.ar\/2021\/wp-json\/wp\/v2\/posts\/44194","targetHints":{"allow":["GET"]}}],"collection":[{"href":"https:\/\/www.noticiasradioreflejos.com.ar\/2021\/wp-json\/wp\/v2\/posts"}],"about":[{"href":"https:\/\/www.noticiasradioreflejos.com.ar\/2021\/wp-json\/wp\/v2\/types\/post"}],"author":[{"embeddable":true,"href":"https:\/\/www.noticiasradioreflejos.com.ar\/2021\/wp-json\/wp\/v2\/users\/3"}],"replies":[{"embeddable":true,"href":"https:\/\/www.noticiasradioreflejos.com.ar\/2021\/wp-json\/wp\/v2\/comments?post=44194"}],"version-history":[{"count":0,"href":"https:\/\/www.noticiasradioreflejos.com.ar\/2021\/wp-json\/wp\/v2\/posts\/44194\/revisions"}],"wp:attachment":[{"href":"https:\/\/www.noticiasradioreflejos.com.ar\/2021\/wp-json\/wp\/v2\/media?parent=44194"}],"wp:term":[{"taxonomy":"category","embeddable":true,"href":"https:\/\/www.noticiasradioreflejos.com.ar\/2021\/wp-json\/wp\/v2\/categories?post=44194"},{"taxonomy":"post_tag","embeddable":true,"href":"https:\/\/www.noticiasradioreflejos.com.ar\/2021\/wp-json\/wp\/v2\/tags?post=44194"}],"curies":[{"name":"wp","href":"https:\/\/api.w.org\/{rel}","templated":true}]}}