{"id":44191,"date":"2020-07-07T17:48:02","date_gmt":"2020-07-07T20:48:02","guid":{"rendered":"http:\/\/www.noticiasradioreflejos.com.ar\/noticias\/?p=44191"},"modified":"2020-07-07T17:48:02","modified_gmt":"2020-07-07T20:48:02","slug":"el-presidente-del-senasa-destaco-el-rol-del-ente-en-la-pandemia","status":"publish","type":"post","link":"https:\/\/www.noticiasradioreflejos.com.ar\/2021\/el-presidente-del-senasa-destaco-el-rol-del-ente-en-la-pandemia\/","title":{"rendered":"El presidente del Senasa destac\u00f3 el rol del ente en la pandemia"},"content":{"rendered":"<p>En su primera entrevista desde que asumi\u00f3 el cargo, Carlos Paz remarc\u00f3 a T\u00e9lam el estado de desfinanciamiento en que se hallaba la instituci\u00f3n en el cierre del gobierno anterior y las medidas adoptadas para fortalecerla, como la recuperaci\u00f3n de delegaciones regionales, entre otros proyectos.<!--more--><\/p>\n<p>El presidente del Servicio Nacional de Sanidad y Calidad Agroalimentaria (Senasa), Carlos Paz, resalt\u00f3 el rol que asumi\u00f3 el organismo para garantizar el abastecimiento en el mercado interno y las exportaciones de agroalimentos durante la pandemia de coronavirus.<br \/>\n\u00bfCu\u00e1l es el rol del Senasa en la pandemia de coronavirus?<br \/>\nCarlos Paz: Somos un organismo que tiene una tarea esencial, como los sectores de la salud y la seguridad. El presidente Alberto Fern\u00e1ndez nos pidi\u00f3 que garanticemos el abastecimiento interno -certificamos un porcentaje muy alto de los alimentos que se consumen- y favorezcamos las exportaciones del complejo agroalimentario y agroindustrial, que se traduce en divisas que el pa\u00eds necesita, sobre todo en el marco de crisis que genera la pandemia.<br \/>\n\u00bfC\u00f3mo cambi\u00f3 el trabajo del personal?<br \/>\nCP: Hubo que adaptar las tareas de los cerca de seis mil empleados que tiene el Senasa entre planta permanente, transitoria y contratados. De ellos, unos dos mil contin\u00faan haciendo trabajo presencial porque el organismo est\u00e1 en 160 puestos de frontera en todo el pa\u00eds, en barreras sanitarias internas por plagas cuarentenarias, en puertos por donde sale el 80 o 90% de la producci\u00f3n nacional que se exporta y en unas 400 plantas frigor\u00edficas; adem\u00e1s de todo lo que se hace en forma electr\u00f3nica. Nuestra gente ha trabajado como nunca en estos meses y lamentablemente no recibe algunos beneficios como otros trabajadores esenciales, pero lo estamos gestionando.<br \/>\n\u00bfHubo inconvenientes en estos meses?<br \/>\nCP: Las tareas esenciales se vienen cumpliendo, no sin problemas, como los que surgieron en el inicio de la cuarentena por desconocimiento de algunos municipios que cerraron las entradas a los puertos o impusieron fronteras internas, pero se fueron solucionando, hablando con los municipios y las distintas \u00e1reas de gobierno, como la Canciller\u00eda y los ministerios de Producci\u00f3n, Interior y Transporte, y adaptando la normativa, acordando con el sector para no parar el abastecimiento y la exportaci\u00f3n.<br \/>\nAnte la Comisi\u00f3n de Agricultura de la C\u00e1mara de Diputados, usted denunci\u00f3 que el organismo fue desfinanciado en el gobierno anterior&#8230;<br \/>\nCP: El Senasa no pod\u00eda escapar a la situaci\u00f3n general en que se recibi\u00f3 el gobierno, algo que tiene que ver con una valoraci\u00f3n pol\u00edtica y no de las personas. Encontramos una instituci\u00f3n con un problema de financiamiento muy serio. Hoy pr\u00e1cticamente se financia con los aranceles de los servicios que presta. Se congelaron las vacantes, hubo un proceso de despidos en 2018 y 2019 que dej\u00f3 400 personas afuera y una concentraci\u00f3n en la estructura territorial que redujo de 14 a siete regiones con un criterio de ajuste m\u00e1s que de eficiencia, como se lo quiso vender. Hoy hemos vuelto a las 14 regiones de 2015 porque el trabajo territorial es muy importante porque la producci\u00f3n est\u00e1 en las regiones, las provincias y los municipios. Volver a estar m\u00e1s cerca del sector productivo y de las pol\u00edticas provinciales es muy importante para un pa\u00eds federal; poder relacionarnos con los poderes provinciales de la mejor manera posible para hacer un trabajo conjunto es hoy insoslayable.<br \/>\n\u00bfCu\u00e1les son sus objetivos al frente de la instituci\u00f3n?<br \/>\nCP: A pesar de lo que se dec\u00eda en el gobierno anterior de que era una instituci\u00f3n corrupta, por conocerla como usuario y haber trabajado como personal de conducci\u00f3n, tengo la plena seguridad de que no es as\u00ed. Las instituciones en s\u00ed mismas no son corruptas, puede haber personas corruptas y el trabajo de la conducci\u00f3n es ubicar y corregir esas fallas, no estigmatizar a una instituci\u00f3n fundamental para el agro argentino, respetada en el mundo. Mi objetivo es tratar de consolidar esta l\u00ednea de trabajo; adem\u00e1s, avanzar en los tr\u00e1mites a distancia, la desaparici\u00f3n del papel en el comercio bilateral lo que ayuda a que los procesos sean m\u00e1s r\u00e1pidos y transparentes, llevar la informatizaci\u00f3n y la digitalizaci\u00f3n a todos los tr\u00e1mites del Senasa; y algo muy importante, consolidar la regionalizaci\u00f3n del trabajo territorial..<\/p>\n<p>Por Carlos Joseph<\/p>\n","protected":false},"excerpt":{"rendered":"<p>En su primera entrevista desde que asumi\u00f3 el cargo, Carlos Paz remarc\u00f3 a T\u00e9lam el estado de desfinanciamiento en que se hallaba la instituci\u00f3n en el cierre del gobierno anterior y las medidas adoptadas para fortalecerla, como la recuperaci\u00f3n de delegaciones regionales, entre otros proyectos.<\/p>\n","protected":false},"author":3,"featured_media":0,"comment_status":"closed","ping_status":"open","sticky":false,"template":"","format":"standard","meta":{"footnotes":""},"categories":[36],"tags":[],"class_list":["post-44191","post","type-post","status-publish","format-standard","hentry","category-economia"],"yoast_head":"<!-- This site is optimized with the Yoast SEO plugin v25.9 - https:\/\/yoast.com\/wordpress\/plugins\/seo\/ -->\n<title>El presidente del Senasa destac\u00f3 el rol del ente en la pandemia - Noticias Radio Reflejos<\/title>\n<meta name=\"robots\" content=\"index, follow, max-snippet:-1, max-image-preview:large, max-video-preview:-1\" \/>\n<link rel=\"canonical\" href=\"https:\/\/www.noticiasradioreflejos.com.ar\/2021\/el-presidente-del-senasa-destaco-el-rol-del-ente-en-la-pandemia\/\" \/>\n<meta property=\"og:locale\" content=\"es_ES\" \/>\n<meta property=\"og:type\" content=\"article\" \/>\n<meta property=\"og:title\" content=\"El presidente del Senasa destac\u00f3 el rol del ente en la pandemia - Noticias Radio Reflejos\" \/>\n<meta property=\"og:description\" content=\"En su primera entrevista desde que asumi\u00f3 el cargo, Carlos Paz remarc\u00f3 a T\u00e9lam el estado de desfinanciamiento en que se hallaba la instituci\u00f3n en el cierre del gobierno anterior y las medidas adoptadas para fortalecerla, como la recuperaci\u00f3n de delegaciones regionales, entre otros proyectos.\" \/>\n<meta property=\"og:url\" content=\"https:\/\/www.noticiasradioreflejos.com.ar\/2021\/el-presidente-del-senasa-destaco-el-rol-del-ente-en-la-pandemia\/\" \/>\n<meta property=\"og:site_name\" content=\"Noticias Radio Reflejos\" \/>\n<meta property=\"article:published_time\" content=\"2020-07-07T20:48:02+00:00\" \/>\n<meta property=\"og:image\" content=\"https:\/\/www.noticiasradioreflejos.com.ar\/2021\/wp-content\/uploads\/2021\/07\/logosol300x200.png\" \/>\n\t<meta property=\"og:image:width\" content=\"300\" \/>\n\t<meta property=\"og:image:height\" content=\"200\" \/>\n\t<meta property=\"og:image:type\" content=\"image\/png\" \/>\n<meta name=\"author\" content=\"Arnaldo Botto\" \/>\n<meta name=\"twitter:card\" content=\"summary_large_image\" \/>\n<script type=\"application\/ld+json\" class=\"yoast-schema-graph\">{\"@context\":\"https:\/\/schema.org\",\"@graph\":[{\"@type\":\"WebPage\",\"@id\":\"https:\/\/www.noticiasradioreflejos.com.ar\/2021\/el-presidente-del-senasa-destaco-el-rol-del-ente-en-la-pandemia\/\",\"url\":\"https:\/\/www.noticiasradioreflejos.com.ar\/2021\/el-presidente-del-senasa-destaco-el-rol-del-ente-en-la-pandemia\/\",\"name\":\"El presidente del Senasa destac\u00f3 el rol del ente en la pandemia - Noticias Radio Reflejos\",\"isPartOf\":{\"@id\":\"https:\/\/www.noticiasradioreflejos.com.ar\/2021\/#website\"},\"datePublished\":\"2020-07-07T20:48:02+00:00\",\"author\":{\"@id\":\"https:\/\/www.noticiasradioreflejos.com.ar\/2021\/#\/schema\/person\/ad82545263dcc5ec0996818884fd5fb1\"},\"breadcrumb\":{\"@id\":\"https:\/\/www.noticiasradioreflejos.com.ar\/2021\/el-presidente-del-senasa-destaco-el-rol-del-ente-en-la-pandemia\/#breadcrumb\"},\"inLanguage\":\"es\",\"potentialAction\":[{\"@type\":\"ReadAction\",\"target\":[\"https:\/\/www.noticiasradioreflejos.com.ar\/2021\/el-presidente-del-senasa-destaco-el-rol-del-ente-en-la-pandemia\/\"]}]},{\"@type\":\"BreadcrumbList\",\"@id\":\"https:\/\/www.noticiasradioreflejos.com.ar\/2021\/el-presidente-del-senasa-destaco-el-rol-del-ente-en-la-pandemia\/#breadcrumb\",\"itemListElement\":[{\"@type\":\"ListItem\",\"position\":1,\"name\":\"Portada\",\"item\":\"https:\/\/www.noticiasradioreflejos.com.ar\/2021\/\"},{\"@type\":\"ListItem\",\"position\":2,\"name\":\"El presidente del Senasa destac\u00f3 el rol del ente en la pandemia\"}]},{\"@type\":\"WebSite\",\"@id\":\"https:\/\/www.noticiasradioreflejos.com.ar\/2021\/#website\",\"url\":\"https:\/\/www.noticiasradioreflejos.com.ar\/2021\/\",\"name\":\"Noticias Radio Reflejos\",\"description\":\"Las noticias de mi comarca\",\"potentialAction\":[{\"@type\":\"SearchAction\",\"target\":{\"@type\":\"EntryPoint\",\"urlTemplate\":\"https:\/\/www.noticiasradioreflejos.com.ar\/2021\/?s={search_term_string}\"},\"query-input\":{\"@type\":\"PropertyValueSpecification\",\"valueRequired\":true,\"valueName\":\"search_term_string\"}}],\"inLanguage\":\"es\"},{\"@type\":\"Person\",\"@id\":\"https:\/\/www.noticiasradioreflejos.com.ar\/2021\/#\/schema\/person\/ad82545263dcc5ec0996818884fd5fb1\",\"name\":\"Arnaldo Botto\",\"image\":{\"@type\":\"ImageObject\",\"inLanguage\":\"es\",\"@id\":\"https:\/\/www.noticiasradioreflejos.com.ar\/2021\/#\/schema\/person\/image\/\",\"url\":\"https:\/\/secure.gravatar.com\/avatar\/55cb5e37c1efa326397366e6974cb338056df65cb50e7d64d1cf314e87504837?s=96&d=mm&r=g\",\"contentUrl\":\"https:\/\/secure.gravatar.com\/avatar\/55cb5e37c1efa326397366e6974cb338056df65cb50e7d64d1cf314e87504837?s=96&d=mm&r=g\",\"caption\":\"Arnaldo Botto\"},\"url\":\"https:\/\/www.noticiasradioreflejos.com.ar\/2021\/author\/arnaldo\/\"}]}<\/script>\n<!-- \/ Yoast SEO plugin. -->","yoast_head_json":{"title":"El presidente del Senasa destac\u00f3 el rol del ente en la pandemia - Noticias Radio Reflejos","robots":{"index":"index","follow":"follow","max-snippet":"max-snippet:-1","max-image-preview":"max-image-preview:large","max-video-preview":"max-video-preview:-1"},"canonical":"https:\/\/www.noticiasradioreflejos.com.ar\/2021\/el-presidente-del-senasa-destaco-el-rol-del-ente-en-la-pandemia\/","og_locale":"es_ES","og_type":"article","og_title":"El presidente del Senasa destac\u00f3 el rol del ente en la pandemia - Noticias Radio Reflejos","og_description":"En su primera entrevista desde que asumi\u00f3 el cargo, Carlos Paz remarc\u00f3 a T\u00e9lam el estado de desfinanciamiento en que se hallaba la instituci\u00f3n en el cierre del gobierno anterior y las medidas adoptadas para fortalecerla, como la recuperaci\u00f3n de delegaciones regionales, entre otros proyectos.","og_url":"https:\/\/www.noticiasradioreflejos.com.ar\/2021\/el-presidente-del-senasa-destaco-el-rol-del-ente-en-la-pandemia\/","og_site_name":"Noticias Radio Reflejos","article_published_time":"2020-07-07T20:48:02+00:00","og_image":[{"width":300,"height":200,"url":"https:\/\/www.noticiasradioreflejos.com.ar\/2021\/wp-content\/uploads\/2021\/07\/logosol300x200.png","type":"image\/png"}],"author":"Arnaldo Botto","twitter_card":"summary_large_image","schema":{"@context":"https:\/\/schema.org","@graph":[{"@type":"WebPage","@id":"https:\/\/www.noticiasradioreflejos.com.ar\/2021\/el-presidente-del-senasa-destaco-el-rol-del-ente-en-la-pandemia\/","url":"https:\/\/www.noticiasradioreflejos.com.ar\/2021\/el-presidente-del-senasa-destaco-el-rol-del-ente-en-la-pandemia\/","name":"El presidente del Senasa destac\u00f3 el rol del ente en la pandemia - Noticias Radio Reflejos","isPartOf":{"@id":"https:\/\/www.noticiasradioreflejos.com.ar\/2021\/#website"},"datePublished":"2020-07-07T20:48:02+00:00","author":{"@id":"https:\/\/www.noticiasradioreflejos.com.ar\/2021\/#\/schema\/person\/ad82545263dcc5ec0996818884fd5fb1"},"breadcrumb":{"@id":"https:\/\/www.noticiasradioreflejos.com.ar\/2021\/el-presidente-del-senasa-destaco-el-rol-del-ente-en-la-pandemia\/#breadcrumb"},"inLanguage":"es","potentialAction":[{"@type":"ReadAction","target":["https:\/\/www.noticiasradioreflejos.com.ar\/2021\/el-presidente-del-senasa-destaco-el-rol-del-ente-en-la-pandemia\/"]}]},{"@type":"BreadcrumbList","@id":"https:\/\/www.noticiasradioreflejos.com.ar\/2021\/el-presidente-del-senasa-destaco-el-rol-del-ente-en-la-pandemia\/#breadcrumb","itemListElement":[{"@type":"ListItem","position":1,"name":"Portada","item":"https:\/\/www.noticiasradioreflejos.com.ar\/2021\/"},{"@type":"ListItem","position":2,"name":"El presidente del Senasa destac\u00f3 el rol del ente en la pandemia"}]},{"@type":"WebSite","@id":"https:\/\/www.noticiasradioreflejos.com.ar\/2021\/#website","url":"https:\/\/www.noticiasradioreflejos.com.ar\/2021\/","name":"Noticias Radio Reflejos","description":"Las noticias de mi comarca","potentialAction":[{"@type":"SearchAction","target":{"@type":"EntryPoint","urlTemplate":"https:\/\/www.noticiasradioreflejos.com.ar\/2021\/?s={search_term_string}"},"query-input":{"@type":"PropertyValueSpecification","valueRequired":true,"valueName":"search_term_string"}}],"inLanguage":"es"},{"@type":"Person","@id":"https:\/\/www.noticiasradioreflejos.com.ar\/2021\/#\/schema\/person\/ad82545263dcc5ec0996818884fd5fb1","name":"Arnaldo Botto","image":{"@type":"ImageObject","inLanguage":"es","@id":"https:\/\/www.noticiasradioreflejos.com.ar\/2021\/#\/schema\/person\/image\/","url":"https:\/\/secure.gravatar.com\/avatar\/55cb5e37c1efa326397366e6974cb338056df65cb50e7d64d1cf314e87504837?s=96&d=mm&r=g","contentUrl":"https:\/\/secure.gravatar.com\/avatar\/55cb5e37c1efa326397366e6974cb338056df65cb50e7d64d1cf314e87504837?s=96&d=mm&r=g","caption":"Arnaldo Botto"},"url":"https:\/\/www.noticiasradioreflejos.com.ar\/2021\/author\/arnaldo\/"}]}},"_links":{"self":[{"href":"https:\/\/www.noticiasradioreflejos.com.ar\/2021\/wp-json\/wp\/v2\/posts\/44191","targetHints":{"allow":["GET"]}}],"collection":[{"href":"https:\/\/www.noticiasradioreflejos.com.ar\/2021\/wp-json\/wp\/v2\/posts"}],"about":[{"href":"https:\/\/www.noticiasradioreflejos.com.ar\/2021\/wp-json\/wp\/v2\/types\/post"}],"author":[{"embeddable":true,"href":"https:\/\/www.noticiasradioreflejos.com.ar\/2021\/wp-json\/wp\/v2\/users\/3"}],"replies":[{"embeddable":true,"href":"https:\/\/www.noticiasradioreflejos.com.ar\/2021\/wp-json\/wp\/v2\/comments?post=44191"}],"version-history":[{"count":0,"href":"https:\/\/www.noticiasradioreflejos.com.ar\/2021\/wp-json\/wp\/v2\/posts\/44191\/revisions"}],"wp:attachment":[{"href":"https:\/\/www.noticiasradioreflejos.com.ar\/2021\/wp-json\/wp\/v2\/media?parent=44191"}],"wp:term":[{"taxonomy":"category","embeddable":true,"href":"https:\/\/www.noticiasradioreflejos.com.ar\/2021\/wp-json\/wp\/v2\/categories?post=44191"},{"taxonomy":"post_tag","embeddable":true,"href":"https:\/\/www.noticiasradioreflejos.com.ar\/2021\/wp-json\/wp\/v2\/tags?post=44191"}],"curies":[{"name":"wp","href":"https:\/\/api.w.org\/{rel}","templated":true}]}}