{"id":44186,"date":"2020-07-07T17:44:04","date_gmt":"2020-07-07T20:44:04","guid":{"rendered":"http:\/\/www.noticiasradioreflejos.com.ar\/noticias\/?p=44186"},"modified":"2020-07-07T17:44:04","modified_gmt":"2020-07-07T20:44:04","slug":"gay-no-solicitara-bajar-de-fase-pero-pide-menos-circulacion","status":"publish","type":"post","link":"https:\/\/www.noticiasradioreflejos.com.ar\/2021\/gay-no-solicitara-bajar-de-fase-pero-pide-menos-circulacion\/","title":{"rendered":"Gay no solicitar\u00e1 bajar de fase, pero pide menos circulaci\u00f3n"},"content":{"rendered":"<p>El intendente de Bah\u00eda Blanca Hector Gay consider\u00f3 que por el momento el sistema hospitalario se encuentra en condiciones de responder a la demanda. Se volver\u00e1 a realizar una evaluaci\u00f3n tras el fin de semana largo.<!--more--><\/p>\n<p>El secretario de Gobierno, Adri\u00e1n Jouglard confirm\u00f3 esta tarde que el municipio resolvi\u00f3 que finalmente no se retroceda de fase en medio de la cuarentena preventiva y obligatoria.<\/p>\n<p>Si bien la posibilidad existi\u00f3, sobre todo ante el aumento en la cantidad de casos positivos en los \u00faltimos d\u00edas, el intendente y el grupo de infect\u00f3logos, consider\u00f3 que por el momento, el sistema hospitalario se encuentra en condiciones de responder a la demanda.<\/p>\n<p>De todos modos, desde Alsina 65 solicitaron un mejor comportamiento por parte de la gente y una menor circulaci\u00f3n durante el fin de semana largo.<\/p>\n<p>\u00abSe viene un fin de semana largo, donde seguramente tendremos una menor circulaci\u00f3n de gente. Eso podr\u00eda ser favorable para el desarrollo de la enfermedad. El lunes, con los resultados en la mano, tendremos un panorama m\u00e1s claro\u00bb, dijo Jouglard en di\u00e1logo con LA BR\u00daJULA 24.<\/p>\n<p>\u00abDe todos modos, sabemos que la \u00fanica receta posible en caso de que la situaci\u00f3n se complique es retroceder de fase. Tener 177 casos en una pandemia no es un n\u00famero muy grande, pero el tema es que todos los casos no aparezcan juntos\u00bb, resalt\u00f3 el funcionario.<\/p>\n<p>Hoy, con 177 casos positivos, el porcentaje de camas ocupadas para COVID-19 es del 21,34% y el de respiradores en uso alcanza el 6,67%.<\/p>\n<p><strong>Fuente : La Br\u00fajula<\/strong><\/p>\n","protected":false},"excerpt":{"rendered":"<p>El intendente de Bah\u00eda Blanca Hector Gay consider\u00f3 que por el momento el sistema hospitalario se encuentra en condiciones de responder a la demanda. Se volver\u00e1 a realizar una evaluaci\u00f3n tras el fin de semana largo.<\/p>\n","protected":false},"author":3,"featured_media":0,"comment_status":"closed","ping_status":"open","sticky":false,"template":"","format":"standard","meta":{"footnotes":""},"categories":[26],"tags":[],"class_list":["post-44186","post","type-post","status-publish","format-standard","hentry","category-sociedad"],"yoast_head":"<!-- This site is optimized with the Yoast SEO plugin v25.9 - https:\/\/yoast.com\/wordpress\/plugins\/seo\/ -->\n<title>Gay no solicitar\u00e1 bajar de fase, pero pide menos circulaci\u00f3n - Noticias Radio Reflejos<\/title>\n<meta name=\"robots\" content=\"index, follow, max-snippet:-1, max-image-preview:large, max-video-preview:-1\" \/>\n<link rel=\"canonical\" href=\"https:\/\/www.noticiasradioreflejos.com.ar\/2021\/gay-no-solicitara-bajar-de-fase-pero-pide-menos-circulacion\/\" \/>\n<meta property=\"og:locale\" content=\"es_ES\" \/>\n<meta property=\"og:type\" content=\"article\" \/>\n<meta property=\"og:title\" content=\"Gay no solicitar\u00e1 bajar de fase, pero pide menos circulaci\u00f3n - Noticias Radio Reflejos\" \/>\n<meta property=\"og:description\" content=\"El intendente de Bah\u00eda Blanca Hector Gay consider\u00f3 que por el momento el sistema hospitalario se encuentra en condiciones de responder a la demanda. Se volver\u00e1 a realizar una evaluaci\u00f3n tras el fin de semana largo.\" \/>\n<meta property=\"og:url\" content=\"https:\/\/www.noticiasradioreflejos.com.ar\/2021\/gay-no-solicitara-bajar-de-fase-pero-pide-menos-circulacion\/\" \/>\n<meta property=\"og:site_name\" content=\"Noticias Radio Reflejos\" \/>\n<meta property=\"article:published_time\" content=\"2020-07-07T20:44:04+00:00\" \/>\n<meta property=\"og:image\" content=\"https:\/\/www.noticiasradioreflejos.com.ar\/2021\/wp-content\/uploads\/2021\/07\/logosol300x200.png\" \/>\n\t<meta property=\"og:image:width\" content=\"300\" \/>\n\t<meta property=\"og:image:height\" content=\"200\" \/>\n\t<meta property=\"og:image:type\" content=\"image\/png\" \/>\n<meta name=\"author\" content=\"Arnaldo Botto\" \/>\n<meta name=\"twitter:card\" content=\"summary_large_image\" \/>\n<script type=\"application\/ld+json\" class=\"yoast-schema-graph\">{\"@context\":\"https:\/\/schema.org\",\"@graph\":[{\"@type\":\"WebPage\",\"@id\":\"https:\/\/www.noticiasradioreflejos.com.ar\/2021\/gay-no-solicitara-bajar-de-fase-pero-pide-menos-circulacion\/\",\"url\":\"https:\/\/www.noticiasradioreflejos.com.ar\/2021\/gay-no-solicitara-bajar-de-fase-pero-pide-menos-circulacion\/\",\"name\":\"Gay no solicitar\u00e1 bajar de fase, pero pide menos circulaci\u00f3n - Noticias Radio Reflejos\",\"isPartOf\":{\"@id\":\"https:\/\/www.noticiasradioreflejos.com.ar\/2021\/#website\"},\"datePublished\":\"2020-07-07T20:44:04+00:00\",\"author\":{\"@id\":\"https:\/\/www.noticiasradioreflejos.com.ar\/2021\/#\/schema\/person\/ad82545263dcc5ec0996818884fd5fb1\"},\"breadcrumb\":{\"@id\":\"https:\/\/www.noticiasradioreflejos.com.ar\/2021\/gay-no-solicitara-bajar-de-fase-pero-pide-menos-circulacion\/#breadcrumb\"},\"inLanguage\":\"es\",\"potentialAction\":[{\"@type\":\"ReadAction\",\"target\":[\"https:\/\/www.noticiasradioreflejos.com.ar\/2021\/gay-no-solicitara-bajar-de-fase-pero-pide-menos-circulacion\/\"]}]},{\"@type\":\"BreadcrumbList\",\"@id\":\"https:\/\/www.noticiasradioreflejos.com.ar\/2021\/gay-no-solicitara-bajar-de-fase-pero-pide-menos-circulacion\/#breadcrumb\",\"itemListElement\":[{\"@type\":\"ListItem\",\"position\":1,\"name\":\"Portada\",\"item\":\"https:\/\/www.noticiasradioreflejos.com.ar\/2021\/\"},{\"@type\":\"ListItem\",\"position\":2,\"name\":\"Gay no solicitar\u00e1 bajar de fase, pero pide menos circulaci\u00f3n\"}]},{\"@type\":\"WebSite\",\"@id\":\"https:\/\/www.noticiasradioreflejos.com.ar\/2021\/#website\",\"url\":\"https:\/\/www.noticiasradioreflejos.com.ar\/2021\/\",\"name\":\"Noticias Radio Reflejos\",\"description\":\"Las noticias de mi comarca\",\"potentialAction\":[{\"@type\":\"SearchAction\",\"target\":{\"@type\":\"EntryPoint\",\"urlTemplate\":\"https:\/\/www.noticiasradioreflejos.com.ar\/2021\/?s={search_term_string}\"},\"query-input\":{\"@type\":\"PropertyValueSpecification\",\"valueRequired\":true,\"valueName\":\"search_term_string\"}}],\"inLanguage\":\"es\"},{\"@type\":\"Person\",\"@id\":\"https:\/\/www.noticiasradioreflejos.com.ar\/2021\/#\/schema\/person\/ad82545263dcc5ec0996818884fd5fb1\",\"name\":\"Arnaldo Botto\",\"image\":{\"@type\":\"ImageObject\",\"inLanguage\":\"es\",\"@id\":\"https:\/\/www.noticiasradioreflejos.com.ar\/2021\/#\/schema\/person\/image\/\",\"url\":\"https:\/\/secure.gravatar.com\/avatar\/55cb5e37c1efa326397366e6974cb338056df65cb50e7d64d1cf314e87504837?s=96&d=mm&r=g\",\"contentUrl\":\"https:\/\/secure.gravatar.com\/avatar\/55cb5e37c1efa326397366e6974cb338056df65cb50e7d64d1cf314e87504837?s=96&d=mm&r=g\",\"caption\":\"Arnaldo Botto\"},\"url\":\"https:\/\/www.noticiasradioreflejos.com.ar\/2021\/author\/arnaldo\/\"}]}<\/script>\n<!-- \/ Yoast SEO plugin. -->","yoast_head_json":{"title":"Gay no solicitar\u00e1 bajar de fase, pero pide menos circulaci\u00f3n - Noticias Radio Reflejos","robots":{"index":"index","follow":"follow","max-snippet":"max-snippet:-1","max-image-preview":"max-image-preview:large","max-video-preview":"max-video-preview:-1"},"canonical":"https:\/\/www.noticiasradioreflejos.com.ar\/2021\/gay-no-solicitara-bajar-de-fase-pero-pide-menos-circulacion\/","og_locale":"es_ES","og_type":"article","og_title":"Gay no solicitar\u00e1 bajar de fase, pero pide menos circulaci\u00f3n - Noticias Radio Reflejos","og_description":"El intendente de Bah\u00eda Blanca Hector Gay consider\u00f3 que por el momento el sistema hospitalario se encuentra en condiciones de responder a la demanda. Se volver\u00e1 a realizar una evaluaci\u00f3n tras el fin de semana largo.","og_url":"https:\/\/www.noticiasradioreflejos.com.ar\/2021\/gay-no-solicitara-bajar-de-fase-pero-pide-menos-circulacion\/","og_site_name":"Noticias Radio Reflejos","article_published_time":"2020-07-07T20:44:04+00:00","og_image":[{"width":300,"height":200,"url":"https:\/\/www.noticiasradioreflejos.com.ar\/2021\/wp-content\/uploads\/2021\/07\/logosol300x200.png","type":"image\/png"}],"author":"Arnaldo Botto","twitter_card":"summary_large_image","schema":{"@context":"https:\/\/schema.org","@graph":[{"@type":"WebPage","@id":"https:\/\/www.noticiasradioreflejos.com.ar\/2021\/gay-no-solicitara-bajar-de-fase-pero-pide-menos-circulacion\/","url":"https:\/\/www.noticiasradioreflejos.com.ar\/2021\/gay-no-solicitara-bajar-de-fase-pero-pide-menos-circulacion\/","name":"Gay no solicitar\u00e1 bajar de fase, pero pide menos circulaci\u00f3n - Noticias Radio Reflejos","isPartOf":{"@id":"https:\/\/www.noticiasradioreflejos.com.ar\/2021\/#website"},"datePublished":"2020-07-07T20:44:04+00:00","author":{"@id":"https:\/\/www.noticiasradioreflejos.com.ar\/2021\/#\/schema\/person\/ad82545263dcc5ec0996818884fd5fb1"},"breadcrumb":{"@id":"https:\/\/www.noticiasradioreflejos.com.ar\/2021\/gay-no-solicitara-bajar-de-fase-pero-pide-menos-circulacion\/#breadcrumb"},"inLanguage":"es","potentialAction":[{"@type":"ReadAction","target":["https:\/\/www.noticiasradioreflejos.com.ar\/2021\/gay-no-solicitara-bajar-de-fase-pero-pide-menos-circulacion\/"]}]},{"@type":"BreadcrumbList","@id":"https:\/\/www.noticiasradioreflejos.com.ar\/2021\/gay-no-solicitara-bajar-de-fase-pero-pide-menos-circulacion\/#breadcrumb","itemListElement":[{"@type":"ListItem","position":1,"name":"Portada","item":"https:\/\/www.noticiasradioreflejos.com.ar\/2021\/"},{"@type":"ListItem","position":2,"name":"Gay no solicitar\u00e1 bajar de fase, pero pide menos circulaci\u00f3n"}]},{"@type":"WebSite","@id":"https:\/\/www.noticiasradioreflejos.com.ar\/2021\/#website","url":"https:\/\/www.noticiasradioreflejos.com.ar\/2021\/","name":"Noticias Radio Reflejos","description":"Las noticias de mi comarca","potentialAction":[{"@type":"SearchAction","target":{"@type":"EntryPoint","urlTemplate":"https:\/\/www.noticiasradioreflejos.com.ar\/2021\/?s={search_term_string}"},"query-input":{"@type":"PropertyValueSpecification","valueRequired":true,"valueName":"search_term_string"}}],"inLanguage":"es"},{"@type":"Person","@id":"https:\/\/www.noticiasradioreflejos.com.ar\/2021\/#\/schema\/person\/ad82545263dcc5ec0996818884fd5fb1","name":"Arnaldo Botto","image":{"@type":"ImageObject","inLanguage":"es","@id":"https:\/\/www.noticiasradioreflejos.com.ar\/2021\/#\/schema\/person\/image\/","url":"https:\/\/secure.gravatar.com\/avatar\/55cb5e37c1efa326397366e6974cb338056df65cb50e7d64d1cf314e87504837?s=96&d=mm&r=g","contentUrl":"https:\/\/secure.gravatar.com\/avatar\/55cb5e37c1efa326397366e6974cb338056df65cb50e7d64d1cf314e87504837?s=96&d=mm&r=g","caption":"Arnaldo Botto"},"url":"https:\/\/www.noticiasradioreflejos.com.ar\/2021\/author\/arnaldo\/"}]}},"_links":{"self":[{"href":"https:\/\/www.noticiasradioreflejos.com.ar\/2021\/wp-json\/wp\/v2\/posts\/44186","targetHints":{"allow":["GET"]}}],"collection":[{"href":"https:\/\/www.noticiasradioreflejos.com.ar\/2021\/wp-json\/wp\/v2\/posts"}],"about":[{"href":"https:\/\/www.noticiasradioreflejos.com.ar\/2021\/wp-json\/wp\/v2\/types\/post"}],"author":[{"embeddable":true,"href":"https:\/\/www.noticiasradioreflejos.com.ar\/2021\/wp-json\/wp\/v2\/users\/3"}],"replies":[{"embeddable":true,"href":"https:\/\/www.noticiasradioreflejos.com.ar\/2021\/wp-json\/wp\/v2\/comments?post=44186"}],"version-history":[{"count":0,"href":"https:\/\/www.noticiasradioreflejos.com.ar\/2021\/wp-json\/wp\/v2\/posts\/44186\/revisions"}],"wp:attachment":[{"href":"https:\/\/www.noticiasradioreflejos.com.ar\/2021\/wp-json\/wp\/v2\/media?parent=44186"}],"wp:term":[{"taxonomy":"category","embeddable":true,"href":"https:\/\/www.noticiasradioreflejos.com.ar\/2021\/wp-json\/wp\/v2\/categories?post=44186"},{"taxonomy":"post_tag","embeddable":true,"href":"https:\/\/www.noticiasradioreflejos.com.ar\/2021\/wp-json\/wp\/v2\/tags?post=44186"}],"curies":[{"name":"wp","href":"https:\/\/api.w.org\/{rel}","templated":true}]}}